{"id":4122,"date":"2025-08-15T10:20:07","date_gmt":"2025-08-15T13:20:07","guid":{"rendered":"https:\/\/diariodelsurdigital.com.ar\/?p=4122"},"modified":"2025-08-15T10:20:08","modified_gmt":"2025-08-15T13:20:08","slug":"imputaron-a-javier-milei-en-la-causa-por-amenazas-contra-la-periodista-julia-mengolini","status":"publish","type":"post","link":"https:\/\/diariodelsurdigital.com.ar\/?p=4122","title":{"rendered":"Imputaron a Javier Milei en la causa por amenazas contra la periodista Julia Mengolini"},"content":{"rendered":"\n<p>El fiscal federal de San Isidro Fernando Dom\u00ednguez imput\u00f3 este jueves a Javier Milei y a un grupo de funcionarios libertarios por amenazar a la periodista Julia Mengolini, en el marco de la causa que la directora de Futurock le inici\u00f3 al Presidente por \u00abamenazas, intimidaci\u00f3n p\u00fablica, malversaci\u00f3n de caudales p\u00fablicos, apolog\u00eda del crimen y asociaci\u00f3n il\u00edcita\u201d.<\/p>\n\n\n\n<p>Adem\u00e1s del Presidente, quedaron imputados la diputada nacional Lilia Lemoine y el grupo de tuiteros libertarios que integran el \u201ccineasta\u201d oficial Santiago Or\u00eda y Daniel Parisini (conocido como El Gordo Dan), entre otros. El fiscal los investiga, entre otros motivos, para determinar si los ataques fueron organizados y financiados con fondos p\u00fablicos, adem\u00e1s de coordinados desde las altas esferas del Gobierno.<\/p>\n\n\n\n<p>El expediente tramita ante el Juzgado Federal en lo Criminal y Correccional de San Isidro. En su dictamen, el fiscal orden\u00f3 una bater\u00eda de medidas de prueba destinadas a identificar y ubicar a las personas que amenazaron de muerte a Mengolini y su familia. En ese marco, el juzgado orden\u00f3 adem\u00e1s medidas de protecci\u00f3n para la periodista y su c\u00edrculo \u00edntimo, entre ellas la custodia policial y la entrega del bot\u00f3n antip\u00e1nico.<\/p>\n\n\n\n<p>Dom\u00ednguez tambi\u00e9n requiri\u00f3 a las empresas propietarias de las redes sociales informaci\u00f3n sobre el flujo de los posteos m\u00e1s violentos y amenazantes, la informaci\u00f3n falsa diseminada y los datos de las personas que obraron como los principales diseminadores.<\/p>\n\n\n\n<p>Mengolini hab\u00eda sido atacada en los \u00faltimos meses en las redes sociales a trav\u00e9s de un video generado con Inteligencia Artificial, adem\u00e1s de recibir amenazas de muerte para ella y su familia. Hace poco, convocada por la C\u00e1mara de Diputados, relat\u00f3 \u201cla tortura\u201d que signific\u00f3 para ella sobrellevar la \u201ccampa\u00f1a de odio\u201d y de mentiras \u201corquestada desde las m\u00e1s altas esferas del Estado\u201d en su contra.<\/p>\n\n\n\n<p>Convocada por la Comisi\u00f3n de Mujeres y Diversidad, la comunicadora comparti\u00f3 con la voz quebrada un escalofriante relato sobre las penurias que debi\u00f3 atravesar y que a\u00fan sufre por la \u201cdeep fake news\u201d, reproducida por el propio presidente Javier Milei a trav\u00e9s de m\u00faltiples retuits en X, en la que se difunde a trav\u00e9s de videos creados con inteligencia artificial una falsa relaci\u00f3n incestuosa entre ella y su hermano.<\/p>\n\n\n\n<p>\u201cSoy v\u00edctima de una campa\u00f1a de odio orquestada desde las m\u00e1s altas esferas del Estado nacional desde hace alg\u00fan tiempo, con una persistencia que no termina nunca. Soy blanco de recortes de todo tipo que hacen de m\u00ed un personaje absolutamente extra\u00f1o, siniestro, que todo el tiempo entra en contradicciones y genera repulsi\u00f3n y odio en las se\u00f1oras que miran la tele\u201d, expres\u00f3 Mengolini, public\u00f3 P\u00e1gina 12.<\/p>\n","protected":false},"excerpt":{"rendered":"<p>El fiscal federal de San Isidro Fernando Dom\u00ednguez imput\u00f3 este jueves a Javier Milei y a un grupo de funcionarios libertarios por amenazar a la periodista Julia Mengolini, en el marco de la causa que la directora de Futurock le inici\u00f3 al Presidente por \u00abamenazas, intimidaci\u00f3n p\u00fablica, malversaci\u00f3n de caudales p\u00fablicos, apolog\u00eda del crimen y [&hellip;]<\/p>\n","protected":false},"author":4,"featured_media":4123,"comment_status":"open","ping_status":"open","sticky":false,"template":"","format":"standard","meta":{"footnotes":""},"categories":[18,22],"tags":[],"class_list":{"0":"post-4122","1":"post","2":"type-post","3":"status-publish","4":"format-standard","5":"has-post-thumbnail","7":"category-nacionales","8":"category-politica"},"yoast_head":"<!-- This site is optimized with the Yoast SEO plugin v27.4 - https:\/\/yoast.com\/product\/yoast-seo-wordpress\/ -->\n<title>Imputaron a Javier Milei en la causa por amenazas contra la periodista Julia Mengolini - Diario del Sur<\/title>\n<meta name=\"robots\" content=\"index, follow, max-snippet:-1, max-image-preview:large, max-video-preview:-1\" \/>\n<link rel=\"canonical\" href=\"https:\/\/diariodelsurdigital.com.ar\/?p=4122\" \/>\n<meta property=\"og:locale\" content=\"es_ES\" \/>\n<meta property=\"og:type\" content=\"article\" \/>\n<meta property=\"og:title\" content=\"Imputaron a Javier Milei en la causa por amenazas contra la periodista Julia Mengolini - Diario del Sur\" \/>\n<meta property=\"og:description\" content=\"El fiscal federal de San Isidro Fernando Dom\u00ednguez imput\u00f3 este jueves a Javier Milei y a un grupo de funcionarios libertarios por amenazar a la periodista Julia Mengolini, en el marco de la causa que la directora de Futurock le inici\u00f3 al Presidente por \u00abamenazas, intimidaci\u00f3n p\u00fablica, malversaci\u00f3n de caudales p\u00fablicos, apolog\u00eda del crimen y [&hellip;]\" \/>\n<meta property=\"og:url\" content=\"https:\/\/diariodelsurdigital.com.ar\/?p=4122\" \/>\n<meta property=\"og:site_name\" content=\"Diario del Sur\" \/>\n<meta property=\"article:published_time\" content=\"2025-08-15T13:20:07+00:00\" \/>\n<meta property=\"article:modified_time\" content=\"2025-08-15T13:20:08+00:00\" \/>\n<meta property=\"og:image\" content=\"https:\/\/diariodelsurdigital.com.ar\/wp-content\/uploads\/2025\/08\/md-23.webp\" \/>\n\t<meta property=\"og:image:width\" content=\"992\" \/>\n\t<meta property=\"og:image:height\" content=\"653\" \/>\n\t<meta property=\"og:image:type\" content=\"image\/webp\" \/>\n<meta name=\"author\" content=\"Diario del Sur Digital\" \/>\n<meta name=\"twitter:card\" content=\"summary_large_image\" \/>\n<meta name=\"twitter:label1\" content=\"Escrito por\" \/>\n\t<meta name=\"twitter:data1\" content=\"Diario del Sur Digital\" \/>\n\t<meta name=\"twitter:label2\" content=\"Tiempo de lectura\" \/>\n\t<meta name=\"twitter:data2\" content=\"3 minutos\" \/>\n<script type=\"application\/ld+json\" class=\"yoast-schema-graph\">{\"@context\":\"https:\\\/\\\/schema.org\",\"@graph\":[{\"@type\":\"Article\",\"@id\":\"https:\\\/\\\/diariodelsurdigital.com.ar\\\/?p=4122#article\",\"isPartOf\":{\"@id\":\"https:\\\/\\\/diariodelsurdigital.com.ar\\\/?p=4122\"},\"author\":{\"name\":\"Diario del Sur Digital\",\"@id\":\"https:\\\/\\\/diariodelsurdigital.com.ar\\\/#\\\/schema\\\/person\\\/1a4992532ed62965c968031b49195c81\"},\"headline\":\"Imputaron a Javier Milei en la causa por amenazas contra la periodista Julia Mengolini\",\"datePublished\":\"2025-08-15T13:20:07+00:00\",\"dateModified\":\"2025-08-15T13:20:08+00:00\",\"mainEntityOfPage\":{\"@id\":\"https:\\\/\\\/diariodelsurdigital.com.ar\\\/?p=4122\"},\"wordCount\":486,\"commentCount\":0,\"image\":{\"@id\":\"https:\\\/\\\/diariodelsurdigital.com.ar\\\/?p=4122#primaryimage\"},\"thumbnailUrl\":\"https:\\\/\\\/diariodelsurdigital.com.ar\\\/wp-content\\\/uploads\\\/2025\\\/08\\\/md-23.webp\",\"articleSection\":[\"Nacionales\",\"Pol\u00edtica\"],\"inLanguage\":\"es\",\"potentialAction\":[{\"@type\":\"CommentAction\",\"name\":\"Comment\",\"target\":[\"https:\\\/\\\/diariodelsurdigital.com.ar\\\/?p=4122#respond\"]}]},{\"@type\":\"WebPage\",\"@id\":\"https:\\\/\\\/diariodelsurdigital.com.ar\\\/?p=4122\",\"url\":\"https:\\\/\\\/diariodelsurdigital.com.ar\\\/?p=4122\",\"name\":\"Imputaron a Javier Milei en la causa por amenazas contra la periodista Julia Mengolini - Diario del Sur\",\"isPartOf\":{\"@id\":\"https:\\\/\\\/diariodelsurdigital.com.ar\\\/#website\"},\"primaryImageOfPage\":{\"@id\":\"https:\\\/\\\/diariodelsurdigital.com.ar\\\/?p=4122#primaryimage\"},\"image\":{\"@id\":\"https:\\\/\\\/diariodelsurdigital.com.ar\\\/?p=4122#primaryimage\"},\"thumbnailUrl\":\"https:\\\/\\\/diariodelsurdigital.com.ar\\\/wp-content\\\/uploads\\\/2025\\\/08\\\/md-23.webp\",\"datePublished\":\"2025-08-15T13:20:07+00:00\",\"dateModified\":\"2025-08-15T13:20:08+00:00\",\"author\":{\"@id\":\"https:\\\/\\\/diariodelsurdigital.com.ar\\\/#\\\/schema\\\/person\\\/1a4992532ed62965c968031b49195c81\"},\"breadcrumb\":{\"@id\":\"https:\\\/\\\/diariodelsurdigital.com.ar\\\/?p=4122#breadcrumb\"},\"inLanguage\":\"es\",\"potentialAction\":[{\"@type\":\"ReadAction\",\"target\":[\"https:\\\/\\\/diariodelsurdigital.com.ar\\\/?p=4122\"]}]},{\"@type\":\"ImageObject\",\"inLanguage\":\"es\",\"@id\":\"https:\\\/\\\/diariodelsurdigital.com.ar\\\/?p=4122#primaryimage\",\"url\":\"https:\\\/\\\/diariodelsurdigital.com.ar\\\/wp-content\\\/uploads\\\/2025\\\/08\\\/md-23.webp\",\"contentUrl\":\"https:\\\/\\\/diariodelsurdigital.com.ar\\\/wp-content\\\/uploads\\\/2025\\\/08\\\/md-23.webp\",\"width\":992,\"height\":653},{\"@type\":\"BreadcrumbList\",\"@id\":\"https:\\\/\\\/diariodelsurdigital.com.ar\\\/?p=4122#breadcrumb\",\"itemListElement\":[{\"@type\":\"ListItem\",\"position\":1,\"name\":\"Portada\",\"item\":\"https:\\\/\\\/diariodelsurdigital.com.ar\\\/\"},{\"@type\":\"ListItem\",\"position\":2,\"name\":\"Imputaron a Javier Milei en la causa por amenazas contra la periodista Julia Mengolini\"}]},{\"@type\":\"WebSite\",\"@id\":\"https:\\\/\\\/diariodelsurdigital.com.ar\\\/#website\",\"url\":\"https:\\\/\\\/diariodelsurdigital.com.ar\\\/\",\"name\":\"Diario del Sur\",\"description\":\"Digital\",\"potentialAction\":[{\"@type\":\"SearchAction\",\"target\":{\"@type\":\"EntryPoint\",\"urlTemplate\":\"https:\\\/\\\/diariodelsurdigital.com.ar\\\/?s={search_term_string}\"},\"query-input\":{\"@type\":\"PropertyValueSpecification\",\"valueRequired\":true,\"valueName\":\"search_term_string\"}}],\"inLanguage\":\"es\"},{\"@type\":\"Person\",\"@id\":\"https:\\\/\\\/diariodelsurdigital.com.ar\\\/#\\\/schema\\\/person\\\/1a4992532ed62965c968031b49195c81\",\"name\":\"Diario del Sur Digital\",\"image\":{\"@type\":\"ImageObject\",\"inLanguage\":\"es\",\"@id\":\"https:\\\/\\\/secure.gravatar.com\\\/avatar\\\/f0c7c47fc7146d19828273b9b8eda651c9c7ab583767e6338d3d3bee825adf76?s=96&d=mm&r=g\",\"url\":\"https:\\\/\\\/secure.gravatar.com\\\/avatar\\\/f0c7c47fc7146d19828273b9b8eda651c9c7ab583767e6338d3d3bee825adf76?s=96&d=mm&r=g\",\"contentUrl\":\"https:\\\/\\\/secure.gravatar.com\\\/avatar\\\/f0c7c47fc7146d19828273b9b8eda651c9c7ab583767e6338d3d3bee825adf76?s=96&d=mm&r=g\",\"caption\":\"Diario del Sur Digital\"},\"url\":\"https:\\\/\\\/diariodelsurdigital.com.ar\\\/?author=4\"}]}<\/script>\n<!-- \/ Yoast SEO plugin. -->","yoast_head_json":{"title":"Imputaron a Javier Milei en la causa por amenazas contra la periodista Julia Mengolini - Diario del Sur","robots":{"index":"index","follow":"follow","max-snippet":"max-snippet:-1","max-image-preview":"max-image-preview:large","max-video-preview":"max-video-preview:-1"},"canonical":"https:\/\/diariodelsurdigital.com.ar\/?p=4122","og_locale":"es_ES","og_type":"article","og_title":"Imputaron a Javier Milei en la causa por amenazas contra la periodista Julia Mengolini - Diario del Sur","og_description":"El fiscal federal de San Isidro Fernando Dom\u00ednguez imput\u00f3 este jueves a Javier Milei y a un grupo de funcionarios libertarios por amenazar a la periodista Julia Mengolini, en el marco de la causa que la directora de Futurock le inici\u00f3 al Presidente por \u00abamenazas, intimidaci\u00f3n p\u00fablica, malversaci\u00f3n de caudales p\u00fablicos, apolog\u00eda del crimen y [&hellip;]","og_url":"https:\/\/diariodelsurdigital.com.ar\/?p=4122","og_site_name":"Diario del Sur","article_published_time":"2025-08-15T13:20:07+00:00","article_modified_time":"2025-08-15T13:20:08+00:00","og_image":[{"width":992,"height":653,"url":"https:\/\/diariodelsurdigital.com.ar\/wp-content\/uploads\/2025\/08\/md-23.webp","type":"image\/webp"}],"author":"Diario del Sur Digital","twitter_card":"summary_large_image","twitter_misc":{"Escrito por":"Diario del Sur Digital","Tiempo de lectura":"3 minutos"},"schema":{"@context":"https:\/\/schema.org","@graph":[{"@type":"Article","@id":"https:\/\/diariodelsurdigital.com.ar\/?p=4122#article","isPartOf":{"@id":"https:\/\/diariodelsurdigital.com.ar\/?p=4122"},"author":{"name":"Diario del Sur Digital","@id":"https:\/\/diariodelsurdigital.com.ar\/#\/schema\/person\/1a4992532ed62965c968031b49195c81"},"headline":"Imputaron a Javier Milei en la causa por amenazas contra la periodista Julia Mengolini","datePublished":"2025-08-15T13:20:07+00:00","dateModified":"2025-08-15T13:20:08+00:00","mainEntityOfPage":{"@id":"https:\/\/diariodelsurdigital.com.ar\/?p=4122"},"wordCount":486,"commentCount":0,"image":{"@id":"https:\/\/diariodelsurdigital.com.ar\/?p=4122#primaryimage"},"thumbnailUrl":"https:\/\/diariodelsurdigital.com.ar\/wp-content\/uploads\/2025\/08\/md-23.webp","articleSection":["Nacionales","Pol\u00edtica"],"inLanguage":"es","potentialAction":[{"@type":"CommentAction","name":"Comment","target":["https:\/\/diariodelsurdigital.com.ar\/?p=4122#respond"]}]},{"@type":"WebPage","@id":"https:\/\/diariodelsurdigital.com.ar\/?p=4122","url":"https:\/\/diariodelsurdigital.com.ar\/?p=4122","name":"Imputaron a Javier Milei en la causa por amenazas contra la periodista Julia Mengolini - Diario del Sur","isPartOf":{"@id":"https:\/\/diariodelsurdigital.com.ar\/#website"},"primaryImageOfPage":{"@id":"https:\/\/diariodelsurdigital.com.ar\/?p=4122#primaryimage"},"image":{"@id":"https:\/\/diariodelsurdigital.com.ar\/?p=4122#primaryimage"},"thumbnailUrl":"https:\/\/diariodelsurdigital.com.ar\/wp-content\/uploads\/2025\/08\/md-23.webp","datePublished":"2025-08-15T13:20:07+00:00","dateModified":"2025-08-15T13:20:08+00:00","author":{"@id":"https:\/\/diariodelsurdigital.com.ar\/#\/schema\/person\/1a4992532ed62965c968031b49195c81"},"breadcrumb":{"@id":"https:\/\/diariodelsurdigital.com.ar\/?p=4122#breadcrumb"},"inLanguage":"es","potentialAction":[{"@type":"ReadAction","target":["https:\/\/diariodelsurdigital.com.ar\/?p=4122"]}]},{"@type":"ImageObject","inLanguage":"es","@id":"https:\/\/diariodelsurdigital.com.ar\/?p=4122#primaryimage","url":"https:\/\/diariodelsurdigital.com.ar\/wp-content\/uploads\/2025\/08\/md-23.webp","contentUrl":"https:\/\/diariodelsurdigital.com.ar\/wp-content\/uploads\/2025\/08\/md-23.webp","width":992,"height":653},{"@type":"BreadcrumbList","@id":"https:\/\/diariodelsurdigital.com.ar\/?p=4122#breadcrumb","itemListElement":[{"@type":"ListItem","position":1,"name":"Portada","item":"https:\/\/diariodelsurdigital.com.ar\/"},{"@type":"ListItem","position":2,"name":"Imputaron a Javier Milei en la causa por amenazas contra la periodista Julia Mengolini"}]},{"@type":"WebSite","@id":"https:\/\/diariodelsurdigital.com.ar\/#website","url":"https:\/\/diariodelsurdigital.com.ar\/","name":"Diario del Sur","description":"Digital","potentialAction":[{"@type":"SearchAction","target":{"@type":"EntryPoint","urlTemplate":"https:\/\/diariodelsurdigital.com.ar\/?s={search_term_string}"},"query-input":{"@type":"PropertyValueSpecification","valueRequired":true,"valueName":"search_term_string"}}],"inLanguage":"es"},{"@type":"Person","@id":"https:\/\/diariodelsurdigital.com.ar\/#\/schema\/person\/1a4992532ed62965c968031b49195c81","name":"Diario del Sur Digital","image":{"@type":"ImageObject","inLanguage":"es","@id":"https:\/\/secure.gravatar.com\/avatar\/f0c7c47fc7146d19828273b9b8eda651c9c7ab583767e6338d3d3bee825adf76?s=96&d=mm&r=g","url":"https:\/\/secure.gravatar.com\/avatar\/f0c7c47fc7146d19828273b9b8eda651c9c7ab583767e6338d3d3bee825adf76?s=96&d=mm&r=g","contentUrl":"https:\/\/secure.gravatar.com\/avatar\/f0c7c47fc7146d19828273b9b8eda651c9c7ab583767e6338d3d3bee825adf76?s=96&d=mm&r=g","caption":"Diario del Sur Digital"},"url":"https:\/\/diariodelsurdigital.com.ar\/?author=4"}]}},"_links":{"self":[{"href":"https:\/\/diariodelsurdigital.com.ar\/index.php?rest_route=\/wp\/v2\/posts\/4122","targetHints":{"allow":["GET"]}}],"collection":[{"href":"https:\/\/diariodelsurdigital.com.ar\/index.php?rest_route=\/wp\/v2\/posts"}],"about":[{"href":"https:\/\/diariodelsurdigital.com.ar\/index.php?rest_route=\/wp\/v2\/types\/post"}],"author":[{"embeddable":true,"href":"https:\/\/diariodelsurdigital.com.ar\/index.php?rest_route=\/wp\/v2\/users\/4"}],"replies":[{"embeddable":true,"href":"https:\/\/diariodelsurdigital.com.ar\/index.php?rest_route=%2Fwp%2Fv2%2Fcomments&post=4122"}],"version-history":[{"count":1,"href":"https:\/\/diariodelsurdigital.com.ar\/index.php?rest_route=\/wp\/v2\/posts\/4122\/revisions"}],"predecessor-version":[{"id":4124,"href":"https:\/\/diariodelsurdigital.com.ar\/index.php?rest_route=\/wp\/v2\/posts\/4122\/revisions\/4124"}],"wp:featuredmedia":[{"embeddable":true,"href":"https:\/\/diariodelsurdigital.com.ar\/index.php?rest_route=\/wp\/v2\/media\/4123"}],"wp:attachment":[{"href":"https:\/\/diariodelsurdigital.com.ar\/index.php?rest_route=%2Fwp%2Fv2%2Fmedia&parent=4122"}],"wp:term":[{"taxonomy":"category","embeddable":true,"href":"https:\/\/diariodelsurdigital.com.ar\/index.php?rest_route=%2Fwp%2Fv2%2Fcategories&post=4122"},{"taxonomy":"post_tag","embeddable":true,"href":"https:\/\/diariodelsurdigital.com.ar\/index.php?rest_route=%2Fwp%2Fv2%2Ftags&post=4122"}],"curies":[{"name":"wp","href":"https:\/\/api.w.org\/{rel}","templated":true}]}}