{"id":415,"date":"2025-01-02T17:41:24","date_gmt":"2025-01-02T20:41:24","guid":{"rendered":"https:\/\/diariodelsurdigital.com.ar\/?p=415"},"modified":"2025-01-02T20:55:46","modified_gmt":"2025-01-02T23:55:46","slug":"el-adios-a-patita-convocan-a-despedir-los-restos-de-roberto-alvarez-en-benito-legeren","status":"publish","type":"post","link":"https:\/\/diariodelsurdigital.com.ar\/?p=415","title":{"rendered":"EL ADI\u00d3S A PATITA: Convocan a despedir los restos de Roberto Alvarez en Benito Leger\u00e9n"},"content":{"rendered":"\n<p>Familiares, amigos, vecinos y compa\u00f1eros del militante Roberto Alvarez, invitan a una ceremonia de despedida de sus restos en Benito Leger\u00e9n. <\/p>\n\n\n\n<p>Alvarez falleci\u00f3 en el mes de noviembre del a\u00f1o pasado debido a un problema de presi\u00f3n que le gener\u00f3 un ACV. La despedida se realizar\u00e1 este s\u00e1bado, 4 de enero, a las 18 horas en el barrio El Mondongo de Benito Leger\u00e9n. Se partir\u00e1 desde la plazoleta del barrio, hasta el r\u00edo Uruguay, en donde se esparcir\u00e1n sus cenizas.<\/p>\n\n\n\n<p>Roberto naci\u00f3 en Benito Leger\u00e9n en un mes de mayo, all\u00e1 por el a\u00f1o1953, en el hist\u00f3rico barrio El Mondongo. Hijo de padres trabajadores de la carne en el Frigor\u00edfico Yuquer\u00ed. Comenz\u00f3 su militancia en la Juventud Peronista Regional II, cuando los principios rectores eran la solidaridad y el compromiso con los sectores m\u00e1s postergados de la sociedad concordiense. Roberto Alvarez, conocido con el sobrenombre de \u201cPatita\u201d, en su natal Yuquer\u00ed a la vera del r\u00edo Uruguay, nunca le esquiv\u00f3 a los a\u00f1os duros.<\/p>\n\n\n\n<p>Durante el tramo final de la dictadura m\u00e1s sanguinaria de la historia argentina, Roberto fue unos de los miembros fundadores de lo que fue el Partido Intransigente en Concordia, junto a Roque Mario Tito, Claudio Gastaldi, Miguel Yoya, Graciela Mac Lean, Jorge Villarreal, Hugo Galvani, Amalia Ayala y otros. Durante el mes de mayo de 1980 fue detenido pol\u00edtico bajo la denominada Area 225 y puesto en libertad en unos d\u00edas.<\/p>\n\n\n\n<p>En la d\u00e9cada del 80 y ya con la apertura democr\u00e1tica, instalado en el gran Buenos Aires, el popular \u201cPatita\u201d pasa a ser bautizado como el \u201cBarba\u201d, primero por sus compa\u00f1eros gr\u00e1ficos y luego en el \u00e1mbito pol\u00edtico. Si viraje hacia la denominada izquierda lo hace entre discusiones en claustros, reuniones en sociedades de fomento, pero siempre acompa\u00f1ado por su praxis en los barrios m\u00e1s marginales del conurbano, como ser \u201cVilla Tranquila\u201d.<\/p>\n\n\n\n<p>Roberto Alvarez, finaliz\u00f3 sus actividades como trabajador gr\u00e1fico hace unos a\u00f1os, para redoblar su militancia en el Partido Obrero, de quien fue un referente a nivel nacional. Pero siempre sab\u00eda darse una vuelta para refrescarse o pescar en \u201csu lugar\u201d, dic\u00eda con gestos de a\u00f1oranzas de gur\u00ed cuando los vecinos del barrio conocieron el pleno empleo en el Frigor\u00edfico, ese gigante de cemento en ruinas, que se resiste al paso del tiempo. En esas idas y venidas de Buenos Aires a Concordia, Roberto Alvarez, le supo arrancar al entonces intendente Gustavo Bordet, casi de prepo y con movilizaciones de vecinos hacia la Municipalidad de Concordia, el anhelado camino con carpeta asf\u00e1ltica desde el barrio Las Tejas, hasta Benito Leger\u00e9n. Dicen que Bordet pregunt\u00f3 con la cara que lo caracteriza, \u00bfDe d\u00f3nde sali\u00f3 este barbudo?<\/p>\n\n\n\n<p><strong>&nbsp;Peque\u00f1a cr\u00f3nica de una obstinaci\u00f3n<\/strong><\/p>\n\n\n\n<p>Pese a estar entrado en a\u00f1os y de soslayar los consejos de los j\u00f3venes troskos, \u201cEl Barba\u201d, siempre se las ingeni\u00f3 para ir al frente de las columnas en las movilizaciones del Polo Obrero. En el a\u00f1o 2017, cuando Mauricio Macri como Presidente realiz\u00f3 la violenta represi\u00f3n en contra de los jubilados, la polic\u00eda al quedar sin gases y municiones, comenz\u00f3 a tirar piedras y cascotes. Uno de los proyectiles lo encontr\u00f3 a Roberto al frente de la columna que avanzaba en inmediaciones de Plaza de Mayo. El proyectil le hizo perder un ojo. Fue un momento de angustia no solo vivido por \u00e9l, sino tambi\u00e9n por el resto de la organizaci\u00f3n pol\u00edtica. Lejos de amilanarse o quedar pasivo en su casa, Roberto continu\u00f3 durante estos \u00faltimos en todas las movilizaciones habidas y por haber, all\u00ed en donde por reclamar por justicia se trate.<\/p>\n\n\n\n<figure class=\"wp-block-image size-full\"><img loading=\"lazy\" decoding=\"async\" width=\"478\" height=\"534\" src=\"https:\/\/diariodelsurdigital.com.ar\/wp-content\/uploads\/2025\/01\/09022018-276A9233-3-2.jpg\" alt=\"\" class=\"wp-image-420\" srcset=\"https:\/\/diariodelsurdigital.com.ar\/wp-content\/uploads\/2025\/01\/09022018-276A9233-3-2.jpg 478w, https:\/\/diariodelsurdigital.com.ar\/wp-content\/uploads\/2025\/01\/09022018-276A9233-3-2-269x300.jpg 269w, https:\/\/diariodelsurdigital.com.ar\/wp-content\/uploads\/2025\/01\/09022018-276A9233-3-2-376x420.jpg 376w\" sizes=\"auto, (max-width: 478px) 100vw, 478px\" \/><\/figure>\n\n\n\n<p>los \u00faltimos meses del a\u00f1o 2024 no fueron una excepci\u00f3n. Desde lejos se ve\u00eda como varias columnas conflu\u00edan en la zona c\u00e9ntrica para hacer conocer la protesta de los jubilados en contra el Veto del presidencial del desquiciado de Milei. Un fot\u00f3grafo de <strong>Pagina 12<\/strong>, dej\u00f3 plasmado entre varias, una que lo muestra como debe ser, marchando y con los brazos en alto, como s\u00edmbolo militante. Es Roberto Alvarez, \u201cEl Patita\u201d nuestro, \u201cEl Barba\u201d de los troskos, el pibe que siempre volv\u00eda al barrio a pescar o ba\u00f1arse en las aguas de su r\u00edo Uruguay.<\/p>\n\n\n\n<figure class=\"wp-block-image size-full\"><img loading=\"lazy\" decoding=\"async\" width=\"861\" height=\"675\" src=\"https:\/\/diariodelsurdigital.com.ar\/wp-content\/uploads\/2025\/01\/multimedia.normal.8ce56ee605413696.6d696c6974616e74655f6e6f726d616c2e6a7067.jpg\" alt=\"\" class=\"wp-image-418\" srcset=\"https:\/\/diariodelsurdigital.com.ar\/wp-content\/uploads\/2025\/01\/multimedia.normal.8ce56ee605413696.6d696c6974616e74655f6e6f726d616c2e6a7067.jpg 861w, https:\/\/diariodelsurdigital.com.ar\/wp-content\/uploads\/2025\/01\/multimedia.normal.8ce56ee605413696.6d696c6974616e74655f6e6f726d616c2e6a7067-300x235.jpg 300w, https:\/\/diariodelsurdigital.com.ar\/wp-content\/uploads\/2025\/01\/multimedia.normal.8ce56ee605413696.6d696c6974616e74655f6e6f726d616c2e6a7067-768x602.jpg 768w, https:\/\/diariodelsurdigital.com.ar\/wp-content\/uploads\/2025\/01\/multimedia.normal.8ce56ee605413696.6d696c6974616e74655f6e6f726d616c2e6a7067-536x420.jpg 536w, https:\/\/diariodelsurdigital.com.ar\/wp-content\/uploads\/2025\/01\/multimedia.normal.8ce56ee605413696.6d696c6974616e74655f6e6f726d616c2e6a7067-696x546.jpg 696w\" sizes=\"auto, (max-width: 861px) 100vw, 861px\" \/><\/figure>\n","protected":false},"excerpt":{"rendered":"<p>Familiares, amigos, vecinos y compa\u00f1eros del militante Roberto Alvarez, invitan a una ceremonia de despedida de sus restos en Benito Leger\u00e9n. Alvarez falleci\u00f3 en el mes de noviembre del a\u00f1o pasado debido a un problema de presi\u00f3n que le gener\u00f3 un ACV. La despedida se realizar\u00e1 este s\u00e1bado, 4 de enero, a las 18 horas [&hellip;]<\/p>\n","protected":false},"author":2,"featured_media":417,"comment_status":"open","ping_status":"open","sticky":false,"template":"","format":"standard","meta":{"footnotes":""},"categories":[16],"tags":[],"class_list":{"0":"post-415","1":"post","2":"type-post","3":"status-publish","4":"format-standard","5":"has-post-thumbnail","7":"category-locales"},"yoast_head":"<!-- This site is optimized with the Yoast SEO plugin v27.4 - https:\/\/yoast.com\/product\/yoast-seo-wordpress\/ -->\n<title>EL ADI\u00d3S A PATITA: Convocan a despedir los restos de Roberto Alvarez en Benito Leger\u00e9n - Diario del Sur<\/title>\n<meta name=\"robots\" content=\"index, follow, max-snippet:-1, max-image-preview:large, max-video-preview:-1\" \/>\n<link rel=\"canonical\" href=\"https:\/\/diariodelsurdigital.com.ar\/?p=415\" \/>\n<meta property=\"og:locale\" content=\"es_ES\" \/>\n<meta property=\"og:type\" content=\"article\" \/>\n<meta property=\"og:title\" content=\"EL ADI\u00d3S A PATITA: Convocan a despedir los restos de Roberto Alvarez en Benito Leger\u00e9n - Diario del Sur\" \/>\n<meta property=\"og:description\" content=\"Familiares, amigos, vecinos y compa\u00f1eros del militante Roberto Alvarez, invitan a una ceremonia de despedida de sus restos en Benito Leger\u00e9n. Alvarez falleci\u00f3 en el mes de noviembre del a\u00f1o pasado debido a un problema de presi\u00f3n que le gener\u00f3 un ACV. La despedida se realizar\u00e1 este s\u00e1bado, 4 de enero, a las 18 horas [&hellip;]\" \/>\n<meta property=\"og:url\" content=\"https:\/\/diariodelsurdigital.com.ar\/?p=415\" \/>\n<meta property=\"og:site_name\" content=\"Diario del Sur\" \/>\n<meta property=\"article:published_time\" content=\"2025-01-02T20:41:24+00:00\" \/>\n<meta property=\"article:modified_time\" content=\"2025-01-02T23:55:46+00:00\" \/>\n<meta property=\"og:image\" content=\"https:\/\/diariodelsurdigital.com.ar\/wp-content\/uploads\/2025\/01\/Barba-482x321-1.jpeg\" \/>\n\t<meta property=\"og:image:width\" content=\"482\" \/>\n\t<meta property=\"og:image:height\" content=\"321\" \/>\n\t<meta property=\"og:image:type\" content=\"image\/jpeg\" \/>\n<meta name=\"author\" content=\"Diario del Sur Digital\" \/>\n<meta name=\"twitter:card\" content=\"summary_large_image\" \/>\n<meta name=\"twitter:label1\" content=\"Escrito por\" \/>\n\t<meta name=\"twitter:data1\" content=\"Diario del Sur Digital\" \/>\n\t<meta name=\"twitter:label2\" content=\"Tiempo de lectura\" \/>\n\t<meta name=\"twitter:data2\" content=\"4 minutos\" \/>\n<script type=\"application\/ld+json\" class=\"yoast-schema-graph\">{\"@context\":\"https:\\\/\\\/schema.org\",\"@graph\":[{\"@type\":\"Article\",\"@id\":\"https:\\\/\\\/diariodelsurdigital.com.ar\\\/?p=415#article\",\"isPartOf\":{\"@id\":\"https:\\\/\\\/diariodelsurdigital.com.ar\\\/?p=415\"},\"author\":{\"name\":\"Diario del Sur Digital\",\"@id\":\"https:\\\/\\\/diariodelsurdigital.com.ar\\\/#\\\/schema\\\/person\\\/6136a32571657f7dba980b88b04c5465\"},\"headline\":\"EL ADI\u00d3S A PATITA: Convocan a despedir los restos de Roberto Alvarez en Benito Leger\u00e9n\",\"datePublished\":\"2025-01-02T20:41:24+00:00\",\"dateModified\":\"2025-01-02T23:55:46+00:00\",\"mainEntityOfPage\":{\"@id\":\"https:\\\/\\\/diariodelsurdigital.com.ar\\\/?p=415\"},\"wordCount\":750,\"commentCount\":0,\"image\":{\"@id\":\"https:\\\/\\\/diariodelsurdigital.com.ar\\\/?p=415#primaryimage\"},\"thumbnailUrl\":\"https:\\\/\\\/diariodelsurdigital.com.ar\\\/wp-content\\\/uploads\\\/2025\\\/01\\\/Barba-482x321-1.jpeg\",\"articleSection\":[\"Locales\"],\"inLanguage\":\"es\",\"potentialAction\":[{\"@type\":\"CommentAction\",\"name\":\"Comment\",\"target\":[\"https:\\\/\\\/diariodelsurdigital.com.ar\\\/?p=415#respond\"]}]},{\"@type\":\"WebPage\",\"@id\":\"https:\\\/\\\/diariodelsurdigital.com.ar\\\/?p=415\",\"url\":\"https:\\\/\\\/diariodelsurdigital.com.ar\\\/?p=415\",\"name\":\"EL ADI\u00d3S A PATITA: Convocan a despedir los restos de Roberto Alvarez en Benito Leger\u00e9n - Diario del Sur\",\"isPartOf\":{\"@id\":\"https:\\\/\\\/diariodelsurdigital.com.ar\\\/#website\"},\"primaryImageOfPage\":{\"@id\":\"https:\\\/\\\/diariodelsurdigital.com.ar\\\/?p=415#primaryimage\"},\"image\":{\"@id\":\"https:\\\/\\\/diariodelsurdigital.com.ar\\\/?p=415#primaryimage\"},\"thumbnailUrl\":\"https:\\\/\\\/diariodelsurdigital.com.ar\\\/wp-content\\\/uploads\\\/2025\\\/01\\\/Barba-482x321-1.jpeg\",\"datePublished\":\"2025-01-02T20:41:24+00:00\",\"dateModified\":\"2025-01-02T23:55:46+00:00\",\"author\":{\"@id\":\"https:\\\/\\\/diariodelsurdigital.com.ar\\\/#\\\/schema\\\/person\\\/6136a32571657f7dba980b88b04c5465\"},\"breadcrumb\":{\"@id\":\"https:\\\/\\\/diariodelsurdigital.com.ar\\\/?p=415#breadcrumb\"},\"inLanguage\":\"es\",\"potentialAction\":[{\"@type\":\"ReadAction\",\"target\":[\"https:\\\/\\\/diariodelsurdigital.com.ar\\\/?p=415\"]}]},{\"@type\":\"ImageObject\",\"inLanguage\":\"es\",\"@id\":\"https:\\\/\\\/diariodelsurdigital.com.ar\\\/?p=415#primaryimage\",\"url\":\"https:\\\/\\\/diariodelsurdigital.com.ar\\\/wp-content\\\/uploads\\\/2025\\\/01\\\/Barba-482x321-1.jpeg\",\"contentUrl\":\"https:\\\/\\\/diariodelsurdigital.com.ar\\\/wp-content\\\/uploads\\\/2025\\\/01\\\/Barba-482x321-1.jpeg\",\"width\":482,\"height\":321},{\"@type\":\"BreadcrumbList\",\"@id\":\"https:\\\/\\\/diariodelsurdigital.com.ar\\\/?p=415#breadcrumb\",\"itemListElement\":[{\"@type\":\"ListItem\",\"position\":1,\"name\":\"Portada\",\"item\":\"https:\\\/\\\/diariodelsurdigital.com.ar\\\/\"},{\"@type\":\"ListItem\",\"position\":2,\"name\":\"EL ADI\u00d3S A PATITA: Convocan a despedir los restos de Roberto Alvarez en Benito Leger\u00e9n\"}]},{\"@type\":\"WebSite\",\"@id\":\"https:\\\/\\\/diariodelsurdigital.com.ar\\\/#website\",\"url\":\"https:\\\/\\\/diariodelsurdigital.com.ar\\\/\",\"name\":\"Diario del Sur\",\"description\":\"Digital\",\"potentialAction\":[{\"@type\":\"SearchAction\",\"target\":{\"@type\":\"EntryPoint\",\"urlTemplate\":\"https:\\\/\\\/diariodelsurdigital.com.ar\\\/?s={search_term_string}\"},\"query-input\":{\"@type\":\"PropertyValueSpecification\",\"valueRequired\":true,\"valueName\":\"search_term_string\"}}],\"inLanguage\":\"es\"},{\"@type\":\"Person\",\"@id\":\"https:\\\/\\\/diariodelsurdigital.com.ar\\\/#\\\/schema\\\/person\\\/6136a32571657f7dba980b88b04c5465\",\"name\":\"Diario del Sur Digital\",\"image\":{\"@type\":\"ImageObject\",\"inLanguage\":\"es\",\"@id\":\"https:\\\/\\\/secure.gravatar.com\\\/avatar\\\/4c29ceac98541dd42460b2474aaa5dd37594d6ce6cb3cf2c101d09b48ee287ba?s=96&d=mm&r=g\",\"url\":\"https:\\\/\\\/secure.gravatar.com\\\/avatar\\\/4c29ceac98541dd42460b2474aaa5dd37594d6ce6cb3cf2c101d09b48ee287ba?s=96&d=mm&r=g\",\"contentUrl\":\"https:\\\/\\\/secure.gravatar.com\\\/avatar\\\/4c29ceac98541dd42460b2474aaa5dd37594d6ce6cb3cf2c101d09b48ee287ba?s=96&d=mm&r=g\",\"caption\":\"Diario del Sur Digital\"},\"url\":\"https:\\\/\\\/diariodelsurdigital.com.ar\\\/?author=2\"}]}<\/script>\n<!-- \/ Yoast SEO plugin. -->","yoast_head_json":{"title":"EL ADI\u00d3S A PATITA: Convocan a despedir los restos de Roberto Alvarez en Benito Leger\u00e9n - Diario del Sur","robots":{"index":"index","follow":"follow","max-snippet":"max-snippet:-1","max-image-preview":"max-image-preview:large","max-video-preview":"max-video-preview:-1"},"canonical":"https:\/\/diariodelsurdigital.com.ar\/?p=415","og_locale":"es_ES","og_type":"article","og_title":"EL ADI\u00d3S A PATITA: Convocan a despedir los restos de Roberto Alvarez en Benito Leger\u00e9n - Diario del Sur","og_description":"Familiares, amigos, vecinos y compa\u00f1eros del militante Roberto Alvarez, invitan a una ceremonia de despedida de sus restos en Benito Leger\u00e9n. Alvarez falleci\u00f3 en el mes de noviembre del a\u00f1o pasado debido a un problema de presi\u00f3n que le gener\u00f3 un ACV. La despedida se realizar\u00e1 este s\u00e1bado, 4 de enero, a las 18 horas [&hellip;]","og_url":"https:\/\/diariodelsurdigital.com.ar\/?p=415","og_site_name":"Diario del Sur","article_published_time":"2025-01-02T20:41:24+00:00","article_modified_time":"2025-01-02T23:55:46+00:00","og_image":[{"width":482,"height":321,"url":"https:\/\/diariodelsurdigital.com.ar\/wp-content\/uploads\/2025\/01\/Barba-482x321-1.jpeg","type":"image\/jpeg"}],"author":"Diario del Sur Digital","twitter_card":"summary_large_image","twitter_misc":{"Escrito por":"Diario del Sur Digital","Tiempo de lectura":"4 minutos"},"schema":{"@context":"https:\/\/schema.org","@graph":[{"@type":"Article","@id":"https:\/\/diariodelsurdigital.com.ar\/?p=415#article","isPartOf":{"@id":"https:\/\/diariodelsurdigital.com.ar\/?p=415"},"author":{"name":"Diario del Sur Digital","@id":"https:\/\/diariodelsurdigital.com.ar\/#\/schema\/person\/6136a32571657f7dba980b88b04c5465"},"headline":"EL ADI\u00d3S A PATITA: Convocan a despedir los restos de Roberto Alvarez en Benito Leger\u00e9n","datePublished":"2025-01-02T20:41:24+00:00","dateModified":"2025-01-02T23:55:46+00:00","mainEntityOfPage":{"@id":"https:\/\/diariodelsurdigital.com.ar\/?p=415"},"wordCount":750,"commentCount":0,"image":{"@id":"https:\/\/diariodelsurdigital.com.ar\/?p=415#primaryimage"},"thumbnailUrl":"https:\/\/diariodelsurdigital.com.ar\/wp-content\/uploads\/2025\/01\/Barba-482x321-1.jpeg","articleSection":["Locales"],"inLanguage":"es","potentialAction":[{"@type":"CommentAction","name":"Comment","target":["https:\/\/diariodelsurdigital.com.ar\/?p=415#respond"]}]},{"@type":"WebPage","@id":"https:\/\/diariodelsurdigital.com.ar\/?p=415","url":"https:\/\/diariodelsurdigital.com.ar\/?p=415","name":"EL ADI\u00d3S A PATITA: Convocan a despedir los restos de Roberto Alvarez en Benito Leger\u00e9n - Diario del Sur","isPartOf":{"@id":"https:\/\/diariodelsurdigital.com.ar\/#website"},"primaryImageOfPage":{"@id":"https:\/\/diariodelsurdigital.com.ar\/?p=415#primaryimage"},"image":{"@id":"https:\/\/diariodelsurdigital.com.ar\/?p=415#primaryimage"},"thumbnailUrl":"https:\/\/diariodelsurdigital.com.ar\/wp-content\/uploads\/2025\/01\/Barba-482x321-1.jpeg","datePublished":"2025-01-02T20:41:24+00:00","dateModified":"2025-01-02T23:55:46+00:00","author":{"@id":"https:\/\/diariodelsurdigital.com.ar\/#\/schema\/person\/6136a32571657f7dba980b88b04c5465"},"breadcrumb":{"@id":"https:\/\/diariodelsurdigital.com.ar\/?p=415#breadcrumb"},"inLanguage":"es","potentialAction":[{"@type":"ReadAction","target":["https:\/\/diariodelsurdigital.com.ar\/?p=415"]}]},{"@type":"ImageObject","inLanguage":"es","@id":"https:\/\/diariodelsurdigital.com.ar\/?p=415#primaryimage","url":"https:\/\/diariodelsurdigital.com.ar\/wp-content\/uploads\/2025\/01\/Barba-482x321-1.jpeg","contentUrl":"https:\/\/diariodelsurdigital.com.ar\/wp-content\/uploads\/2025\/01\/Barba-482x321-1.jpeg","width":482,"height":321},{"@type":"BreadcrumbList","@id":"https:\/\/diariodelsurdigital.com.ar\/?p=415#breadcrumb","itemListElement":[{"@type":"ListItem","position":1,"name":"Portada","item":"https:\/\/diariodelsurdigital.com.ar\/"},{"@type":"ListItem","position":2,"name":"EL ADI\u00d3S A PATITA: Convocan a despedir los restos de Roberto Alvarez en Benito Leger\u00e9n"}]},{"@type":"WebSite","@id":"https:\/\/diariodelsurdigital.com.ar\/#website","url":"https:\/\/diariodelsurdigital.com.ar\/","name":"Diario del Sur","description":"Digital","potentialAction":[{"@type":"SearchAction","target":{"@type":"EntryPoint","urlTemplate":"https:\/\/diariodelsurdigital.com.ar\/?s={search_term_string}"},"query-input":{"@type":"PropertyValueSpecification","valueRequired":true,"valueName":"search_term_string"}}],"inLanguage":"es"},{"@type":"Person","@id":"https:\/\/diariodelsurdigital.com.ar\/#\/schema\/person\/6136a32571657f7dba980b88b04c5465","name":"Diario del Sur Digital","image":{"@type":"ImageObject","inLanguage":"es","@id":"https:\/\/secure.gravatar.com\/avatar\/4c29ceac98541dd42460b2474aaa5dd37594d6ce6cb3cf2c101d09b48ee287ba?s=96&d=mm&r=g","url":"https:\/\/secure.gravatar.com\/avatar\/4c29ceac98541dd42460b2474aaa5dd37594d6ce6cb3cf2c101d09b48ee287ba?s=96&d=mm&r=g","contentUrl":"https:\/\/secure.gravatar.com\/avatar\/4c29ceac98541dd42460b2474aaa5dd37594d6ce6cb3cf2c101d09b48ee287ba?s=96&d=mm&r=g","caption":"Diario del Sur Digital"},"url":"https:\/\/diariodelsurdigital.com.ar\/?author=2"}]}},"_links":{"self":[{"href":"https:\/\/diariodelsurdigital.com.ar\/index.php?rest_route=\/wp\/v2\/posts\/415","targetHints":{"allow":["GET"]}}],"collection":[{"href":"https:\/\/diariodelsurdigital.com.ar\/index.php?rest_route=\/wp\/v2\/posts"}],"about":[{"href":"https:\/\/diariodelsurdigital.com.ar\/index.php?rest_route=\/wp\/v2\/types\/post"}],"author":[{"embeddable":true,"href":"https:\/\/diariodelsurdigital.com.ar\/index.php?rest_route=\/wp\/v2\/users\/2"}],"replies":[{"embeddable":true,"href":"https:\/\/diariodelsurdigital.com.ar\/index.php?rest_route=%2Fwp%2Fv2%2Fcomments&post=415"}],"version-history":[{"count":4,"href":"https:\/\/diariodelsurdigital.com.ar\/index.php?rest_route=\/wp\/v2\/posts\/415\/revisions"}],"predecessor-version":[{"id":424,"href":"https:\/\/diariodelsurdigital.com.ar\/index.php?rest_route=\/wp\/v2\/posts\/415\/revisions\/424"}],"wp:featuredmedia":[{"embeddable":true,"href":"https:\/\/diariodelsurdigital.com.ar\/index.php?rest_route=\/wp\/v2\/media\/417"}],"wp:attachment":[{"href":"https:\/\/diariodelsurdigital.com.ar\/index.php?rest_route=%2Fwp%2Fv2%2Fmedia&parent=415"}],"wp:term":[{"taxonomy":"category","embeddable":true,"href":"https:\/\/diariodelsurdigital.com.ar\/index.php?rest_route=%2Fwp%2Fv2%2Fcategories&post=415"},{"taxonomy":"post_tag","embeddable":true,"href":"https:\/\/diariodelsurdigital.com.ar\/index.php?rest_route=%2Fwp%2Fv2%2Ftags&post=415"}],"curies":[{"name":"wp","href":"https:\/\/api.w.org\/{rel}","templated":true}]}}