{"id":4163,"date":"2025-08-18T08:35:20","date_gmt":"2025-08-18T11:35:20","guid":{"rendered":"https:\/\/diariodelsurdigital.com.ar\/?p=4163"},"modified":"2025-08-18T08:35:21","modified_gmt":"2025-08-18T11:35:21","slug":"hombre-muere-en-un-incendio-en-planta-de-tratamiento-de-residuos-en-diamante","status":"publish","type":"post","link":"https:\/\/diariodelsurdigital.com.ar\/?p=4163","title":{"rendered":"Hombre muere en un incendio en planta de tratamiento de residuos en Diamante"},"content":{"rendered":"\n<p>Un hombre perdi\u00f3 la vida tras un incendio en la planta de residuos de Diamante. Seg\u00fan testigos, habr\u00eda ingresado en estado de alteraci\u00f3n y provocado el fuego. Investiga el Ministerio P\u00fablico Fiscal con peritajes de Polic\u00eda Cient\u00edfica y Bomberos.<\/p>\n\n\n\n<p>Un incendio ocurrido anoche en la planta de tratamiento de residuos de Diamante dej\u00f3 como saldo la tr\u00e1gica muerte de un vecino del lugar. El hecho se registr\u00f3 en calle 25 de Mayo al final y moviliz\u00f3 tanto a la Polic\u00eda como a los Bomberos Voluntarios locales.<\/p>\n\n\n\n<p>Seg\u00fan informaron fuentes policiales, el alerta se dio en horas de la noche del domingo, cuando vecinos notaron humo saliendo del predio. Al arribar al lugar, el personal constat\u00f3 que las llamas estaban siendo extinguidas por los Bomberos Voluntarios, pero lamentablemente ya se hab\u00eda producido una tragedia.<\/p>\n\n\n\n<p>Los uniformados observaron que el fuego hab\u00eda afectado \u00abuna instalaci\u00f3n sanitaria, donde tristemente un hombre mayor de edad hab\u00eda perdido la vida\u00bb, se\u00f1alaron oficialmente.<\/p>\n\n\n\n<p>Sospechan que el incendio fue intencional<\/p>\n\n\n\n<p>Las primeras averiguaciones realizadas por la Polic\u00eda en el sitio permitieron recabar datos preliminares que aportan luz sobre lo ocurrido.\u00bbSeg\u00fan los primeros indicios se pudo recabar que la v\u00edctima es un vecino del lugar, quien por relatos obtenidos, habr\u00eda ingresado momentos antes con alg\u00fan tipo de alteraci\u00f3n ps\u00edquica, dando inicio al siniestro de forma voluntaria y que llevaron al tr\u00e1gico final\u00bb, informaron las autoridades policiales.<\/p>\n\n\n\n<p>La identidad del hombre a\u00fan no fue oficialmente difundida, aunque se supo que se trata de una persona mayor de edad, conocida en el barrio por deambular por la zona. Las circunstancias que rodean su accionar a\u00fan son motivo de investigaci\u00f3n.Interviene el Ministerio P\u00fablico FiscalA ra\u00edz del fatal desenlace, desde el Ministerio P\u00fablico Fiscal se activaron los protocolos correspondientes. Se solicit\u00f3 la intervenci\u00f3n de Polic\u00eda Cient\u00edfica y del cuerpo de Bomberos Zapadores, quienes trabajaron en la escena durante varias horas para \u00abestablecer las formas y circunstancias en que sucedi\u00f3 el siniestro con la fatal consecuencia\u00bb.Las pericias intentar\u00e1n determinar si el incendio fue efectivamente provocado de manera intencional, si el ingreso del hombre fue por sus propios medios y qu\u00e9 tipo de materiales contribuyeron a la propagaci\u00f3n del fuego, public\u00f3 Elonce.<\/p>\n","protected":false},"excerpt":{"rendered":"<p>Un hombre perdi\u00f3 la vida tras un incendio en la planta de residuos de Diamante. Seg\u00fan testigos, habr\u00eda ingresado en estado de alteraci\u00f3n y provocado el fuego. Investiga el Ministerio P\u00fablico Fiscal con peritajes de Polic\u00eda Cient\u00edfica y Bomberos. Un incendio ocurrido anoche en la planta de tratamiento de residuos de Diamante dej\u00f3 como saldo [&hellip;]<\/p>\n","protected":false},"author":4,"featured_media":4164,"comment_status":"open","ping_status":"open","sticky":false,"template":"","format":"standard","meta":{"footnotes":""},"categories":[19,21],"tags":[],"class_list":{"0":"post-4163","1":"post","2":"type-post","3":"status-publish","4":"format-standard","5":"has-post-thumbnail","7":"category-interes-general","8":"category-policiales"},"yoast_head":"<!-- This site is optimized with the Yoast SEO plugin v27.4 - https:\/\/yoast.com\/product\/yoast-seo-wordpress\/ -->\n<title>Hombre muere en un incendio en planta de tratamiento de residuos en Diamante - Diario del Sur<\/title>\n<meta name=\"robots\" content=\"index, follow, max-snippet:-1, max-image-preview:large, max-video-preview:-1\" \/>\n<link rel=\"canonical\" href=\"https:\/\/diariodelsurdigital.com.ar\/?p=4163\" \/>\n<meta property=\"og:locale\" content=\"es_ES\" \/>\n<meta property=\"og:type\" content=\"article\" \/>\n<meta property=\"og:title\" content=\"Hombre muere en un incendio en planta de tratamiento de residuos en Diamante - Diario del Sur\" \/>\n<meta property=\"og:description\" content=\"Un hombre perdi\u00f3 la vida tras un incendio en la planta de residuos de Diamante. Seg\u00fan testigos, habr\u00eda ingresado en estado de alteraci\u00f3n y provocado el fuego. Investiga el Ministerio P\u00fablico Fiscal con peritajes de Polic\u00eda Cient\u00edfica y Bomberos. Un incendio ocurrido anoche en la planta de tratamiento de residuos de Diamante dej\u00f3 como saldo [&hellip;]\" \/>\n<meta property=\"og:url\" content=\"https:\/\/diariodelsurdigital.com.ar\/?p=4163\" \/>\n<meta property=\"og:site_name\" content=\"Diario del Sur\" \/>\n<meta property=\"article:published_time\" content=\"2025-08-18T11:35:20+00:00\" \/>\n<meta property=\"article:modified_time\" content=\"2025-08-18T11:35:21+00:00\" \/>\n<meta property=\"og:image\" content=\"https:\/\/diariodelsurdigital.com.ar\/wp-content\/uploads\/2025\/08\/md-29.webp\" \/>\n\t<meta property=\"og:image:width\" content=\"992\" \/>\n\t<meta property=\"og:image:height\" content=\"665\" \/>\n\t<meta property=\"og:image:type\" content=\"image\/webp\" \/>\n<meta name=\"author\" content=\"Diario del Sur Digital\" \/>\n<meta name=\"twitter:card\" content=\"summary_large_image\" \/>\n<meta name=\"twitter:label1\" content=\"Escrito por\" \/>\n\t<meta name=\"twitter:data1\" content=\"Diario del Sur Digital\" \/>\n\t<meta name=\"twitter:label2\" content=\"Tiempo de lectura\" \/>\n\t<meta name=\"twitter:data2\" content=\"2 minutos\" \/>\n<script type=\"application\/ld+json\" class=\"yoast-schema-graph\">{\"@context\":\"https:\\\/\\\/schema.org\",\"@graph\":[{\"@type\":\"Article\",\"@id\":\"https:\\\/\\\/diariodelsurdigital.com.ar\\\/?p=4163#article\",\"isPartOf\":{\"@id\":\"https:\\\/\\\/diariodelsurdigital.com.ar\\\/?p=4163\"},\"author\":{\"name\":\"Diario del Sur Digital\",\"@id\":\"https:\\\/\\\/diariodelsurdigital.com.ar\\\/#\\\/schema\\\/person\\\/1a4992532ed62965c968031b49195c81\"},\"headline\":\"Hombre muere en un incendio en planta de tratamiento de residuos en Diamante\",\"datePublished\":\"2025-08-18T11:35:20+00:00\",\"dateModified\":\"2025-08-18T11:35:21+00:00\",\"mainEntityOfPage\":{\"@id\":\"https:\\\/\\\/diariodelsurdigital.com.ar\\\/?p=4163\"},\"wordCount\":406,\"commentCount\":0,\"image\":{\"@id\":\"https:\\\/\\\/diariodelsurdigital.com.ar\\\/?p=4163#primaryimage\"},\"thumbnailUrl\":\"https:\\\/\\\/diariodelsurdigital.com.ar\\\/wp-content\\\/uploads\\\/2025\\\/08\\\/md-29.webp\",\"articleSection\":[\"Inter\u00e9s General\",\"Policiales\"],\"inLanguage\":\"es\",\"potentialAction\":[{\"@type\":\"CommentAction\",\"name\":\"Comment\",\"target\":[\"https:\\\/\\\/diariodelsurdigital.com.ar\\\/?p=4163#respond\"]}]},{\"@type\":\"WebPage\",\"@id\":\"https:\\\/\\\/diariodelsurdigital.com.ar\\\/?p=4163\",\"url\":\"https:\\\/\\\/diariodelsurdigital.com.ar\\\/?p=4163\",\"name\":\"Hombre muere en un incendio en planta de tratamiento de residuos en Diamante - Diario del Sur\",\"isPartOf\":{\"@id\":\"https:\\\/\\\/diariodelsurdigital.com.ar\\\/#website\"},\"primaryImageOfPage\":{\"@id\":\"https:\\\/\\\/diariodelsurdigital.com.ar\\\/?p=4163#primaryimage\"},\"image\":{\"@id\":\"https:\\\/\\\/diariodelsurdigital.com.ar\\\/?p=4163#primaryimage\"},\"thumbnailUrl\":\"https:\\\/\\\/diariodelsurdigital.com.ar\\\/wp-content\\\/uploads\\\/2025\\\/08\\\/md-29.webp\",\"datePublished\":\"2025-08-18T11:35:20+00:00\",\"dateModified\":\"2025-08-18T11:35:21+00:00\",\"author\":{\"@id\":\"https:\\\/\\\/diariodelsurdigital.com.ar\\\/#\\\/schema\\\/person\\\/1a4992532ed62965c968031b49195c81\"},\"breadcrumb\":{\"@id\":\"https:\\\/\\\/diariodelsurdigital.com.ar\\\/?p=4163#breadcrumb\"},\"inLanguage\":\"es\",\"potentialAction\":[{\"@type\":\"ReadAction\",\"target\":[\"https:\\\/\\\/diariodelsurdigital.com.ar\\\/?p=4163\"]}]},{\"@type\":\"ImageObject\",\"inLanguage\":\"es\",\"@id\":\"https:\\\/\\\/diariodelsurdigital.com.ar\\\/?p=4163#primaryimage\",\"url\":\"https:\\\/\\\/diariodelsurdigital.com.ar\\\/wp-content\\\/uploads\\\/2025\\\/08\\\/md-29.webp\",\"contentUrl\":\"https:\\\/\\\/diariodelsurdigital.com.ar\\\/wp-content\\\/uploads\\\/2025\\\/08\\\/md-29.webp\",\"width\":992,\"height\":665},{\"@type\":\"BreadcrumbList\",\"@id\":\"https:\\\/\\\/diariodelsurdigital.com.ar\\\/?p=4163#breadcrumb\",\"itemListElement\":[{\"@type\":\"ListItem\",\"position\":1,\"name\":\"Portada\",\"item\":\"https:\\\/\\\/diariodelsurdigital.com.ar\\\/\"},{\"@type\":\"ListItem\",\"position\":2,\"name\":\"Hombre muere en un incendio en planta de tratamiento de residuos en Diamante\"}]},{\"@type\":\"WebSite\",\"@id\":\"https:\\\/\\\/diariodelsurdigital.com.ar\\\/#website\",\"url\":\"https:\\\/\\\/diariodelsurdigital.com.ar\\\/\",\"name\":\"Diario del Sur\",\"description\":\"Digital\",\"potentialAction\":[{\"@type\":\"SearchAction\",\"target\":{\"@type\":\"EntryPoint\",\"urlTemplate\":\"https:\\\/\\\/diariodelsurdigital.com.ar\\\/?s={search_term_string}\"},\"query-input\":{\"@type\":\"PropertyValueSpecification\",\"valueRequired\":true,\"valueName\":\"search_term_string\"}}],\"inLanguage\":\"es\"},{\"@type\":\"Person\",\"@id\":\"https:\\\/\\\/diariodelsurdigital.com.ar\\\/#\\\/schema\\\/person\\\/1a4992532ed62965c968031b49195c81\",\"name\":\"Diario del Sur Digital\",\"image\":{\"@type\":\"ImageObject\",\"inLanguage\":\"es\",\"@id\":\"https:\\\/\\\/secure.gravatar.com\\\/avatar\\\/f0c7c47fc7146d19828273b9b8eda651c9c7ab583767e6338d3d3bee825adf76?s=96&d=mm&r=g\",\"url\":\"https:\\\/\\\/secure.gravatar.com\\\/avatar\\\/f0c7c47fc7146d19828273b9b8eda651c9c7ab583767e6338d3d3bee825adf76?s=96&d=mm&r=g\",\"contentUrl\":\"https:\\\/\\\/secure.gravatar.com\\\/avatar\\\/f0c7c47fc7146d19828273b9b8eda651c9c7ab583767e6338d3d3bee825adf76?s=96&d=mm&r=g\",\"caption\":\"Diario del Sur Digital\"},\"url\":\"https:\\\/\\\/diariodelsurdigital.com.ar\\\/?author=4\"}]}<\/script>\n<!-- \/ Yoast SEO plugin. -->","yoast_head_json":{"title":"Hombre muere en un incendio en planta de tratamiento de residuos en Diamante - Diario del Sur","robots":{"index":"index","follow":"follow","max-snippet":"max-snippet:-1","max-image-preview":"max-image-preview:large","max-video-preview":"max-video-preview:-1"},"canonical":"https:\/\/diariodelsurdigital.com.ar\/?p=4163","og_locale":"es_ES","og_type":"article","og_title":"Hombre muere en un incendio en planta de tratamiento de residuos en Diamante - Diario del Sur","og_description":"Un hombre perdi\u00f3 la vida tras un incendio en la planta de residuos de Diamante. Seg\u00fan testigos, habr\u00eda ingresado en estado de alteraci\u00f3n y provocado el fuego. Investiga el Ministerio P\u00fablico Fiscal con peritajes de Polic\u00eda Cient\u00edfica y Bomberos. Un incendio ocurrido anoche en la planta de tratamiento de residuos de Diamante dej\u00f3 como saldo [&hellip;]","og_url":"https:\/\/diariodelsurdigital.com.ar\/?p=4163","og_site_name":"Diario del Sur","article_published_time":"2025-08-18T11:35:20+00:00","article_modified_time":"2025-08-18T11:35:21+00:00","og_image":[{"width":992,"height":665,"url":"https:\/\/diariodelsurdigital.com.ar\/wp-content\/uploads\/2025\/08\/md-29.webp","type":"image\/webp"}],"author":"Diario del Sur Digital","twitter_card":"summary_large_image","twitter_misc":{"Escrito por":"Diario del Sur Digital","Tiempo de lectura":"2 minutos"},"schema":{"@context":"https:\/\/schema.org","@graph":[{"@type":"Article","@id":"https:\/\/diariodelsurdigital.com.ar\/?p=4163#article","isPartOf":{"@id":"https:\/\/diariodelsurdigital.com.ar\/?p=4163"},"author":{"name":"Diario del Sur Digital","@id":"https:\/\/diariodelsurdigital.com.ar\/#\/schema\/person\/1a4992532ed62965c968031b49195c81"},"headline":"Hombre muere en un incendio en planta de tratamiento de residuos en Diamante","datePublished":"2025-08-18T11:35:20+00:00","dateModified":"2025-08-18T11:35:21+00:00","mainEntityOfPage":{"@id":"https:\/\/diariodelsurdigital.com.ar\/?p=4163"},"wordCount":406,"commentCount":0,"image":{"@id":"https:\/\/diariodelsurdigital.com.ar\/?p=4163#primaryimage"},"thumbnailUrl":"https:\/\/diariodelsurdigital.com.ar\/wp-content\/uploads\/2025\/08\/md-29.webp","articleSection":["Inter\u00e9s General","Policiales"],"inLanguage":"es","potentialAction":[{"@type":"CommentAction","name":"Comment","target":["https:\/\/diariodelsurdigital.com.ar\/?p=4163#respond"]}]},{"@type":"WebPage","@id":"https:\/\/diariodelsurdigital.com.ar\/?p=4163","url":"https:\/\/diariodelsurdigital.com.ar\/?p=4163","name":"Hombre muere en un incendio en planta de tratamiento de residuos en Diamante - Diario del Sur","isPartOf":{"@id":"https:\/\/diariodelsurdigital.com.ar\/#website"},"primaryImageOfPage":{"@id":"https:\/\/diariodelsurdigital.com.ar\/?p=4163#primaryimage"},"image":{"@id":"https:\/\/diariodelsurdigital.com.ar\/?p=4163#primaryimage"},"thumbnailUrl":"https:\/\/diariodelsurdigital.com.ar\/wp-content\/uploads\/2025\/08\/md-29.webp","datePublished":"2025-08-18T11:35:20+00:00","dateModified":"2025-08-18T11:35:21+00:00","author":{"@id":"https:\/\/diariodelsurdigital.com.ar\/#\/schema\/person\/1a4992532ed62965c968031b49195c81"},"breadcrumb":{"@id":"https:\/\/diariodelsurdigital.com.ar\/?p=4163#breadcrumb"},"inLanguage":"es","potentialAction":[{"@type":"ReadAction","target":["https:\/\/diariodelsurdigital.com.ar\/?p=4163"]}]},{"@type":"ImageObject","inLanguage":"es","@id":"https:\/\/diariodelsurdigital.com.ar\/?p=4163#primaryimage","url":"https:\/\/diariodelsurdigital.com.ar\/wp-content\/uploads\/2025\/08\/md-29.webp","contentUrl":"https:\/\/diariodelsurdigital.com.ar\/wp-content\/uploads\/2025\/08\/md-29.webp","width":992,"height":665},{"@type":"BreadcrumbList","@id":"https:\/\/diariodelsurdigital.com.ar\/?p=4163#breadcrumb","itemListElement":[{"@type":"ListItem","position":1,"name":"Portada","item":"https:\/\/diariodelsurdigital.com.ar\/"},{"@type":"ListItem","position":2,"name":"Hombre muere en un incendio en planta de tratamiento de residuos en Diamante"}]},{"@type":"WebSite","@id":"https:\/\/diariodelsurdigital.com.ar\/#website","url":"https:\/\/diariodelsurdigital.com.ar\/","name":"Diario del Sur","description":"Digital","potentialAction":[{"@type":"SearchAction","target":{"@type":"EntryPoint","urlTemplate":"https:\/\/diariodelsurdigital.com.ar\/?s={search_term_string}"},"query-input":{"@type":"PropertyValueSpecification","valueRequired":true,"valueName":"search_term_string"}}],"inLanguage":"es"},{"@type":"Person","@id":"https:\/\/diariodelsurdigital.com.ar\/#\/schema\/person\/1a4992532ed62965c968031b49195c81","name":"Diario del Sur Digital","image":{"@type":"ImageObject","inLanguage":"es","@id":"https:\/\/secure.gravatar.com\/avatar\/f0c7c47fc7146d19828273b9b8eda651c9c7ab583767e6338d3d3bee825adf76?s=96&d=mm&r=g","url":"https:\/\/secure.gravatar.com\/avatar\/f0c7c47fc7146d19828273b9b8eda651c9c7ab583767e6338d3d3bee825adf76?s=96&d=mm&r=g","contentUrl":"https:\/\/secure.gravatar.com\/avatar\/f0c7c47fc7146d19828273b9b8eda651c9c7ab583767e6338d3d3bee825adf76?s=96&d=mm&r=g","caption":"Diario del Sur Digital"},"url":"https:\/\/diariodelsurdigital.com.ar\/?author=4"}]}},"_links":{"self":[{"href":"https:\/\/diariodelsurdigital.com.ar\/index.php?rest_route=\/wp\/v2\/posts\/4163","targetHints":{"allow":["GET"]}}],"collection":[{"href":"https:\/\/diariodelsurdigital.com.ar\/index.php?rest_route=\/wp\/v2\/posts"}],"about":[{"href":"https:\/\/diariodelsurdigital.com.ar\/index.php?rest_route=\/wp\/v2\/types\/post"}],"author":[{"embeddable":true,"href":"https:\/\/diariodelsurdigital.com.ar\/index.php?rest_route=\/wp\/v2\/users\/4"}],"replies":[{"embeddable":true,"href":"https:\/\/diariodelsurdigital.com.ar\/index.php?rest_route=%2Fwp%2Fv2%2Fcomments&post=4163"}],"version-history":[{"count":1,"href":"https:\/\/diariodelsurdigital.com.ar\/index.php?rest_route=\/wp\/v2\/posts\/4163\/revisions"}],"predecessor-version":[{"id":4165,"href":"https:\/\/diariodelsurdigital.com.ar\/index.php?rest_route=\/wp\/v2\/posts\/4163\/revisions\/4165"}],"wp:featuredmedia":[{"embeddable":true,"href":"https:\/\/diariodelsurdigital.com.ar\/index.php?rest_route=\/wp\/v2\/media\/4164"}],"wp:attachment":[{"href":"https:\/\/diariodelsurdigital.com.ar\/index.php?rest_route=%2Fwp%2Fv2%2Fmedia&parent=4163"}],"wp:term":[{"taxonomy":"category","embeddable":true,"href":"https:\/\/diariodelsurdigital.com.ar\/index.php?rest_route=%2Fwp%2Fv2%2Fcategories&post=4163"},{"taxonomy":"post_tag","embeddable":true,"href":"https:\/\/diariodelsurdigital.com.ar\/index.php?rest_route=%2Fwp%2Fv2%2Ftags&post=4163"}],"curies":[{"name":"wp","href":"https:\/\/api.w.org\/{rel}","templated":true}]}}