{"id":4166,"date":"2025-08-18T08:39:43","date_gmt":"2025-08-18T11:39:43","guid":{"rendered":"https:\/\/diariodelsurdigital.com.ar\/?p=4166"},"modified":"2025-08-18T08:39:44","modified_gmt":"2025-08-18T11:39:44","slug":"en-entre-rios-habra-siete-alternativas-para-votar-en-octubre","status":"publish","type":"post","link":"https:\/\/diariodelsurdigital.com.ar\/?p=4166","title":{"rendered":"En Entre R\u00edos habr\u00e1 siete alternativas para votar en octubre"},"content":{"rendered":"\n<p>Las elecciones ser\u00e1n el 26 de octubre. En Entre R\u00edos se eligen cinco diputados nacionales y los tres senadores. Competir\u00e1n siete listas. El PRO de Frigerio y la UCR se unieron con La Libertad Avanza, que cop\u00f3 la boleta. Cuatro son derivas del peronismo y dos de la izquierda. Entre R\u00edos pondr\u00e1 en juego cinco bancas en la C\u00e1mara de Diputados y tres en el Senado en las elecciones del 26 de octubre.<\/p>\n\n\n\n<p><\/p>\n\n\n\n<p>La expectativa est\u00e1 puesta en el desempe\u00f1o de la Alianza La Libertad Avanza, que nuclea a los oficialismos provincial y nacional frente a un peronismo que llegar\u00e1 a las urnas desgranado en cuatro.<\/p>\n\n\n\n<p><br>A continuaci\u00f3n, todas las listas y candidatos para las elecciones legislativas nacionales del 26 de octubre en Entre R\u00edos.<\/p>\n\n\n\n<p>La lista de Rogelio Frigerio y Javier Milei (Alianza La Libertad Avanza)<\/p>\n\n\n\n<p>CANDIDATOS A SENADORES NACIONALES<\/p>\n\n\n\n<p>1 Benegas Lynch, Joaqu\u00edn<\/p>\n\n\n\n<p>2 Almeida, Romina<\/p>\n\n\n\n<p>CANDIDATOS A DIPUTADOS NACIONALES<\/p>\n\n\n\n<p>1 Laumann, Andr\u00e9s<\/p>\n\n\n\n<p>2 Fregonese, Alicia<\/p>\n\n\n\n<p>3 Schneider, Dar\u00edo<\/p>\n\n\n\n<p>4 Lagra\u00f1a, Eliana<\/p>\n\n\n\n<p>5 Gadea, Wenceslao Mart\u00edn<\/p>\n\n\n\n<p>La lista del peronismo de Ad\u00e1n Bahl y Guillermo Michel (PJ &#8211; Fuerza Entre R\u00edos)<\/p>\n\n\n\n<p>CANDIDATOS A SENADORES NACIONALES<\/p>\n\n\n\n<p>1 Bahl, Ad\u00e1n Humberto<\/p>\n\n\n\n<p>2 Meza Torres, Adriana Elizabet<\/p>\n\n\n\n<p>CANDIDATOS A DIPUTADOS NACIONALES<\/p>\n\n\n\n<p>1 Michel, Guillermo<\/p>\n\n\n\n<p>2 Marclay, Laura Marianela<\/p>\n\n\n\n<p>3 Sabella, Andr\u00e9s Ernesto<\/p>\n\n\n\n<p>4 Leiva, Mar\u00eda Fabiana<\/p>\n\n\n\n<p>5 Minguill\u00f3n, Jacob Rodrigo<\/p>\n\n\n\n<p>La lista de Carolina Gaillard y el Frente Grande (Ahora la Patria)<\/p>\n\n\n\n<p>CANDIDATOS A SENADORES NACIONALES<\/p>\n\n\n\n<p>1 Gaillard, Carolina<\/p>\n\n\n\n<p>2 Schnitman, Javier<\/p>\n\n\n\n<p>CANDIDATOS A DIPUTADOS NACIONALES<\/p>\n\n\n\n<p>1 Rubattino, Paola<\/p>\n\n\n\n<p>2 Olano, Federico<\/p>\n\n\n\n<p>3 Kloster, Eve<\/p>\n\n\n\n<p>4 Monn\u00e1, Ignacio<\/p>\n\n\n\n<p>5 Fern\u00e1ndez, Ludmila<\/p>\n\n\n\n<p>La lista de H\u00e9ctor Maya y el socialismo (Partido Socialista)<\/p>\n\n\n\n<p>CANDIDATOS A SENADORES NACIONALES<\/p>\n\n\n\n<p>1 Maya, H\u00e9ctor<\/p>\n\n\n\n<p>2 Sanzberro, Fernanda<\/p>\n\n\n\n<p>CANDIDATOS A DIPUTADOS NACIONALES<\/p>\n\n\n\n<p>1 Guzm\u00e1n, Gustavo<\/p>\n\n\n\n<p>2 Gan, Sof\u00eda<\/p>\n\n\n\n<p>3 Haddad, Santiago<\/p>\n\n\n\n<p>La lista de Emilio Mart\u00ednez Garbino (Uni\u00f3n Popular)<\/p>\n\n\n\n<p>CANDIDATOS A SENADORES TITULARES<\/p>\n\n\n\n<p>1 Mart\u00ednez Garbino, Emilio<\/p>\n\n\n\n<p>2 Sola, Mar\u00eda Isabel<\/p>\n\n\n\n<p>CANDIDATOS A DIPUTADOS TITULARES<\/p>\n\n\n\n<p>1 Farach, Silvio<\/p>\n\n\n\n<p>2 Cabrera, Gladys<\/p>\n\n\n\n<p>3 Schaumann, Sebasti\u00e1n<\/p>\n\n\n\n<p>4 Heinrich, Patricia<\/p>\n\n\n\n<p>5 Barzola, Oscar<\/p>\n\n\n\n<p>La lista del Frente de Izquierda y de los Trabajadores (FIT) \u2013 Nadia Burgos<\/p>\n\n\n\n<p>CANDIDATOS A SENADORES NACIONALES<\/p>\n\n\n\n<p>1 C\u00e1ceres Sforza, Sof\u00eda<\/p>\n\n\n\n<p>2 Amarillo, Pablo<\/p>\n\n\n\n<p>CANDIDATOS A DIPUTADOS NACIONALES<\/p>\n\n\n\n<p>TITULARES<\/p>\n\n\n\n<p>1 Burgos, Nadia<\/p>\n\n\n\n<p>2 Scattone, Facundo<\/p>\n\n\n\n<p>3 Almada, Ivana<\/p>\n\n\n\n<p>4 Romero, V\u00edctor<\/p>\n\n\n\n<p>5 Gonz\u00e1lez, Keili<\/p>\n\n\n\n<p>La lista de Manuela Casta\u00f1eira (MAS)<\/p>\n\n\n\n<p>CANDIDATOS A SENADORES NACIONALES<\/p>\n\n\n\n<p>1 Ross, Juan Cruz<\/p>\n\n\n\n<p>2 Acevedo, Cynthia<\/p>\n\n\n\n<p>CANDIDATOS A DIPUTADOS NACIONALES<\/p>\n\n\n\n<p>1 Leis Pou, Nahuel<\/p>\n\n\n\n<p>2 Bergamaschi Altamirano, Michelle<\/p>\n\n\n\n<p>3 Albornoz, Nicol\u00e1s<\/p>\n\n\n\n<p>4 Esquivel, Eva<\/p>\n\n\n\n<p>5 Rojas, Luis<\/p>\n\n\n\n<p>Qu\u00e9 se juega en Entre R\u00edos<\/p>\n\n\n\n<p>En los comicios del 26 de octubre Entre R\u00edos pondr\u00e1 en juego cinco de sus nueve bancas en la c\u00e1mara baja y las tres del Senado.<\/p>\n\n\n\n<p>Terminan sus mandatos el 10 de diciembre los diputados Atilio Benedetti (UCR); Marcela Antola (Democracia por Siempre); Nancy Ballejos (PRO); Carolina Gaillard y Tom\u00e1s Ledesma (Uni\u00f3n por la Patria), public\u00f3 Letra P.<\/p>\n\n\n\n<p>En el Senado, concluyen mandato Stefan\u00eda Cora (Uni\u00f3n por la Patria); Stella Olalla (UCR); Alfredo De Angeli (PRO).<\/p>\n","protected":false},"excerpt":{"rendered":"<p>Las elecciones ser\u00e1n el 26 de octubre. En Entre R\u00edos se eligen cinco diputados nacionales y los tres senadores. Competir\u00e1n siete listas. El PRO de Frigerio y la UCR se unieron con La Libertad Avanza, que cop\u00f3 la boleta. Cuatro son derivas del peronismo y dos de la izquierda. Entre R\u00edos pondr\u00e1 en juego cinco [&hellip;]<\/p>\n","protected":false},"author":4,"featured_media":4167,"comment_status":"open","ping_status":"open","sticky":false,"template":"","format":"standard","meta":{"footnotes":""},"categories":[19,22,17],"tags":[],"class_list":{"0":"post-4166","1":"post","2":"type-post","3":"status-publish","4":"format-standard","5":"has-post-thumbnail","7":"category-interes-general","8":"category-politica","9":"category-provinciales"},"yoast_head":"<!-- This site is optimized with the Yoast SEO plugin v27.4 - https:\/\/yoast.com\/product\/yoast-seo-wordpress\/ -->\n<title>En Entre R\u00edos habr\u00e1 siete alternativas para votar en octubre - Diario del Sur<\/title>\n<meta name=\"robots\" content=\"index, follow, max-snippet:-1, max-image-preview:large, max-video-preview:-1\" \/>\n<link rel=\"canonical\" href=\"https:\/\/diariodelsurdigital.com.ar\/?p=4166\" \/>\n<meta property=\"og:locale\" content=\"es_ES\" \/>\n<meta property=\"og:type\" content=\"article\" \/>\n<meta property=\"og:title\" content=\"En Entre R\u00edos habr\u00e1 siete alternativas para votar en octubre - Diario del Sur\" \/>\n<meta property=\"og:description\" content=\"Las elecciones ser\u00e1n el 26 de octubre. En Entre R\u00edos se eligen cinco diputados nacionales y los tres senadores. Competir\u00e1n siete listas. El PRO de Frigerio y la UCR se unieron con La Libertad Avanza, que cop\u00f3 la boleta. Cuatro son derivas del peronismo y dos de la izquierda. Entre R\u00edos pondr\u00e1 en juego cinco [&hellip;]\" \/>\n<meta property=\"og:url\" content=\"https:\/\/diariodelsurdigital.com.ar\/?p=4166\" \/>\n<meta property=\"og:site_name\" content=\"Diario del Sur\" \/>\n<meta property=\"article:published_time\" content=\"2025-08-18T11:39:43+00:00\" \/>\n<meta property=\"article:modified_time\" content=\"2025-08-18T11:39:44+00:00\" \/>\n<meta property=\"og:image\" content=\"https:\/\/diariodelsurdigital.com.ar\/wp-content\/uploads\/2025\/08\/md-30.webp\" \/>\n\t<meta property=\"og:image:width\" content=\"992\" \/>\n\t<meta property=\"og:image:height\" content=\"661\" \/>\n\t<meta property=\"og:image:type\" content=\"image\/webp\" \/>\n<meta name=\"author\" content=\"Diario del Sur Digital\" \/>\n<meta name=\"twitter:card\" content=\"summary_large_image\" \/>\n<meta name=\"twitter:label1\" content=\"Escrito por\" \/>\n\t<meta name=\"twitter:data1\" content=\"Diario del Sur Digital\" \/>\n\t<meta name=\"twitter:label2\" content=\"Tiempo de lectura\" \/>\n\t<meta name=\"twitter:data2\" content=\"3 minutos\" \/>\n<script type=\"application\/ld+json\" class=\"yoast-schema-graph\">{\"@context\":\"https:\\\/\\\/schema.org\",\"@graph\":[{\"@type\":\"Article\",\"@id\":\"https:\\\/\\\/diariodelsurdigital.com.ar\\\/?p=4166#article\",\"isPartOf\":{\"@id\":\"https:\\\/\\\/diariodelsurdigital.com.ar\\\/?p=4166\"},\"author\":{\"name\":\"Diario del Sur Digital\",\"@id\":\"https:\\\/\\\/diariodelsurdigital.com.ar\\\/#\\\/schema\\\/person\\\/1a4992532ed62965c968031b49195c81\"},\"headline\":\"En Entre R\u00edos habr\u00e1 siete alternativas para votar en octubre\",\"datePublished\":\"2025-08-18T11:39:43+00:00\",\"dateModified\":\"2025-08-18T11:39:44+00:00\",\"mainEntityOfPage\":{\"@id\":\"https:\\\/\\\/diariodelsurdigital.com.ar\\\/?p=4166\"},\"wordCount\":497,\"commentCount\":0,\"image\":{\"@id\":\"https:\\\/\\\/diariodelsurdigital.com.ar\\\/?p=4166#primaryimage\"},\"thumbnailUrl\":\"https:\\\/\\\/diariodelsurdigital.com.ar\\\/wp-content\\\/uploads\\\/2025\\\/08\\\/md-30.webp\",\"articleSection\":[\"Inter\u00e9s General\",\"Pol\u00edtica\",\"Provinciales\"],\"inLanguage\":\"es\",\"potentialAction\":[{\"@type\":\"CommentAction\",\"name\":\"Comment\",\"target\":[\"https:\\\/\\\/diariodelsurdigital.com.ar\\\/?p=4166#respond\"]}]},{\"@type\":\"WebPage\",\"@id\":\"https:\\\/\\\/diariodelsurdigital.com.ar\\\/?p=4166\",\"url\":\"https:\\\/\\\/diariodelsurdigital.com.ar\\\/?p=4166\",\"name\":\"En Entre R\u00edos habr\u00e1 siete alternativas para votar en octubre - Diario del Sur\",\"isPartOf\":{\"@id\":\"https:\\\/\\\/diariodelsurdigital.com.ar\\\/#website\"},\"primaryImageOfPage\":{\"@id\":\"https:\\\/\\\/diariodelsurdigital.com.ar\\\/?p=4166#primaryimage\"},\"image\":{\"@id\":\"https:\\\/\\\/diariodelsurdigital.com.ar\\\/?p=4166#primaryimage\"},\"thumbnailUrl\":\"https:\\\/\\\/diariodelsurdigital.com.ar\\\/wp-content\\\/uploads\\\/2025\\\/08\\\/md-30.webp\",\"datePublished\":\"2025-08-18T11:39:43+00:00\",\"dateModified\":\"2025-08-18T11:39:44+00:00\",\"author\":{\"@id\":\"https:\\\/\\\/diariodelsurdigital.com.ar\\\/#\\\/schema\\\/person\\\/1a4992532ed62965c968031b49195c81\"},\"breadcrumb\":{\"@id\":\"https:\\\/\\\/diariodelsurdigital.com.ar\\\/?p=4166#breadcrumb\"},\"inLanguage\":\"es\",\"potentialAction\":[{\"@type\":\"ReadAction\",\"target\":[\"https:\\\/\\\/diariodelsurdigital.com.ar\\\/?p=4166\"]}]},{\"@type\":\"ImageObject\",\"inLanguage\":\"es\",\"@id\":\"https:\\\/\\\/diariodelsurdigital.com.ar\\\/?p=4166#primaryimage\",\"url\":\"https:\\\/\\\/diariodelsurdigital.com.ar\\\/wp-content\\\/uploads\\\/2025\\\/08\\\/md-30.webp\",\"contentUrl\":\"https:\\\/\\\/diariodelsurdigital.com.ar\\\/wp-content\\\/uploads\\\/2025\\\/08\\\/md-30.webp\",\"width\":992,\"height\":661},{\"@type\":\"BreadcrumbList\",\"@id\":\"https:\\\/\\\/diariodelsurdigital.com.ar\\\/?p=4166#breadcrumb\",\"itemListElement\":[{\"@type\":\"ListItem\",\"position\":1,\"name\":\"Portada\",\"item\":\"https:\\\/\\\/diariodelsurdigital.com.ar\\\/\"},{\"@type\":\"ListItem\",\"position\":2,\"name\":\"En Entre R\u00edos habr\u00e1 siete alternativas para votar en octubre\"}]},{\"@type\":\"WebSite\",\"@id\":\"https:\\\/\\\/diariodelsurdigital.com.ar\\\/#website\",\"url\":\"https:\\\/\\\/diariodelsurdigital.com.ar\\\/\",\"name\":\"Diario del Sur\",\"description\":\"Digital\",\"potentialAction\":[{\"@type\":\"SearchAction\",\"target\":{\"@type\":\"EntryPoint\",\"urlTemplate\":\"https:\\\/\\\/diariodelsurdigital.com.ar\\\/?s={search_term_string}\"},\"query-input\":{\"@type\":\"PropertyValueSpecification\",\"valueRequired\":true,\"valueName\":\"search_term_string\"}}],\"inLanguage\":\"es\"},{\"@type\":\"Person\",\"@id\":\"https:\\\/\\\/diariodelsurdigital.com.ar\\\/#\\\/schema\\\/person\\\/1a4992532ed62965c968031b49195c81\",\"name\":\"Diario del Sur Digital\",\"image\":{\"@type\":\"ImageObject\",\"inLanguage\":\"es\",\"@id\":\"https:\\\/\\\/secure.gravatar.com\\\/avatar\\\/f0c7c47fc7146d19828273b9b8eda651c9c7ab583767e6338d3d3bee825adf76?s=96&d=mm&r=g\",\"url\":\"https:\\\/\\\/secure.gravatar.com\\\/avatar\\\/f0c7c47fc7146d19828273b9b8eda651c9c7ab583767e6338d3d3bee825adf76?s=96&d=mm&r=g\",\"contentUrl\":\"https:\\\/\\\/secure.gravatar.com\\\/avatar\\\/f0c7c47fc7146d19828273b9b8eda651c9c7ab583767e6338d3d3bee825adf76?s=96&d=mm&r=g\",\"caption\":\"Diario del Sur Digital\"},\"url\":\"https:\\\/\\\/diariodelsurdigital.com.ar\\\/?author=4\"}]}<\/script>\n<!-- \/ Yoast SEO plugin. -->","yoast_head_json":{"title":"En Entre R\u00edos habr\u00e1 siete alternativas para votar en octubre - Diario del Sur","robots":{"index":"index","follow":"follow","max-snippet":"max-snippet:-1","max-image-preview":"max-image-preview:large","max-video-preview":"max-video-preview:-1"},"canonical":"https:\/\/diariodelsurdigital.com.ar\/?p=4166","og_locale":"es_ES","og_type":"article","og_title":"En Entre R\u00edos habr\u00e1 siete alternativas para votar en octubre - Diario del Sur","og_description":"Las elecciones ser\u00e1n el 26 de octubre. En Entre R\u00edos se eligen cinco diputados nacionales y los tres senadores. Competir\u00e1n siete listas. El PRO de Frigerio y la UCR se unieron con La Libertad Avanza, que cop\u00f3 la boleta. Cuatro son derivas del peronismo y dos de la izquierda. Entre R\u00edos pondr\u00e1 en juego cinco [&hellip;]","og_url":"https:\/\/diariodelsurdigital.com.ar\/?p=4166","og_site_name":"Diario del Sur","article_published_time":"2025-08-18T11:39:43+00:00","article_modified_time":"2025-08-18T11:39:44+00:00","og_image":[{"width":992,"height":661,"url":"https:\/\/diariodelsurdigital.com.ar\/wp-content\/uploads\/2025\/08\/md-30.webp","type":"image\/webp"}],"author":"Diario del Sur Digital","twitter_card":"summary_large_image","twitter_misc":{"Escrito por":"Diario del Sur Digital","Tiempo de lectura":"3 minutos"},"schema":{"@context":"https:\/\/schema.org","@graph":[{"@type":"Article","@id":"https:\/\/diariodelsurdigital.com.ar\/?p=4166#article","isPartOf":{"@id":"https:\/\/diariodelsurdigital.com.ar\/?p=4166"},"author":{"name":"Diario del Sur Digital","@id":"https:\/\/diariodelsurdigital.com.ar\/#\/schema\/person\/1a4992532ed62965c968031b49195c81"},"headline":"En Entre R\u00edos habr\u00e1 siete alternativas para votar en octubre","datePublished":"2025-08-18T11:39:43+00:00","dateModified":"2025-08-18T11:39:44+00:00","mainEntityOfPage":{"@id":"https:\/\/diariodelsurdigital.com.ar\/?p=4166"},"wordCount":497,"commentCount":0,"image":{"@id":"https:\/\/diariodelsurdigital.com.ar\/?p=4166#primaryimage"},"thumbnailUrl":"https:\/\/diariodelsurdigital.com.ar\/wp-content\/uploads\/2025\/08\/md-30.webp","articleSection":["Inter\u00e9s General","Pol\u00edtica","Provinciales"],"inLanguage":"es","potentialAction":[{"@type":"CommentAction","name":"Comment","target":["https:\/\/diariodelsurdigital.com.ar\/?p=4166#respond"]}]},{"@type":"WebPage","@id":"https:\/\/diariodelsurdigital.com.ar\/?p=4166","url":"https:\/\/diariodelsurdigital.com.ar\/?p=4166","name":"En Entre R\u00edos habr\u00e1 siete alternativas para votar en octubre - Diario del Sur","isPartOf":{"@id":"https:\/\/diariodelsurdigital.com.ar\/#website"},"primaryImageOfPage":{"@id":"https:\/\/diariodelsurdigital.com.ar\/?p=4166#primaryimage"},"image":{"@id":"https:\/\/diariodelsurdigital.com.ar\/?p=4166#primaryimage"},"thumbnailUrl":"https:\/\/diariodelsurdigital.com.ar\/wp-content\/uploads\/2025\/08\/md-30.webp","datePublished":"2025-08-18T11:39:43+00:00","dateModified":"2025-08-18T11:39:44+00:00","author":{"@id":"https:\/\/diariodelsurdigital.com.ar\/#\/schema\/person\/1a4992532ed62965c968031b49195c81"},"breadcrumb":{"@id":"https:\/\/diariodelsurdigital.com.ar\/?p=4166#breadcrumb"},"inLanguage":"es","potentialAction":[{"@type":"ReadAction","target":["https:\/\/diariodelsurdigital.com.ar\/?p=4166"]}]},{"@type":"ImageObject","inLanguage":"es","@id":"https:\/\/diariodelsurdigital.com.ar\/?p=4166#primaryimage","url":"https:\/\/diariodelsurdigital.com.ar\/wp-content\/uploads\/2025\/08\/md-30.webp","contentUrl":"https:\/\/diariodelsurdigital.com.ar\/wp-content\/uploads\/2025\/08\/md-30.webp","width":992,"height":661},{"@type":"BreadcrumbList","@id":"https:\/\/diariodelsurdigital.com.ar\/?p=4166#breadcrumb","itemListElement":[{"@type":"ListItem","position":1,"name":"Portada","item":"https:\/\/diariodelsurdigital.com.ar\/"},{"@type":"ListItem","position":2,"name":"En Entre R\u00edos habr\u00e1 siete alternativas para votar en octubre"}]},{"@type":"WebSite","@id":"https:\/\/diariodelsurdigital.com.ar\/#website","url":"https:\/\/diariodelsurdigital.com.ar\/","name":"Diario del Sur","description":"Digital","potentialAction":[{"@type":"SearchAction","target":{"@type":"EntryPoint","urlTemplate":"https:\/\/diariodelsurdigital.com.ar\/?s={search_term_string}"},"query-input":{"@type":"PropertyValueSpecification","valueRequired":true,"valueName":"search_term_string"}}],"inLanguage":"es"},{"@type":"Person","@id":"https:\/\/diariodelsurdigital.com.ar\/#\/schema\/person\/1a4992532ed62965c968031b49195c81","name":"Diario del Sur Digital","image":{"@type":"ImageObject","inLanguage":"es","@id":"https:\/\/secure.gravatar.com\/avatar\/f0c7c47fc7146d19828273b9b8eda651c9c7ab583767e6338d3d3bee825adf76?s=96&d=mm&r=g","url":"https:\/\/secure.gravatar.com\/avatar\/f0c7c47fc7146d19828273b9b8eda651c9c7ab583767e6338d3d3bee825adf76?s=96&d=mm&r=g","contentUrl":"https:\/\/secure.gravatar.com\/avatar\/f0c7c47fc7146d19828273b9b8eda651c9c7ab583767e6338d3d3bee825adf76?s=96&d=mm&r=g","caption":"Diario del Sur Digital"},"url":"https:\/\/diariodelsurdigital.com.ar\/?author=4"}]}},"_links":{"self":[{"href":"https:\/\/diariodelsurdigital.com.ar\/index.php?rest_route=\/wp\/v2\/posts\/4166","targetHints":{"allow":["GET"]}}],"collection":[{"href":"https:\/\/diariodelsurdigital.com.ar\/index.php?rest_route=\/wp\/v2\/posts"}],"about":[{"href":"https:\/\/diariodelsurdigital.com.ar\/index.php?rest_route=\/wp\/v2\/types\/post"}],"author":[{"embeddable":true,"href":"https:\/\/diariodelsurdigital.com.ar\/index.php?rest_route=\/wp\/v2\/users\/4"}],"replies":[{"embeddable":true,"href":"https:\/\/diariodelsurdigital.com.ar\/index.php?rest_route=%2Fwp%2Fv2%2Fcomments&post=4166"}],"version-history":[{"count":1,"href":"https:\/\/diariodelsurdigital.com.ar\/index.php?rest_route=\/wp\/v2\/posts\/4166\/revisions"}],"predecessor-version":[{"id":4168,"href":"https:\/\/diariodelsurdigital.com.ar\/index.php?rest_route=\/wp\/v2\/posts\/4166\/revisions\/4168"}],"wp:featuredmedia":[{"embeddable":true,"href":"https:\/\/diariodelsurdigital.com.ar\/index.php?rest_route=\/wp\/v2\/media\/4167"}],"wp:attachment":[{"href":"https:\/\/diariodelsurdigital.com.ar\/index.php?rest_route=%2Fwp%2Fv2%2Fmedia&parent=4166"}],"wp:term":[{"taxonomy":"category","embeddable":true,"href":"https:\/\/diariodelsurdigital.com.ar\/index.php?rest_route=%2Fwp%2Fv2%2Fcategories&post=4166"},{"taxonomy":"post_tag","embeddable":true,"href":"https:\/\/diariodelsurdigital.com.ar\/index.php?rest_route=%2Fwp%2Fv2%2Ftags&post=4166"}],"curies":[{"name":"wp","href":"https:\/\/api.w.org\/{rel}","templated":true}]}}