{"id":4179,"date":"2025-08-19T09:13:36","date_gmt":"2025-08-19T12:13:36","guid":{"rendered":"https:\/\/diariodelsurdigital.com.ar\/?p=4179"},"modified":"2025-08-19T09:13:37","modified_gmt":"2025-08-19T12:13:37","slug":"benegas-lynch-admitio-que-no-tiene-trato-con-frigerio-y-se-manifesto-a-favor-de-privatizar-enersa-y-salto-grande","status":"publish","type":"post","link":"https:\/\/diariodelsurdigital.com.ar\/?p=4179","title":{"rendered":"Benegas Lynch admiti\u00f3 que no tiene trato con Frigerio y se manifest\u00f3 a favor de privatizar Enersa y Salto Grande"},"content":{"rendered":"\n<p>El candidato a senador por Alianza La Libertad Avanza (ALLA) de Entre R\u00edos, Joaqu\u00edn Benegas Lynch, habl\u00f3 de las expectativas para las pr\u00f3ximas elecciones y analiz\u00f3 la actualidad econ\u00f3mica del pa\u00eds y la provincia. Se refiri\u00f3 a la posible privatizaci\u00f3n de Enersa y de Salto Grande. Sobre su v\u00ednculo con el gobernador, admiti\u00f3: \u201cNo tengo trato, tengo trato con gente cercana a Frigerio, y a partir de esta alianza tendremos una relaci\u00f3n m\u00e1s estrecha\u201d.<\/p>\n\n\n\n<p><\/p>\n\n\n\n<p>Benegas Lynch sostuvo que acept\u00f3 la candidatura \u201cpor dos motivos: primero, en octubre est\u00e1 en juego el futuro del pa\u00eds porque por primera vez en d\u00e9cadas el gobierno nacional est\u00e1 haciendo cambios profundos, de ra\u00edz, transformando a la Argentina para, de una vez por todas, hundir el pasado de decadencia, de pobrismo y de corrupci\u00f3n cuya bandera fue el kirchnerismo\u00bb.<\/p>\n\n\n\n<p>\u00abEn ese marco me involucr\u00e9, ya vengo trabajando con el Presidente y con LLA de Entre R\u00edos hace casi dos a\u00f1os y lo que me convoca a la pol\u00edtica es un deber moral; yo soy del palo del sector privado, tengo una pyme y he sufrido como todos los argentinos laburantes el estatismo\u201c.<\/p>\n\n\n\n<p>\u201cYo vengo de un legado liberal que parti\u00f3 all\u00e1 por 1942 con mi abuelo, luego esa antorcha de la libertad la tom\u00f3 mi padre y hoy lo que estamos viviendo es gran parte de toda esa batalla cultural de tantos liberales que han machacado con las ideas y hoy tenemos un milagro argentino a trav\u00e9s del Presidente Javier Milei y este gobierno, y estamos reci\u00e9n en la mitad del camino y lo importante es hacia d\u00f3nde vamos. Queremos ser una Argentina pr\u00f3spera, moderna, y eso es a trav\u00e9s de la transformaci\u00f3n liberal, que es la manera para poder hundir de una vez por todas al estatismo colectivista y populista que nos ha infectado despu\u00e9s de tantos a\u00f1os\u201d, explic\u00f3.<\/p>\n\n\n\n<p>\u201cYo he tenido siempre bastante aprensi\u00f3n a los pol\u00edticos, a la casta, y ellos son los que representan un poco a la pol\u00edtica, y yo siempre estuve en el palo del laburo, del sector privado\u201d, admiti\u00f3.<\/p>\n\n\n\n<p>En cuanto a la elecci\u00f3n, defini\u00f3 que \u201choy lo que se est\u00e1 jugando el 26 de octubre es la transformaci\u00f3n de la Argentina para poder apoyar este proyecto que est\u00e1 liderando Javier Milei y su gobierno, entonces lo que estamos votando en octubre son las candidaturas para ver qui\u00e9nes son los que van a estar sentados en el Congreso Nacional, en Diputados y en Senadores. Y si logramos entender que el cambio viene a trav\u00e9s del Poder Legislativo, del Congreso, porque somos una Rep\u00fablica, entendemos lo importante de esas candidaturas y todo lo que pasa a nivel Argentina, a nivel nacional, lo vamos a poder traer a Entre R\u00edos y hacer de esa transformaci\u00f3n, una realidad para Entre R\u00edos, pero para eso queda tiempo. Hoy lo que se dirime son las elecciones legislativas de octubre para diputados y senadores\u201d.<\/p>\n\n\n\n<p>\u201cDesembarqu\u00e9 en la pol\u00edtica hace un a\u00f1o\u201d<\/p>\n\n\n\n<p>Consultado por el di\u00e1logo con otros dirigentes, sostuvo: \u201cNosotros somos muy abiertos al di\u00e1logo y creemos que tender puentes con gente que comulgue con las ideas de la libertad y con esta transformaci\u00f3n, es clave. En esa l\u00ednea yo desembarqu\u00e9 en la pol\u00edtica hace un a\u00f1o y medio muy de costado en el sentido de la colaboraci\u00f3n\u201d.<\/p>\n\n\n\n<p>\u201cLa verdad es que no aspiraba a tener ning\u00fan cargo p\u00fablico ni a meterme en la pol\u00edtica, pero me veo con el deber moral de hacerlo, es necesario hacerlo. Y con todos los que hayan sido parte de la pol\u00edtica, o no, y que tengan ideas, sugerencias, por supuesto voy a estar sentado conversando, dialogando y tambi\u00e9n aprendiendo de aquellos que han hecho las cosas bien y han aportado su grano de arena\u201d.<\/p>\n\n\n\n<p>Sobre su relaci\u00f3n con el magnate norteamericano Douglas Tompkins, due\u00f1o de grandes extensiones de tierra en la provincia, coment\u00f3: \u201cEstuve casi 10 a\u00f1os trabajando con \u00e9l y era una persona multifac\u00e9tica, con una capacidad de trabajo y de impacto positivo fenomenal, as\u00ed que un poco lo que yo me llevo de parte de \u00e9l es eso; es el esfuerzo, el m\u00e9rito, fue una persona que todo lo que hizo lo inici\u00f3 desde cero. As\u00ed que en muchos aspectos, tengo una gran admiraci\u00f3n y en otros aspectos ten\u00edamos nuestros debates y nuestras conversaciones, pero era una persona incre\u00edblemente del laburo y del esfuerzo\u201d.<\/p>\n\n\n\n<p>Respecto de la situaci\u00f3n econ\u00f3mica y social, analiz\u00f3: \u201cVenimos del infierno y para pasar al para\u00edso tenemos que pasar por el purgatorio, estamos a mitad de camino, esto reci\u00e9n empieza. Todos los datos nos muestran cosas evidentes, como que pasamos de una inflaci\u00f3n del 300% al 15% proyectada; la pobreza disminuy\u00f3 de m\u00e1s del 50% al 31% hoy, que sigue siendo una verg\u00fcenza, pero sacamos a 12 millones de personas de la pobreza; los salarios en t\u00e9rminos reales se van corrigiendo ahora por encima de la inflaci\u00f3n\u201d.<\/p>\n\n\n\n<p>\u201c\u00bfEstamos bien?, por supuesto que no, no estamos como vamos a estar, pero estamos much\u00edsimo mejor de lo que est\u00e1bamos. Por eso digo que esto es un camino. Yo no escapo de eso, yo tengo una pyme, todo lo que tengo lo he hecho laburando, s\u00e9 lo que es sufrir las garras del Estado, de las regulaciones; el campo como motor de la econom\u00eda, como nuestra f\u00e1brica de cielo abierto, ha sido expoliado durante todos estos a\u00f1os, y lo que puedo decir es acompa\u00f1emos esta transformaci\u00f3n\u201d.<\/p>\n\n\n\n<p>\u201cEstamos a mitad de este camino, yo creo que maravilloso, soy muy muy optimista porque veo un Javier Milei y un gabinete extraordinario, con una convicci\u00f3n y un coraje para marcar ese norte como nunca hemos tenido y al mismo tiempo veo en los j\u00f3venes y en las personas tambi\u00e9n de nuestra edad, el resultado de una batalla cultural que se va, de a poco, diseminando en nuestra sociedad. Volver al m\u00e9rito, al trabajo, al esfuerzo, como \u00fanico mecanismo para poder progresar en una Argentina que tenga cada vez m\u00e1s oportunidades, porque el problema que hemos tenido es que el colectivismo estatista, populista, impregnado de izquierda lo que ha hecho nos ha hecho creer es que el estado presente pod\u00eda resolver nuestros problemas cuando el estado en realidad era el problema y no la soluci\u00f3n\u201d, sentenci\u00f3.<\/p>\n\n\n\n<p>Rutas nacionales<\/p>\n\n\n\n<p>En relaci\u00f3n con la situaci\u00f3n de las rutas nacionales de la provincia y el trabajo a realizar como senador, Benegas Lynch dijo que \u201ces un tema importante. El dato es que en Argentina hay 840.000 kil\u00f3metros de caminos, de los cuales 40.000 corresponden a la Naci\u00f3n, 200.000 a las provincias y 600.000 a los municipios, con lo cual el foco hay que ponerlo donde se debe. Esto es para todos los gobernadores, para todos los municipios de toda la Argentina\u201d.<\/p>\n\n\n\n<p>\u201cLo que digo es poner el foco donde tiene que estar. A nivel nacional bajo el marco ya no de la obra p\u00fablica de la caja de la corrupci\u00f3n como estamos acostumbrados, sino bajo un sistema p\u00fablico-privado. Ahora ya se est\u00e1n concesionando cerca de 10.000 kil\u00f3metros a nivel nacional de todas las troncales, con lo cual el foco es importante saber d\u00f3nde ponerlo\u201d.<\/p>\n\n\n\n<p>En ese marco, sobre la ca\u00edda de la coparticipaci\u00f3n a las provincias, plante\u00f3 que \u201cson las pol\u00edticas que cada uno de los gobernadores define, y yo creo que por eso hicimos la alianza con Junta por Entre R\u00edos, es que entienden que no podemos volver al pasado y que hay que hundir definitivamente al kirchnerismo. Y en las pol\u00edticas de gobierno es de esperar que estos gobernadores, en el caso de Entre R\u00edos, Rogelio Frigerio, y est\u00e1 haciendo un trabajo para esto, se alinee con la pol\u00edtica nacional que es b\u00e1sicamente reducir el gasto estatal, poner los recursos estatales en donde realmente el Estado tiene que estar con los roles y no diseminar recursos que quedan finalmente en la burocracia y en la administraci\u00f3n y no llegan o al servicio o a los docentes o a los polic\u00edas\u201d.<\/p>\n\n\n\n<p>Asimismo, ahond\u00f3: \u201cComo me dedico al campo ando absolutamente por todas las rutas provinciales, de un lado para otro, y conozco la situaci\u00f3n y hace por lo menos 15 a\u00f1os que hago lo mismo y puedo decir que este no es un problema de ahora. Entonces, a la provincia le pasa lo mismo que a la Naci\u00f3n, heredamos el infierno, heredamos la corrupci\u00f3n, heredamos la caja y cambiar eso lleva su tiempo. No podemos pedir que en un a\u00f1o y medio de gesti\u00f3n se resuelvan todos los problemas de los entrerrianos o todos los problemas de los argentinos, pero me parece que el camino definitivamente es este\u201d.<\/p>\n\n\n\n<p>\u201cNo tengo trato con Frigerio\u201d<\/p>\n\n\n\n<p>Por otra parte, admiti\u00f3 que no tiene relaci\u00f3n con el gobernador Frigerio: \u201cNo tengo trato, tengo trato con gente cercana a Frigerio, y a partir de esta alianza tendremos una relaci\u00f3n m\u00e1s estrecha\u201d.<\/p>\n\n\n\n<p>Al respecto, explic\u00f3 en declaraciones realizadas al programa \u201cA Quien Corresponda\u201d (Radio Plaza 94.7): \u201cSoy una persona del sector privado que colabor\u00f3 con La Libertad Avanza Entre R\u00edos, con la conformaci\u00f3n del partido, conformamos una mesa de conducci\u00f3n, colabor\u00e9 a nivel nacional con la Secretar\u00eda de Agroindustria, pero soy del palo privado\u201d.<\/p>\n\n\n\n<p>A la hora de puntuar la gesti\u00f3n provincial, refiri\u00f3: \u201cEl puntaje se lo tiene que dar la gente. No me gusta estar calificando porque me parece que es simplificar una situaci\u00f3n muy compleja de la Argentina y de Entre R\u00edos y de todas las provincias que vienen sufriendo lo que ya sabemos\u201d.<\/p>\n\n\n\n<p>En cuanto a los beneficios que podr\u00eda traer a la provincia el acuerdo del gobernador con LLA, sostuvo que \u201cel senador nacional, en este caso representando Entre R\u00edos, y en esta etapa en que estamos en la Argentina, igual que los candidatos a diputados, tenemos que acompa\u00f1ar el proyecto nacional, porque hay que entender que el proyecto nacional es lo que va a hacer que finalmente tambi\u00e9n impacte en Entre R\u00edos\u201d.<\/p>\n\n\n\n<p>\u201cEntonces, por supuesto que cuestiones particulares de la provincia, en todo lo que yo pueda colaborar para tender puentes y para solucionar aspectos de Entre R\u00edos, ah\u00ed me van a encontrar. Y el foco ahora es la transformaci\u00f3n de la Argentina. Ese es el objetivo principal\u201d.<\/p>\n\n\n\n<p>Reiter\u00f3 no obstante que \u201cno se pueden ver los efectos tan r\u00e1pido. Si no entendemos que este es un proyecto de transformaci\u00f3n nacional y que despu\u00e9s son los gobernadores \u2013como el caso de Frigerio en Entre R\u00edos- los que van a transformar la realidad de los entrerrianos, entonces estamos de vuelta, viendo c\u00f3mo puede hacer el gobierno nacional para poder colaborar con alguna ruta a nivel nacional. Todo lo que sean rutas nacionales es del gobierno nacional. \u00bfCu\u00e1l es el esquema y el patr\u00f3n? Sacar la caja, sacar la corrupci\u00f3n para poder ir a un esquema p\u00fablico-privado y que podamos tener rutas como la gente. En concreto es eso, y lo que le toque al gobierno provincial es responsabilidad del gobierno provincial, haciendo lo que se puede hacer con las herramientas que tenemos ahora\u201d.<\/p>\n\n\n\n<p>Privatizaciones<\/p>\n\n\n\n<p>Al comparar ese intento de inversi\u00f3n p\u00fablico privada en la Presidencia de Mauricio Macri, advirti\u00f3 que \u201cno se intent\u00f3 lo mismo. Lo que en principio era el plan Belgrano y era un aspiracional, no se tuvo justamente la convicci\u00f3n del camino, se aument\u00f3 el gasto p\u00fablico, se aument\u00f3 el d\u00e9ficit y se aument\u00f3 la deuda. Todo lo contrario, a lo que est\u00e1 haciendo este gobierno. Entonces, si nosotros entendemos que el gobierno nacional lo que est\u00e1 apuntando es a reducir el gasto estatal, bajar los impuestos, promover el sector privado y ocupar el Estado, el rol que tiene que ocupar y nada m\u00e1s, entonces vamos a empezar a ver esta transformaci\u00f3n, que ya la estamos viendo. Los n\u00fameros son los n\u00fameros, los datos son los datos, y estamos mejor, pero estamos reci\u00e9n a mitad de camino, por eso es tan importante el 26 de octubre las elecciones legislativas\u201d.<\/p>\n\n\n\n<p>Respecto del intento del gobierno nacional de privatizar cuatro represas, y consultado si estar\u00eda de acuerdo en privatizar Salto Grande, Benegas Lynch asegur\u00f3 que \u201ctodo lo que tenga que ver con promover las inversiones, apuntar a la privatizaci\u00f3n de la mayor parte de las empresas estatales y sacar al Estado del medio, yo voy a estar bregando por eso, definitivamente\u201d.<\/p>\n\n\n\n<p>Consultado por cu\u00e1l es la funci\u00f3n del Estado, afirm\u00f3: \u201cEs un interesante debate y tenemos distintas l\u00edneas, pero yo dir\u00eda que justicia y seguridad, que son las dos cosas que reci\u00e9n estamos empezando a tener, pero que no tuvimos por d\u00e9cadas, y son dos de los roles fundamentales\u201d.<\/p>\n\n\n\n<p>\u201cEn educaci\u00f3n y salud hay sistemas muy interesantes que van hacia la eficientizaci\u00f3n, de la educaci\u00f3n y la salud que ha estado vapuleada por el estatismo en las \u00faltimas d\u00e9cadas, y solamente hay que ver los resultados de nuestros alumnos en primaria, secundaria y los salarios paup\u00e9rrimos de los pobres maestros y los salarios y honorarios paup\u00e9rrimos de los m\u00e9dicos en el sistema de salud, donde la burocracia y la administraci\u00f3n terminan comi\u00e9ndose todos los recursos de los impuestos y no llega ni a servicios, ni a insumos, ni sobre todo a los m\u00e9dicos. Y esto pasa exactamente lo mismo con los maestros. Las infraestructuras son lamentables, las paredes se caen, los chicos no tienen luz\u2026 todo el sistema es el resultado del estatismo sobre la educaci\u00f3n y sobre la salud, entonces hay que buscar sistemas que refresquen, que liberen recursos y que puedan llegar en buena educaci\u00f3n a los chicos\u201d.<\/p>\n\n\n\n<p>\u201cEn el caso de la provincia, que es provincial salud y educaci\u00f3n, pasa exactamente lo mismo. Yo creo que hoy Entre R\u00edos est\u00e1 haciendo lo que puede hacer con el infierno que hered\u00f3. Entonces, ahora no podemos esperar que de repente los insumos en los hospitales p\u00fablicos florezcan, que haya eficiencia, que los m\u00e9dicos ganen lo que tienen que ganar y lo mismo con la educaci\u00f3n. Es un proceso y la diferencia de los \u00faltimos 90 a\u00f1os es que, por primera vez, tenemos a un Presidente con una convicci\u00f3n fenomenal para poder ir en camino y en direcci\u00f3n de poder erradicar toda la casta, la corrupci\u00f3n, la caja, todo lo que hemos vivido durante a\u00f1os\u201d, sentenci\u00f3.<\/p>\n\n\n\n<p>En cuanto a una posible privatizaci\u00f3n de Enersa, sostuvo que \u201cindependientemente de las restricciones que pueda haber para ese camino, definitivamente yo creo que cualquier empresa estatal deber\u00eda privatizarse; buscar los mecanismos para privatizarse. Porque el Estado es ineficiente naturalmente. Yo creo que deber\u00edamos ir siempre, con las restricciones y analizando caso por caso, deber\u00edamos ir definitivamente a la privatizaci\u00f3n\u201d.<\/p>\n\n\n\n<p>Sobre privatizaciones que no funcionaron como Aerol\u00edneas Argentinas, YPF o LAER en Entre R\u00edos, explicit\u00f3 que \u201csi no funciona por decisi\u00f3n del mercado, entonces esa empresa tiene que quebrar como le pasa a cualquiera. Cualquier almacenero que pone un almac\u00e9n y no da buenos productos o buenos precios quiebra. Es lo mismo para las compa\u00f1\u00edas\u201d.<\/p>\n\n\n\n<p>En ese marco, refiri\u00f3 que \u201clos derechos esenciales son a la vida, a la libertad y a la propiedad. Si analiz\u00e1s muchos de los casos en el mundo de los llamados servicios p\u00fablicos, te vas a dar cuenta que los mejores servicios que existen son siempre de manos de privados porque es el mercado y la gente el que est\u00e1 decidiendo qui\u00e9n lo tiene que dar a ese servicio\u201d.<\/p>\n\n\n\n<p>\u201cSi la definici\u00f3n de propiedad privada es lo tuyo, lo que sea, lo m\u00e1s chico, lo m\u00e1s poco que tengas y vos ten\u00e9s un marco institucional, un pa\u00eds como la gente donde privilegia al laburante, vos pod\u00e9s salir adelante. En cualquier rubro que se tome, de ingresos m\u00e1s bajos, el oficio que sea, pintor, carpintero, alba\u00f1il, maestro de obra\u2026 si a un alba\u00f1il alguien le paga un pasaje a alg\u00fan pa\u00eds de libre mercado y con no injerencia estatal y de impuestos bajos ese alba\u00f1il va a ganar 11 veces m\u00e1s que lo que gana la Argentina. Y no porque en el otro pa\u00eds sean m\u00e1s generosos o porque les guste regalar la plata, porque en ese pa\u00eds las tasas de capitalizaci\u00f3n son much\u00edsimo m\u00e1s altas, la inversi\u00f3n, la producci\u00f3n, la competitividad y el trabajo son m\u00e1s altos y hace que quien tome ese alba\u00f1il, est\u00e9 obligado a pagar 11 veces m\u00e1s, porque el mercado se lo obliga y no es el Estado ni con salarios m\u00ednimos ni con falsos derechos, que se dicen derechos sociales, pero no son m\u00e1s que demagogias politiqueras totalmente vac\u00edas que nos han llevado al pobrismo\u201d.<\/p>\n\n\n\n<p>\u201cEntonces esa persona, por m\u00e1s poco que tenga, lo que tenemos que tratar y es lo que nos desvelamos los liberales, es en erradicar la pobreza, erradicar la indigencia y poder hacer que la mayor parte de todos tengan la mayor cantidad de oportunidades para poder progresar. Los pa\u00edses que funcionan, donde el salario per c\u00e1pita real es m\u00e1s alto, es porque las cosas funcionan, porque hay seguridad jur\u00eddica, porque hay inversiones, hay m\u00e1s producci\u00f3n, hay m\u00e1s trabajo, hay m\u00e1s demanda, los salarios suben, y esto es as\u00ed de f\u00e1cil\u201d.<\/p>\n\n\n\n<p>\u201cPero en el medio est\u00e1 la casta y la pol\u00edtica, la casta pol\u00edtica, la casta sindical, la casta empresarial y la casta empresarial es la que est\u00e1 acostumbrada a cazar en el zool\u00f3gico haciendo lobby con los gobiernos de turno para poder crecer y los que terminan pagando los platos rotos siempre son los que menos tienen. Entonces, en pos de los que menos tienen, se llenan la boca y lo \u00fanico que hacen es generar pobrismo y esto es lo que se dirime el 26 de octubre para poder salir de eso y poder tener una Argentina con oportunidades y progreso para todos los argentinos de bien\u201d, concluy\u00f3. <\/p>\n","protected":false},"excerpt":{"rendered":"<p>El candidato a senador por Alianza La Libertad Avanza (ALLA) de Entre R\u00edos, Joaqu\u00edn Benegas Lynch, habl\u00f3 de las expectativas para las pr\u00f3ximas elecciones y analiz\u00f3 la actualidad econ\u00f3mica del pa\u00eds y la provincia. Se refiri\u00f3 a la posible privatizaci\u00f3n de Enersa y de Salto Grande. Sobre su v\u00ednculo con el gobernador, admiti\u00f3: \u201cNo tengo [&hellip;]<\/p>\n","protected":false},"author":4,"featured_media":4180,"comment_status":"open","ping_status":"open","sticky":false,"template":"","format":"standard","meta":{"footnotes":""},"categories":[22,17],"tags":[],"class_list":{"0":"post-4179","1":"post","2":"type-post","3":"status-publish","4":"format-standard","5":"has-post-thumbnail","7":"category-politica","8":"category-provinciales"},"yoast_head":"<!-- This site is optimized with the Yoast SEO plugin v27.4 - https:\/\/yoast.com\/product\/yoast-seo-wordpress\/ -->\n<title>Benegas Lynch admiti\u00f3 que no tiene trato con Frigerio y se manifest\u00f3 a favor de privatizar Enersa y Salto Grande - Diario del Sur<\/title>\n<meta name=\"robots\" content=\"index, follow, max-snippet:-1, max-image-preview:large, max-video-preview:-1\" \/>\n<link rel=\"canonical\" href=\"https:\/\/diariodelsurdigital.com.ar\/?p=4179\" \/>\n<meta property=\"og:locale\" content=\"es_ES\" \/>\n<meta property=\"og:type\" content=\"article\" \/>\n<meta property=\"og:title\" content=\"Benegas Lynch admiti\u00f3 que no tiene trato con Frigerio y se manifest\u00f3 a favor de privatizar Enersa y Salto Grande - Diario del Sur\" \/>\n<meta property=\"og:description\" content=\"El candidato a senador por Alianza La Libertad Avanza (ALLA) de Entre R\u00edos, Joaqu\u00edn Benegas Lynch, habl\u00f3 de las expectativas para las pr\u00f3ximas elecciones y analiz\u00f3 la actualidad econ\u00f3mica del pa\u00eds y la provincia. Se refiri\u00f3 a la posible privatizaci\u00f3n de Enersa y de Salto Grande. Sobre su v\u00ednculo con el gobernador, admiti\u00f3: \u201cNo tengo [&hellip;]\" \/>\n<meta property=\"og:url\" content=\"https:\/\/diariodelsurdigital.com.ar\/?p=4179\" \/>\n<meta property=\"og:site_name\" content=\"Diario del Sur\" \/>\n<meta property=\"article:published_time\" content=\"2025-08-19T12:13:36+00:00\" \/>\n<meta property=\"article:modified_time\" content=\"2025-08-19T12:13:37+00:00\" \/>\n<meta property=\"og:image\" content=\"https:\/\/diariodelsurdigital.com.ar\/wp-content\/uploads\/2025\/08\/md-2-1.webp\" \/>\n\t<meta property=\"og:image:width\" content=\"992\" \/>\n\t<meta property=\"og:image:height\" content=\"558\" \/>\n\t<meta property=\"og:image:type\" content=\"image\/webp\" \/>\n<meta name=\"author\" content=\"Diario del Sur Digital\" \/>\n<meta name=\"twitter:card\" content=\"summary_large_image\" \/>\n<meta name=\"twitter:label1\" content=\"Escrito por\" \/>\n\t<meta name=\"twitter:data1\" content=\"Diario del Sur Digital\" \/>\n\t<meta name=\"twitter:label2\" content=\"Tiempo de lectura\" \/>\n\t<meta name=\"twitter:data2\" content=\"14 minutos\" \/>\n<script type=\"application\/ld+json\" class=\"yoast-schema-graph\">{\"@context\":\"https:\\\/\\\/schema.org\",\"@graph\":[{\"@type\":\"Article\",\"@id\":\"https:\\\/\\\/diariodelsurdigital.com.ar\\\/?p=4179#article\",\"isPartOf\":{\"@id\":\"https:\\\/\\\/diariodelsurdigital.com.ar\\\/?p=4179\"},\"author\":{\"name\":\"Diario del Sur Digital\",\"@id\":\"https:\\\/\\\/diariodelsurdigital.com.ar\\\/#\\\/schema\\\/person\\\/1a4992532ed62965c968031b49195c81\"},\"headline\":\"Benegas Lynch admiti\u00f3 que no tiene trato con Frigerio y se manifest\u00f3 a favor de privatizar Enersa y Salto Grande\",\"datePublished\":\"2025-08-19T12:13:36+00:00\",\"dateModified\":\"2025-08-19T12:13:37+00:00\",\"mainEntityOfPage\":{\"@id\":\"https:\\\/\\\/diariodelsurdigital.com.ar\\\/?p=4179\"},\"wordCount\":3134,\"commentCount\":0,\"image\":{\"@id\":\"https:\\\/\\\/diariodelsurdigital.com.ar\\\/?p=4179#primaryimage\"},\"thumbnailUrl\":\"https:\\\/\\\/diariodelsurdigital.com.ar\\\/wp-content\\\/uploads\\\/2025\\\/08\\\/md-2-1.webp\",\"articleSection\":[\"Pol\u00edtica\",\"Provinciales\"],\"inLanguage\":\"es\",\"potentialAction\":[{\"@type\":\"CommentAction\",\"name\":\"Comment\",\"target\":[\"https:\\\/\\\/diariodelsurdigital.com.ar\\\/?p=4179#respond\"]}]},{\"@type\":\"WebPage\",\"@id\":\"https:\\\/\\\/diariodelsurdigital.com.ar\\\/?p=4179\",\"url\":\"https:\\\/\\\/diariodelsurdigital.com.ar\\\/?p=4179\",\"name\":\"Benegas Lynch admiti\u00f3 que no tiene trato con Frigerio y se manifest\u00f3 a favor de privatizar Enersa y Salto Grande - Diario del Sur\",\"isPartOf\":{\"@id\":\"https:\\\/\\\/diariodelsurdigital.com.ar\\\/#website\"},\"primaryImageOfPage\":{\"@id\":\"https:\\\/\\\/diariodelsurdigital.com.ar\\\/?p=4179#primaryimage\"},\"image\":{\"@id\":\"https:\\\/\\\/diariodelsurdigital.com.ar\\\/?p=4179#primaryimage\"},\"thumbnailUrl\":\"https:\\\/\\\/diariodelsurdigital.com.ar\\\/wp-content\\\/uploads\\\/2025\\\/08\\\/md-2-1.webp\",\"datePublished\":\"2025-08-19T12:13:36+00:00\",\"dateModified\":\"2025-08-19T12:13:37+00:00\",\"author\":{\"@id\":\"https:\\\/\\\/diariodelsurdigital.com.ar\\\/#\\\/schema\\\/person\\\/1a4992532ed62965c968031b49195c81\"},\"breadcrumb\":{\"@id\":\"https:\\\/\\\/diariodelsurdigital.com.ar\\\/?p=4179#breadcrumb\"},\"inLanguage\":\"es\",\"potentialAction\":[{\"@type\":\"ReadAction\",\"target\":[\"https:\\\/\\\/diariodelsurdigital.com.ar\\\/?p=4179\"]}]},{\"@type\":\"ImageObject\",\"inLanguage\":\"es\",\"@id\":\"https:\\\/\\\/diariodelsurdigital.com.ar\\\/?p=4179#primaryimage\",\"url\":\"https:\\\/\\\/diariodelsurdigital.com.ar\\\/wp-content\\\/uploads\\\/2025\\\/08\\\/md-2-1.webp\",\"contentUrl\":\"https:\\\/\\\/diariodelsurdigital.com.ar\\\/wp-content\\\/uploads\\\/2025\\\/08\\\/md-2-1.webp\",\"width\":992,\"height\":558},{\"@type\":\"BreadcrumbList\",\"@id\":\"https:\\\/\\\/diariodelsurdigital.com.ar\\\/?p=4179#breadcrumb\",\"itemListElement\":[{\"@type\":\"ListItem\",\"position\":1,\"name\":\"Portada\",\"item\":\"https:\\\/\\\/diariodelsurdigital.com.ar\\\/\"},{\"@type\":\"ListItem\",\"position\":2,\"name\":\"Benegas Lynch admiti\u00f3 que no tiene trato con Frigerio y se manifest\u00f3 a favor de privatizar Enersa y Salto Grande\"}]},{\"@type\":\"WebSite\",\"@id\":\"https:\\\/\\\/diariodelsurdigital.com.ar\\\/#website\",\"url\":\"https:\\\/\\\/diariodelsurdigital.com.ar\\\/\",\"name\":\"Diario del Sur\",\"description\":\"Digital\",\"potentialAction\":[{\"@type\":\"SearchAction\",\"target\":{\"@type\":\"EntryPoint\",\"urlTemplate\":\"https:\\\/\\\/diariodelsurdigital.com.ar\\\/?s={search_term_string}\"},\"query-input\":{\"@type\":\"PropertyValueSpecification\",\"valueRequired\":true,\"valueName\":\"search_term_string\"}}],\"inLanguage\":\"es\"},{\"@type\":\"Person\",\"@id\":\"https:\\\/\\\/diariodelsurdigital.com.ar\\\/#\\\/schema\\\/person\\\/1a4992532ed62965c968031b49195c81\",\"name\":\"Diario del Sur Digital\",\"image\":{\"@type\":\"ImageObject\",\"inLanguage\":\"es\",\"@id\":\"https:\\\/\\\/secure.gravatar.com\\\/avatar\\\/f0c7c47fc7146d19828273b9b8eda651c9c7ab583767e6338d3d3bee825adf76?s=96&d=mm&r=g\",\"url\":\"https:\\\/\\\/secure.gravatar.com\\\/avatar\\\/f0c7c47fc7146d19828273b9b8eda651c9c7ab583767e6338d3d3bee825adf76?s=96&d=mm&r=g\",\"contentUrl\":\"https:\\\/\\\/secure.gravatar.com\\\/avatar\\\/f0c7c47fc7146d19828273b9b8eda651c9c7ab583767e6338d3d3bee825adf76?s=96&d=mm&r=g\",\"caption\":\"Diario del Sur Digital\"},\"url\":\"https:\\\/\\\/diariodelsurdigital.com.ar\\\/?author=4\"}]}<\/script>\n<!-- \/ Yoast SEO plugin. -->","yoast_head_json":{"title":"Benegas Lynch admiti\u00f3 que no tiene trato con Frigerio y se manifest\u00f3 a favor de privatizar Enersa y Salto Grande - Diario del Sur","robots":{"index":"index","follow":"follow","max-snippet":"max-snippet:-1","max-image-preview":"max-image-preview:large","max-video-preview":"max-video-preview:-1"},"canonical":"https:\/\/diariodelsurdigital.com.ar\/?p=4179","og_locale":"es_ES","og_type":"article","og_title":"Benegas Lynch admiti\u00f3 que no tiene trato con Frigerio y se manifest\u00f3 a favor de privatizar Enersa y Salto Grande - Diario del Sur","og_description":"El candidato a senador por Alianza La Libertad Avanza (ALLA) de Entre R\u00edos, Joaqu\u00edn Benegas Lynch, habl\u00f3 de las expectativas para las pr\u00f3ximas elecciones y analiz\u00f3 la actualidad econ\u00f3mica del pa\u00eds y la provincia. Se refiri\u00f3 a la posible privatizaci\u00f3n de Enersa y de Salto Grande. Sobre su v\u00ednculo con el gobernador, admiti\u00f3: \u201cNo tengo [&hellip;]","og_url":"https:\/\/diariodelsurdigital.com.ar\/?p=4179","og_site_name":"Diario del Sur","article_published_time":"2025-08-19T12:13:36+00:00","article_modified_time":"2025-08-19T12:13:37+00:00","og_image":[{"width":992,"height":558,"url":"https:\/\/diariodelsurdigital.com.ar\/wp-content\/uploads\/2025\/08\/md-2-1.webp","type":"image\/webp"}],"author":"Diario del Sur Digital","twitter_card":"summary_large_image","twitter_misc":{"Escrito por":"Diario del Sur Digital","Tiempo de lectura":"14 minutos"},"schema":{"@context":"https:\/\/schema.org","@graph":[{"@type":"Article","@id":"https:\/\/diariodelsurdigital.com.ar\/?p=4179#article","isPartOf":{"@id":"https:\/\/diariodelsurdigital.com.ar\/?p=4179"},"author":{"name":"Diario del Sur Digital","@id":"https:\/\/diariodelsurdigital.com.ar\/#\/schema\/person\/1a4992532ed62965c968031b49195c81"},"headline":"Benegas Lynch admiti\u00f3 que no tiene trato con Frigerio y se manifest\u00f3 a favor de privatizar Enersa y Salto Grande","datePublished":"2025-08-19T12:13:36+00:00","dateModified":"2025-08-19T12:13:37+00:00","mainEntityOfPage":{"@id":"https:\/\/diariodelsurdigital.com.ar\/?p=4179"},"wordCount":3134,"commentCount":0,"image":{"@id":"https:\/\/diariodelsurdigital.com.ar\/?p=4179#primaryimage"},"thumbnailUrl":"https:\/\/diariodelsurdigital.com.ar\/wp-content\/uploads\/2025\/08\/md-2-1.webp","articleSection":["Pol\u00edtica","Provinciales"],"inLanguage":"es","potentialAction":[{"@type":"CommentAction","name":"Comment","target":["https:\/\/diariodelsurdigital.com.ar\/?p=4179#respond"]}]},{"@type":"WebPage","@id":"https:\/\/diariodelsurdigital.com.ar\/?p=4179","url":"https:\/\/diariodelsurdigital.com.ar\/?p=4179","name":"Benegas Lynch admiti\u00f3 que no tiene trato con Frigerio y se manifest\u00f3 a favor de privatizar Enersa y Salto Grande - Diario del Sur","isPartOf":{"@id":"https:\/\/diariodelsurdigital.com.ar\/#website"},"primaryImageOfPage":{"@id":"https:\/\/diariodelsurdigital.com.ar\/?p=4179#primaryimage"},"image":{"@id":"https:\/\/diariodelsurdigital.com.ar\/?p=4179#primaryimage"},"thumbnailUrl":"https:\/\/diariodelsurdigital.com.ar\/wp-content\/uploads\/2025\/08\/md-2-1.webp","datePublished":"2025-08-19T12:13:36+00:00","dateModified":"2025-08-19T12:13:37+00:00","author":{"@id":"https:\/\/diariodelsurdigital.com.ar\/#\/schema\/person\/1a4992532ed62965c968031b49195c81"},"breadcrumb":{"@id":"https:\/\/diariodelsurdigital.com.ar\/?p=4179#breadcrumb"},"inLanguage":"es","potentialAction":[{"@type":"ReadAction","target":["https:\/\/diariodelsurdigital.com.ar\/?p=4179"]}]},{"@type":"ImageObject","inLanguage":"es","@id":"https:\/\/diariodelsurdigital.com.ar\/?p=4179#primaryimage","url":"https:\/\/diariodelsurdigital.com.ar\/wp-content\/uploads\/2025\/08\/md-2-1.webp","contentUrl":"https:\/\/diariodelsurdigital.com.ar\/wp-content\/uploads\/2025\/08\/md-2-1.webp","width":992,"height":558},{"@type":"BreadcrumbList","@id":"https:\/\/diariodelsurdigital.com.ar\/?p=4179#breadcrumb","itemListElement":[{"@type":"ListItem","position":1,"name":"Portada","item":"https:\/\/diariodelsurdigital.com.ar\/"},{"@type":"ListItem","position":2,"name":"Benegas Lynch admiti\u00f3 que no tiene trato con Frigerio y se manifest\u00f3 a favor de privatizar Enersa y Salto Grande"}]},{"@type":"WebSite","@id":"https:\/\/diariodelsurdigital.com.ar\/#website","url":"https:\/\/diariodelsurdigital.com.ar\/","name":"Diario del Sur","description":"Digital","potentialAction":[{"@type":"SearchAction","target":{"@type":"EntryPoint","urlTemplate":"https:\/\/diariodelsurdigital.com.ar\/?s={search_term_string}"},"query-input":{"@type":"PropertyValueSpecification","valueRequired":true,"valueName":"search_term_string"}}],"inLanguage":"es"},{"@type":"Person","@id":"https:\/\/diariodelsurdigital.com.ar\/#\/schema\/person\/1a4992532ed62965c968031b49195c81","name":"Diario del Sur Digital","image":{"@type":"ImageObject","inLanguage":"es","@id":"https:\/\/secure.gravatar.com\/avatar\/f0c7c47fc7146d19828273b9b8eda651c9c7ab583767e6338d3d3bee825adf76?s=96&d=mm&r=g","url":"https:\/\/secure.gravatar.com\/avatar\/f0c7c47fc7146d19828273b9b8eda651c9c7ab583767e6338d3d3bee825adf76?s=96&d=mm&r=g","contentUrl":"https:\/\/secure.gravatar.com\/avatar\/f0c7c47fc7146d19828273b9b8eda651c9c7ab583767e6338d3d3bee825adf76?s=96&d=mm&r=g","caption":"Diario del Sur Digital"},"url":"https:\/\/diariodelsurdigital.com.ar\/?author=4"}]}},"_links":{"self":[{"href":"https:\/\/diariodelsurdigital.com.ar\/index.php?rest_route=\/wp\/v2\/posts\/4179","targetHints":{"allow":["GET"]}}],"collection":[{"href":"https:\/\/diariodelsurdigital.com.ar\/index.php?rest_route=\/wp\/v2\/posts"}],"about":[{"href":"https:\/\/diariodelsurdigital.com.ar\/index.php?rest_route=\/wp\/v2\/types\/post"}],"author":[{"embeddable":true,"href":"https:\/\/diariodelsurdigital.com.ar\/index.php?rest_route=\/wp\/v2\/users\/4"}],"replies":[{"embeddable":true,"href":"https:\/\/diariodelsurdigital.com.ar\/index.php?rest_route=%2Fwp%2Fv2%2Fcomments&post=4179"}],"version-history":[{"count":1,"href":"https:\/\/diariodelsurdigital.com.ar\/index.php?rest_route=\/wp\/v2\/posts\/4179\/revisions"}],"predecessor-version":[{"id":4181,"href":"https:\/\/diariodelsurdigital.com.ar\/index.php?rest_route=\/wp\/v2\/posts\/4179\/revisions\/4181"}],"wp:featuredmedia":[{"embeddable":true,"href":"https:\/\/diariodelsurdigital.com.ar\/index.php?rest_route=\/wp\/v2\/media\/4180"}],"wp:attachment":[{"href":"https:\/\/diariodelsurdigital.com.ar\/index.php?rest_route=%2Fwp%2Fv2%2Fmedia&parent=4179"}],"wp:term":[{"taxonomy":"category","embeddable":true,"href":"https:\/\/diariodelsurdigital.com.ar\/index.php?rest_route=%2Fwp%2Fv2%2Fcategories&post=4179"},{"taxonomy":"post_tag","embeddable":true,"href":"https:\/\/diariodelsurdigital.com.ar\/index.php?rest_route=%2Fwp%2Fv2%2Ftags&post=4179"}],"curies":[{"name":"wp","href":"https:\/\/api.w.org\/{rel}","templated":true}]}}