{"id":4185,"date":"2025-08-19T15:20:54","date_gmt":"2025-08-19T18:20:54","guid":{"rendered":"https:\/\/diariodelsurdigital.com.ar\/?p=4185"},"modified":"2025-08-19T15:20:55","modified_gmt":"2025-08-19T18:20:55","slug":"carolina-gaillard-llamo-a-enfrentar-el-ajuste-y-reafirmo-su-pertenencia-al-pj","status":"publish","type":"post","link":"https:\/\/diariodelsurdigital.com.ar\/?p=4185","title":{"rendered":"Carolina Gaillard llam\u00f3 a enfrentar el ajuste y reafirm\u00f3 su pertenencia al PJ"},"content":{"rendered":"\n<p><a href=\"https:\/\/www.instagram.com\/reel\/DNifkCeucOI\/?igsh=MTB0cW0zMnU4NmNlbw%3D%3D\">https:\/\/www.instagram.com\/reel\/DNifkCeucOI\/?igsh=MTB0cW0zMnU4NmNlbw%3D%3D<\/a><\/p>\n\n\n\n<p>La diputada nacional y candidata a senadora por Ahora la Patria, Carolina Gaillard, sostuvo que lo que debe preocupar a la dirigencia entrerriana es c\u00f3mo enfrentar el modelo de ajuste que llevan adelante Milei y Frigerio. Plante\u00f3 que la tarea es estar a la altura y construir una fuerza que defienda a trabajadores, jubilados y a la juventud. Asimismo, reafirm\u00f3 su pertenencia al Partido Justicialista y destac\u00f3 que su conducci\u00f3n pol\u00edtica sigue la l\u00ednea de la presidenta del PJ nacional.<\/p>\n\n\n\n<p>\u201cEn vez de poner el esfuerzo en frenar el ajuste y en defender a nuestro pueblo del avance de Milei y Frigerio, algunos prefieren detenerse en lo que hace o deja de hacer una militante del campo popular. Yo tengo claro que el adversario no est\u00e1 en nuestras filas, sino en quienes hoy gobiernan y ajustan a los trabajadores, a los jubilados y a la juventud\u201d, afirm\u00f3.<\/p>\n\n\n\n<p>Gaillard agreg\u00f3 que siempre respondi\u00f3 a las responsabilidades que le tocaron con trabajo y compromiso. Reafirm\u00f3 su pertenencia al Partido Justicialista y se\u00f1al\u00f3 que su conducci\u00f3n pol\u00edtica es la de la presidenta del PJ nacional. \u201cLo que define mi camino es la militancia, las convicciones y el compromiso con la causa de nuestro pueblo\u201d, concluy\u00f3.<\/p>\n\n\n\n<p><\/p>\n","protected":false},"excerpt":{"rendered":"<p>https:\/\/www.instagram.com\/reel\/DNifkCeucOI\/?igsh=MTB0cW0zMnU4NmNlbw%3D%3D La diputada nacional y candidata a senadora por Ahora la Patria, Carolina Gaillard, sostuvo que lo que debe preocupar a la dirigencia entrerriana es c\u00f3mo enfrentar el modelo de ajuste que llevan adelante Milei y Frigerio. Plante\u00f3 que la tarea es estar a la altura y construir una fuerza que defienda a trabajadores, jubilados [&hellip;]<\/p>\n","protected":false},"author":2,"featured_media":4186,"comment_status":"open","ping_status":"open","sticky":false,"template":"","format":"standard","meta":{"footnotes":""},"categories":[17],"tags":[],"class_list":{"0":"post-4185","1":"post","2":"type-post","3":"status-publish","4":"format-standard","5":"has-post-thumbnail","7":"category-provinciales"},"yoast_head":"<!-- This site is optimized with the Yoast SEO plugin v27.4 - https:\/\/yoast.com\/product\/yoast-seo-wordpress\/ -->\n<title>Carolina Gaillard llam\u00f3 a enfrentar el ajuste y reafirm\u00f3 su pertenencia al PJ - Diario del Sur<\/title>\n<meta name=\"robots\" content=\"index, follow, max-snippet:-1, max-image-preview:large, max-video-preview:-1\" \/>\n<link rel=\"canonical\" href=\"https:\/\/diariodelsurdigital.com.ar\/?p=4185\" \/>\n<meta property=\"og:locale\" content=\"es_ES\" \/>\n<meta property=\"og:type\" content=\"article\" \/>\n<meta property=\"og:title\" content=\"Carolina Gaillard llam\u00f3 a enfrentar el ajuste y reafirm\u00f3 su pertenencia al PJ - Diario del Sur\" \/>\n<meta property=\"og:description\" content=\"https:\/\/www.instagram.com\/reel\/DNifkCeucOI\/?igsh=MTB0cW0zMnU4NmNlbw%3D%3D La diputada nacional y candidata a senadora por Ahora la Patria, Carolina Gaillard, sostuvo que lo que debe preocupar a la dirigencia entrerriana es c\u00f3mo enfrentar el modelo de ajuste que llevan adelante Milei y Frigerio. Plante\u00f3 que la tarea es estar a la altura y construir una fuerza que defienda a trabajadores, jubilados [&hellip;]\" \/>\n<meta property=\"og:url\" content=\"https:\/\/diariodelsurdigital.com.ar\/?p=4185\" \/>\n<meta property=\"og:site_name\" content=\"Diario del Sur\" \/>\n<meta property=\"article:published_time\" content=\"2025-08-19T18:20:54+00:00\" \/>\n<meta property=\"article:modified_time\" content=\"2025-08-19T18:20:55+00:00\" \/>\n<meta property=\"og:image\" content=\"https:\/\/diariodelsurdigital.com.ar\/wp-content\/uploads\/2025\/08\/Imagen-de-WhatsApp-2025-08-17-a-las-21.58.03_1c10151a.jpg\" \/>\n\t<meta property=\"og:image:width\" content=\"437\" \/>\n\t<meta property=\"og:image:height\" content=\"277\" \/>\n\t<meta property=\"og:image:type\" content=\"image\/jpeg\" \/>\n<meta name=\"author\" content=\"Diario del Sur Digital\" \/>\n<meta name=\"twitter:card\" content=\"summary_large_image\" \/>\n<meta name=\"twitter:label1\" content=\"Escrito por\" \/>\n\t<meta name=\"twitter:data1\" content=\"Diario del Sur Digital\" \/>\n\t<meta name=\"twitter:label2\" content=\"Tiempo de lectura\" \/>\n\t<meta name=\"twitter:data2\" content=\"2 minutos\" \/>\n<script type=\"application\/ld+json\" class=\"yoast-schema-graph\">{\"@context\":\"https:\\\/\\\/schema.org\",\"@graph\":[{\"@type\":\"Article\",\"@id\":\"https:\\\/\\\/diariodelsurdigital.com.ar\\\/?p=4185#article\",\"isPartOf\":{\"@id\":\"https:\\\/\\\/diariodelsurdigital.com.ar\\\/?p=4185\"},\"author\":{\"name\":\"Diario del Sur Digital\",\"@id\":\"https:\\\/\\\/diariodelsurdigital.com.ar\\\/#\\\/schema\\\/person\\\/6136a32571657f7dba980b88b04c5465\"},\"headline\":\"Carolina Gaillard llam\u00f3 a enfrentar el ajuste y reafirm\u00f3 su pertenencia al PJ\",\"datePublished\":\"2025-08-19T18:20:54+00:00\",\"dateModified\":\"2025-08-19T18:20:55+00:00\",\"mainEntityOfPage\":{\"@id\":\"https:\\\/\\\/diariodelsurdigital.com.ar\\\/?p=4185\"},\"wordCount\":235,\"commentCount\":1,\"image\":{\"@id\":\"https:\\\/\\\/diariodelsurdigital.com.ar\\\/?p=4185#primaryimage\"},\"thumbnailUrl\":\"https:\\\/\\\/diariodelsurdigital.com.ar\\\/wp-content\\\/uploads\\\/2025\\\/08\\\/Imagen-de-WhatsApp-2025-08-17-a-las-21.58.03_1c10151a.jpg\",\"articleSection\":[\"Provinciales\"],\"inLanguage\":\"es\",\"potentialAction\":[{\"@type\":\"CommentAction\",\"name\":\"Comment\",\"target\":[\"https:\\\/\\\/diariodelsurdigital.com.ar\\\/?p=4185#respond\"]}]},{\"@type\":\"WebPage\",\"@id\":\"https:\\\/\\\/diariodelsurdigital.com.ar\\\/?p=4185\",\"url\":\"https:\\\/\\\/diariodelsurdigital.com.ar\\\/?p=4185\",\"name\":\"Carolina Gaillard llam\u00f3 a enfrentar el ajuste y reafirm\u00f3 su pertenencia al PJ - Diario del Sur\",\"isPartOf\":{\"@id\":\"https:\\\/\\\/diariodelsurdigital.com.ar\\\/#website\"},\"primaryImageOfPage\":{\"@id\":\"https:\\\/\\\/diariodelsurdigital.com.ar\\\/?p=4185#primaryimage\"},\"image\":{\"@id\":\"https:\\\/\\\/diariodelsurdigital.com.ar\\\/?p=4185#primaryimage\"},\"thumbnailUrl\":\"https:\\\/\\\/diariodelsurdigital.com.ar\\\/wp-content\\\/uploads\\\/2025\\\/08\\\/Imagen-de-WhatsApp-2025-08-17-a-las-21.58.03_1c10151a.jpg\",\"datePublished\":\"2025-08-19T18:20:54+00:00\",\"dateModified\":\"2025-08-19T18:20:55+00:00\",\"author\":{\"@id\":\"https:\\\/\\\/diariodelsurdigital.com.ar\\\/#\\\/schema\\\/person\\\/6136a32571657f7dba980b88b04c5465\"},\"breadcrumb\":{\"@id\":\"https:\\\/\\\/diariodelsurdigital.com.ar\\\/?p=4185#breadcrumb\"},\"inLanguage\":\"es\",\"potentialAction\":[{\"@type\":\"ReadAction\",\"target\":[\"https:\\\/\\\/diariodelsurdigital.com.ar\\\/?p=4185\"]}]},{\"@type\":\"ImageObject\",\"inLanguage\":\"es\",\"@id\":\"https:\\\/\\\/diariodelsurdigital.com.ar\\\/?p=4185#primaryimage\",\"url\":\"https:\\\/\\\/diariodelsurdigital.com.ar\\\/wp-content\\\/uploads\\\/2025\\\/08\\\/Imagen-de-WhatsApp-2025-08-17-a-las-21.58.03_1c10151a.jpg\",\"contentUrl\":\"https:\\\/\\\/diariodelsurdigital.com.ar\\\/wp-content\\\/uploads\\\/2025\\\/08\\\/Imagen-de-WhatsApp-2025-08-17-a-las-21.58.03_1c10151a.jpg\",\"width\":437,\"height\":277},{\"@type\":\"BreadcrumbList\",\"@id\":\"https:\\\/\\\/diariodelsurdigital.com.ar\\\/?p=4185#breadcrumb\",\"itemListElement\":[{\"@type\":\"ListItem\",\"position\":1,\"name\":\"Portada\",\"item\":\"https:\\\/\\\/diariodelsurdigital.com.ar\\\/\"},{\"@type\":\"ListItem\",\"position\":2,\"name\":\"Carolina Gaillard llam\u00f3 a enfrentar el ajuste y reafirm\u00f3 su pertenencia al PJ\"}]},{\"@type\":\"WebSite\",\"@id\":\"https:\\\/\\\/diariodelsurdigital.com.ar\\\/#website\",\"url\":\"https:\\\/\\\/diariodelsurdigital.com.ar\\\/\",\"name\":\"Diario del Sur\",\"description\":\"Digital\",\"potentialAction\":[{\"@type\":\"SearchAction\",\"target\":{\"@type\":\"EntryPoint\",\"urlTemplate\":\"https:\\\/\\\/diariodelsurdigital.com.ar\\\/?s={search_term_string}\"},\"query-input\":{\"@type\":\"PropertyValueSpecification\",\"valueRequired\":true,\"valueName\":\"search_term_string\"}}],\"inLanguage\":\"es\"},{\"@type\":\"Person\",\"@id\":\"https:\\\/\\\/diariodelsurdigital.com.ar\\\/#\\\/schema\\\/person\\\/6136a32571657f7dba980b88b04c5465\",\"name\":\"Diario del Sur Digital\",\"image\":{\"@type\":\"ImageObject\",\"inLanguage\":\"es\",\"@id\":\"https:\\\/\\\/secure.gravatar.com\\\/avatar\\\/4c29ceac98541dd42460b2474aaa5dd37594d6ce6cb3cf2c101d09b48ee287ba?s=96&d=mm&r=g\",\"url\":\"https:\\\/\\\/secure.gravatar.com\\\/avatar\\\/4c29ceac98541dd42460b2474aaa5dd37594d6ce6cb3cf2c101d09b48ee287ba?s=96&d=mm&r=g\",\"contentUrl\":\"https:\\\/\\\/secure.gravatar.com\\\/avatar\\\/4c29ceac98541dd42460b2474aaa5dd37594d6ce6cb3cf2c101d09b48ee287ba?s=96&d=mm&r=g\",\"caption\":\"Diario del Sur Digital\"},\"url\":\"https:\\\/\\\/diariodelsurdigital.com.ar\\\/?author=2\"}]}<\/script>\n<!-- \/ Yoast SEO plugin. -->","yoast_head_json":{"title":"Carolina Gaillard llam\u00f3 a enfrentar el ajuste y reafirm\u00f3 su pertenencia al PJ - Diario del Sur","robots":{"index":"index","follow":"follow","max-snippet":"max-snippet:-1","max-image-preview":"max-image-preview:large","max-video-preview":"max-video-preview:-1"},"canonical":"https:\/\/diariodelsurdigital.com.ar\/?p=4185","og_locale":"es_ES","og_type":"article","og_title":"Carolina Gaillard llam\u00f3 a enfrentar el ajuste y reafirm\u00f3 su pertenencia al PJ - Diario del Sur","og_description":"https:\/\/www.instagram.com\/reel\/DNifkCeucOI\/?igsh=MTB0cW0zMnU4NmNlbw%3D%3D La diputada nacional y candidata a senadora por Ahora la Patria, Carolina Gaillard, sostuvo que lo que debe preocupar a la dirigencia entrerriana es c\u00f3mo enfrentar el modelo de ajuste que llevan adelante Milei y Frigerio. Plante\u00f3 que la tarea es estar a la altura y construir una fuerza que defienda a trabajadores, jubilados [&hellip;]","og_url":"https:\/\/diariodelsurdigital.com.ar\/?p=4185","og_site_name":"Diario del Sur","article_published_time":"2025-08-19T18:20:54+00:00","article_modified_time":"2025-08-19T18:20:55+00:00","og_image":[{"width":437,"height":277,"url":"https:\/\/diariodelsurdigital.com.ar\/wp-content\/uploads\/2025\/08\/Imagen-de-WhatsApp-2025-08-17-a-las-21.58.03_1c10151a.jpg","type":"image\/jpeg"}],"author":"Diario del Sur Digital","twitter_card":"summary_large_image","twitter_misc":{"Escrito por":"Diario del Sur Digital","Tiempo de lectura":"2 minutos"},"schema":{"@context":"https:\/\/schema.org","@graph":[{"@type":"Article","@id":"https:\/\/diariodelsurdigital.com.ar\/?p=4185#article","isPartOf":{"@id":"https:\/\/diariodelsurdigital.com.ar\/?p=4185"},"author":{"name":"Diario del Sur Digital","@id":"https:\/\/diariodelsurdigital.com.ar\/#\/schema\/person\/6136a32571657f7dba980b88b04c5465"},"headline":"Carolina Gaillard llam\u00f3 a enfrentar el ajuste y reafirm\u00f3 su pertenencia al PJ","datePublished":"2025-08-19T18:20:54+00:00","dateModified":"2025-08-19T18:20:55+00:00","mainEntityOfPage":{"@id":"https:\/\/diariodelsurdigital.com.ar\/?p=4185"},"wordCount":235,"commentCount":1,"image":{"@id":"https:\/\/diariodelsurdigital.com.ar\/?p=4185#primaryimage"},"thumbnailUrl":"https:\/\/diariodelsurdigital.com.ar\/wp-content\/uploads\/2025\/08\/Imagen-de-WhatsApp-2025-08-17-a-las-21.58.03_1c10151a.jpg","articleSection":["Provinciales"],"inLanguage":"es","potentialAction":[{"@type":"CommentAction","name":"Comment","target":["https:\/\/diariodelsurdigital.com.ar\/?p=4185#respond"]}]},{"@type":"WebPage","@id":"https:\/\/diariodelsurdigital.com.ar\/?p=4185","url":"https:\/\/diariodelsurdigital.com.ar\/?p=4185","name":"Carolina Gaillard llam\u00f3 a enfrentar el ajuste y reafirm\u00f3 su pertenencia al PJ - Diario del Sur","isPartOf":{"@id":"https:\/\/diariodelsurdigital.com.ar\/#website"},"primaryImageOfPage":{"@id":"https:\/\/diariodelsurdigital.com.ar\/?p=4185#primaryimage"},"image":{"@id":"https:\/\/diariodelsurdigital.com.ar\/?p=4185#primaryimage"},"thumbnailUrl":"https:\/\/diariodelsurdigital.com.ar\/wp-content\/uploads\/2025\/08\/Imagen-de-WhatsApp-2025-08-17-a-las-21.58.03_1c10151a.jpg","datePublished":"2025-08-19T18:20:54+00:00","dateModified":"2025-08-19T18:20:55+00:00","author":{"@id":"https:\/\/diariodelsurdigital.com.ar\/#\/schema\/person\/6136a32571657f7dba980b88b04c5465"},"breadcrumb":{"@id":"https:\/\/diariodelsurdigital.com.ar\/?p=4185#breadcrumb"},"inLanguage":"es","potentialAction":[{"@type":"ReadAction","target":["https:\/\/diariodelsurdigital.com.ar\/?p=4185"]}]},{"@type":"ImageObject","inLanguage":"es","@id":"https:\/\/diariodelsurdigital.com.ar\/?p=4185#primaryimage","url":"https:\/\/diariodelsurdigital.com.ar\/wp-content\/uploads\/2025\/08\/Imagen-de-WhatsApp-2025-08-17-a-las-21.58.03_1c10151a.jpg","contentUrl":"https:\/\/diariodelsurdigital.com.ar\/wp-content\/uploads\/2025\/08\/Imagen-de-WhatsApp-2025-08-17-a-las-21.58.03_1c10151a.jpg","width":437,"height":277},{"@type":"BreadcrumbList","@id":"https:\/\/diariodelsurdigital.com.ar\/?p=4185#breadcrumb","itemListElement":[{"@type":"ListItem","position":1,"name":"Portada","item":"https:\/\/diariodelsurdigital.com.ar\/"},{"@type":"ListItem","position":2,"name":"Carolina Gaillard llam\u00f3 a enfrentar el ajuste y reafirm\u00f3 su pertenencia al PJ"}]},{"@type":"WebSite","@id":"https:\/\/diariodelsurdigital.com.ar\/#website","url":"https:\/\/diariodelsurdigital.com.ar\/","name":"Diario del Sur","description":"Digital","potentialAction":[{"@type":"SearchAction","target":{"@type":"EntryPoint","urlTemplate":"https:\/\/diariodelsurdigital.com.ar\/?s={search_term_string}"},"query-input":{"@type":"PropertyValueSpecification","valueRequired":true,"valueName":"search_term_string"}}],"inLanguage":"es"},{"@type":"Person","@id":"https:\/\/diariodelsurdigital.com.ar\/#\/schema\/person\/6136a32571657f7dba980b88b04c5465","name":"Diario del Sur Digital","image":{"@type":"ImageObject","inLanguage":"es","@id":"https:\/\/secure.gravatar.com\/avatar\/4c29ceac98541dd42460b2474aaa5dd37594d6ce6cb3cf2c101d09b48ee287ba?s=96&d=mm&r=g","url":"https:\/\/secure.gravatar.com\/avatar\/4c29ceac98541dd42460b2474aaa5dd37594d6ce6cb3cf2c101d09b48ee287ba?s=96&d=mm&r=g","contentUrl":"https:\/\/secure.gravatar.com\/avatar\/4c29ceac98541dd42460b2474aaa5dd37594d6ce6cb3cf2c101d09b48ee287ba?s=96&d=mm&r=g","caption":"Diario del Sur Digital"},"url":"https:\/\/diariodelsurdigital.com.ar\/?author=2"}]}},"_links":{"self":[{"href":"https:\/\/diariodelsurdigital.com.ar\/index.php?rest_route=\/wp\/v2\/posts\/4185","targetHints":{"allow":["GET"]}}],"collection":[{"href":"https:\/\/diariodelsurdigital.com.ar\/index.php?rest_route=\/wp\/v2\/posts"}],"about":[{"href":"https:\/\/diariodelsurdigital.com.ar\/index.php?rest_route=\/wp\/v2\/types\/post"}],"author":[{"embeddable":true,"href":"https:\/\/diariodelsurdigital.com.ar\/index.php?rest_route=\/wp\/v2\/users\/2"}],"replies":[{"embeddable":true,"href":"https:\/\/diariodelsurdigital.com.ar\/index.php?rest_route=%2Fwp%2Fv2%2Fcomments&post=4185"}],"version-history":[{"count":1,"href":"https:\/\/diariodelsurdigital.com.ar\/index.php?rest_route=\/wp\/v2\/posts\/4185\/revisions"}],"predecessor-version":[{"id":4187,"href":"https:\/\/diariodelsurdigital.com.ar\/index.php?rest_route=\/wp\/v2\/posts\/4185\/revisions\/4187"}],"wp:featuredmedia":[{"embeddable":true,"href":"https:\/\/diariodelsurdigital.com.ar\/index.php?rest_route=\/wp\/v2\/media\/4186"}],"wp:attachment":[{"href":"https:\/\/diariodelsurdigital.com.ar\/index.php?rest_route=%2Fwp%2Fv2%2Fmedia&parent=4185"}],"wp:term":[{"taxonomy":"category","embeddable":true,"href":"https:\/\/diariodelsurdigital.com.ar\/index.php?rest_route=%2Fwp%2Fv2%2Fcategories&post=4185"},{"taxonomy":"post_tag","embeddable":true,"href":"https:\/\/diariodelsurdigital.com.ar\/index.php?rest_route=%2Fwp%2Fv2%2Ftags&post=4185"}],"curies":[{"name":"wp","href":"https:\/\/api.w.org\/{rel}","templated":true}]}}