{"id":4188,"date":"2025-08-19T18:58:26","date_gmt":"2025-08-19T21:58:26","guid":{"rendered":"https:\/\/diariodelsurdigital.com.ar\/?p=4188"},"modified":"2025-08-19T19:44:10","modified_gmt":"2025-08-19T22:44:10","slug":"cambalache","status":"publish","type":"post","link":"https:\/\/diariodelsurdigital.com.ar\/?p=4188","title":{"rendered":"CAMBALACHE"},"content":{"rendered":"\n<p>Esa letra transformada en tango, que Enrique Disc\u00e9polo la escribi\u00f3 en casi un suspiro y que en forma obstinada nos marca la realidad que a veces cuesta aceptarla, contin\u00faa atorment\u00e1ndonos casi como una tragedia.<\/p>\n\n\n\n<p>\u00bfDa lo mismo todo en este merengue? \u00bfQue seas cura, rey de bastos, caradura o poliz\u00f3n?<\/p>\n\n\n\n<p>En las vidrieras irrespetuosas de este siglo XXI parece que s\u00ed. Dentro de unos pocos a\u00f1os Cambalache cumplir\u00e1 100 a\u00f1os, pero la vigencia y esencia de su planteo permanece intacta. <\/p>\n\n\n\n<p>Para ejemplo sobra un bot\u00f3n, como dice ese dicho popular. Y como Concordia tiene ejemplos, tomaremos un caso concreto que sucedi\u00f3 apenas unas horas con respecto al cierre de listas que competir\u00e1n en las elecciones legislativas del mes de octubre pr\u00f3ximo.<\/p>\n\n\n\n<p>Entre idas y venidas, el oficialismo que conduce Milei, logr\u00f3 lugares de privilegio en el armado provincial. Es as\u00ed que los dos primeros candidatos a senadores son del mile\u00edsmo puro, como as\u00ed tambi\u00e9n en la n\u00f3mina de candidatos a diputados. Luego lo que queda se reparti\u00f3 con dos miembros de la tropa del gobernador Frigerio y como furg\u00f3n de cola a algunos radicales \u00abalvearistas\u00bb para relleno.<\/p>\n\n\n\n<p>Entre esos radicales, hay una concejal que integra el espacio de Juntos por Entre R\u00edos, que se comenz\u00f3 a conocer en el \u00e1mbito local, por sus pol\u00e9micas declaraciones respecto a los niveles de pobreza en Concordia. Su nombre es Eliana Lagra\u00f1a y tenemos entendido que milita o al menos militaba, hasta hace poco en el espacio denominado Evoluci\u00f3n Radical, sector que se autodenominaba alfonsinista (socialdem\u00f3crata progresista) y del cual, el intendente Francisco \u00abMotosierrita\u00bb Azcu\u00e9, tambi\u00e9n fue parte.<\/p>\n\n\n\n<p>Lagra\u00f1a, al momento de asumir como concejal, jur\u00f3 por \u00abEl padre de la democracia Ra\u00fal Alfons\u00edn\u00bb, as\u00ed lo muestra el video a continuaci\u00f3n:<\/p>\n\n\n\n<p><a href=\"https:\/\/www.youtube.com\/shorts\/KeY7-FBiCXY\">https:\/\/www.youtube.com\/shorts\/KeY7-FBiCXY<\/a><\/p>\n\n\n\n<p>\u00bfDa lo mismo ahora y luego de ver estas im\u00e1genes, que la concejal Lagra\u00f1a integre una lista en donde los primeros lugares preponderantes sean de la Libertad Avanza y por ende estar en las ant\u00edpodas de lo que la concejal pregon\u00f3 hasta el momento del juramento como concejal? \u00bfDa lo mismo en ir en una lista con un candidato a senador como Benegas Linch, que plantea y planea privatizar Salto Grande? \u00bfDa lo mismo ir en una lista con negacionistas, que llevan a un genocidio social a los jubilados, a los discapacitados y a los expulsados del sistema laboral?<\/p>\n\n\n\n<p>Para despejar dudas les dejamos el pr\u00f3ximo video, en donde el Presidente Javier Milei, nos dice en forma descarnada, qu\u00e9 es lo que piensa sobre el ex Presidente Ra\u00fal Alfons\u00edn:<\/p>\n\n\n\n<p><a href=\"https:\/\/www.youtube.com\/shorts\/zFI7aFKwN14\">https:\/\/www.youtube.com\/shorts\/zFI7aFKwN14<\/a><\/p>\n\n\n\n<p>El padre de la democracia por el cual jur\u00f3 la concejal Lagra\u00f1a, no tiene ni un \u00e1pice que ver con las pol\u00edticas que lleva adelante este gobierno conservador de Milei y sus ac\u00f3litos. La joven edil tendr\u00e1 que reveer su conducta ideol\u00f3gica. O se est\u00e1 de un lado del mostrador o se est\u00e1 del otro, si de conducta \u00e9tica y pol\u00edtica se habla. A\u00fan tiene tiempo de reivindicarse como alfonsinista.<\/p>\n","protected":false},"excerpt":{"rendered":"<p>Esa letra transformada en tango, que Enrique Disc\u00e9polo la escribi\u00f3 en casi un suspiro y que en forma obstinada nos marca la realidad que a veces cuesta aceptarla, contin\u00faa atorment\u00e1ndonos casi como una tragedia. \u00bfDa lo mismo todo en este merengue? \u00bfQue seas cura, rey de bastos, caradura o poliz\u00f3n? En las vidrieras irrespetuosas de [&hellip;]<\/p>\n","protected":false},"author":2,"featured_media":4189,"comment_status":"open","ping_status":"open","sticky":false,"template":"","format":"standard","meta":{"footnotes":""},"categories":[16],"tags":[],"class_list":{"0":"post-4188","1":"post","2":"type-post","3":"status-publish","4":"format-standard","5":"has-post-thumbnail","7":"category-locales"},"yoast_head":"<!-- This site is optimized with the Yoast SEO plugin v27.4 - https:\/\/yoast.com\/product\/yoast-seo-wordpress\/ -->\n<title>CAMBALACHE - Diario del Sur<\/title>\n<meta name=\"robots\" content=\"index, follow, max-snippet:-1, max-image-preview:large, max-video-preview:-1\" \/>\n<link rel=\"canonical\" href=\"https:\/\/diariodelsurdigital.com.ar\/?p=4188\" \/>\n<meta property=\"og:locale\" content=\"es_ES\" \/>\n<meta property=\"og:type\" content=\"article\" \/>\n<meta property=\"og:title\" content=\"CAMBALACHE - Diario del Sur\" \/>\n<meta property=\"og:description\" content=\"Esa letra transformada en tango, que Enrique Disc\u00e9polo la escribi\u00f3 en casi un suspiro y que en forma obstinada nos marca la realidad que a veces cuesta aceptarla, contin\u00faa atorment\u00e1ndonos casi como una tragedia. \u00bfDa lo mismo todo en este merengue? \u00bfQue seas cura, rey de bastos, caradura o poliz\u00f3n? En las vidrieras irrespetuosas de [&hellip;]\" \/>\n<meta property=\"og:url\" content=\"https:\/\/diariodelsurdigital.com.ar\/?p=4188\" \/>\n<meta property=\"og:site_name\" content=\"Diario del Sur\" \/>\n<meta property=\"article:published_time\" content=\"2025-08-19T21:58:26+00:00\" \/>\n<meta property=\"article:modified_time\" content=\"2025-08-19T22:44:10+00:00\" \/>\n<meta property=\"og:image\" content=\"https:\/\/diariodelsurdigital.com.ar\/wp-content\/uploads\/2025\/08\/Imagen-de-WhatsApp-2025-08-17-a-las-23.24.04_aea05ab2.jpg\" \/>\n\t<meta property=\"og:image:width\" content=\"551\" \/>\n\t<meta property=\"og:image:height\" content=\"358\" \/>\n\t<meta property=\"og:image:type\" content=\"image\/jpeg\" \/>\n<meta name=\"author\" content=\"Diario del Sur Digital\" \/>\n<meta name=\"twitter:card\" content=\"summary_large_image\" \/>\n<meta name=\"twitter:label1\" content=\"Escrito por\" \/>\n\t<meta name=\"twitter:data1\" content=\"Diario del Sur Digital\" \/>\n\t<meta name=\"twitter:label2\" content=\"Tiempo de lectura\" \/>\n\t<meta name=\"twitter:data2\" content=\"3 minutos\" \/>\n<script type=\"application\/ld+json\" class=\"yoast-schema-graph\">{\"@context\":\"https:\\\/\\\/schema.org\",\"@graph\":[{\"@type\":\"Article\",\"@id\":\"https:\\\/\\\/diariodelsurdigital.com.ar\\\/?p=4188#article\",\"isPartOf\":{\"@id\":\"https:\\\/\\\/diariodelsurdigital.com.ar\\\/?p=4188\"},\"author\":{\"name\":\"Diario del Sur Digital\",\"@id\":\"https:\\\/\\\/diariodelsurdigital.com.ar\\\/#\\\/schema\\\/person\\\/6136a32571657f7dba980b88b04c5465\"},\"headline\":\"CAMBALACHE\",\"datePublished\":\"2025-08-19T21:58:26+00:00\",\"dateModified\":\"2025-08-19T22:44:10+00:00\",\"mainEntityOfPage\":{\"@id\":\"https:\\\/\\\/diariodelsurdigital.com.ar\\\/?p=4188\"},\"wordCount\":535,\"commentCount\":0,\"image\":{\"@id\":\"https:\\\/\\\/diariodelsurdigital.com.ar\\\/?p=4188#primaryimage\"},\"thumbnailUrl\":\"https:\\\/\\\/diariodelsurdigital.com.ar\\\/wp-content\\\/uploads\\\/2025\\\/08\\\/Imagen-de-WhatsApp-2025-08-17-a-las-23.24.04_aea05ab2.jpg\",\"articleSection\":[\"Locales\"],\"inLanguage\":\"es\",\"potentialAction\":[{\"@type\":\"CommentAction\",\"name\":\"Comment\",\"target\":[\"https:\\\/\\\/diariodelsurdigital.com.ar\\\/?p=4188#respond\"]}]},{\"@type\":\"WebPage\",\"@id\":\"https:\\\/\\\/diariodelsurdigital.com.ar\\\/?p=4188\",\"url\":\"https:\\\/\\\/diariodelsurdigital.com.ar\\\/?p=4188\",\"name\":\"CAMBALACHE - Diario del Sur\",\"isPartOf\":{\"@id\":\"https:\\\/\\\/diariodelsurdigital.com.ar\\\/#website\"},\"primaryImageOfPage\":{\"@id\":\"https:\\\/\\\/diariodelsurdigital.com.ar\\\/?p=4188#primaryimage\"},\"image\":{\"@id\":\"https:\\\/\\\/diariodelsurdigital.com.ar\\\/?p=4188#primaryimage\"},\"thumbnailUrl\":\"https:\\\/\\\/diariodelsurdigital.com.ar\\\/wp-content\\\/uploads\\\/2025\\\/08\\\/Imagen-de-WhatsApp-2025-08-17-a-las-23.24.04_aea05ab2.jpg\",\"datePublished\":\"2025-08-19T21:58:26+00:00\",\"dateModified\":\"2025-08-19T22:44:10+00:00\",\"author\":{\"@id\":\"https:\\\/\\\/diariodelsurdigital.com.ar\\\/#\\\/schema\\\/person\\\/6136a32571657f7dba980b88b04c5465\"},\"breadcrumb\":{\"@id\":\"https:\\\/\\\/diariodelsurdigital.com.ar\\\/?p=4188#breadcrumb\"},\"inLanguage\":\"es\",\"potentialAction\":[{\"@type\":\"ReadAction\",\"target\":[\"https:\\\/\\\/diariodelsurdigital.com.ar\\\/?p=4188\"]}]},{\"@type\":\"ImageObject\",\"inLanguage\":\"es\",\"@id\":\"https:\\\/\\\/diariodelsurdigital.com.ar\\\/?p=4188#primaryimage\",\"url\":\"https:\\\/\\\/diariodelsurdigital.com.ar\\\/wp-content\\\/uploads\\\/2025\\\/08\\\/Imagen-de-WhatsApp-2025-08-17-a-las-23.24.04_aea05ab2.jpg\",\"contentUrl\":\"https:\\\/\\\/diariodelsurdigital.com.ar\\\/wp-content\\\/uploads\\\/2025\\\/08\\\/Imagen-de-WhatsApp-2025-08-17-a-las-23.24.04_aea05ab2.jpg\",\"width\":551,\"height\":358},{\"@type\":\"BreadcrumbList\",\"@id\":\"https:\\\/\\\/diariodelsurdigital.com.ar\\\/?p=4188#breadcrumb\",\"itemListElement\":[{\"@type\":\"ListItem\",\"position\":1,\"name\":\"Portada\",\"item\":\"https:\\\/\\\/diariodelsurdigital.com.ar\\\/\"},{\"@type\":\"ListItem\",\"position\":2,\"name\":\"CAMBALACHE\"}]},{\"@type\":\"WebSite\",\"@id\":\"https:\\\/\\\/diariodelsurdigital.com.ar\\\/#website\",\"url\":\"https:\\\/\\\/diariodelsurdigital.com.ar\\\/\",\"name\":\"Diario del Sur\",\"description\":\"Digital\",\"potentialAction\":[{\"@type\":\"SearchAction\",\"target\":{\"@type\":\"EntryPoint\",\"urlTemplate\":\"https:\\\/\\\/diariodelsurdigital.com.ar\\\/?s={search_term_string}\"},\"query-input\":{\"@type\":\"PropertyValueSpecification\",\"valueRequired\":true,\"valueName\":\"search_term_string\"}}],\"inLanguage\":\"es\"},{\"@type\":\"Person\",\"@id\":\"https:\\\/\\\/diariodelsurdigital.com.ar\\\/#\\\/schema\\\/person\\\/6136a32571657f7dba980b88b04c5465\",\"name\":\"Diario del Sur Digital\",\"image\":{\"@type\":\"ImageObject\",\"inLanguage\":\"es\",\"@id\":\"https:\\\/\\\/secure.gravatar.com\\\/avatar\\\/4c29ceac98541dd42460b2474aaa5dd37594d6ce6cb3cf2c101d09b48ee287ba?s=96&d=mm&r=g\",\"url\":\"https:\\\/\\\/secure.gravatar.com\\\/avatar\\\/4c29ceac98541dd42460b2474aaa5dd37594d6ce6cb3cf2c101d09b48ee287ba?s=96&d=mm&r=g\",\"contentUrl\":\"https:\\\/\\\/secure.gravatar.com\\\/avatar\\\/4c29ceac98541dd42460b2474aaa5dd37594d6ce6cb3cf2c101d09b48ee287ba?s=96&d=mm&r=g\",\"caption\":\"Diario del Sur Digital\"},\"url\":\"https:\\\/\\\/diariodelsurdigital.com.ar\\\/?author=2\"}]}<\/script>\n<!-- \/ Yoast SEO plugin. -->","yoast_head_json":{"title":"CAMBALACHE - Diario del Sur","robots":{"index":"index","follow":"follow","max-snippet":"max-snippet:-1","max-image-preview":"max-image-preview:large","max-video-preview":"max-video-preview:-1"},"canonical":"https:\/\/diariodelsurdigital.com.ar\/?p=4188","og_locale":"es_ES","og_type":"article","og_title":"CAMBALACHE - Diario del Sur","og_description":"Esa letra transformada en tango, que Enrique Disc\u00e9polo la escribi\u00f3 en casi un suspiro y que en forma obstinada nos marca la realidad que a veces cuesta aceptarla, contin\u00faa atorment\u00e1ndonos casi como una tragedia. \u00bfDa lo mismo todo en este merengue? \u00bfQue seas cura, rey de bastos, caradura o poliz\u00f3n? En las vidrieras irrespetuosas de [&hellip;]","og_url":"https:\/\/diariodelsurdigital.com.ar\/?p=4188","og_site_name":"Diario del Sur","article_published_time":"2025-08-19T21:58:26+00:00","article_modified_time":"2025-08-19T22:44:10+00:00","og_image":[{"width":551,"height":358,"url":"https:\/\/diariodelsurdigital.com.ar\/wp-content\/uploads\/2025\/08\/Imagen-de-WhatsApp-2025-08-17-a-las-23.24.04_aea05ab2.jpg","type":"image\/jpeg"}],"author":"Diario del Sur Digital","twitter_card":"summary_large_image","twitter_misc":{"Escrito por":"Diario del Sur Digital","Tiempo de lectura":"3 minutos"},"schema":{"@context":"https:\/\/schema.org","@graph":[{"@type":"Article","@id":"https:\/\/diariodelsurdigital.com.ar\/?p=4188#article","isPartOf":{"@id":"https:\/\/diariodelsurdigital.com.ar\/?p=4188"},"author":{"name":"Diario del Sur Digital","@id":"https:\/\/diariodelsurdigital.com.ar\/#\/schema\/person\/6136a32571657f7dba980b88b04c5465"},"headline":"CAMBALACHE","datePublished":"2025-08-19T21:58:26+00:00","dateModified":"2025-08-19T22:44:10+00:00","mainEntityOfPage":{"@id":"https:\/\/diariodelsurdigital.com.ar\/?p=4188"},"wordCount":535,"commentCount":0,"image":{"@id":"https:\/\/diariodelsurdigital.com.ar\/?p=4188#primaryimage"},"thumbnailUrl":"https:\/\/diariodelsurdigital.com.ar\/wp-content\/uploads\/2025\/08\/Imagen-de-WhatsApp-2025-08-17-a-las-23.24.04_aea05ab2.jpg","articleSection":["Locales"],"inLanguage":"es","potentialAction":[{"@type":"CommentAction","name":"Comment","target":["https:\/\/diariodelsurdigital.com.ar\/?p=4188#respond"]}]},{"@type":"WebPage","@id":"https:\/\/diariodelsurdigital.com.ar\/?p=4188","url":"https:\/\/diariodelsurdigital.com.ar\/?p=4188","name":"CAMBALACHE - Diario del Sur","isPartOf":{"@id":"https:\/\/diariodelsurdigital.com.ar\/#website"},"primaryImageOfPage":{"@id":"https:\/\/diariodelsurdigital.com.ar\/?p=4188#primaryimage"},"image":{"@id":"https:\/\/diariodelsurdigital.com.ar\/?p=4188#primaryimage"},"thumbnailUrl":"https:\/\/diariodelsurdigital.com.ar\/wp-content\/uploads\/2025\/08\/Imagen-de-WhatsApp-2025-08-17-a-las-23.24.04_aea05ab2.jpg","datePublished":"2025-08-19T21:58:26+00:00","dateModified":"2025-08-19T22:44:10+00:00","author":{"@id":"https:\/\/diariodelsurdigital.com.ar\/#\/schema\/person\/6136a32571657f7dba980b88b04c5465"},"breadcrumb":{"@id":"https:\/\/diariodelsurdigital.com.ar\/?p=4188#breadcrumb"},"inLanguage":"es","potentialAction":[{"@type":"ReadAction","target":["https:\/\/diariodelsurdigital.com.ar\/?p=4188"]}]},{"@type":"ImageObject","inLanguage":"es","@id":"https:\/\/diariodelsurdigital.com.ar\/?p=4188#primaryimage","url":"https:\/\/diariodelsurdigital.com.ar\/wp-content\/uploads\/2025\/08\/Imagen-de-WhatsApp-2025-08-17-a-las-23.24.04_aea05ab2.jpg","contentUrl":"https:\/\/diariodelsurdigital.com.ar\/wp-content\/uploads\/2025\/08\/Imagen-de-WhatsApp-2025-08-17-a-las-23.24.04_aea05ab2.jpg","width":551,"height":358},{"@type":"BreadcrumbList","@id":"https:\/\/diariodelsurdigital.com.ar\/?p=4188#breadcrumb","itemListElement":[{"@type":"ListItem","position":1,"name":"Portada","item":"https:\/\/diariodelsurdigital.com.ar\/"},{"@type":"ListItem","position":2,"name":"CAMBALACHE"}]},{"@type":"WebSite","@id":"https:\/\/diariodelsurdigital.com.ar\/#website","url":"https:\/\/diariodelsurdigital.com.ar\/","name":"Diario del Sur","description":"Digital","potentialAction":[{"@type":"SearchAction","target":{"@type":"EntryPoint","urlTemplate":"https:\/\/diariodelsurdigital.com.ar\/?s={search_term_string}"},"query-input":{"@type":"PropertyValueSpecification","valueRequired":true,"valueName":"search_term_string"}}],"inLanguage":"es"},{"@type":"Person","@id":"https:\/\/diariodelsurdigital.com.ar\/#\/schema\/person\/6136a32571657f7dba980b88b04c5465","name":"Diario del Sur Digital","image":{"@type":"ImageObject","inLanguage":"es","@id":"https:\/\/secure.gravatar.com\/avatar\/4c29ceac98541dd42460b2474aaa5dd37594d6ce6cb3cf2c101d09b48ee287ba?s=96&d=mm&r=g","url":"https:\/\/secure.gravatar.com\/avatar\/4c29ceac98541dd42460b2474aaa5dd37594d6ce6cb3cf2c101d09b48ee287ba?s=96&d=mm&r=g","contentUrl":"https:\/\/secure.gravatar.com\/avatar\/4c29ceac98541dd42460b2474aaa5dd37594d6ce6cb3cf2c101d09b48ee287ba?s=96&d=mm&r=g","caption":"Diario del Sur Digital"},"url":"https:\/\/diariodelsurdigital.com.ar\/?author=2"}]}},"_links":{"self":[{"href":"https:\/\/diariodelsurdigital.com.ar\/index.php?rest_route=\/wp\/v2\/posts\/4188","targetHints":{"allow":["GET"]}}],"collection":[{"href":"https:\/\/diariodelsurdigital.com.ar\/index.php?rest_route=\/wp\/v2\/posts"}],"about":[{"href":"https:\/\/diariodelsurdigital.com.ar\/index.php?rest_route=\/wp\/v2\/types\/post"}],"author":[{"embeddable":true,"href":"https:\/\/diariodelsurdigital.com.ar\/index.php?rest_route=\/wp\/v2\/users\/2"}],"replies":[{"embeddable":true,"href":"https:\/\/diariodelsurdigital.com.ar\/index.php?rest_route=%2Fwp%2Fv2%2Fcomments&post=4188"}],"version-history":[{"count":3,"href":"https:\/\/diariodelsurdigital.com.ar\/index.php?rest_route=\/wp\/v2\/posts\/4188\/revisions"}],"predecessor-version":[{"id":4193,"href":"https:\/\/diariodelsurdigital.com.ar\/index.php?rest_route=\/wp\/v2\/posts\/4188\/revisions\/4193"}],"wp:featuredmedia":[{"embeddable":true,"href":"https:\/\/diariodelsurdigital.com.ar\/index.php?rest_route=\/wp\/v2\/media\/4189"}],"wp:attachment":[{"href":"https:\/\/diariodelsurdigital.com.ar\/index.php?rest_route=%2Fwp%2Fv2%2Fmedia&parent=4188"}],"wp:term":[{"taxonomy":"category","embeddable":true,"href":"https:\/\/diariodelsurdigital.com.ar\/index.php?rest_route=%2Fwp%2Fv2%2Fcategories&post=4188"},{"taxonomy":"post_tag","embeddable":true,"href":"https:\/\/diariodelsurdigital.com.ar\/index.php?rest_route=%2Fwp%2Fv2%2Ftags&post=4188"}],"curies":[{"name":"wp","href":"https:\/\/api.w.org\/{rel}","templated":true}]}}