{"id":4195,"date":"2025-08-20T10:38:47","date_gmt":"2025-08-20T13:38:47","guid":{"rendered":"https:\/\/diariodelsurdigital.com.ar\/?p=4195"},"modified":"2025-08-20T10:38:48","modified_gmt":"2025-08-20T13:38:48","slug":"cinco-remiserias-de-concordia-cerraron-en-menos-de-tres-anos","status":"publish","type":"post","link":"https:\/\/diariodelsurdigital.com.ar\/?p=4195","title":{"rendered":"Cinco remiser\u00edas de Concordia cerraron en menos de tres a\u00f1os"},"content":{"rendered":"\n<p>Preocupaci\u00f3n en el sector, tras la falta de demanda, el arribo de una de las aplicaciones globales y la escasa regulaci\u00f3n del municipio.<\/p>\n\n\n\n<p>Concordia no escapa a la tendencia nacional y el sector de las remiser\u00edas presenta un grave deterioro.<\/p>\n\n\n\n<p>En n\u00fameros<\/p>\n\n\n\n<p>El titular de la C\u00e1mara de Remises de Concordia, Hugo Maschio, traz\u00f3 c\u00f3mo se encuentra actualmente el movimiento local. \u00abNosotros tenemos, m\u00e1s o menos estad\u00edsticamente registrado, que a la salida de la pandemia \u00e9ramos 13 empresas en Concordia y hoy somos ocho, con una cantidad de veh\u00edculos que debe rondar los 250 en servicio, m\u00e1s unos 100 taxis; con lo cual rondar\u00edamos los 350 m\u00f3viles en condiciones circulando de manera legal\u00bb.<\/p>\n\n\n\n<p>El dirigente detall\u00f3 que \u00ablos n\u00fameros hablan por s\u00ed solos, las remiser\u00edas fueron desapareciendo, todo por las mismas situaciones, por falta de actividad, falta de m\u00f3viles y tenemos un parque automotor que se redujo a m\u00e1s de la mitad pero no es que desaparecieron sino que se increment\u00f3 la actividad de manera ilegal\u00bb.<\/p>\n\n\n\n<p>La diaria<\/p>\n\n\n\n<p>Maschio coment\u00f3 adem\u00e1s que en la actualidad, con la vigencia de Uber, los trabajadores al volante \u00abtienen actividad en forma simult\u00e1nea, o sea manejan un Uber y trabajan de remiseros porque es un recurso m\u00e1s de ingreso para su vida diaria, pero tambi\u00e9n el usuario del servicio, que necesita moverse tiene un problema socioecon\u00f3mico y que hace que busque lo m\u00e1s barato\u00bb.<\/p>\n\n\n\n<p>Sin embargo, advirti\u00f3 acerca de una situaci\u00f3n rara. En d\u00edas de lluvia, el costo que se tiene que pagar por un servicio en Uber \u00abes muy superior y supera el doble del valor de una remiser\u00eda, ya hemos contactado de que llega un momento del d\u00eda de que el usuario se empieza a dar cuenta de eso\u00bb.<\/p>\n\n\n\n<p>En ese sentido, ejemplific\u00f3 con que \u00abel mismo traslado que han hecho por ejemplo a la Bianca desde la zona c\u00e9ntrica, en un d\u00eda normal, de sol, un remiss te sale 7 u 8 mil pesos y un Uber te sale menos de 3 mil pesos, pero en un d\u00eda lluvioso, los fines de semana, de mucha demanda o en ciertos horarios, te cobra arriba de los doce mil pesos\u00bb.<\/p>\n\n\n\n<p>Pero, argument\u00f3 el dirigente, \u00abla tarifa del rem\u00eds y del taxi es fija, no importa si llueve, truene y dem\u00e1s\u00bb.<\/p>\n\n\n\n<p>En la nada<\/p>\n\n\n\n<p>Por \u00faltimo, el titular de la C\u00e1mara de Remises de Concordia afirm\u00f3 que las gestiones oficiales para regular a las aplicaciones a nivel local &#8211; en su momento encaradas por el concejal oficialista Felipe Sastre &#8211; quedaron en la nada.<\/p>\n\n\n\n<p>\u00abLamentablemente es algo incontrolable por la manera en que se manejan las aplicaciones y la falta de capacidad de los distintos municipios para ir en contra de lo ilegal, ac\u00e1 qued\u00f3 en la nada, fueron todas palabras, todas promesas, la \u00faltima conversaci\u00f3n que yo tuve sentado a su izquierda con el se\u00f1or intendente (Azcu\u00e9) me dijo que \u00e9l ven\u00eda de la ley, que con la ley todo y fuera de la ley nada, pero hoy abunda en nuestra ciudad todo lo que es fuera de la ley\u00bb, cont\u00f3 Maschio.<\/p>\n\n\n\n<p>En ese contexto, adelant\u00f3 que \u00aben un corto tiempo vamos a hacer muchos los trabajadores del volante que quedaremos pr\u00e1cticamente sin trabajo o a merced de una actividad ilegal\u00bb.<\/p>\n\n\n\n<p>A su entender, con este panorama, paulatinamente \u00ablas aplicaciones se van a quedar con el servicio y la tarifa va a ser mucho m\u00e1s elevada como ya pasa en otras ciudades y cuando el municipio quiere intervenir en eso, de querer recuperar el mercado, es tarde porque ser\u00e1 cuando las remiser\u00edas ya hayan desaparecido\u00bb, public\u00f3 Diario R\u00edo Uruguay.<\/p>\n","protected":false},"excerpt":{"rendered":"<p>Preocupaci\u00f3n en el sector, tras la falta de demanda, el arribo de una de las aplicaciones globales y la escasa regulaci\u00f3n del municipio. Concordia no escapa a la tendencia nacional y el sector de las remiser\u00edas presenta un grave deterioro. En n\u00fameros El titular de la C\u00e1mara de Remises de Concordia, Hugo Maschio, traz\u00f3 c\u00f3mo [&hellip;]<\/p>\n","protected":false},"author":4,"featured_media":4196,"comment_status":"open","ping_status":"open","sticky":false,"template":"","format":"standard","meta":{"footnotes":""},"categories":[16],"tags":[],"class_list":{"0":"post-4195","1":"post","2":"type-post","3":"status-publish","4":"format-standard","5":"has-post-thumbnail","7":"category-locales"},"yoast_head":"<!-- This site is optimized with the Yoast SEO plugin v27.4 - https:\/\/yoast.com\/product\/yoast-seo-wordpress\/ -->\n<title>Cinco remiser\u00edas de Concordia cerraron en menos de tres a\u00f1os - Diario del Sur<\/title>\n<meta name=\"robots\" content=\"index, follow, max-snippet:-1, max-image-preview:large, max-video-preview:-1\" \/>\n<link rel=\"canonical\" href=\"https:\/\/diariodelsurdigital.com.ar\/?p=4195\" \/>\n<meta property=\"og:locale\" content=\"es_ES\" \/>\n<meta property=\"og:type\" content=\"article\" \/>\n<meta property=\"og:title\" content=\"Cinco remiser\u00edas de Concordia cerraron en menos de tres a\u00f1os - Diario del Sur\" \/>\n<meta property=\"og:description\" content=\"Preocupaci\u00f3n en el sector, tras la falta de demanda, el arribo de una de las aplicaciones globales y la escasa regulaci\u00f3n del municipio. Concordia no escapa a la tendencia nacional y el sector de las remiser\u00edas presenta un grave deterioro. En n\u00fameros El titular de la C\u00e1mara de Remises de Concordia, Hugo Maschio, traz\u00f3 c\u00f3mo [&hellip;]\" \/>\n<meta property=\"og:url\" content=\"https:\/\/diariodelsurdigital.com.ar\/?p=4195\" \/>\n<meta property=\"og:site_name\" content=\"Diario del Sur\" \/>\n<meta property=\"article:published_time\" content=\"2025-08-20T13:38:47+00:00\" \/>\n<meta property=\"article:modified_time\" content=\"2025-08-20T13:38:48+00:00\" \/>\n<meta property=\"og:image\" content=\"https:\/\/diariodelsurdigital.com.ar\/wp-content\/uploads\/2025\/08\/md-4-1.webp\" \/>\n\t<meta property=\"og:image:width\" content=\"992\" \/>\n\t<meta property=\"og:image:height\" content=\"661\" \/>\n\t<meta property=\"og:image:type\" content=\"image\/webp\" \/>\n<meta name=\"author\" content=\"Diario del Sur Digital\" \/>\n<meta name=\"twitter:card\" content=\"summary_large_image\" \/>\n<meta name=\"twitter:label1\" content=\"Escrito por\" \/>\n\t<meta name=\"twitter:data1\" content=\"Diario del Sur Digital\" \/>\n\t<meta name=\"twitter:label2\" content=\"Tiempo de lectura\" \/>\n\t<meta name=\"twitter:data2\" content=\"3 minutos\" \/>\n<script type=\"application\/ld+json\" class=\"yoast-schema-graph\">{\"@context\":\"https:\\\/\\\/schema.org\",\"@graph\":[{\"@type\":\"Article\",\"@id\":\"https:\\\/\\\/diariodelsurdigital.com.ar\\\/?p=4195#article\",\"isPartOf\":{\"@id\":\"https:\\\/\\\/diariodelsurdigital.com.ar\\\/?p=4195\"},\"author\":{\"name\":\"Diario del Sur Digital\",\"@id\":\"https:\\\/\\\/diariodelsurdigital.com.ar\\\/#\\\/schema\\\/person\\\/1a4992532ed62965c968031b49195c81\"},\"headline\":\"Cinco remiser\u00edas de Concordia cerraron en menos de tres a\u00f1os\",\"datePublished\":\"2025-08-20T13:38:47+00:00\",\"dateModified\":\"2025-08-20T13:38:48+00:00\",\"mainEntityOfPage\":{\"@id\":\"https:\\\/\\\/diariodelsurdigital.com.ar\\\/?p=4195\"},\"wordCount\":640,\"commentCount\":0,\"image\":{\"@id\":\"https:\\\/\\\/diariodelsurdigital.com.ar\\\/?p=4195#primaryimage\"},\"thumbnailUrl\":\"https:\\\/\\\/diariodelsurdigital.com.ar\\\/wp-content\\\/uploads\\\/2025\\\/08\\\/md-4-1.webp\",\"articleSection\":[\"Locales\"],\"inLanguage\":\"es\",\"potentialAction\":[{\"@type\":\"CommentAction\",\"name\":\"Comment\",\"target\":[\"https:\\\/\\\/diariodelsurdigital.com.ar\\\/?p=4195#respond\"]}]},{\"@type\":\"WebPage\",\"@id\":\"https:\\\/\\\/diariodelsurdigital.com.ar\\\/?p=4195\",\"url\":\"https:\\\/\\\/diariodelsurdigital.com.ar\\\/?p=4195\",\"name\":\"Cinco remiser\u00edas de Concordia cerraron en menos de tres a\u00f1os - Diario del Sur\",\"isPartOf\":{\"@id\":\"https:\\\/\\\/diariodelsurdigital.com.ar\\\/#website\"},\"primaryImageOfPage\":{\"@id\":\"https:\\\/\\\/diariodelsurdigital.com.ar\\\/?p=4195#primaryimage\"},\"image\":{\"@id\":\"https:\\\/\\\/diariodelsurdigital.com.ar\\\/?p=4195#primaryimage\"},\"thumbnailUrl\":\"https:\\\/\\\/diariodelsurdigital.com.ar\\\/wp-content\\\/uploads\\\/2025\\\/08\\\/md-4-1.webp\",\"datePublished\":\"2025-08-20T13:38:47+00:00\",\"dateModified\":\"2025-08-20T13:38:48+00:00\",\"author\":{\"@id\":\"https:\\\/\\\/diariodelsurdigital.com.ar\\\/#\\\/schema\\\/person\\\/1a4992532ed62965c968031b49195c81\"},\"breadcrumb\":{\"@id\":\"https:\\\/\\\/diariodelsurdigital.com.ar\\\/?p=4195#breadcrumb\"},\"inLanguage\":\"es\",\"potentialAction\":[{\"@type\":\"ReadAction\",\"target\":[\"https:\\\/\\\/diariodelsurdigital.com.ar\\\/?p=4195\"]}]},{\"@type\":\"ImageObject\",\"inLanguage\":\"es\",\"@id\":\"https:\\\/\\\/diariodelsurdigital.com.ar\\\/?p=4195#primaryimage\",\"url\":\"https:\\\/\\\/diariodelsurdigital.com.ar\\\/wp-content\\\/uploads\\\/2025\\\/08\\\/md-4-1.webp\",\"contentUrl\":\"https:\\\/\\\/diariodelsurdigital.com.ar\\\/wp-content\\\/uploads\\\/2025\\\/08\\\/md-4-1.webp\",\"width\":992,\"height\":661},{\"@type\":\"BreadcrumbList\",\"@id\":\"https:\\\/\\\/diariodelsurdigital.com.ar\\\/?p=4195#breadcrumb\",\"itemListElement\":[{\"@type\":\"ListItem\",\"position\":1,\"name\":\"Portada\",\"item\":\"https:\\\/\\\/diariodelsurdigital.com.ar\\\/\"},{\"@type\":\"ListItem\",\"position\":2,\"name\":\"Cinco remiser\u00edas de Concordia cerraron en menos de tres a\u00f1os\"}]},{\"@type\":\"WebSite\",\"@id\":\"https:\\\/\\\/diariodelsurdigital.com.ar\\\/#website\",\"url\":\"https:\\\/\\\/diariodelsurdigital.com.ar\\\/\",\"name\":\"Diario del Sur\",\"description\":\"Digital\",\"potentialAction\":[{\"@type\":\"SearchAction\",\"target\":{\"@type\":\"EntryPoint\",\"urlTemplate\":\"https:\\\/\\\/diariodelsurdigital.com.ar\\\/?s={search_term_string}\"},\"query-input\":{\"@type\":\"PropertyValueSpecification\",\"valueRequired\":true,\"valueName\":\"search_term_string\"}}],\"inLanguage\":\"es\"},{\"@type\":\"Person\",\"@id\":\"https:\\\/\\\/diariodelsurdigital.com.ar\\\/#\\\/schema\\\/person\\\/1a4992532ed62965c968031b49195c81\",\"name\":\"Diario del Sur Digital\",\"image\":{\"@type\":\"ImageObject\",\"inLanguage\":\"es\",\"@id\":\"https:\\\/\\\/secure.gravatar.com\\\/avatar\\\/f0c7c47fc7146d19828273b9b8eda651c9c7ab583767e6338d3d3bee825adf76?s=96&d=mm&r=g\",\"url\":\"https:\\\/\\\/secure.gravatar.com\\\/avatar\\\/f0c7c47fc7146d19828273b9b8eda651c9c7ab583767e6338d3d3bee825adf76?s=96&d=mm&r=g\",\"contentUrl\":\"https:\\\/\\\/secure.gravatar.com\\\/avatar\\\/f0c7c47fc7146d19828273b9b8eda651c9c7ab583767e6338d3d3bee825adf76?s=96&d=mm&r=g\",\"caption\":\"Diario del Sur Digital\"},\"url\":\"https:\\\/\\\/diariodelsurdigital.com.ar\\\/?author=4\"}]}<\/script>\n<!-- \/ Yoast SEO plugin. -->","yoast_head_json":{"title":"Cinco remiser\u00edas de Concordia cerraron en menos de tres a\u00f1os - Diario del Sur","robots":{"index":"index","follow":"follow","max-snippet":"max-snippet:-1","max-image-preview":"max-image-preview:large","max-video-preview":"max-video-preview:-1"},"canonical":"https:\/\/diariodelsurdigital.com.ar\/?p=4195","og_locale":"es_ES","og_type":"article","og_title":"Cinco remiser\u00edas de Concordia cerraron en menos de tres a\u00f1os - Diario del Sur","og_description":"Preocupaci\u00f3n en el sector, tras la falta de demanda, el arribo de una de las aplicaciones globales y la escasa regulaci\u00f3n del municipio. Concordia no escapa a la tendencia nacional y el sector de las remiser\u00edas presenta un grave deterioro. En n\u00fameros El titular de la C\u00e1mara de Remises de Concordia, Hugo Maschio, traz\u00f3 c\u00f3mo [&hellip;]","og_url":"https:\/\/diariodelsurdigital.com.ar\/?p=4195","og_site_name":"Diario del Sur","article_published_time":"2025-08-20T13:38:47+00:00","article_modified_time":"2025-08-20T13:38:48+00:00","og_image":[{"width":992,"height":661,"url":"https:\/\/diariodelsurdigital.com.ar\/wp-content\/uploads\/2025\/08\/md-4-1.webp","type":"image\/webp"}],"author":"Diario del Sur Digital","twitter_card":"summary_large_image","twitter_misc":{"Escrito por":"Diario del Sur Digital","Tiempo de lectura":"3 minutos"},"schema":{"@context":"https:\/\/schema.org","@graph":[{"@type":"Article","@id":"https:\/\/diariodelsurdigital.com.ar\/?p=4195#article","isPartOf":{"@id":"https:\/\/diariodelsurdigital.com.ar\/?p=4195"},"author":{"name":"Diario del Sur Digital","@id":"https:\/\/diariodelsurdigital.com.ar\/#\/schema\/person\/1a4992532ed62965c968031b49195c81"},"headline":"Cinco remiser\u00edas de Concordia cerraron en menos de tres a\u00f1os","datePublished":"2025-08-20T13:38:47+00:00","dateModified":"2025-08-20T13:38:48+00:00","mainEntityOfPage":{"@id":"https:\/\/diariodelsurdigital.com.ar\/?p=4195"},"wordCount":640,"commentCount":0,"image":{"@id":"https:\/\/diariodelsurdigital.com.ar\/?p=4195#primaryimage"},"thumbnailUrl":"https:\/\/diariodelsurdigital.com.ar\/wp-content\/uploads\/2025\/08\/md-4-1.webp","articleSection":["Locales"],"inLanguage":"es","potentialAction":[{"@type":"CommentAction","name":"Comment","target":["https:\/\/diariodelsurdigital.com.ar\/?p=4195#respond"]}]},{"@type":"WebPage","@id":"https:\/\/diariodelsurdigital.com.ar\/?p=4195","url":"https:\/\/diariodelsurdigital.com.ar\/?p=4195","name":"Cinco remiser\u00edas de Concordia cerraron en menos de tres a\u00f1os - Diario del Sur","isPartOf":{"@id":"https:\/\/diariodelsurdigital.com.ar\/#website"},"primaryImageOfPage":{"@id":"https:\/\/diariodelsurdigital.com.ar\/?p=4195#primaryimage"},"image":{"@id":"https:\/\/diariodelsurdigital.com.ar\/?p=4195#primaryimage"},"thumbnailUrl":"https:\/\/diariodelsurdigital.com.ar\/wp-content\/uploads\/2025\/08\/md-4-1.webp","datePublished":"2025-08-20T13:38:47+00:00","dateModified":"2025-08-20T13:38:48+00:00","author":{"@id":"https:\/\/diariodelsurdigital.com.ar\/#\/schema\/person\/1a4992532ed62965c968031b49195c81"},"breadcrumb":{"@id":"https:\/\/diariodelsurdigital.com.ar\/?p=4195#breadcrumb"},"inLanguage":"es","potentialAction":[{"@type":"ReadAction","target":["https:\/\/diariodelsurdigital.com.ar\/?p=4195"]}]},{"@type":"ImageObject","inLanguage":"es","@id":"https:\/\/diariodelsurdigital.com.ar\/?p=4195#primaryimage","url":"https:\/\/diariodelsurdigital.com.ar\/wp-content\/uploads\/2025\/08\/md-4-1.webp","contentUrl":"https:\/\/diariodelsurdigital.com.ar\/wp-content\/uploads\/2025\/08\/md-4-1.webp","width":992,"height":661},{"@type":"BreadcrumbList","@id":"https:\/\/diariodelsurdigital.com.ar\/?p=4195#breadcrumb","itemListElement":[{"@type":"ListItem","position":1,"name":"Portada","item":"https:\/\/diariodelsurdigital.com.ar\/"},{"@type":"ListItem","position":2,"name":"Cinco remiser\u00edas de Concordia cerraron en menos de tres a\u00f1os"}]},{"@type":"WebSite","@id":"https:\/\/diariodelsurdigital.com.ar\/#website","url":"https:\/\/diariodelsurdigital.com.ar\/","name":"Diario del Sur","description":"Digital","potentialAction":[{"@type":"SearchAction","target":{"@type":"EntryPoint","urlTemplate":"https:\/\/diariodelsurdigital.com.ar\/?s={search_term_string}"},"query-input":{"@type":"PropertyValueSpecification","valueRequired":true,"valueName":"search_term_string"}}],"inLanguage":"es"},{"@type":"Person","@id":"https:\/\/diariodelsurdigital.com.ar\/#\/schema\/person\/1a4992532ed62965c968031b49195c81","name":"Diario del Sur Digital","image":{"@type":"ImageObject","inLanguage":"es","@id":"https:\/\/secure.gravatar.com\/avatar\/f0c7c47fc7146d19828273b9b8eda651c9c7ab583767e6338d3d3bee825adf76?s=96&d=mm&r=g","url":"https:\/\/secure.gravatar.com\/avatar\/f0c7c47fc7146d19828273b9b8eda651c9c7ab583767e6338d3d3bee825adf76?s=96&d=mm&r=g","contentUrl":"https:\/\/secure.gravatar.com\/avatar\/f0c7c47fc7146d19828273b9b8eda651c9c7ab583767e6338d3d3bee825adf76?s=96&d=mm&r=g","caption":"Diario del Sur Digital"},"url":"https:\/\/diariodelsurdigital.com.ar\/?author=4"}]}},"_links":{"self":[{"href":"https:\/\/diariodelsurdigital.com.ar\/index.php?rest_route=\/wp\/v2\/posts\/4195","targetHints":{"allow":["GET"]}}],"collection":[{"href":"https:\/\/diariodelsurdigital.com.ar\/index.php?rest_route=\/wp\/v2\/posts"}],"about":[{"href":"https:\/\/diariodelsurdigital.com.ar\/index.php?rest_route=\/wp\/v2\/types\/post"}],"author":[{"embeddable":true,"href":"https:\/\/diariodelsurdigital.com.ar\/index.php?rest_route=\/wp\/v2\/users\/4"}],"replies":[{"embeddable":true,"href":"https:\/\/diariodelsurdigital.com.ar\/index.php?rest_route=%2Fwp%2Fv2%2Fcomments&post=4195"}],"version-history":[{"count":1,"href":"https:\/\/diariodelsurdigital.com.ar\/index.php?rest_route=\/wp\/v2\/posts\/4195\/revisions"}],"predecessor-version":[{"id":4197,"href":"https:\/\/diariodelsurdigital.com.ar\/index.php?rest_route=\/wp\/v2\/posts\/4195\/revisions\/4197"}],"wp:featuredmedia":[{"embeddable":true,"href":"https:\/\/diariodelsurdigital.com.ar\/index.php?rest_route=\/wp\/v2\/media\/4196"}],"wp:attachment":[{"href":"https:\/\/diariodelsurdigital.com.ar\/index.php?rest_route=%2Fwp%2Fv2%2Fmedia&parent=4195"}],"wp:term":[{"taxonomy":"category","embeddable":true,"href":"https:\/\/diariodelsurdigital.com.ar\/index.php?rest_route=%2Fwp%2Fv2%2Fcategories&post=4195"},{"taxonomy":"post_tag","embeddable":true,"href":"https:\/\/diariodelsurdigital.com.ar\/index.php?rest_route=%2Fwp%2Fv2%2Ftags&post=4195"}],"curies":[{"name":"wp","href":"https:\/\/api.w.org\/{rel}","templated":true}]}}