{"id":4201,"date":"2025-08-20T10:45:24","date_gmt":"2025-08-20T13:45:24","guid":{"rendered":"https:\/\/diariodelsurdigital.com.ar\/?p=4201"},"modified":"2025-08-20T10:45:25","modified_gmt":"2025-08-20T13:45:25","slug":"diputados-la-oposicion-busca-voltear-por-primera-vez-un-veto-de-milei-y-abrir-la-pulseada-por-jubilaciones-y-discapacidad","status":"publish","type":"post","link":"https:\/\/diariodelsurdigital.com.ar\/?p=4201","title":{"rendered":"Diputados: La oposici\u00f3n busca voltear por primera vez un veto de Milei y abrir la pulseada por jubilaciones y discapacidad"},"content":{"rendered":"\n<p>La sesi\u00f3n de Diputados est\u00e1 convocada para este mi\u00e9rcoles a las 12. Tratar\u00e1n de rechazar definitivamente el veto a la emergencia en Bah\u00eda Blanca, adem\u00e1s de marcar el camino para sostener dos leyes previsionales y un incremento para los prestadores de discapacidad.<\/p>\n\n\n\n<p>La oposici\u00f3n buscar\u00e1 exponer este mi\u00e9rcoles en la C\u00e1mara de Diputados la fragilidad parlamentaria de Javier Milei y marcar un hito: revertir por primera vez un veto del actual presidente. La ley en disputa es la que declar\u00f3 la emergencia en Bah\u00eda Blanca tras las inundaciones de marzo. En paralelo, se abrir\u00e1 la pulseada por el aumento jubilatorio y la emergencia en discapacidad.<\/p>\n\n\n\n<p>El efecto, de concretarse, ser\u00e1 m\u00e1s pol\u00edtico que econ\u00f3mico. El Ejecutivo asegura que ya envi\u00f3 a Bah\u00eda Blanca los $200.000 millones mediante un decreto, pero la oposici\u00f3n quiere consagrar el fondo por ley para limitar la discrecionalidad presidencial. Ser\u00e1 relevante el voto de los diputados que quedaron \u201cheridos\u201d tras el cierre de las listas para las elecciones del 26 de octubre, porque no tuvieron lugar en el oficialismo.<\/p>\n\n\n\n<p>\u201cEl Fondo Especial apunta a reconstruir infraestructura y reactivar el circuito econ\u00f3mico local, algo que no cubre el decreto\u201d, argumentaron el senador Maximiliano Abad y la diputada Karina Banfi (UCR). El golpe pondr\u00eda en cuesti\u00f3n el escudo legislativo de Milei, sostenido hasta ahora por los llamados \u201c87 h\u00e9roes\u201d.<\/p>\n\n\n\n<p>Los n\u00fameros siguen siendo inciertos. De los 153 diputados que acompa\u00f1aron la iniciativa en su primera votaci\u00f3n, 15 pertenecen a Pro y dif\u00edcilmente repitan el gesto tras el acuerdo electoral con los libertarios. Pero aquella vez tambi\u00e9n hubo 71 ausencias, en su mayor\u00eda opositoras, que ahora estar\u00e1n para insistir con la ley. El balance parece inclinarse hacia la oposici\u00f3n, aunque nada garantiza el resultado.<\/p>\n\n\n\n<p>El segundo cap\u00edtulo de la pulseada se centra en la emergencia en discapacidad, otro proyecto vetado por el Ejecutivo, que actualiza los aranceles de los prestadores de servicios de discapacidad y crea una pensi\u00f3n no contributiva por discapacidad equivalente al 70 % del haber m\u00ednimo jubilatorio.<\/p>\n\n\n\n<p>La oposici\u00f3n estuvo a un voto de sancionarla con dos tercios: obtuvo 148 a favor frente a 71 rechazos y 3 abstenciones. El margen luce favorable: varias ausencias claves de ese d\u00eda -incluidos dos diputados de UP, dos del MID de Oscar Zago y dos radicales de Democracia- ya anticiparon que esta vez jugar\u00e1n con la oposici\u00f3n. El oficialismo llega debilitado.<\/p>\n\n\n\n<p>El tercer frente es el aumento del 7,2% a los haberes previsionales, que elevar\u00eda el bono de $70.000 a $110.000. Aqu\u00ed la trama es m\u00e1s incierta. La oposici\u00f3n necesitar\u00e1 quebrar las 19 abstenciones de la votaci\u00f3n original, entre ellas 9 de Pro y 9 de la UCR.<\/p>\n\n\n\n<p>La exgobernadora Mar\u00eda Eugenia Vidal ya se desmarc\u00f3 y acus\u00f3 al Gobierno de falta de gesti\u00f3n. En la lista de \u201cprescindentes\u201d figuran tambi\u00e9n Silvia Lospennato, Germana Figueroa Casas, Gabriela Besana, Sof\u00eda Brambilla y Ana Clara Romero, legisladoras que en las \u00faltimas votaciones se alejaron de la sinton\u00eda entre su bloque y los libertarios.<\/p>\n\n\n\n<p>El juego de los \u201cheridos\u201d<br>El radicalismo, a su vez, juega dividido. Siete de sus diputados quedaron fuera del acuerdo con Milei en el cierre de listas y son la gran apuesta de la oposici\u00f3n para quebrar el veto: Banfi, Atilio Benedetti, Gabriela Brouwer de Konig, Soledad Carrizo, Rodrigo De Loredo, Roxana Reyes y Mart\u00edn Tetaz. Este \u00faltimo ya adelant\u00f3 que votar\u00e1 contra el Gobierno. Los mendocinos Lisandro Nieri y Pamela Verasay, en cambio, tejieron alianzas con los libertarios.<\/p>\n\n\n\n<p>M\u00e1s cuesta arriba para la oposici\u00f3n aparece la moratoria previsional, cuya pr\u00f3rroga por dos a\u00f1os divide a la oposici\u00f3n. Solo el kirchnerismo y la izquierda est\u00e1n decididos a sostenerla, por lo que dif\u00edcilmente avance. Se trata de una iniciativa que permite acceder a la jubilaci\u00f3n a las personas que ya alcanzaron la edad pero no cumplen con el tiempo de aportes requerido.<\/p>\n\n\n\n<p>El temario tambi\u00e9n incluye las dos iniciativas que unieron a los 24 gobernadores: coparticipar los Aportes del Tesoro Nacional y lo recaudado por el impuesto a los combustibles, adem\u00e1s de eliminar fideicomisos. Ya cuentan con media sanci\u00f3n del Senado y podr\u00edan convertirse en ley de inmediato.<\/p>\n\n\n\n<p>Los mandatarios insisten en que no implican gasto adicional sino recursos que pertenecen originariamente a las provincias. La Casa Rosada, sin embargo, negocia contra reloj para desactivar la ofensiva y evitar que la agenda federal se convierta en un nuevo frente de desgaste pol\u00edtico.<\/p>\n\n\n\n<p>La oposici\u00f3n volver\u00e1 a la carga, tambi\u00e9n, con otra iniciativa que crispa a la c\u00fapula libertaria por sus implicancias judiciales: la pesquisa del caso $LIBRA. Buscar\u00e1n aprobar un proyecto de resoluci\u00f3n para resucitar la comisi\u00f3n investigadora del criptoactivo, un esc\u00e1ndalo que salpica al primer mandatario y a su hermana, la secretaria general de la Presidencia, Karina Milei.<\/p>\n\n\n\n<p>Huso horario y evasi\u00f3n fiscal<br>En paralelo, en el recinto de la C\u00e1mara baja se discutir\u00e1n este mi\u00e9rcoles tres proyectos para modificar el huso horario en verano con el objetivo de ahorrar energ\u00eda. No tienen dictamen, por lo que se buscar\u00e1 emplazar a las comisiones correspondientes.<\/p>\n\n\n\n<p>Tambi\u00e9n se pondr\u00e1 sobre la mesa una actualizaci\u00f3n de los montos por evasi\u00f3n fiscal en la ley 24.769, de R\u00e9gimen Penal Tributario. Se trata de dos iniciativas impulsadas por Oscar Agost Carre\u00f1o, de Encuentro Federal, y el liberal Ricardo L\u00f3pez Murphy.<\/p>\n\n\n\n<p>El pulso de la sesi\u00f3n se definir\u00e1 antes de que empiece, en la reuni\u00f3n de labor parlamentaria, donde se acordar\u00e1 la lista de oradores y los tiempos de debate. Al Gobierno le conviene estirarla: dilatar los golpes y apostar a que el quorum se desvanezca. La oposici\u00f3n, en cambio, quiere un tr\u00e1mite expr\u00e9s que transforme la votaci\u00f3n en un golpe directo al coraz\u00f3n del proyecto econ\u00f3mico de Milei, public\u00f3 La Naci\u00f3n.<\/p>\n","protected":false},"excerpt":{"rendered":"<p>La sesi\u00f3n de Diputados est\u00e1 convocada para este mi\u00e9rcoles a las 12. Tratar\u00e1n de rechazar definitivamente el veto a la emergencia en Bah\u00eda Blanca, adem\u00e1s de marcar el camino para sostener dos leyes previsionales y un incremento para los prestadores de discapacidad. La oposici\u00f3n buscar\u00e1 exponer este mi\u00e9rcoles en la C\u00e1mara de Diputados la fragilidad [&hellip;]<\/p>\n","protected":false},"author":4,"featured_media":4202,"comment_status":"open","ping_status":"open","sticky":false,"template":"","format":"standard","meta":{"footnotes":""},"categories":[18,22],"tags":[],"class_list":{"0":"post-4201","1":"post","2":"type-post","3":"status-publish","4":"format-standard","5":"has-post-thumbnail","7":"category-nacionales","8":"category-politica"},"yoast_head":"<!-- This site is optimized with the Yoast SEO plugin v27.4 - https:\/\/yoast.com\/product\/yoast-seo-wordpress\/ -->\n<title>Diputados: La oposici\u00f3n busca voltear por primera vez un veto de Milei y abrir la pulseada por jubilaciones y discapacidad - Diario del Sur<\/title>\n<meta name=\"robots\" content=\"index, follow, max-snippet:-1, max-image-preview:large, max-video-preview:-1\" \/>\n<link rel=\"canonical\" href=\"https:\/\/diariodelsurdigital.com.ar\/?p=4201\" \/>\n<meta property=\"og:locale\" content=\"es_ES\" \/>\n<meta property=\"og:type\" content=\"article\" \/>\n<meta property=\"og:title\" content=\"Diputados: La oposici\u00f3n busca voltear por primera vez un veto de Milei y abrir la pulseada por jubilaciones y discapacidad - Diario del Sur\" \/>\n<meta property=\"og:description\" content=\"La sesi\u00f3n de Diputados est\u00e1 convocada para este mi\u00e9rcoles a las 12. Tratar\u00e1n de rechazar definitivamente el veto a la emergencia en Bah\u00eda Blanca, adem\u00e1s de marcar el camino para sostener dos leyes previsionales y un incremento para los prestadores de discapacidad. La oposici\u00f3n buscar\u00e1 exponer este mi\u00e9rcoles en la C\u00e1mara de Diputados la fragilidad [&hellip;]\" \/>\n<meta property=\"og:url\" content=\"https:\/\/diariodelsurdigital.com.ar\/?p=4201\" \/>\n<meta property=\"og:site_name\" content=\"Diario del Sur\" \/>\n<meta property=\"article:published_time\" content=\"2025-08-20T13:45:24+00:00\" \/>\n<meta property=\"article:modified_time\" content=\"2025-08-20T13:45:25+00:00\" \/>\n<meta property=\"og:image\" content=\"https:\/\/diariodelsurdigital.com.ar\/wp-content\/uploads\/2025\/08\/md-6-1.webp\" \/>\n\t<meta property=\"og:image:width\" content=\"992\" \/>\n\t<meta property=\"og:image:height\" content=\"661\" \/>\n\t<meta property=\"og:image:type\" content=\"image\/webp\" \/>\n<meta name=\"author\" content=\"Diario del Sur Digital\" \/>\n<meta name=\"twitter:card\" content=\"summary_large_image\" \/>\n<meta name=\"twitter:label1\" content=\"Escrito por\" \/>\n\t<meta name=\"twitter:data1\" content=\"Diario del Sur Digital\" \/>\n\t<meta name=\"twitter:label2\" content=\"Tiempo de lectura\" \/>\n\t<meta name=\"twitter:data2\" content=\"5 minutos\" \/>\n<script type=\"application\/ld+json\" class=\"yoast-schema-graph\">{\"@context\":\"https:\\\/\\\/schema.org\",\"@graph\":[{\"@type\":\"Article\",\"@id\":\"https:\\\/\\\/diariodelsurdigital.com.ar\\\/?p=4201#article\",\"isPartOf\":{\"@id\":\"https:\\\/\\\/diariodelsurdigital.com.ar\\\/?p=4201\"},\"author\":{\"name\":\"Diario del Sur Digital\",\"@id\":\"https:\\\/\\\/diariodelsurdigital.com.ar\\\/#\\\/schema\\\/person\\\/1a4992532ed62965c968031b49195c81\"},\"headline\":\"Diputados: La oposici\u00f3n busca voltear por primera vez un veto de Milei y abrir la pulseada por jubilaciones y discapacidad\",\"datePublished\":\"2025-08-20T13:45:24+00:00\",\"dateModified\":\"2025-08-20T13:45:25+00:00\",\"mainEntityOfPage\":{\"@id\":\"https:\\\/\\\/diariodelsurdigital.com.ar\\\/?p=4201\"},\"wordCount\":1022,\"commentCount\":0,\"image\":{\"@id\":\"https:\\\/\\\/diariodelsurdigital.com.ar\\\/?p=4201#primaryimage\"},\"thumbnailUrl\":\"https:\\\/\\\/diariodelsurdigital.com.ar\\\/wp-content\\\/uploads\\\/2025\\\/08\\\/md-6-1.webp\",\"articleSection\":[\"Nacionales\",\"Pol\u00edtica\"],\"inLanguage\":\"es\",\"potentialAction\":[{\"@type\":\"CommentAction\",\"name\":\"Comment\",\"target\":[\"https:\\\/\\\/diariodelsurdigital.com.ar\\\/?p=4201#respond\"]}]},{\"@type\":\"WebPage\",\"@id\":\"https:\\\/\\\/diariodelsurdigital.com.ar\\\/?p=4201\",\"url\":\"https:\\\/\\\/diariodelsurdigital.com.ar\\\/?p=4201\",\"name\":\"Diputados: La oposici\u00f3n busca voltear por primera vez un veto de Milei y abrir la pulseada por jubilaciones y discapacidad - Diario del Sur\",\"isPartOf\":{\"@id\":\"https:\\\/\\\/diariodelsurdigital.com.ar\\\/#website\"},\"primaryImageOfPage\":{\"@id\":\"https:\\\/\\\/diariodelsurdigital.com.ar\\\/?p=4201#primaryimage\"},\"image\":{\"@id\":\"https:\\\/\\\/diariodelsurdigital.com.ar\\\/?p=4201#primaryimage\"},\"thumbnailUrl\":\"https:\\\/\\\/diariodelsurdigital.com.ar\\\/wp-content\\\/uploads\\\/2025\\\/08\\\/md-6-1.webp\",\"datePublished\":\"2025-08-20T13:45:24+00:00\",\"dateModified\":\"2025-08-20T13:45:25+00:00\",\"author\":{\"@id\":\"https:\\\/\\\/diariodelsurdigital.com.ar\\\/#\\\/schema\\\/person\\\/1a4992532ed62965c968031b49195c81\"},\"breadcrumb\":{\"@id\":\"https:\\\/\\\/diariodelsurdigital.com.ar\\\/?p=4201#breadcrumb\"},\"inLanguage\":\"es\",\"potentialAction\":[{\"@type\":\"ReadAction\",\"target\":[\"https:\\\/\\\/diariodelsurdigital.com.ar\\\/?p=4201\"]}]},{\"@type\":\"ImageObject\",\"inLanguage\":\"es\",\"@id\":\"https:\\\/\\\/diariodelsurdigital.com.ar\\\/?p=4201#primaryimage\",\"url\":\"https:\\\/\\\/diariodelsurdigital.com.ar\\\/wp-content\\\/uploads\\\/2025\\\/08\\\/md-6-1.webp\",\"contentUrl\":\"https:\\\/\\\/diariodelsurdigital.com.ar\\\/wp-content\\\/uploads\\\/2025\\\/08\\\/md-6-1.webp\",\"width\":992,\"height\":661},{\"@type\":\"BreadcrumbList\",\"@id\":\"https:\\\/\\\/diariodelsurdigital.com.ar\\\/?p=4201#breadcrumb\",\"itemListElement\":[{\"@type\":\"ListItem\",\"position\":1,\"name\":\"Portada\",\"item\":\"https:\\\/\\\/diariodelsurdigital.com.ar\\\/\"},{\"@type\":\"ListItem\",\"position\":2,\"name\":\"Diputados: La oposici\u00f3n busca voltear por primera vez un veto de Milei y abrir la pulseada por jubilaciones y discapacidad\"}]},{\"@type\":\"WebSite\",\"@id\":\"https:\\\/\\\/diariodelsurdigital.com.ar\\\/#website\",\"url\":\"https:\\\/\\\/diariodelsurdigital.com.ar\\\/\",\"name\":\"Diario del Sur\",\"description\":\"Digital\",\"potentialAction\":[{\"@type\":\"SearchAction\",\"target\":{\"@type\":\"EntryPoint\",\"urlTemplate\":\"https:\\\/\\\/diariodelsurdigital.com.ar\\\/?s={search_term_string}\"},\"query-input\":{\"@type\":\"PropertyValueSpecification\",\"valueRequired\":true,\"valueName\":\"search_term_string\"}}],\"inLanguage\":\"es\"},{\"@type\":\"Person\",\"@id\":\"https:\\\/\\\/diariodelsurdigital.com.ar\\\/#\\\/schema\\\/person\\\/1a4992532ed62965c968031b49195c81\",\"name\":\"Diario del Sur Digital\",\"image\":{\"@type\":\"ImageObject\",\"inLanguage\":\"es\",\"@id\":\"https:\\\/\\\/secure.gravatar.com\\\/avatar\\\/f0c7c47fc7146d19828273b9b8eda651c9c7ab583767e6338d3d3bee825adf76?s=96&d=mm&r=g\",\"url\":\"https:\\\/\\\/secure.gravatar.com\\\/avatar\\\/f0c7c47fc7146d19828273b9b8eda651c9c7ab583767e6338d3d3bee825adf76?s=96&d=mm&r=g\",\"contentUrl\":\"https:\\\/\\\/secure.gravatar.com\\\/avatar\\\/f0c7c47fc7146d19828273b9b8eda651c9c7ab583767e6338d3d3bee825adf76?s=96&d=mm&r=g\",\"caption\":\"Diario del Sur Digital\"},\"url\":\"https:\\\/\\\/diariodelsurdigital.com.ar\\\/?author=4\"}]}<\/script>\n<!-- \/ Yoast SEO plugin. -->","yoast_head_json":{"title":"Diputados: La oposici\u00f3n busca voltear por primera vez un veto de Milei y abrir la pulseada por jubilaciones y discapacidad - Diario del Sur","robots":{"index":"index","follow":"follow","max-snippet":"max-snippet:-1","max-image-preview":"max-image-preview:large","max-video-preview":"max-video-preview:-1"},"canonical":"https:\/\/diariodelsurdigital.com.ar\/?p=4201","og_locale":"es_ES","og_type":"article","og_title":"Diputados: La oposici\u00f3n busca voltear por primera vez un veto de Milei y abrir la pulseada por jubilaciones y discapacidad - Diario del Sur","og_description":"La sesi\u00f3n de Diputados est\u00e1 convocada para este mi\u00e9rcoles a las 12. Tratar\u00e1n de rechazar definitivamente el veto a la emergencia en Bah\u00eda Blanca, adem\u00e1s de marcar el camino para sostener dos leyes previsionales y un incremento para los prestadores de discapacidad. La oposici\u00f3n buscar\u00e1 exponer este mi\u00e9rcoles en la C\u00e1mara de Diputados la fragilidad [&hellip;]","og_url":"https:\/\/diariodelsurdigital.com.ar\/?p=4201","og_site_name":"Diario del Sur","article_published_time":"2025-08-20T13:45:24+00:00","article_modified_time":"2025-08-20T13:45:25+00:00","og_image":[{"width":992,"height":661,"url":"https:\/\/diariodelsurdigital.com.ar\/wp-content\/uploads\/2025\/08\/md-6-1.webp","type":"image\/webp"}],"author":"Diario del Sur Digital","twitter_card":"summary_large_image","twitter_misc":{"Escrito por":"Diario del Sur Digital","Tiempo de lectura":"5 minutos"},"schema":{"@context":"https:\/\/schema.org","@graph":[{"@type":"Article","@id":"https:\/\/diariodelsurdigital.com.ar\/?p=4201#article","isPartOf":{"@id":"https:\/\/diariodelsurdigital.com.ar\/?p=4201"},"author":{"name":"Diario del Sur Digital","@id":"https:\/\/diariodelsurdigital.com.ar\/#\/schema\/person\/1a4992532ed62965c968031b49195c81"},"headline":"Diputados: La oposici\u00f3n busca voltear por primera vez un veto de Milei y abrir la pulseada por jubilaciones y discapacidad","datePublished":"2025-08-20T13:45:24+00:00","dateModified":"2025-08-20T13:45:25+00:00","mainEntityOfPage":{"@id":"https:\/\/diariodelsurdigital.com.ar\/?p=4201"},"wordCount":1022,"commentCount":0,"image":{"@id":"https:\/\/diariodelsurdigital.com.ar\/?p=4201#primaryimage"},"thumbnailUrl":"https:\/\/diariodelsurdigital.com.ar\/wp-content\/uploads\/2025\/08\/md-6-1.webp","articleSection":["Nacionales","Pol\u00edtica"],"inLanguage":"es","potentialAction":[{"@type":"CommentAction","name":"Comment","target":["https:\/\/diariodelsurdigital.com.ar\/?p=4201#respond"]}]},{"@type":"WebPage","@id":"https:\/\/diariodelsurdigital.com.ar\/?p=4201","url":"https:\/\/diariodelsurdigital.com.ar\/?p=4201","name":"Diputados: La oposici\u00f3n busca voltear por primera vez un veto de Milei y abrir la pulseada por jubilaciones y discapacidad - Diario del Sur","isPartOf":{"@id":"https:\/\/diariodelsurdigital.com.ar\/#website"},"primaryImageOfPage":{"@id":"https:\/\/diariodelsurdigital.com.ar\/?p=4201#primaryimage"},"image":{"@id":"https:\/\/diariodelsurdigital.com.ar\/?p=4201#primaryimage"},"thumbnailUrl":"https:\/\/diariodelsurdigital.com.ar\/wp-content\/uploads\/2025\/08\/md-6-1.webp","datePublished":"2025-08-20T13:45:24+00:00","dateModified":"2025-08-20T13:45:25+00:00","author":{"@id":"https:\/\/diariodelsurdigital.com.ar\/#\/schema\/person\/1a4992532ed62965c968031b49195c81"},"breadcrumb":{"@id":"https:\/\/diariodelsurdigital.com.ar\/?p=4201#breadcrumb"},"inLanguage":"es","potentialAction":[{"@type":"ReadAction","target":["https:\/\/diariodelsurdigital.com.ar\/?p=4201"]}]},{"@type":"ImageObject","inLanguage":"es","@id":"https:\/\/diariodelsurdigital.com.ar\/?p=4201#primaryimage","url":"https:\/\/diariodelsurdigital.com.ar\/wp-content\/uploads\/2025\/08\/md-6-1.webp","contentUrl":"https:\/\/diariodelsurdigital.com.ar\/wp-content\/uploads\/2025\/08\/md-6-1.webp","width":992,"height":661},{"@type":"BreadcrumbList","@id":"https:\/\/diariodelsurdigital.com.ar\/?p=4201#breadcrumb","itemListElement":[{"@type":"ListItem","position":1,"name":"Portada","item":"https:\/\/diariodelsurdigital.com.ar\/"},{"@type":"ListItem","position":2,"name":"Diputados: La oposici\u00f3n busca voltear por primera vez un veto de Milei y abrir la pulseada por jubilaciones y discapacidad"}]},{"@type":"WebSite","@id":"https:\/\/diariodelsurdigital.com.ar\/#website","url":"https:\/\/diariodelsurdigital.com.ar\/","name":"Diario del Sur","description":"Digital","potentialAction":[{"@type":"SearchAction","target":{"@type":"EntryPoint","urlTemplate":"https:\/\/diariodelsurdigital.com.ar\/?s={search_term_string}"},"query-input":{"@type":"PropertyValueSpecification","valueRequired":true,"valueName":"search_term_string"}}],"inLanguage":"es"},{"@type":"Person","@id":"https:\/\/diariodelsurdigital.com.ar\/#\/schema\/person\/1a4992532ed62965c968031b49195c81","name":"Diario del Sur Digital","image":{"@type":"ImageObject","inLanguage":"es","@id":"https:\/\/secure.gravatar.com\/avatar\/f0c7c47fc7146d19828273b9b8eda651c9c7ab583767e6338d3d3bee825adf76?s=96&d=mm&r=g","url":"https:\/\/secure.gravatar.com\/avatar\/f0c7c47fc7146d19828273b9b8eda651c9c7ab583767e6338d3d3bee825adf76?s=96&d=mm&r=g","contentUrl":"https:\/\/secure.gravatar.com\/avatar\/f0c7c47fc7146d19828273b9b8eda651c9c7ab583767e6338d3d3bee825adf76?s=96&d=mm&r=g","caption":"Diario del Sur Digital"},"url":"https:\/\/diariodelsurdigital.com.ar\/?author=4"}]}},"_links":{"self":[{"href":"https:\/\/diariodelsurdigital.com.ar\/index.php?rest_route=\/wp\/v2\/posts\/4201","targetHints":{"allow":["GET"]}}],"collection":[{"href":"https:\/\/diariodelsurdigital.com.ar\/index.php?rest_route=\/wp\/v2\/posts"}],"about":[{"href":"https:\/\/diariodelsurdigital.com.ar\/index.php?rest_route=\/wp\/v2\/types\/post"}],"author":[{"embeddable":true,"href":"https:\/\/diariodelsurdigital.com.ar\/index.php?rest_route=\/wp\/v2\/users\/4"}],"replies":[{"embeddable":true,"href":"https:\/\/diariodelsurdigital.com.ar\/index.php?rest_route=%2Fwp%2Fv2%2Fcomments&post=4201"}],"version-history":[{"count":1,"href":"https:\/\/diariodelsurdigital.com.ar\/index.php?rest_route=\/wp\/v2\/posts\/4201\/revisions"}],"predecessor-version":[{"id":4203,"href":"https:\/\/diariodelsurdigital.com.ar\/index.php?rest_route=\/wp\/v2\/posts\/4201\/revisions\/4203"}],"wp:featuredmedia":[{"embeddable":true,"href":"https:\/\/diariodelsurdigital.com.ar\/index.php?rest_route=\/wp\/v2\/media\/4202"}],"wp:attachment":[{"href":"https:\/\/diariodelsurdigital.com.ar\/index.php?rest_route=%2Fwp%2Fv2%2Fmedia&parent=4201"}],"wp:term":[{"taxonomy":"category","embeddable":true,"href":"https:\/\/diariodelsurdigital.com.ar\/index.php?rest_route=%2Fwp%2Fv2%2Fcategories&post=4201"},{"taxonomy":"post_tag","embeddable":true,"href":"https:\/\/diariodelsurdigital.com.ar\/index.php?rest_route=%2Fwp%2Fv2%2Ftags&post=4201"}],"curies":[{"name":"wp","href":"https:\/\/api.w.org\/{rel}","templated":true}]}}