{"id":4212,"date":"2025-08-20T16:11:23","date_gmt":"2025-08-20T19:11:23","guid":{"rendered":"https:\/\/diariodelsurdigital.com.ar\/?p=4212"},"modified":"2025-08-20T16:11:24","modified_gmt":"2025-08-20T19:11:24","slug":"arrestaron-a-un-empresario-senalado-como-valijero","status":"publish","type":"post","link":"https:\/\/diariodelsurdigital.com.ar\/?p=4212","title":{"rendered":"Arrestaron a un empresario se\u00f1alado como \u201cvalijero\u201d"},"content":{"rendered":"\n<p><strong>Juli\u00e1n Quiroga iba todo el tiempo a la Direcci\u00f3n de Comedores de la ciudad de Concordia, pese a no tener ning\u00fan rol ni cargo que lo justifique. Este mi\u00e9rcoles, el due\u00f1o de un comercio y una metal\u00fargica, fue detenido en el marco de los allanamientos realizados por la Polic\u00eda en el marco de la investigaci\u00f3n que lleva adelante la Fiscal\u00eda por el presunto desv\u00edo de fondos que ten\u00edan como destino el alimento para ni\u00f1os y ni\u00f1as de escuelas de una de las ciudades con mayores \u00edndices de pobreza infantil del pa\u00eds.<\/strong><\/p>\n\n\n\n<figure class=\"wp-block-image\"><img decoding=\"async\" src=\"https:\/\/cdnartic.ar\/2FlThjQbU49D2GBZRq384Z6cRtE=\/1500x0\/filters:no_upscale()\/https:\/\/elheraldocdn.eleco.com.ar\/media\/2025\/08\/comedores.jpeg\" alt=\"Arrestaron a un empresario se\u00f1alado como \u201cvalijero\u201d\"\/><\/figure>\n\n\n\n<p>En las pruebas analizadas surgi\u00f3 su rol como una especie de \u201cvalijero\u201d del dinero en negro entre los proveedores y la exfuncionaria Silvina Mur\u00faa.<br>El hecho que est\u00e1 bajo an\u00e1lisis es el desv\u00edo de m\u00e1s de 100 millones de pesos en los meses de marzo y abril, seg\u00fan la auditor\u00eda interna realizada por la Direcci\u00f3n de Comedores. La maniobra que se sospecha es el presunto acuerdo il\u00edcito con uno o dos proveedores (I\u00f1aki Partarri\u00e9, propietario de Ahora Voy, y su padre Mart\u00edn, de Partarri\u00e9 Distribuciones SAS), a quienes les habr\u00edan pagado la mercader\u00eda que entregaban con sobreprecios, o falseando la cantidad de productos recibidos o entregando productos de menor calidad y valor, y estos empresarios luego habr\u00edan retornado en efectivo el pago de sobornos.<br>La Fiscal\u00eda de Concordia abri\u00f3 una causa de oficio, que qued\u00f3 a cargo de la fiscal Daniela Montangie. A fines de junio el personal de la Jefatura Departamental Concordia allan\u00f3 la vivienda de Mur\u00faa y los domicilios y la distribuidora de los Parterri\u00e9. All\u00ed se secuestraron elementos inform\u00e1ticos y celulares. De las pericias, as\u00ed como de testimonios y otras averiguaciones, surgi\u00f3 el v\u00ednculo y el rol de Quiroga en la trama del desv\u00edo de fondos.<br>Quiroga es un empresario conocido en Concordia, que tiene un negocio de venta de vidrio y la f\u00e1brica de productos de aluminio Acercon, asociado a otra persona. Se trata de un personaje pol\u00e9mico que \u00faltimamente apareci\u00f3 en el MID, que siempre busc\u00f3 hacer todo tipo de negocios con el Estado y que se hab\u00eda pegado a Mur\u00faa. Aparec\u00eda todo el tiempo en la Coordinaci\u00f3n de Comedores: \u201cNos saludaba, buena onda, pero nunca supimos qu\u00e9 hac\u00eda \u00e9l, si estaba por encima de ella o qu\u00e9\u201d, dijo un empleado del \u00e1rea.<br>Quiroga se asoci\u00f3 a otro hombre que supo hacer v\u00ednculos comerciales con el Estado, sin distinci\u00f3n de banderas pol\u00edticas: Guillermo Marcone, un arquitecto que tambi\u00e9n es integrante del MID, que hab\u00eda sido nombrado en el distrito entrerriano de Vialidad Nacional, pero al poco tiempo lo removieron sin que nadie dijera nada.<br>La cuesti\u00f3n es que Quiroga se acerc\u00f3 a Mur\u00faa y \u201caparentemente digitaba todo dentro de los comedores\u201d, dijo una fuente cercana a la exfuncionaria. Se trata de uno de esos hombres que buscan todo el tiempo hacer negocios con los recursos p\u00fablicos. As\u00ed como estaba en Comedores, se instalaba en Obras P\u00fablicas de la Municipalidad. De ah\u00ed se iba a otra dependencia.<br>En la investigaci\u00f3n surgi\u00f3 la firme sospecha de que Quiroga era el que llevaba el dinero negro a la Direcci\u00f3n de Comedores, desde donde Mur\u00faa lo habr\u00eda llevado luego a una casa de cambio informal, es decir una cueva, donde cambiaba los pesos por d\u00f3lares. Hab\u00eda trascendido p\u00fablicamente un audio de una conversaci\u00f3n grabada por una persona an\u00f3nima en el que Mur\u00faa se quejaba ante I\u00f1aki Parterri\u00e9 porque el padre le daba fajos de billetes con menos dinero que el que dec\u00edan, y que de esto se dio cuenta cuando fue a cambiar el dinero a esa cueva.<br>En los allanamientos donde detuvieron a Quiroga se secuestr\u00f3 tambi\u00e9n 48 millones de pesos y 7.000 d\u00f3lares, adem\u00e1s de armas de fuego. Tambi\u00e9n fue allanado el hermano de Mur\u00faa. Ahora se analizar\u00e1n los elementos incautados para hallar m\u00e1s elementos.(I:An\u00e1lisis)<\/p>\n\n\n\n<p>Fuente: El Heraldo<\/p>\n","protected":false},"excerpt":{"rendered":"<p>Juli\u00e1n Quiroga iba todo el tiempo a la Direcci\u00f3n de Comedores de la ciudad de Concordia, pese a no tener ning\u00fan rol ni cargo que lo justifique. Este mi\u00e9rcoles, el due\u00f1o de un comercio y una metal\u00fargica, fue detenido en el marco de los allanamientos realizados por la Polic\u00eda en el marco de la investigaci\u00f3n [&hellip;]<\/p>\n","protected":false},"author":3,"featured_media":4213,"comment_status":"open","ping_status":"open","sticky":false,"template":"","format":"standard","meta":{"footnotes":""},"categories":[21],"tags":[],"class_list":{"0":"post-4212","1":"post","2":"type-post","3":"status-publish","4":"format-standard","5":"has-post-thumbnail","7":"category-policiales"},"yoast_head":"<!-- This site is optimized with the Yoast SEO plugin v27.4 - https:\/\/yoast.com\/product\/yoast-seo-wordpress\/ -->\n<title>Arrestaron a un empresario se\u00f1alado como \u201cvalijero\u201d - Diario del Sur<\/title>\n<meta name=\"robots\" content=\"index, follow, max-snippet:-1, max-image-preview:large, max-video-preview:-1\" \/>\n<link rel=\"canonical\" href=\"https:\/\/diariodelsurdigital.com.ar\/?p=4212\" \/>\n<meta property=\"og:locale\" content=\"es_ES\" \/>\n<meta property=\"og:type\" content=\"article\" \/>\n<meta property=\"og:title\" content=\"Arrestaron a un empresario se\u00f1alado como \u201cvalijero\u201d - Diario del Sur\" \/>\n<meta property=\"og:description\" content=\"Juli\u00e1n Quiroga iba todo el tiempo a la Direcci\u00f3n de Comedores de la ciudad de Concordia, pese a no tener ning\u00fan rol ni cargo que lo justifique. Este mi\u00e9rcoles, el due\u00f1o de un comercio y una metal\u00fargica, fue detenido en el marco de los allanamientos realizados por la Polic\u00eda en el marco de la investigaci\u00f3n [&hellip;]\" \/>\n<meta property=\"og:url\" content=\"https:\/\/diariodelsurdigital.com.ar\/?p=4212\" \/>\n<meta property=\"og:site_name\" content=\"Diario del Sur\" \/>\n<meta property=\"article:published_time\" content=\"2025-08-20T19:11:23+00:00\" \/>\n<meta property=\"article:modified_time\" content=\"2025-08-20T19:11:24+00:00\" \/>\n<meta property=\"og:image\" content=\"https:\/\/diariodelsurdigital.com.ar\/wp-content\/uploads\/2025\/08\/comedores.jpg\" \/>\n\t<meta property=\"og:image:width\" content=\"773\" \/>\n\t<meta property=\"og:image:height\" content=\"580\" \/>\n\t<meta property=\"og:image:type\" content=\"image\/jpeg\" \/>\n<meta name=\"author\" content=\"Diario del Sur Digital\" \/>\n<meta name=\"twitter:card\" content=\"summary_large_image\" \/>\n<meta name=\"twitter:label1\" content=\"Escrito por\" \/>\n\t<meta name=\"twitter:data1\" content=\"Diario del Sur Digital\" \/>\n\t<meta name=\"twitter:label2\" content=\"Tiempo de lectura\" \/>\n\t<meta name=\"twitter:data2\" content=\"4 minutos\" \/>\n<script type=\"application\/ld+json\" class=\"yoast-schema-graph\">{\"@context\":\"https:\\\/\\\/schema.org\",\"@graph\":[{\"@type\":\"Article\",\"@id\":\"https:\\\/\\\/diariodelsurdigital.com.ar\\\/?p=4212#article\",\"isPartOf\":{\"@id\":\"https:\\\/\\\/diariodelsurdigital.com.ar\\\/?p=4212\"},\"author\":{\"name\":\"Diario del Sur Digital\",\"@id\":\"https:\\\/\\\/diariodelsurdigital.com.ar\\\/#\\\/schema\\\/person\\\/d794acb23337e88c6e4004a39c32be62\"},\"headline\":\"Arrestaron a un empresario se\u00f1alado como \u201cvalijero\u201d\",\"datePublished\":\"2025-08-20T19:11:23+00:00\",\"dateModified\":\"2025-08-20T19:11:24+00:00\",\"mainEntityOfPage\":{\"@id\":\"https:\\\/\\\/diariodelsurdigital.com.ar\\\/?p=4212\"},\"wordCount\":707,\"commentCount\":0,\"image\":{\"@id\":\"https:\\\/\\\/diariodelsurdigital.com.ar\\\/?p=4212#primaryimage\"},\"thumbnailUrl\":\"https:\\\/\\\/diariodelsurdigital.com.ar\\\/wp-content\\\/uploads\\\/2025\\\/08\\\/comedores.jpg\",\"articleSection\":[\"Policiales\"],\"inLanguage\":\"es\",\"potentialAction\":[{\"@type\":\"CommentAction\",\"name\":\"Comment\",\"target\":[\"https:\\\/\\\/diariodelsurdigital.com.ar\\\/?p=4212#respond\"]}]},{\"@type\":\"WebPage\",\"@id\":\"https:\\\/\\\/diariodelsurdigital.com.ar\\\/?p=4212\",\"url\":\"https:\\\/\\\/diariodelsurdigital.com.ar\\\/?p=4212\",\"name\":\"Arrestaron a un empresario se\u00f1alado como \u201cvalijero\u201d - Diario del Sur\",\"isPartOf\":{\"@id\":\"https:\\\/\\\/diariodelsurdigital.com.ar\\\/#website\"},\"primaryImageOfPage\":{\"@id\":\"https:\\\/\\\/diariodelsurdigital.com.ar\\\/?p=4212#primaryimage\"},\"image\":{\"@id\":\"https:\\\/\\\/diariodelsurdigital.com.ar\\\/?p=4212#primaryimage\"},\"thumbnailUrl\":\"https:\\\/\\\/diariodelsurdigital.com.ar\\\/wp-content\\\/uploads\\\/2025\\\/08\\\/comedores.jpg\",\"datePublished\":\"2025-08-20T19:11:23+00:00\",\"dateModified\":\"2025-08-20T19:11:24+00:00\",\"author\":{\"@id\":\"https:\\\/\\\/diariodelsurdigital.com.ar\\\/#\\\/schema\\\/person\\\/d794acb23337e88c6e4004a39c32be62\"},\"breadcrumb\":{\"@id\":\"https:\\\/\\\/diariodelsurdigital.com.ar\\\/?p=4212#breadcrumb\"},\"inLanguage\":\"es\",\"potentialAction\":[{\"@type\":\"ReadAction\",\"target\":[\"https:\\\/\\\/diariodelsurdigital.com.ar\\\/?p=4212\"]}]},{\"@type\":\"ImageObject\",\"inLanguage\":\"es\",\"@id\":\"https:\\\/\\\/diariodelsurdigital.com.ar\\\/?p=4212#primaryimage\",\"url\":\"https:\\\/\\\/diariodelsurdigital.com.ar\\\/wp-content\\\/uploads\\\/2025\\\/08\\\/comedores.jpg\",\"contentUrl\":\"https:\\\/\\\/diariodelsurdigital.com.ar\\\/wp-content\\\/uploads\\\/2025\\\/08\\\/comedores.jpg\",\"width\":773,\"height\":580},{\"@type\":\"BreadcrumbList\",\"@id\":\"https:\\\/\\\/diariodelsurdigital.com.ar\\\/?p=4212#breadcrumb\",\"itemListElement\":[{\"@type\":\"ListItem\",\"position\":1,\"name\":\"Portada\",\"item\":\"https:\\\/\\\/diariodelsurdigital.com.ar\\\/\"},{\"@type\":\"ListItem\",\"position\":2,\"name\":\"Arrestaron a un empresario se\u00f1alado como \u201cvalijero\u201d\"}]},{\"@type\":\"WebSite\",\"@id\":\"https:\\\/\\\/diariodelsurdigital.com.ar\\\/#website\",\"url\":\"https:\\\/\\\/diariodelsurdigital.com.ar\\\/\",\"name\":\"Diario del Sur\",\"description\":\"Digital\",\"potentialAction\":[{\"@type\":\"SearchAction\",\"target\":{\"@type\":\"EntryPoint\",\"urlTemplate\":\"https:\\\/\\\/diariodelsurdigital.com.ar\\\/?s={search_term_string}\"},\"query-input\":{\"@type\":\"PropertyValueSpecification\",\"valueRequired\":true,\"valueName\":\"search_term_string\"}}],\"inLanguage\":\"es\"},{\"@type\":\"Person\",\"@id\":\"https:\\\/\\\/diariodelsurdigital.com.ar\\\/#\\\/schema\\\/person\\\/d794acb23337e88c6e4004a39c32be62\",\"name\":\"Diario del Sur Digital\",\"image\":{\"@type\":\"ImageObject\",\"inLanguage\":\"es\",\"@id\":\"https:\\\/\\\/secure.gravatar.com\\\/avatar\\\/47679bcfa15734cfdefc176b6ad58adeeccac22b2e03e095ada6c622af2b463a?s=96&d=mm&r=g\",\"url\":\"https:\\\/\\\/secure.gravatar.com\\\/avatar\\\/47679bcfa15734cfdefc176b6ad58adeeccac22b2e03e095ada6c622af2b463a?s=96&d=mm&r=g\",\"contentUrl\":\"https:\\\/\\\/secure.gravatar.com\\\/avatar\\\/47679bcfa15734cfdefc176b6ad58adeeccac22b2e03e095ada6c622af2b463a?s=96&d=mm&r=g\",\"caption\":\"Diario del Sur Digital\"},\"url\":\"https:\\\/\\\/diariodelsurdigital.com.ar\\\/?author=3\"}]}<\/script>\n<!-- \/ Yoast SEO plugin. -->","yoast_head_json":{"title":"Arrestaron a un empresario se\u00f1alado como \u201cvalijero\u201d - Diario del Sur","robots":{"index":"index","follow":"follow","max-snippet":"max-snippet:-1","max-image-preview":"max-image-preview:large","max-video-preview":"max-video-preview:-1"},"canonical":"https:\/\/diariodelsurdigital.com.ar\/?p=4212","og_locale":"es_ES","og_type":"article","og_title":"Arrestaron a un empresario se\u00f1alado como \u201cvalijero\u201d - Diario del Sur","og_description":"Juli\u00e1n Quiroga iba todo el tiempo a la Direcci\u00f3n de Comedores de la ciudad de Concordia, pese a no tener ning\u00fan rol ni cargo que lo justifique. Este mi\u00e9rcoles, el due\u00f1o de un comercio y una metal\u00fargica, fue detenido en el marco de los allanamientos realizados por la Polic\u00eda en el marco de la investigaci\u00f3n [&hellip;]","og_url":"https:\/\/diariodelsurdigital.com.ar\/?p=4212","og_site_name":"Diario del Sur","article_published_time":"2025-08-20T19:11:23+00:00","article_modified_time":"2025-08-20T19:11:24+00:00","og_image":[{"width":773,"height":580,"url":"https:\/\/diariodelsurdigital.com.ar\/wp-content\/uploads\/2025\/08\/comedores.jpg","type":"image\/jpeg"}],"author":"Diario del Sur Digital","twitter_card":"summary_large_image","twitter_misc":{"Escrito por":"Diario del Sur Digital","Tiempo de lectura":"4 minutos"},"schema":{"@context":"https:\/\/schema.org","@graph":[{"@type":"Article","@id":"https:\/\/diariodelsurdigital.com.ar\/?p=4212#article","isPartOf":{"@id":"https:\/\/diariodelsurdigital.com.ar\/?p=4212"},"author":{"name":"Diario del Sur Digital","@id":"https:\/\/diariodelsurdigital.com.ar\/#\/schema\/person\/d794acb23337e88c6e4004a39c32be62"},"headline":"Arrestaron a un empresario se\u00f1alado como \u201cvalijero\u201d","datePublished":"2025-08-20T19:11:23+00:00","dateModified":"2025-08-20T19:11:24+00:00","mainEntityOfPage":{"@id":"https:\/\/diariodelsurdigital.com.ar\/?p=4212"},"wordCount":707,"commentCount":0,"image":{"@id":"https:\/\/diariodelsurdigital.com.ar\/?p=4212#primaryimage"},"thumbnailUrl":"https:\/\/diariodelsurdigital.com.ar\/wp-content\/uploads\/2025\/08\/comedores.jpg","articleSection":["Policiales"],"inLanguage":"es","potentialAction":[{"@type":"CommentAction","name":"Comment","target":["https:\/\/diariodelsurdigital.com.ar\/?p=4212#respond"]}]},{"@type":"WebPage","@id":"https:\/\/diariodelsurdigital.com.ar\/?p=4212","url":"https:\/\/diariodelsurdigital.com.ar\/?p=4212","name":"Arrestaron a un empresario se\u00f1alado como \u201cvalijero\u201d - Diario del Sur","isPartOf":{"@id":"https:\/\/diariodelsurdigital.com.ar\/#website"},"primaryImageOfPage":{"@id":"https:\/\/diariodelsurdigital.com.ar\/?p=4212#primaryimage"},"image":{"@id":"https:\/\/diariodelsurdigital.com.ar\/?p=4212#primaryimage"},"thumbnailUrl":"https:\/\/diariodelsurdigital.com.ar\/wp-content\/uploads\/2025\/08\/comedores.jpg","datePublished":"2025-08-20T19:11:23+00:00","dateModified":"2025-08-20T19:11:24+00:00","author":{"@id":"https:\/\/diariodelsurdigital.com.ar\/#\/schema\/person\/d794acb23337e88c6e4004a39c32be62"},"breadcrumb":{"@id":"https:\/\/diariodelsurdigital.com.ar\/?p=4212#breadcrumb"},"inLanguage":"es","potentialAction":[{"@type":"ReadAction","target":["https:\/\/diariodelsurdigital.com.ar\/?p=4212"]}]},{"@type":"ImageObject","inLanguage":"es","@id":"https:\/\/diariodelsurdigital.com.ar\/?p=4212#primaryimage","url":"https:\/\/diariodelsurdigital.com.ar\/wp-content\/uploads\/2025\/08\/comedores.jpg","contentUrl":"https:\/\/diariodelsurdigital.com.ar\/wp-content\/uploads\/2025\/08\/comedores.jpg","width":773,"height":580},{"@type":"BreadcrumbList","@id":"https:\/\/diariodelsurdigital.com.ar\/?p=4212#breadcrumb","itemListElement":[{"@type":"ListItem","position":1,"name":"Portada","item":"https:\/\/diariodelsurdigital.com.ar\/"},{"@type":"ListItem","position":2,"name":"Arrestaron a un empresario se\u00f1alado como \u201cvalijero\u201d"}]},{"@type":"WebSite","@id":"https:\/\/diariodelsurdigital.com.ar\/#website","url":"https:\/\/diariodelsurdigital.com.ar\/","name":"Diario del Sur","description":"Digital","potentialAction":[{"@type":"SearchAction","target":{"@type":"EntryPoint","urlTemplate":"https:\/\/diariodelsurdigital.com.ar\/?s={search_term_string}"},"query-input":{"@type":"PropertyValueSpecification","valueRequired":true,"valueName":"search_term_string"}}],"inLanguage":"es"},{"@type":"Person","@id":"https:\/\/diariodelsurdigital.com.ar\/#\/schema\/person\/d794acb23337e88c6e4004a39c32be62","name":"Diario del Sur Digital","image":{"@type":"ImageObject","inLanguage":"es","@id":"https:\/\/secure.gravatar.com\/avatar\/47679bcfa15734cfdefc176b6ad58adeeccac22b2e03e095ada6c622af2b463a?s=96&d=mm&r=g","url":"https:\/\/secure.gravatar.com\/avatar\/47679bcfa15734cfdefc176b6ad58adeeccac22b2e03e095ada6c622af2b463a?s=96&d=mm&r=g","contentUrl":"https:\/\/secure.gravatar.com\/avatar\/47679bcfa15734cfdefc176b6ad58adeeccac22b2e03e095ada6c622af2b463a?s=96&d=mm&r=g","caption":"Diario del Sur Digital"},"url":"https:\/\/diariodelsurdigital.com.ar\/?author=3"}]}},"_links":{"self":[{"href":"https:\/\/diariodelsurdigital.com.ar\/index.php?rest_route=\/wp\/v2\/posts\/4212","targetHints":{"allow":["GET"]}}],"collection":[{"href":"https:\/\/diariodelsurdigital.com.ar\/index.php?rest_route=\/wp\/v2\/posts"}],"about":[{"href":"https:\/\/diariodelsurdigital.com.ar\/index.php?rest_route=\/wp\/v2\/types\/post"}],"author":[{"embeddable":true,"href":"https:\/\/diariodelsurdigital.com.ar\/index.php?rest_route=\/wp\/v2\/users\/3"}],"replies":[{"embeddable":true,"href":"https:\/\/diariodelsurdigital.com.ar\/index.php?rest_route=%2Fwp%2Fv2%2Fcomments&post=4212"}],"version-history":[{"count":1,"href":"https:\/\/diariodelsurdigital.com.ar\/index.php?rest_route=\/wp\/v2\/posts\/4212\/revisions"}],"predecessor-version":[{"id":4214,"href":"https:\/\/diariodelsurdigital.com.ar\/index.php?rest_route=\/wp\/v2\/posts\/4212\/revisions\/4214"}],"wp:featuredmedia":[{"embeddable":true,"href":"https:\/\/diariodelsurdigital.com.ar\/index.php?rest_route=\/wp\/v2\/media\/4213"}],"wp:attachment":[{"href":"https:\/\/diariodelsurdigital.com.ar\/index.php?rest_route=%2Fwp%2Fv2%2Fmedia&parent=4212"}],"wp:term":[{"taxonomy":"category","embeddable":true,"href":"https:\/\/diariodelsurdigital.com.ar\/index.php?rest_route=%2Fwp%2Fv2%2Fcategories&post=4212"},{"taxonomy":"post_tag","embeddable":true,"href":"https:\/\/diariodelsurdigital.com.ar\/index.php?rest_route=%2Fwp%2Fv2%2Ftags&post=4212"}],"curies":[{"name":"wp","href":"https:\/\/api.w.org\/{rel}","templated":true}]}}