{"id":4222,"date":"2025-08-21T10:18:47","date_gmt":"2025-08-21T13:18:47","guid":{"rendered":"https:\/\/diariodelsurdigital.com.ar\/?p=4222"},"modified":"2025-08-21T10:18:48","modified_gmt":"2025-08-21T13:18:48","slug":"referente-de-la-libertad-avanza-y-citricultor-de-chajari-fue-denunciado-por-amenazas","status":"publish","type":"post","link":"https:\/\/diariodelsurdigital.com.ar\/?p=4222","title":{"rendered":"Referente de La Libertad Avanza y citricultor de Chajar\u00ed fue denunciado por amenazas"},"content":{"rendered":"\n<p>Tras una denuncia por amenazas le secuestraron un arma a un citricultor y referente partidario de un partido dem\u00f3crata libertario. La denuncia fue radicada en Villa del Rosario, por supuesta amenaza con arma de fuego. El denunciado es un citricultor y referente que se present\u00f3 oportunamente con La Libertad Avanza (LLA).<\/p>\n\n\n\n<p>Un dirigente de La Libertad Avanza (LLA) y productor de Cahajar\u00ed fue detenido por amenazas. De acuerdo a la informaci\u00f3n a la que pudo acceder el portal, Chajar\u00ed al D\u00eda, personal policial realiz\u00f3 un allanamiento en un establecimiento ubicado sobre calle Concordia, pasando calle Mil\u00e1n, en un lugar denominado \u201cEl leoncito\u201d.<\/p>\n\n\n\n<p>La denuncia fue radicada en la misma localidad de Villa del Rosario, por una supuesta amenaza con arma de fuego. La informaci\u00f3n publicada por el citado medio no identifica al denunciado, aunque apunta que es un citricultor y referente partidario dem\u00f3crata, que se present\u00f3 oportunamente con La Libertad Avanza (LLA). A ello agregan que el acusado ya ha tenido denuncias similares y de exposici\u00f3n p\u00fablica.<\/p>\n\n\n\n<p>Actuaci\u00f3n judicial<\/p>\n\n\n\n<p>En ese marco, con orden judicial se dispuso la requisa domiciliaria, personal y vehicular, arrojando resultados positivos, ya que se logr\u00f3 secuestrar un rev\u00f3lver, cromado. En el lugar intervino personal de la Secci\u00f3n Judiciales, Polic\u00eda Cient\u00edfica, de tropa y Brigada de Investigaciones.<\/p>\n","protected":false},"excerpt":{"rendered":"<p>Tras una denuncia por amenazas le secuestraron un arma a un citricultor y referente partidario de un partido dem\u00f3crata libertario. La denuncia fue radicada en Villa del Rosario, por supuesta amenaza con arma de fuego. El denunciado es un citricultor y referente que se present\u00f3 oportunamente con La Libertad Avanza (LLA). Un dirigente de La [&hellip;]<\/p>\n","protected":false},"author":4,"featured_media":4223,"comment_status":"open","ping_status":"open","sticky":false,"template":"","format":"standard","meta":{"footnotes":""},"categories":[19,21],"tags":[],"class_list":{"0":"post-4222","1":"post","2":"type-post","3":"status-publish","4":"format-standard","5":"has-post-thumbnail","7":"category-interes-general","8":"category-policiales"},"yoast_head":"<!-- This site is optimized with the Yoast SEO plugin v27.4 - https:\/\/yoast.com\/product\/yoast-seo-wordpress\/ -->\n<title>Referente de La Libertad Avanza y citricultor de Chajar\u00ed fue denunciado por amenazas - Diario del Sur<\/title>\n<meta name=\"robots\" content=\"index, follow, max-snippet:-1, max-image-preview:large, max-video-preview:-1\" \/>\n<link rel=\"canonical\" href=\"https:\/\/diariodelsurdigital.com.ar\/?p=4222\" \/>\n<meta property=\"og:locale\" content=\"es_ES\" \/>\n<meta property=\"og:type\" content=\"article\" \/>\n<meta property=\"og:title\" content=\"Referente de La Libertad Avanza y citricultor de Chajar\u00ed fue denunciado por amenazas - Diario del Sur\" \/>\n<meta property=\"og:description\" content=\"Tras una denuncia por amenazas le secuestraron un arma a un citricultor y referente partidario de un partido dem\u00f3crata libertario. La denuncia fue radicada en Villa del Rosario, por supuesta amenaza con arma de fuego. El denunciado es un citricultor y referente que se present\u00f3 oportunamente con La Libertad Avanza (LLA). Un dirigente de La [&hellip;]\" \/>\n<meta property=\"og:url\" content=\"https:\/\/diariodelsurdigital.com.ar\/?p=4222\" \/>\n<meta property=\"og:site_name\" content=\"Diario del Sur\" \/>\n<meta property=\"article:published_time\" content=\"2025-08-21T13:18:47+00:00\" \/>\n<meta property=\"article:modified_time\" content=\"2025-08-21T13:18:48+00:00\" \/>\n<meta property=\"og:image\" content=\"https:\/\/diariodelsurdigital.com.ar\/wp-content\/uploads\/2025\/08\/md-8-1.webp\" \/>\n\t<meta property=\"og:image:width\" content=\"992\" \/>\n\t<meta property=\"og:image:height\" content=\"446\" \/>\n\t<meta property=\"og:image:type\" content=\"image\/webp\" \/>\n<meta name=\"author\" content=\"Diario del Sur Digital\" \/>\n<meta name=\"twitter:card\" content=\"summary_large_image\" \/>\n<meta name=\"twitter:label1\" content=\"Escrito por\" \/>\n\t<meta name=\"twitter:data1\" content=\"Diario del Sur Digital\" \/>\n\t<meta name=\"twitter:label2\" content=\"Tiempo de lectura\" \/>\n\t<meta name=\"twitter:data2\" content=\"2 minutos\" \/>\n<script type=\"application\/ld+json\" class=\"yoast-schema-graph\">{\"@context\":\"https:\\\/\\\/schema.org\",\"@graph\":[{\"@type\":\"Article\",\"@id\":\"https:\\\/\\\/diariodelsurdigital.com.ar\\\/?p=4222#article\",\"isPartOf\":{\"@id\":\"https:\\\/\\\/diariodelsurdigital.com.ar\\\/?p=4222\"},\"author\":{\"name\":\"Diario del Sur Digital\",\"@id\":\"https:\\\/\\\/diariodelsurdigital.com.ar\\\/#\\\/schema\\\/person\\\/1a4992532ed62965c968031b49195c81\"},\"headline\":\"Referente de La Libertad Avanza y citricultor de Chajar\u00ed fue denunciado por amenazas\",\"datePublished\":\"2025-08-21T13:18:47+00:00\",\"dateModified\":\"2025-08-21T13:18:48+00:00\",\"mainEntityOfPage\":{\"@id\":\"https:\\\/\\\/diariodelsurdigital.com.ar\\\/?p=4222\"},\"wordCount\":237,\"commentCount\":0,\"image\":{\"@id\":\"https:\\\/\\\/diariodelsurdigital.com.ar\\\/?p=4222#primaryimage\"},\"thumbnailUrl\":\"https:\\\/\\\/diariodelsurdigital.com.ar\\\/wp-content\\\/uploads\\\/2025\\\/08\\\/md-8-1.webp\",\"articleSection\":[\"Inter\u00e9s General\",\"Policiales\"],\"inLanguage\":\"es\",\"potentialAction\":[{\"@type\":\"CommentAction\",\"name\":\"Comment\",\"target\":[\"https:\\\/\\\/diariodelsurdigital.com.ar\\\/?p=4222#respond\"]}]},{\"@type\":\"WebPage\",\"@id\":\"https:\\\/\\\/diariodelsurdigital.com.ar\\\/?p=4222\",\"url\":\"https:\\\/\\\/diariodelsurdigital.com.ar\\\/?p=4222\",\"name\":\"Referente de La Libertad Avanza y citricultor de Chajar\u00ed fue denunciado por amenazas - Diario del Sur\",\"isPartOf\":{\"@id\":\"https:\\\/\\\/diariodelsurdigital.com.ar\\\/#website\"},\"primaryImageOfPage\":{\"@id\":\"https:\\\/\\\/diariodelsurdigital.com.ar\\\/?p=4222#primaryimage\"},\"image\":{\"@id\":\"https:\\\/\\\/diariodelsurdigital.com.ar\\\/?p=4222#primaryimage\"},\"thumbnailUrl\":\"https:\\\/\\\/diariodelsurdigital.com.ar\\\/wp-content\\\/uploads\\\/2025\\\/08\\\/md-8-1.webp\",\"datePublished\":\"2025-08-21T13:18:47+00:00\",\"dateModified\":\"2025-08-21T13:18:48+00:00\",\"author\":{\"@id\":\"https:\\\/\\\/diariodelsurdigital.com.ar\\\/#\\\/schema\\\/person\\\/1a4992532ed62965c968031b49195c81\"},\"breadcrumb\":{\"@id\":\"https:\\\/\\\/diariodelsurdigital.com.ar\\\/?p=4222#breadcrumb\"},\"inLanguage\":\"es\",\"potentialAction\":[{\"@type\":\"ReadAction\",\"target\":[\"https:\\\/\\\/diariodelsurdigital.com.ar\\\/?p=4222\"]}]},{\"@type\":\"ImageObject\",\"inLanguage\":\"es\",\"@id\":\"https:\\\/\\\/diariodelsurdigital.com.ar\\\/?p=4222#primaryimage\",\"url\":\"https:\\\/\\\/diariodelsurdigital.com.ar\\\/wp-content\\\/uploads\\\/2025\\\/08\\\/md-8-1.webp\",\"contentUrl\":\"https:\\\/\\\/diariodelsurdigital.com.ar\\\/wp-content\\\/uploads\\\/2025\\\/08\\\/md-8-1.webp\",\"width\":992,\"height\":446},{\"@type\":\"BreadcrumbList\",\"@id\":\"https:\\\/\\\/diariodelsurdigital.com.ar\\\/?p=4222#breadcrumb\",\"itemListElement\":[{\"@type\":\"ListItem\",\"position\":1,\"name\":\"Portada\",\"item\":\"https:\\\/\\\/diariodelsurdigital.com.ar\\\/\"},{\"@type\":\"ListItem\",\"position\":2,\"name\":\"Referente de La Libertad Avanza y citricultor de Chajar\u00ed fue denunciado por amenazas\"}]},{\"@type\":\"WebSite\",\"@id\":\"https:\\\/\\\/diariodelsurdigital.com.ar\\\/#website\",\"url\":\"https:\\\/\\\/diariodelsurdigital.com.ar\\\/\",\"name\":\"Diario del Sur\",\"description\":\"Digital\",\"potentialAction\":[{\"@type\":\"SearchAction\",\"target\":{\"@type\":\"EntryPoint\",\"urlTemplate\":\"https:\\\/\\\/diariodelsurdigital.com.ar\\\/?s={search_term_string}\"},\"query-input\":{\"@type\":\"PropertyValueSpecification\",\"valueRequired\":true,\"valueName\":\"search_term_string\"}}],\"inLanguage\":\"es\"},{\"@type\":\"Person\",\"@id\":\"https:\\\/\\\/diariodelsurdigital.com.ar\\\/#\\\/schema\\\/person\\\/1a4992532ed62965c968031b49195c81\",\"name\":\"Diario del Sur Digital\",\"image\":{\"@type\":\"ImageObject\",\"inLanguage\":\"es\",\"@id\":\"https:\\\/\\\/secure.gravatar.com\\\/avatar\\\/f0c7c47fc7146d19828273b9b8eda651c9c7ab583767e6338d3d3bee825adf76?s=96&d=mm&r=g\",\"url\":\"https:\\\/\\\/secure.gravatar.com\\\/avatar\\\/f0c7c47fc7146d19828273b9b8eda651c9c7ab583767e6338d3d3bee825adf76?s=96&d=mm&r=g\",\"contentUrl\":\"https:\\\/\\\/secure.gravatar.com\\\/avatar\\\/f0c7c47fc7146d19828273b9b8eda651c9c7ab583767e6338d3d3bee825adf76?s=96&d=mm&r=g\",\"caption\":\"Diario del Sur Digital\"},\"url\":\"https:\\\/\\\/diariodelsurdigital.com.ar\\\/?author=4\"}]}<\/script>\n<!-- \/ Yoast SEO plugin. -->","yoast_head_json":{"title":"Referente de La Libertad Avanza y citricultor de Chajar\u00ed fue denunciado por amenazas - Diario del Sur","robots":{"index":"index","follow":"follow","max-snippet":"max-snippet:-1","max-image-preview":"max-image-preview:large","max-video-preview":"max-video-preview:-1"},"canonical":"https:\/\/diariodelsurdigital.com.ar\/?p=4222","og_locale":"es_ES","og_type":"article","og_title":"Referente de La Libertad Avanza y citricultor de Chajar\u00ed fue denunciado por amenazas - Diario del Sur","og_description":"Tras una denuncia por amenazas le secuestraron un arma a un citricultor y referente partidario de un partido dem\u00f3crata libertario. La denuncia fue radicada en Villa del Rosario, por supuesta amenaza con arma de fuego. El denunciado es un citricultor y referente que se present\u00f3 oportunamente con La Libertad Avanza (LLA). Un dirigente de La [&hellip;]","og_url":"https:\/\/diariodelsurdigital.com.ar\/?p=4222","og_site_name":"Diario del Sur","article_published_time":"2025-08-21T13:18:47+00:00","article_modified_time":"2025-08-21T13:18:48+00:00","og_image":[{"width":992,"height":446,"url":"https:\/\/diariodelsurdigital.com.ar\/wp-content\/uploads\/2025\/08\/md-8-1.webp","type":"image\/webp"}],"author":"Diario del Sur Digital","twitter_card":"summary_large_image","twitter_misc":{"Escrito por":"Diario del Sur Digital","Tiempo de lectura":"2 minutos"},"schema":{"@context":"https:\/\/schema.org","@graph":[{"@type":"Article","@id":"https:\/\/diariodelsurdigital.com.ar\/?p=4222#article","isPartOf":{"@id":"https:\/\/diariodelsurdigital.com.ar\/?p=4222"},"author":{"name":"Diario del Sur Digital","@id":"https:\/\/diariodelsurdigital.com.ar\/#\/schema\/person\/1a4992532ed62965c968031b49195c81"},"headline":"Referente de La Libertad Avanza y citricultor de Chajar\u00ed fue denunciado por amenazas","datePublished":"2025-08-21T13:18:47+00:00","dateModified":"2025-08-21T13:18:48+00:00","mainEntityOfPage":{"@id":"https:\/\/diariodelsurdigital.com.ar\/?p=4222"},"wordCount":237,"commentCount":0,"image":{"@id":"https:\/\/diariodelsurdigital.com.ar\/?p=4222#primaryimage"},"thumbnailUrl":"https:\/\/diariodelsurdigital.com.ar\/wp-content\/uploads\/2025\/08\/md-8-1.webp","articleSection":["Inter\u00e9s General","Policiales"],"inLanguage":"es","potentialAction":[{"@type":"CommentAction","name":"Comment","target":["https:\/\/diariodelsurdigital.com.ar\/?p=4222#respond"]}]},{"@type":"WebPage","@id":"https:\/\/diariodelsurdigital.com.ar\/?p=4222","url":"https:\/\/diariodelsurdigital.com.ar\/?p=4222","name":"Referente de La Libertad Avanza y citricultor de Chajar\u00ed fue denunciado por amenazas - Diario del Sur","isPartOf":{"@id":"https:\/\/diariodelsurdigital.com.ar\/#website"},"primaryImageOfPage":{"@id":"https:\/\/diariodelsurdigital.com.ar\/?p=4222#primaryimage"},"image":{"@id":"https:\/\/diariodelsurdigital.com.ar\/?p=4222#primaryimage"},"thumbnailUrl":"https:\/\/diariodelsurdigital.com.ar\/wp-content\/uploads\/2025\/08\/md-8-1.webp","datePublished":"2025-08-21T13:18:47+00:00","dateModified":"2025-08-21T13:18:48+00:00","author":{"@id":"https:\/\/diariodelsurdigital.com.ar\/#\/schema\/person\/1a4992532ed62965c968031b49195c81"},"breadcrumb":{"@id":"https:\/\/diariodelsurdigital.com.ar\/?p=4222#breadcrumb"},"inLanguage":"es","potentialAction":[{"@type":"ReadAction","target":["https:\/\/diariodelsurdigital.com.ar\/?p=4222"]}]},{"@type":"ImageObject","inLanguage":"es","@id":"https:\/\/diariodelsurdigital.com.ar\/?p=4222#primaryimage","url":"https:\/\/diariodelsurdigital.com.ar\/wp-content\/uploads\/2025\/08\/md-8-1.webp","contentUrl":"https:\/\/diariodelsurdigital.com.ar\/wp-content\/uploads\/2025\/08\/md-8-1.webp","width":992,"height":446},{"@type":"BreadcrumbList","@id":"https:\/\/diariodelsurdigital.com.ar\/?p=4222#breadcrumb","itemListElement":[{"@type":"ListItem","position":1,"name":"Portada","item":"https:\/\/diariodelsurdigital.com.ar\/"},{"@type":"ListItem","position":2,"name":"Referente de La Libertad Avanza y citricultor de Chajar\u00ed fue denunciado por amenazas"}]},{"@type":"WebSite","@id":"https:\/\/diariodelsurdigital.com.ar\/#website","url":"https:\/\/diariodelsurdigital.com.ar\/","name":"Diario del Sur","description":"Digital","potentialAction":[{"@type":"SearchAction","target":{"@type":"EntryPoint","urlTemplate":"https:\/\/diariodelsurdigital.com.ar\/?s={search_term_string}"},"query-input":{"@type":"PropertyValueSpecification","valueRequired":true,"valueName":"search_term_string"}}],"inLanguage":"es"},{"@type":"Person","@id":"https:\/\/diariodelsurdigital.com.ar\/#\/schema\/person\/1a4992532ed62965c968031b49195c81","name":"Diario del Sur Digital","image":{"@type":"ImageObject","inLanguage":"es","@id":"https:\/\/secure.gravatar.com\/avatar\/f0c7c47fc7146d19828273b9b8eda651c9c7ab583767e6338d3d3bee825adf76?s=96&d=mm&r=g","url":"https:\/\/secure.gravatar.com\/avatar\/f0c7c47fc7146d19828273b9b8eda651c9c7ab583767e6338d3d3bee825adf76?s=96&d=mm&r=g","contentUrl":"https:\/\/secure.gravatar.com\/avatar\/f0c7c47fc7146d19828273b9b8eda651c9c7ab583767e6338d3d3bee825adf76?s=96&d=mm&r=g","caption":"Diario del Sur Digital"},"url":"https:\/\/diariodelsurdigital.com.ar\/?author=4"}]}},"_links":{"self":[{"href":"https:\/\/diariodelsurdigital.com.ar\/index.php?rest_route=\/wp\/v2\/posts\/4222","targetHints":{"allow":["GET"]}}],"collection":[{"href":"https:\/\/diariodelsurdigital.com.ar\/index.php?rest_route=\/wp\/v2\/posts"}],"about":[{"href":"https:\/\/diariodelsurdigital.com.ar\/index.php?rest_route=\/wp\/v2\/types\/post"}],"author":[{"embeddable":true,"href":"https:\/\/diariodelsurdigital.com.ar\/index.php?rest_route=\/wp\/v2\/users\/4"}],"replies":[{"embeddable":true,"href":"https:\/\/diariodelsurdigital.com.ar\/index.php?rest_route=%2Fwp%2Fv2%2Fcomments&post=4222"}],"version-history":[{"count":1,"href":"https:\/\/diariodelsurdigital.com.ar\/index.php?rest_route=\/wp\/v2\/posts\/4222\/revisions"}],"predecessor-version":[{"id":4224,"href":"https:\/\/diariodelsurdigital.com.ar\/index.php?rest_route=\/wp\/v2\/posts\/4222\/revisions\/4224"}],"wp:featuredmedia":[{"embeddable":true,"href":"https:\/\/diariodelsurdigital.com.ar\/index.php?rest_route=\/wp\/v2\/media\/4223"}],"wp:attachment":[{"href":"https:\/\/diariodelsurdigital.com.ar\/index.php?rest_route=%2Fwp%2Fv2%2Fmedia&parent=4222"}],"wp:term":[{"taxonomy":"category","embeddable":true,"href":"https:\/\/diariodelsurdigital.com.ar\/index.php?rest_route=%2Fwp%2Fv2%2Fcategories&post=4222"},{"taxonomy":"post_tag","embeddable":true,"href":"https:\/\/diariodelsurdigital.com.ar\/index.php?rest_route=%2Fwp%2Fv2%2Ftags&post=4222"}],"curies":[{"name":"wp","href":"https:\/\/api.w.org\/{rel}","templated":true}]}}