{"id":4225,"date":"2025-08-21T10:21:39","date_gmt":"2025-08-21T13:21:39","guid":{"rendered":"https:\/\/diariodelsurdigital.com.ar\/?p=4225"},"modified":"2025-08-21T10:21:41","modified_gmt":"2025-08-21T13:21:41","slug":"diputados-dio-media-sancion-a-la-modificacion-de-la-hora-oficial-de-argentina","status":"publish","type":"post","link":"https:\/\/diariodelsurdigital.com.ar\/?p=4225","title":{"rendered":"Diputados dio media sanci\u00f3n a la modificaci\u00f3n de la hora oficial de Argentina"},"content":{"rendered":"\n<p>En la madrugada de hoy, la C\u00e1mara de Diputados de la Naci\u00f3n aprob\u00f3 por amplia mayor\u00eda, el proyecto para establecer como hora oficial de nuestro pa\u00eds al huso horario -4, que es el que corresponde seg\u00fan el sistema internacional.<\/p>\n\n\n\n<p>El diputado Julio Cobos se\u00f1al\u00f3: \u00abHemos dado un gran paso. Aprobamos en la sesi\u00f3n de Diputados un proyecto para cambiar el horario oficial del pa\u00eds, modificando el huso horario actual que es -3 y llevarlo a -4, que es el que corresponde seg\u00fan el sistema UTC. El texto final surgi\u00f3 del acuerdo de cuatro proyectos de diferentes sectores pol\u00edticos, el propio y el de los legisladores Agost Carre\u00f1o, Pamela Caletti, y Gisela Marziotta\u00bb.<\/p>\n\n\n\n<p>El legislador mendocino dijo que \u00abArgentina hoy tiene una de las mayores diferencias entre la hora solar y la hora oficial, lo que afecta no solo al consumo de electricidad sino tambi\u00e9n al desempe\u00f1o escolar de nuestros alumnos. Por eso buscamos lograr una mayor coincidencia entre la hora solar y la oficial, y as\u00ed activar el sistema circadiano de cada persona. Nuestro pa\u00eds se encuentra casi en su totalidad dentro del huso horario de 4 horas al Oeste de Greenwich, solamente la zona cordillerana ingresa en el Huso de -5 horas; sin embargo, usamos la hora del Huso -3. Adem\u00e1s, parte de Brasil, Paraguay, Bolivia, Venezuela y Chile, hoy est\u00e1n en el Huso -4\u00bb.<\/p>\n\n\n\n<p>Cobos explic\u00f3 que \u00abla propuesta consiste en, por un lado, establecer como Hora Oficial en toda la Argentina la del huso horario de cuatro horas al Oeste del meridiano de Greenwich, que es en realidad la que nos corresponde dentro del Sistema Internacional de los Husos Horarios\u00bb. Y agreg\u00f3: \u00abPor otro lado, establece el Huso Horario de tres horas al Oeste del meridiano de Greenwich durante el per\u00edodo estival, es decir desde el primer domingo de abril hasta el primer domingo de septiembre, si as\u00ed fuera conveniente\u00bb.<\/p>\n\n\n\n<p>\u00abEn relaci\u00f3n con el impacto negativo en alumnos y alumnas de todo el territorio nacional, entendemos que la educaci\u00f3n es uno de los principales sectores damnificados en el desfasaje entre la hora solar y la hora oficial. La gran mayor\u00eda de los alumnos, en las distintas latitudes del pa\u00eds comienzan su jornada en plena oscuridad, produci\u00e9ndose as\u00ed un efecto negativo en su desempe\u00f1o escolar. Actualmente en Mendoza, la hora reloj de inicio de las actividades escolares es a las 8 de la ma\u00f1ana, pero en realidad corresponde a las 6:30 de la hora solar\u00bb, expuso el legislador.<\/p>\n\n\n\n<p>\u00abFundamentamos el proyecto en los informes realizados por especialistas del Conicet a trav\u00e9s del Instituto Nacional de Ambiente, H\u00e1bitat y Energ\u00eda -INAHE-, y en las experiencias llevadas adelante en otras naciones. Tambi\u00e9n en antecedentes provinciales; en 2004, durante mi gobernaci\u00f3n en la Provincia de Mendoza, se modific\u00f3 el huso horario con el fin de aprovechar mejor la hora solar. Es una propuesta con mucho sentido com\u00fan y surgida del acuerdo de representantes de diferentes sectores, esperamos que el Senado avance con su tratamiento\u00bb, finaliz\u00f3 Cobos.<\/p>\n","protected":false},"excerpt":{"rendered":"<p>En la madrugada de hoy, la C\u00e1mara de Diputados de la Naci\u00f3n aprob\u00f3 por amplia mayor\u00eda, el proyecto para establecer como hora oficial de nuestro pa\u00eds al huso horario -4, que es el que corresponde seg\u00fan el sistema internacional. El diputado Julio Cobos se\u00f1al\u00f3: \u00abHemos dado un gran paso. Aprobamos en la sesi\u00f3n de Diputados [&hellip;]<\/p>\n","protected":false},"author":4,"featured_media":4226,"comment_status":"open","ping_status":"open","sticky":false,"template":"","format":"standard","meta":{"footnotes":""},"categories":[19,18],"tags":[],"class_list":{"0":"post-4225","1":"post","2":"type-post","3":"status-publish","4":"format-standard","5":"has-post-thumbnail","7":"category-interes-general","8":"category-nacionales"},"yoast_head":"<!-- This site is optimized with the Yoast SEO plugin v27.4 - https:\/\/yoast.com\/product\/yoast-seo-wordpress\/ -->\n<title>Diputados dio media sanci\u00f3n a la modificaci\u00f3n de la hora oficial de Argentina - Diario del Sur<\/title>\n<meta name=\"robots\" content=\"index, follow, max-snippet:-1, max-image-preview:large, max-video-preview:-1\" \/>\n<link rel=\"canonical\" href=\"https:\/\/diariodelsurdigital.com.ar\/?p=4225\" \/>\n<meta property=\"og:locale\" content=\"es_ES\" \/>\n<meta property=\"og:type\" content=\"article\" \/>\n<meta property=\"og:title\" content=\"Diputados dio media sanci\u00f3n a la modificaci\u00f3n de la hora oficial de Argentina - Diario del Sur\" \/>\n<meta property=\"og:description\" content=\"En la madrugada de hoy, la C\u00e1mara de Diputados de la Naci\u00f3n aprob\u00f3 por amplia mayor\u00eda, el proyecto para establecer como hora oficial de nuestro pa\u00eds al huso horario -4, que es el que corresponde seg\u00fan el sistema internacional. El diputado Julio Cobos se\u00f1al\u00f3: \u00abHemos dado un gran paso. Aprobamos en la sesi\u00f3n de Diputados [&hellip;]\" \/>\n<meta property=\"og:url\" content=\"https:\/\/diariodelsurdigital.com.ar\/?p=4225\" \/>\n<meta property=\"og:site_name\" content=\"Diario del Sur\" \/>\n<meta property=\"article:published_time\" content=\"2025-08-21T13:21:39+00:00\" \/>\n<meta property=\"article:modified_time\" content=\"2025-08-21T13:21:41+00:00\" \/>\n<meta property=\"og:image\" content=\"https:\/\/diariodelsurdigital.com.ar\/wp-content\/uploads\/2025\/08\/md-9-2.webp\" \/>\n\t<meta property=\"og:image:width\" content=\"992\" \/>\n\t<meta property=\"og:image:height\" content=\"660\" \/>\n\t<meta property=\"og:image:type\" content=\"image\/webp\" \/>\n<meta name=\"author\" content=\"Diario del Sur Digital\" \/>\n<meta name=\"twitter:card\" content=\"summary_large_image\" \/>\n<meta name=\"twitter:label1\" content=\"Escrito por\" \/>\n\t<meta name=\"twitter:data1\" content=\"Diario del Sur Digital\" \/>\n\t<meta name=\"twitter:label2\" content=\"Tiempo de lectura\" \/>\n\t<meta name=\"twitter:data2\" content=\"3 minutos\" \/>\n<script type=\"application\/ld+json\" class=\"yoast-schema-graph\">{\"@context\":\"https:\\\/\\\/schema.org\",\"@graph\":[{\"@type\":\"Article\",\"@id\":\"https:\\\/\\\/diariodelsurdigital.com.ar\\\/?p=4225#article\",\"isPartOf\":{\"@id\":\"https:\\\/\\\/diariodelsurdigital.com.ar\\\/?p=4225\"},\"author\":{\"name\":\"Diario del Sur Digital\",\"@id\":\"https:\\\/\\\/diariodelsurdigital.com.ar\\\/#\\\/schema\\\/person\\\/1a4992532ed62965c968031b49195c81\"},\"headline\":\"Diputados dio media sanci\u00f3n a la modificaci\u00f3n de la hora oficial de Argentina\",\"datePublished\":\"2025-08-21T13:21:39+00:00\",\"dateModified\":\"2025-08-21T13:21:41+00:00\",\"mainEntityOfPage\":{\"@id\":\"https:\\\/\\\/diariodelsurdigital.com.ar\\\/?p=4225\"},\"wordCount\":536,\"commentCount\":0,\"image\":{\"@id\":\"https:\\\/\\\/diariodelsurdigital.com.ar\\\/?p=4225#primaryimage\"},\"thumbnailUrl\":\"https:\\\/\\\/diariodelsurdigital.com.ar\\\/wp-content\\\/uploads\\\/2025\\\/08\\\/md-9-2.webp\",\"articleSection\":[\"Inter\u00e9s General\",\"Nacionales\"],\"inLanguage\":\"es\",\"potentialAction\":[{\"@type\":\"CommentAction\",\"name\":\"Comment\",\"target\":[\"https:\\\/\\\/diariodelsurdigital.com.ar\\\/?p=4225#respond\"]}]},{\"@type\":\"WebPage\",\"@id\":\"https:\\\/\\\/diariodelsurdigital.com.ar\\\/?p=4225\",\"url\":\"https:\\\/\\\/diariodelsurdigital.com.ar\\\/?p=4225\",\"name\":\"Diputados dio media sanci\u00f3n a la modificaci\u00f3n de la hora oficial de Argentina - Diario del Sur\",\"isPartOf\":{\"@id\":\"https:\\\/\\\/diariodelsurdigital.com.ar\\\/#website\"},\"primaryImageOfPage\":{\"@id\":\"https:\\\/\\\/diariodelsurdigital.com.ar\\\/?p=4225#primaryimage\"},\"image\":{\"@id\":\"https:\\\/\\\/diariodelsurdigital.com.ar\\\/?p=4225#primaryimage\"},\"thumbnailUrl\":\"https:\\\/\\\/diariodelsurdigital.com.ar\\\/wp-content\\\/uploads\\\/2025\\\/08\\\/md-9-2.webp\",\"datePublished\":\"2025-08-21T13:21:39+00:00\",\"dateModified\":\"2025-08-21T13:21:41+00:00\",\"author\":{\"@id\":\"https:\\\/\\\/diariodelsurdigital.com.ar\\\/#\\\/schema\\\/person\\\/1a4992532ed62965c968031b49195c81\"},\"breadcrumb\":{\"@id\":\"https:\\\/\\\/diariodelsurdigital.com.ar\\\/?p=4225#breadcrumb\"},\"inLanguage\":\"es\",\"potentialAction\":[{\"@type\":\"ReadAction\",\"target\":[\"https:\\\/\\\/diariodelsurdigital.com.ar\\\/?p=4225\"]}]},{\"@type\":\"ImageObject\",\"inLanguage\":\"es\",\"@id\":\"https:\\\/\\\/diariodelsurdigital.com.ar\\\/?p=4225#primaryimage\",\"url\":\"https:\\\/\\\/diariodelsurdigital.com.ar\\\/wp-content\\\/uploads\\\/2025\\\/08\\\/md-9-2.webp\",\"contentUrl\":\"https:\\\/\\\/diariodelsurdigital.com.ar\\\/wp-content\\\/uploads\\\/2025\\\/08\\\/md-9-2.webp\",\"width\":992,\"height\":660},{\"@type\":\"BreadcrumbList\",\"@id\":\"https:\\\/\\\/diariodelsurdigital.com.ar\\\/?p=4225#breadcrumb\",\"itemListElement\":[{\"@type\":\"ListItem\",\"position\":1,\"name\":\"Portada\",\"item\":\"https:\\\/\\\/diariodelsurdigital.com.ar\\\/\"},{\"@type\":\"ListItem\",\"position\":2,\"name\":\"Diputados dio media sanci\u00f3n a la modificaci\u00f3n de la hora oficial de Argentina\"}]},{\"@type\":\"WebSite\",\"@id\":\"https:\\\/\\\/diariodelsurdigital.com.ar\\\/#website\",\"url\":\"https:\\\/\\\/diariodelsurdigital.com.ar\\\/\",\"name\":\"Diario del Sur\",\"description\":\"Digital\",\"potentialAction\":[{\"@type\":\"SearchAction\",\"target\":{\"@type\":\"EntryPoint\",\"urlTemplate\":\"https:\\\/\\\/diariodelsurdigital.com.ar\\\/?s={search_term_string}\"},\"query-input\":{\"@type\":\"PropertyValueSpecification\",\"valueRequired\":true,\"valueName\":\"search_term_string\"}}],\"inLanguage\":\"es\"},{\"@type\":\"Person\",\"@id\":\"https:\\\/\\\/diariodelsurdigital.com.ar\\\/#\\\/schema\\\/person\\\/1a4992532ed62965c968031b49195c81\",\"name\":\"Diario del Sur Digital\",\"image\":{\"@type\":\"ImageObject\",\"inLanguage\":\"es\",\"@id\":\"https:\\\/\\\/secure.gravatar.com\\\/avatar\\\/f0c7c47fc7146d19828273b9b8eda651c9c7ab583767e6338d3d3bee825adf76?s=96&d=mm&r=g\",\"url\":\"https:\\\/\\\/secure.gravatar.com\\\/avatar\\\/f0c7c47fc7146d19828273b9b8eda651c9c7ab583767e6338d3d3bee825adf76?s=96&d=mm&r=g\",\"contentUrl\":\"https:\\\/\\\/secure.gravatar.com\\\/avatar\\\/f0c7c47fc7146d19828273b9b8eda651c9c7ab583767e6338d3d3bee825adf76?s=96&d=mm&r=g\",\"caption\":\"Diario del Sur Digital\"},\"url\":\"https:\\\/\\\/diariodelsurdigital.com.ar\\\/?author=4\"}]}<\/script>\n<!-- \/ Yoast SEO plugin. -->","yoast_head_json":{"title":"Diputados dio media sanci\u00f3n a la modificaci\u00f3n de la hora oficial de Argentina - Diario del Sur","robots":{"index":"index","follow":"follow","max-snippet":"max-snippet:-1","max-image-preview":"max-image-preview:large","max-video-preview":"max-video-preview:-1"},"canonical":"https:\/\/diariodelsurdigital.com.ar\/?p=4225","og_locale":"es_ES","og_type":"article","og_title":"Diputados dio media sanci\u00f3n a la modificaci\u00f3n de la hora oficial de Argentina - Diario del Sur","og_description":"En la madrugada de hoy, la C\u00e1mara de Diputados de la Naci\u00f3n aprob\u00f3 por amplia mayor\u00eda, el proyecto para establecer como hora oficial de nuestro pa\u00eds al huso horario -4, que es el que corresponde seg\u00fan el sistema internacional. El diputado Julio Cobos se\u00f1al\u00f3: \u00abHemos dado un gran paso. Aprobamos en la sesi\u00f3n de Diputados [&hellip;]","og_url":"https:\/\/diariodelsurdigital.com.ar\/?p=4225","og_site_name":"Diario del Sur","article_published_time":"2025-08-21T13:21:39+00:00","article_modified_time":"2025-08-21T13:21:41+00:00","og_image":[{"width":992,"height":660,"url":"https:\/\/diariodelsurdigital.com.ar\/wp-content\/uploads\/2025\/08\/md-9-2.webp","type":"image\/webp"}],"author":"Diario del Sur Digital","twitter_card":"summary_large_image","twitter_misc":{"Escrito por":"Diario del Sur Digital","Tiempo de lectura":"3 minutos"},"schema":{"@context":"https:\/\/schema.org","@graph":[{"@type":"Article","@id":"https:\/\/diariodelsurdigital.com.ar\/?p=4225#article","isPartOf":{"@id":"https:\/\/diariodelsurdigital.com.ar\/?p=4225"},"author":{"name":"Diario del Sur Digital","@id":"https:\/\/diariodelsurdigital.com.ar\/#\/schema\/person\/1a4992532ed62965c968031b49195c81"},"headline":"Diputados dio media sanci\u00f3n a la modificaci\u00f3n de la hora oficial de Argentina","datePublished":"2025-08-21T13:21:39+00:00","dateModified":"2025-08-21T13:21:41+00:00","mainEntityOfPage":{"@id":"https:\/\/diariodelsurdigital.com.ar\/?p=4225"},"wordCount":536,"commentCount":0,"image":{"@id":"https:\/\/diariodelsurdigital.com.ar\/?p=4225#primaryimage"},"thumbnailUrl":"https:\/\/diariodelsurdigital.com.ar\/wp-content\/uploads\/2025\/08\/md-9-2.webp","articleSection":["Inter\u00e9s General","Nacionales"],"inLanguage":"es","potentialAction":[{"@type":"CommentAction","name":"Comment","target":["https:\/\/diariodelsurdigital.com.ar\/?p=4225#respond"]}]},{"@type":"WebPage","@id":"https:\/\/diariodelsurdigital.com.ar\/?p=4225","url":"https:\/\/diariodelsurdigital.com.ar\/?p=4225","name":"Diputados dio media sanci\u00f3n a la modificaci\u00f3n de la hora oficial de Argentina - Diario del Sur","isPartOf":{"@id":"https:\/\/diariodelsurdigital.com.ar\/#website"},"primaryImageOfPage":{"@id":"https:\/\/diariodelsurdigital.com.ar\/?p=4225#primaryimage"},"image":{"@id":"https:\/\/diariodelsurdigital.com.ar\/?p=4225#primaryimage"},"thumbnailUrl":"https:\/\/diariodelsurdigital.com.ar\/wp-content\/uploads\/2025\/08\/md-9-2.webp","datePublished":"2025-08-21T13:21:39+00:00","dateModified":"2025-08-21T13:21:41+00:00","author":{"@id":"https:\/\/diariodelsurdigital.com.ar\/#\/schema\/person\/1a4992532ed62965c968031b49195c81"},"breadcrumb":{"@id":"https:\/\/diariodelsurdigital.com.ar\/?p=4225#breadcrumb"},"inLanguage":"es","potentialAction":[{"@type":"ReadAction","target":["https:\/\/diariodelsurdigital.com.ar\/?p=4225"]}]},{"@type":"ImageObject","inLanguage":"es","@id":"https:\/\/diariodelsurdigital.com.ar\/?p=4225#primaryimage","url":"https:\/\/diariodelsurdigital.com.ar\/wp-content\/uploads\/2025\/08\/md-9-2.webp","contentUrl":"https:\/\/diariodelsurdigital.com.ar\/wp-content\/uploads\/2025\/08\/md-9-2.webp","width":992,"height":660},{"@type":"BreadcrumbList","@id":"https:\/\/diariodelsurdigital.com.ar\/?p=4225#breadcrumb","itemListElement":[{"@type":"ListItem","position":1,"name":"Portada","item":"https:\/\/diariodelsurdigital.com.ar\/"},{"@type":"ListItem","position":2,"name":"Diputados dio media sanci\u00f3n a la modificaci\u00f3n de la hora oficial de Argentina"}]},{"@type":"WebSite","@id":"https:\/\/diariodelsurdigital.com.ar\/#website","url":"https:\/\/diariodelsurdigital.com.ar\/","name":"Diario del Sur","description":"Digital","potentialAction":[{"@type":"SearchAction","target":{"@type":"EntryPoint","urlTemplate":"https:\/\/diariodelsurdigital.com.ar\/?s={search_term_string}"},"query-input":{"@type":"PropertyValueSpecification","valueRequired":true,"valueName":"search_term_string"}}],"inLanguage":"es"},{"@type":"Person","@id":"https:\/\/diariodelsurdigital.com.ar\/#\/schema\/person\/1a4992532ed62965c968031b49195c81","name":"Diario del Sur Digital","image":{"@type":"ImageObject","inLanguage":"es","@id":"https:\/\/secure.gravatar.com\/avatar\/f0c7c47fc7146d19828273b9b8eda651c9c7ab583767e6338d3d3bee825adf76?s=96&d=mm&r=g","url":"https:\/\/secure.gravatar.com\/avatar\/f0c7c47fc7146d19828273b9b8eda651c9c7ab583767e6338d3d3bee825adf76?s=96&d=mm&r=g","contentUrl":"https:\/\/secure.gravatar.com\/avatar\/f0c7c47fc7146d19828273b9b8eda651c9c7ab583767e6338d3d3bee825adf76?s=96&d=mm&r=g","caption":"Diario del Sur Digital"},"url":"https:\/\/diariodelsurdigital.com.ar\/?author=4"}]}},"_links":{"self":[{"href":"https:\/\/diariodelsurdigital.com.ar\/index.php?rest_route=\/wp\/v2\/posts\/4225","targetHints":{"allow":["GET"]}}],"collection":[{"href":"https:\/\/diariodelsurdigital.com.ar\/index.php?rest_route=\/wp\/v2\/posts"}],"about":[{"href":"https:\/\/diariodelsurdigital.com.ar\/index.php?rest_route=\/wp\/v2\/types\/post"}],"author":[{"embeddable":true,"href":"https:\/\/diariodelsurdigital.com.ar\/index.php?rest_route=\/wp\/v2\/users\/4"}],"replies":[{"embeddable":true,"href":"https:\/\/diariodelsurdigital.com.ar\/index.php?rest_route=%2Fwp%2Fv2%2Fcomments&post=4225"}],"version-history":[{"count":1,"href":"https:\/\/diariodelsurdigital.com.ar\/index.php?rest_route=\/wp\/v2\/posts\/4225\/revisions"}],"predecessor-version":[{"id":4227,"href":"https:\/\/diariodelsurdigital.com.ar\/index.php?rest_route=\/wp\/v2\/posts\/4225\/revisions\/4227"}],"wp:featuredmedia":[{"embeddable":true,"href":"https:\/\/diariodelsurdigital.com.ar\/index.php?rest_route=\/wp\/v2\/media\/4226"}],"wp:attachment":[{"href":"https:\/\/diariodelsurdigital.com.ar\/index.php?rest_route=%2Fwp%2Fv2%2Fmedia&parent=4225"}],"wp:term":[{"taxonomy":"category","embeddable":true,"href":"https:\/\/diariodelsurdigital.com.ar\/index.php?rest_route=%2Fwp%2Fv2%2Fcategories&post=4225"},{"taxonomy":"post_tag","embeddable":true,"href":"https:\/\/diariodelsurdigital.com.ar\/index.php?rest_route=%2Fwp%2Fv2%2Ftags&post=4225"}],"curies":[{"name":"wp","href":"https:\/\/api.w.org\/{rel}","templated":true}]}}