{"id":4235,"date":"2025-08-21T16:24:16","date_gmt":"2025-08-21T19:24:16","guid":{"rendered":"https:\/\/diariodelsurdigital.com.ar\/?p=4235"},"modified":"2025-08-21T16:24:17","modified_gmt":"2025-08-21T19:24:17","slug":"veteranas-de-malvinas-visitaron-concordia-en-el-25-aniversario-de-la-escuela-san-martin","status":"publish","type":"post","link":"https:\/\/diariodelsurdigital.com.ar\/?p=4235","title":{"rendered":"Veteranas de Malvinas visitaron Concordia en el 25 aniversario de la escuela San Mart\u00edn"},"content":{"rendered":"\n<p><strong>La ciudad de Concordia vivi\u00f3 esta semana una visita hist\u00f3rica cargada de emoci\u00f3n y memoria colectiva: las veteranas de la Guerra de Malvinas, Mar\u00eda Liliana Colino y Silvia Barrera, llegaron para encontrarse con estudiantes, autoridades y vecinos, en el marco de actividades organizadas por la Escuela Secundaria N.\u00ba 25 \u201cGeneral San Mart\u00edn\u201d, instituci\u00f3n que este a\u00f1o celebra su 25\u00ba aniversario.<\/strong><\/p>\n\n\n\n<figure class=\"wp-block-image\"><img decoding=\"async\" src=\"https:\/\/cdnartic.ar\/ods-gCTnLy4AXk8L9dURnLjKrAY=\/1500x0\/filters:no_upscale()\/https:\/\/elheraldocdn.eleco.com.ar\/media\/2025\/08\/malvinas_1.jpeg\" alt=\"Veteranas de Malvinas visitaron Concordia en el 25 aniversario de la escuela San Mart\u00edn\"\/><\/figure>\n\n\n\n<p>La propuesta naci\u00f3 del fuerte compromiso que la comunidad educativa de la escuela mantiene con la causa Malvinas. La rectora, Liliana Rueda, record\u00f3 que desde hace m\u00e1s de dos d\u00e9cadas se trabaja en proyectos pedag\u00f3gicos, investigaciones y producciones period\u00edsticas que buscan acercar a los j\u00f3venes a la historia reciente. \u201cSomos una escuela malvinera; tenemos un mini museo, organizamos charlas y realizamos revistas y publicaciones. En ese camino surgi\u00f3 el contacto con las veteranas, primero de manera virtual y ahora, con este aniversario, pudimos concretar el encuentro presencial\u201d, destac\u00f3. Durante el acto protocolar por los 25 a\u00f1os de la instituci\u00f3n, Colino y Barrera fueron invitadas a dirigirse a la comunidad escolar. M\u00e1s tarde participaron de la parte art\u00edstica, que incluy\u00f3 presentaciones de coros, m\u00fasica y danzas, en una jornada donde el recuerdo se combin\u00f3 con el reconocimiento a quienes fueron protagonistas directas del conflicto b\u00e9lico de 1982.<\/p>\n\n\n\n<p><strong>Agenda cargada de reconocimientos<\/strong><br>Las veteranas no s\u00f3lo visitaron la Escuela San Mart\u00edn. Tambi\u00e9n estuvieron en la Escuela N.\u00ba 2 \u201c2 de Abril\u201d, donde mantuvieron encuentros con docentes y alumnos, y participaron de charlas abiertas a toda la comunidad de Concordia.<br>En el plano institucional, fueron recibidas por el intendente de la ciudad y declaradas Hu\u00e9spedes Ilustres por el Honorable Concejo Deliberante, en un emotivo acto que valor\u00f3 su aporte hist\u00f3rico y su rol pionero en un hecho trascendental de la historia argentina. Asimismo, la C\u00e1mara de Diputados de Entre R\u00edos declar\u00f3 de inter\u00e9s legislativo su presencia en la ciudad, subrayando el valor de su testimonio para las generaciones actuales y futuras.<br>\u201cEs la primera vez que vengo a Concordia como veterana\u201d, reconoci\u00f3 Colino, quien ya hab\u00eda estado a\u00f1os atr\u00e1s como turista. En tanto, para Barrera fue su primera visita a la ciudad. Ambas coincidieron en se\u00f1alar el c\u00e1lido recibimiento que encontraron en la comunidad entrerriana.<\/p>\n\n\n\n<p><strong>Voces de guerra y servicio<\/strong><br>El relato de cada una de ellas permiti\u00f3 revivir episodios poco conocidos del conflicto b\u00e9lico. Mar\u00eda Liliana Colino, enfermera de la Fuerza A\u00e9rea Argentina, fue la primera y \u00fanica mujer que pis\u00f3 suelo malvinense durante la guerra. Record\u00f3 que fue enviada al Hospital Reubicable de Comodoro Rivadavia, donde se recib\u00edan a los soldados heridos y se realizaban tareas de triage y contenci\u00f3n emocional. Sin embargo, en un momento cr\u00edtico le ofrecieron sumarse a una evacuaci\u00f3n m\u00e9dica en Puerto Argentino, y acept\u00f3 voluntariamente. \u201cSub\u00ed a un avi\u00f3n en silencio de radio, a oscuras, con linternas en la boca. Llegamos a las islas, descendimos heridos y partimos de inmediato porque hab\u00eda alerta roja. Esa misi\u00f3n me convirti\u00f3 en la \u00fanica mujer que estuvo en el territorio durante el conflicto\u201d, relat\u00f3 con emoci\u00f3n.<br>Silvia Barrera, en tanto, ten\u00eda 23 a\u00f1os cuando fue convocada como instrumentadora quir\u00fargica civil del Ej\u00e9rcito. Junto a un grupo de colegas trabaj\u00f3 en el rompehielos Almirante Ir\u00edzar, donde atendieron a centenares de soldados heridos entre el 8 y el 18 de junio de 1982. \u201cRecibimos a combatientes reci\u00e9n operados en Puerto Argentino, a otros que ven\u00edan directamente de los combates con heridas abiertas y a los \u00faltimos en bajar de los montes, desnutridos y deshidratados.&nbsp;<br>Fue dur\u00edsimo, pero tambi\u00e9n un enorme orgullo haber podido salvar vidas en esas condiciones\u201d, remarc\u00f3.<br>Ambas forman parte del grupo de 16 mujeres reconocidas oficialmente como veteranas de Malvinas, de las cuales s\u00f3lo 13 tuvieron participaci\u00f3n operativa directa. Su lucha por visibilizar el papel de la mujer en la guerra se consolid\u00f3 a partir de 2012, cuando el Ministerio de Defensa y el Estado Mayor Conjunto emitieron una resoluci\u00f3n que reconoci\u00f3 su condici\u00f3n de veteranas.<br>Malvinizar: sembrar conciencia en los j\u00f3venes<br>Adem\u00e1s de sus experiencias personales, Colino y Barrera hicieron hincapi\u00e9 en la importancia de malvinizar, es decir, mantener viva la memoria hist\u00f3rica y transmitir a las nuevas generaciones la relevancia geopol\u00edtica de las islas.<br>\u201cMalvinas no es s\u00f3lo un recuerdo de la guerra, es el futuro del pa\u00eds por su importancia estrat\u00e9gica, sus recursos energ\u00e9ticos y su ubicaci\u00f3n como paso interoce\u00e1nico. Es fundamental que los j\u00f3venes comprendan esto y exijan a los dirigentes que la causa Malvinas se mantenga siempre en la agenda nacional\u201d, afirm\u00f3 Colino. Barrera agreg\u00f3 que su misi\u00f3n como veteranas no se limita a contar lo vivido, sino a sembrar conciencia sobre el valor colectivo de la causa: \u201cMalvinas es una bandera que debe unir a los argentinos y tambi\u00e9n a toda Am\u00e9rica del Sur. Necesitamos que la regi\u00f3n entera acompa\u00f1e nuestro reclamo de soberan\u00eda\u201d.<\/p>\n\n\n\n<p><strong>Concordia, una ciudad que&nbsp;abraza la memoria<\/strong><br>La presencia de Colino y Barrera en Concordia dej\u00f3 una huella profunda en estudiantes, docentes y vecinos que participaron de las actividades. En cada testimonio, en cada reconocimiento y en cada aplauso se reflej\u00f3 la gratitud hacia estas mujeres que, con valent\u00eda y vocaci\u00f3n de servicio, marcaron un hito en la historia argentina.<br>La ciudad se convirti\u00f3 as\u00ed en escenario de un encuentro de memoria y compromiso, reafirmando el lazo entre la comunidad educativa y la causa Malvinas, y sumando un nuevo cap\u00edtulo en la tarea de mantener viva la memoria de aquellos d\u00edas de 1982.<br>\u201cEstamos muy orgullosos de haberlas recibido\u201d, resumi\u00f3 la rectora Liliana Rueda. Y, sin dudas, toda Concordia comparte ese sentimiento.<\/p>\n\n\n\n<p>Fuente: El Heraldo<\/p>\n","protected":false},"excerpt":{"rendered":"<p>La ciudad de Concordia vivi\u00f3 esta semana una visita hist\u00f3rica cargada de emoci\u00f3n y memoria colectiva: las veteranas de la Guerra de Malvinas, Mar\u00eda Liliana Colino y Silvia Barrera, llegaron para encontrarse con estudiantes, autoridades y vecinos, en el marco de actividades organizadas por la Escuela Secundaria N.\u00ba 25 \u201cGeneral San Mart\u00edn\u201d, instituci\u00f3n que este [&hellip;]<\/p>\n","protected":false},"author":3,"featured_media":4236,"comment_status":"open","ping_status":"open","sticky":false,"template":"","format":"standard","meta":{"footnotes":""},"categories":[19,16],"tags":[],"class_list":{"0":"post-4235","1":"post","2":"type-post","3":"status-publish","4":"format-standard","5":"has-post-thumbnail","7":"category-interes-general","8":"category-locales"},"yoast_head":"<!-- This site is optimized with the Yoast SEO plugin v27.4 - https:\/\/yoast.com\/product\/yoast-seo-wordpress\/ -->\n<title>Veteranas de Malvinas visitaron Concordia en el 25 aniversario de la escuela San Mart\u00edn - Diario del Sur<\/title>\n<meta name=\"robots\" content=\"index, follow, max-snippet:-1, max-image-preview:large, max-video-preview:-1\" \/>\n<link rel=\"canonical\" href=\"https:\/\/diariodelsurdigital.com.ar\/?p=4235\" \/>\n<meta property=\"og:locale\" content=\"es_ES\" \/>\n<meta property=\"og:type\" content=\"article\" \/>\n<meta property=\"og:title\" content=\"Veteranas de Malvinas visitaron Concordia en el 25 aniversario de la escuela San Mart\u00edn - Diario del Sur\" \/>\n<meta property=\"og:description\" content=\"La ciudad de Concordia vivi\u00f3 esta semana una visita hist\u00f3rica cargada de emoci\u00f3n y memoria colectiva: las veteranas de la Guerra de Malvinas, Mar\u00eda Liliana Colino y Silvia Barrera, llegaron para encontrarse con estudiantes, autoridades y vecinos, en el marco de actividades organizadas por la Escuela Secundaria N.\u00ba 25 \u201cGeneral San Mart\u00edn\u201d, instituci\u00f3n que este [&hellip;]\" \/>\n<meta property=\"og:url\" content=\"https:\/\/diariodelsurdigital.com.ar\/?p=4235\" \/>\n<meta property=\"og:site_name\" content=\"Diario del Sur\" \/>\n<meta property=\"article:published_time\" content=\"2025-08-21T19:24:16+00:00\" \/>\n<meta property=\"article:modified_time\" content=\"2025-08-21T19:24:17+00:00\" \/>\n<meta property=\"og:image\" content=\"https:\/\/diariodelsurdigital.com.ar\/wp-content\/uploads\/2025\/08\/malvinas_1.jpg\" \/>\n\t<meta property=\"og:image:width\" content=\"824\" \/>\n\t<meta property=\"og:image:height\" content=\"618\" \/>\n\t<meta property=\"og:image:type\" content=\"image\/jpeg\" \/>\n<meta name=\"author\" content=\"Diario del Sur Digital\" \/>\n<meta name=\"twitter:card\" content=\"summary_large_image\" \/>\n<meta name=\"twitter:label1\" content=\"Escrito por\" \/>\n\t<meta name=\"twitter:data1\" content=\"Diario del Sur Digital\" \/>\n\t<meta name=\"twitter:label2\" content=\"Tiempo de lectura\" \/>\n\t<meta name=\"twitter:data2\" content=\"5 minutos\" \/>\n<script type=\"application\/ld+json\" class=\"yoast-schema-graph\">{\"@context\":\"https:\\\/\\\/schema.org\",\"@graph\":[{\"@type\":\"Article\",\"@id\":\"https:\\\/\\\/diariodelsurdigital.com.ar\\\/?p=4235#article\",\"isPartOf\":{\"@id\":\"https:\\\/\\\/diariodelsurdigital.com.ar\\\/?p=4235\"},\"author\":{\"name\":\"Diario del Sur Digital\",\"@id\":\"https:\\\/\\\/diariodelsurdigital.com.ar\\\/#\\\/schema\\\/person\\\/d794acb23337e88c6e4004a39c32be62\"},\"headline\":\"Veteranas de Malvinas visitaron Concordia en el 25 aniversario de la escuela San Mart\u00edn\",\"datePublished\":\"2025-08-21T19:24:16+00:00\",\"dateModified\":\"2025-08-21T19:24:17+00:00\",\"mainEntityOfPage\":{\"@id\":\"https:\\\/\\\/diariodelsurdigital.com.ar\\\/?p=4235\"},\"wordCount\":994,\"commentCount\":0,\"image\":{\"@id\":\"https:\\\/\\\/diariodelsurdigital.com.ar\\\/?p=4235#primaryimage\"},\"thumbnailUrl\":\"https:\\\/\\\/diariodelsurdigital.com.ar\\\/wp-content\\\/uploads\\\/2025\\\/08\\\/malvinas_1.jpg\",\"articleSection\":[\"Inter\u00e9s General\",\"Locales\"],\"inLanguage\":\"es\",\"potentialAction\":[{\"@type\":\"CommentAction\",\"name\":\"Comment\",\"target\":[\"https:\\\/\\\/diariodelsurdigital.com.ar\\\/?p=4235#respond\"]}]},{\"@type\":\"WebPage\",\"@id\":\"https:\\\/\\\/diariodelsurdigital.com.ar\\\/?p=4235\",\"url\":\"https:\\\/\\\/diariodelsurdigital.com.ar\\\/?p=4235\",\"name\":\"Veteranas de Malvinas visitaron Concordia en el 25 aniversario de la escuela San Mart\u00edn - Diario del Sur\",\"isPartOf\":{\"@id\":\"https:\\\/\\\/diariodelsurdigital.com.ar\\\/#website\"},\"primaryImageOfPage\":{\"@id\":\"https:\\\/\\\/diariodelsurdigital.com.ar\\\/?p=4235#primaryimage\"},\"image\":{\"@id\":\"https:\\\/\\\/diariodelsurdigital.com.ar\\\/?p=4235#primaryimage\"},\"thumbnailUrl\":\"https:\\\/\\\/diariodelsurdigital.com.ar\\\/wp-content\\\/uploads\\\/2025\\\/08\\\/malvinas_1.jpg\",\"datePublished\":\"2025-08-21T19:24:16+00:00\",\"dateModified\":\"2025-08-21T19:24:17+00:00\",\"author\":{\"@id\":\"https:\\\/\\\/diariodelsurdigital.com.ar\\\/#\\\/schema\\\/person\\\/d794acb23337e88c6e4004a39c32be62\"},\"breadcrumb\":{\"@id\":\"https:\\\/\\\/diariodelsurdigital.com.ar\\\/?p=4235#breadcrumb\"},\"inLanguage\":\"es\",\"potentialAction\":[{\"@type\":\"ReadAction\",\"target\":[\"https:\\\/\\\/diariodelsurdigital.com.ar\\\/?p=4235\"]}]},{\"@type\":\"ImageObject\",\"inLanguage\":\"es\",\"@id\":\"https:\\\/\\\/diariodelsurdigital.com.ar\\\/?p=4235#primaryimage\",\"url\":\"https:\\\/\\\/diariodelsurdigital.com.ar\\\/wp-content\\\/uploads\\\/2025\\\/08\\\/malvinas_1.jpg\",\"contentUrl\":\"https:\\\/\\\/diariodelsurdigital.com.ar\\\/wp-content\\\/uploads\\\/2025\\\/08\\\/malvinas_1.jpg\",\"width\":824,\"height\":618},{\"@type\":\"BreadcrumbList\",\"@id\":\"https:\\\/\\\/diariodelsurdigital.com.ar\\\/?p=4235#breadcrumb\",\"itemListElement\":[{\"@type\":\"ListItem\",\"position\":1,\"name\":\"Portada\",\"item\":\"https:\\\/\\\/diariodelsurdigital.com.ar\\\/\"},{\"@type\":\"ListItem\",\"position\":2,\"name\":\"Veteranas de Malvinas visitaron Concordia en el 25 aniversario de la escuela San Mart\u00edn\"}]},{\"@type\":\"WebSite\",\"@id\":\"https:\\\/\\\/diariodelsurdigital.com.ar\\\/#website\",\"url\":\"https:\\\/\\\/diariodelsurdigital.com.ar\\\/\",\"name\":\"Diario del Sur\",\"description\":\"Digital\",\"potentialAction\":[{\"@type\":\"SearchAction\",\"target\":{\"@type\":\"EntryPoint\",\"urlTemplate\":\"https:\\\/\\\/diariodelsurdigital.com.ar\\\/?s={search_term_string}\"},\"query-input\":{\"@type\":\"PropertyValueSpecification\",\"valueRequired\":true,\"valueName\":\"search_term_string\"}}],\"inLanguage\":\"es\"},{\"@type\":\"Person\",\"@id\":\"https:\\\/\\\/diariodelsurdigital.com.ar\\\/#\\\/schema\\\/person\\\/d794acb23337e88c6e4004a39c32be62\",\"name\":\"Diario del Sur Digital\",\"image\":{\"@type\":\"ImageObject\",\"inLanguage\":\"es\",\"@id\":\"https:\\\/\\\/secure.gravatar.com\\\/avatar\\\/47679bcfa15734cfdefc176b6ad58adeeccac22b2e03e095ada6c622af2b463a?s=96&d=mm&r=g\",\"url\":\"https:\\\/\\\/secure.gravatar.com\\\/avatar\\\/47679bcfa15734cfdefc176b6ad58adeeccac22b2e03e095ada6c622af2b463a?s=96&d=mm&r=g\",\"contentUrl\":\"https:\\\/\\\/secure.gravatar.com\\\/avatar\\\/47679bcfa15734cfdefc176b6ad58adeeccac22b2e03e095ada6c622af2b463a?s=96&d=mm&r=g\",\"caption\":\"Diario del Sur Digital\"},\"url\":\"https:\\\/\\\/diariodelsurdigital.com.ar\\\/?author=3\"}]}<\/script>\n<!-- \/ Yoast SEO plugin. -->","yoast_head_json":{"title":"Veteranas de Malvinas visitaron Concordia en el 25 aniversario de la escuela San Mart\u00edn - Diario del Sur","robots":{"index":"index","follow":"follow","max-snippet":"max-snippet:-1","max-image-preview":"max-image-preview:large","max-video-preview":"max-video-preview:-1"},"canonical":"https:\/\/diariodelsurdigital.com.ar\/?p=4235","og_locale":"es_ES","og_type":"article","og_title":"Veteranas de Malvinas visitaron Concordia en el 25 aniversario de la escuela San Mart\u00edn - Diario del Sur","og_description":"La ciudad de Concordia vivi\u00f3 esta semana una visita hist\u00f3rica cargada de emoci\u00f3n y memoria colectiva: las veteranas de la Guerra de Malvinas, Mar\u00eda Liliana Colino y Silvia Barrera, llegaron para encontrarse con estudiantes, autoridades y vecinos, en el marco de actividades organizadas por la Escuela Secundaria N.\u00ba 25 \u201cGeneral San Mart\u00edn\u201d, instituci\u00f3n que este [&hellip;]","og_url":"https:\/\/diariodelsurdigital.com.ar\/?p=4235","og_site_name":"Diario del Sur","article_published_time":"2025-08-21T19:24:16+00:00","article_modified_time":"2025-08-21T19:24:17+00:00","og_image":[{"width":824,"height":618,"url":"https:\/\/diariodelsurdigital.com.ar\/wp-content\/uploads\/2025\/08\/malvinas_1.jpg","type":"image\/jpeg"}],"author":"Diario del Sur Digital","twitter_card":"summary_large_image","twitter_misc":{"Escrito por":"Diario del Sur Digital","Tiempo de lectura":"5 minutos"},"schema":{"@context":"https:\/\/schema.org","@graph":[{"@type":"Article","@id":"https:\/\/diariodelsurdigital.com.ar\/?p=4235#article","isPartOf":{"@id":"https:\/\/diariodelsurdigital.com.ar\/?p=4235"},"author":{"name":"Diario del Sur Digital","@id":"https:\/\/diariodelsurdigital.com.ar\/#\/schema\/person\/d794acb23337e88c6e4004a39c32be62"},"headline":"Veteranas de Malvinas visitaron Concordia en el 25 aniversario de la escuela San Mart\u00edn","datePublished":"2025-08-21T19:24:16+00:00","dateModified":"2025-08-21T19:24:17+00:00","mainEntityOfPage":{"@id":"https:\/\/diariodelsurdigital.com.ar\/?p=4235"},"wordCount":994,"commentCount":0,"image":{"@id":"https:\/\/diariodelsurdigital.com.ar\/?p=4235#primaryimage"},"thumbnailUrl":"https:\/\/diariodelsurdigital.com.ar\/wp-content\/uploads\/2025\/08\/malvinas_1.jpg","articleSection":["Inter\u00e9s General","Locales"],"inLanguage":"es","potentialAction":[{"@type":"CommentAction","name":"Comment","target":["https:\/\/diariodelsurdigital.com.ar\/?p=4235#respond"]}]},{"@type":"WebPage","@id":"https:\/\/diariodelsurdigital.com.ar\/?p=4235","url":"https:\/\/diariodelsurdigital.com.ar\/?p=4235","name":"Veteranas de Malvinas visitaron Concordia en el 25 aniversario de la escuela San Mart\u00edn - Diario del Sur","isPartOf":{"@id":"https:\/\/diariodelsurdigital.com.ar\/#website"},"primaryImageOfPage":{"@id":"https:\/\/diariodelsurdigital.com.ar\/?p=4235#primaryimage"},"image":{"@id":"https:\/\/diariodelsurdigital.com.ar\/?p=4235#primaryimage"},"thumbnailUrl":"https:\/\/diariodelsurdigital.com.ar\/wp-content\/uploads\/2025\/08\/malvinas_1.jpg","datePublished":"2025-08-21T19:24:16+00:00","dateModified":"2025-08-21T19:24:17+00:00","author":{"@id":"https:\/\/diariodelsurdigital.com.ar\/#\/schema\/person\/d794acb23337e88c6e4004a39c32be62"},"breadcrumb":{"@id":"https:\/\/diariodelsurdigital.com.ar\/?p=4235#breadcrumb"},"inLanguage":"es","potentialAction":[{"@type":"ReadAction","target":["https:\/\/diariodelsurdigital.com.ar\/?p=4235"]}]},{"@type":"ImageObject","inLanguage":"es","@id":"https:\/\/diariodelsurdigital.com.ar\/?p=4235#primaryimage","url":"https:\/\/diariodelsurdigital.com.ar\/wp-content\/uploads\/2025\/08\/malvinas_1.jpg","contentUrl":"https:\/\/diariodelsurdigital.com.ar\/wp-content\/uploads\/2025\/08\/malvinas_1.jpg","width":824,"height":618},{"@type":"BreadcrumbList","@id":"https:\/\/diariodelsurdigital.com.ar\/?p=4235#breadcrumb","itemListElement":[{"@type":"ListItem","position":1,"name":"Portada","item":"https:\/\/diariodelsurdigital.com.ar\/"},{"@type":"ListItem","position":2,"name":"Veteranas de Malvinas visitaron Concordia en el 25 aniversario de la escuela San Mart\u00edn"}]},{"@type":"WebSite","@id":"https:\/\/diariodelsurdigital.com.ar\/#website","url":"https:\/\/diariodelsurdigital.com.ar\/","name":"Diario del Sur","description":"Digital","potentialAction":[{"@type":"SearchAction","target":{"@type":"EntryPoint","urlTemplate":"https:\/\/diariodelsurdigital.com.ar\/?s={search_term_string}"},"query-input":{"@type":"PropertyValueSpecification","valueRequired":true,"valueName":"search_term_string"}}],"inLanguage":"es"},{"@type":"Person","@id":"https:\/\/diariodelsurdigital.com.ar\/#\/schema\/person\/d794acb23337e88c6e4004a39c32be62","name":"Diario del Sur Digital","image":{"@type":"ImageObject","inLanguage":"es","@id":"https:\/\/secure.gravatar.com\/avatar\/47679bcfa15734cfdefc176b6ad58adeeccac22b2e03e095ada6c622af2b463a?s=96&d=mm&r=g","url":"https:\/\/secure.gravatar.com\/avatar\/47679bcfa15734cfdefc176b6ad58adeeccac22b2e03e095ada6c622af2b463a?s=96&d=mm&r=g","contentUrl":"https:\/\/secure.gravatar.com\/avatar\/47679bcfa15734cfdefc176b6ad58adeeccac22b2e03e095ada6c622af2b463a?s=96&d=mm&r=g","caption":"Diario del Sur Digital"},"url":"https:\/\/diariodelsurdigital.com.ar\/?author=3"}]}},"_links":{"self":[{"href":"https:\/\/diariodelsurdigital.com.ar\/index.php?rest_route=\/wp\/v2\/posts\/4235","targetHints":{"allow":["GET"]}}],"collection":[{"href":"https:\/\/diariodelsurdigital.com.ar\/index.php?rest_route=\/wp\/v2\/posts"}],"about":[{"href":"https:\/\/diariodelsurdigital.com.ar\/index.php?rest_route=\/wp\/v2\/types\/post"}],"author":[{"embeddable":true,"href":"https:\/\/diariodelsurdigital.com.ar\/index.php?rest_route=\/wp\/v2\/users\/3"}],"replies":[{"embeddable":true,"href":"https:\/\/diariodelsurdigital.com.ar\/index.php?rest_route=%2Fwp%2Fv2%2Fcomments&post=4235"}],"version-history":[{"count":1,"href":"https:\/\/diariodelsurdigital.com.ar\/index.php?rest_route=\/wp\/v2\/posts\/4235\/revisions"}],"predecessor-version":[{"id":4237,"href":"https:\/\/diariodelsurdigital.com.ar\/index.php?rest_route=\/wp\/v2\/posts\/4235\/revisions\/4237"}],"wp:featuredmedia":[{"embeddable":true,"href":"https:\/\/diariodelsurdigital.com.ar\/index.php?rest_route=\/wp\/v2\/media\/4236"}],"wp:attachment":[{"href":"https:\/\/diariodelsurdigital.com.ar\/index.php?rest_route=%2Fwp%2Fv2%2Fmedia&parent=4235"}],"wp:term":[{"taxonomy":"category","embeddable":true,"href":"https:\/\/diariodelsurdigital.com.ar\/index.php?rest_route=%2Fwp%2Fv2%2Fcategories&post=4235"},{"taxonomy":"post_tag","embeddable":true,"href":"https:\/\/diariodelsurdigital.com.ar\/index.php?rest_route=%2Fwp%2Fv2%2Ftags&post=4235"}],"curies":[{"name":"wp","href":"https:\/\/api.w.org\/{rel}","templated":true}]}}