{"id":4238,"date":"2025-08-21T16:28:04","date_gmt":"2025-08-21T19:28:04","guid":{"rendered":"https:\/\/diariodelsurdigital.com.ar\/?p=4238"},"modified":"2025-08-21T16:28:04","modified_gmt":"2025-08-21T19:28:04","slug":"anuncian-fuertes-vientos-y-emiten-alerta-para-cinco-departamentos-entrerrianos","status":"publish","type":"post","link":"https:\/\/diariodelsurdigital.com.ar\/?p=4238","title":{"rendered":"Anuncian fuertes vientos y emiten alerta para cinco departamentos entrerrianos"},"content":{"rendered":"\n<figure class=\"wp-block-image\"><img decoding=\"async\" src=\"https:\/\/media.elentrerios.com\/fotos-v2\/2020\/06\/17\/l_1592391315.jpg\" alt=\"\" title=\"\"\/><\/figure>\n\n\n\n<p>El Servicio Meteorol\u00f3gico Nacional \u2013SMN\u2013 informa que este jueves y viernes ser\u00e1n muy ventosos en Entre R\u00edos. Incluso emitieron una alerta por fuertes r\u00e1fagas para cinco departamentos, que tendr\u00e1 lugar este viernes de noche.<\/p>\n\n\n\n<p>Cabe destacar que se pronostica para ma\u00f1ana un cambio en las condiciones del tiempo. Se anuncian inestabilidades en distintos puntos de la provincia, con probables lluvias y chaparrones aislados. Luego, el fin de semana bajar\u00e1n las temperaturas.<\/p>\n\n\n\n<p>Adem\u00e1s emitieron alerta para para este viernes de noche en cinco departamentos del norte provincial: Concordia, Federal, Feliciano Federaci\u00f3n y San Salvador.<\/p>\n\n\n\n<p>El \u00e1rea bajo alerta ir\u00e1 siendo afectada progresivamente por vientos del sector sur, con velocidades de 30 a 50 km\/h y r\u00e1fagas que pueden alcanzar los 80 km\/h.<\/p>\n\n\n\n<p>Fuente: El Entre Rios<\/p>\n","protected":false},"excerpt":{"rendered":"<p>El Servicio Meteorol\u00f3gico Nacional \u2013SMN\u2013 informa que este jueves y viernes ser\u00e1n muy ventosos en Entre R\u00edos. Incluso emitieron una alerta por fuertes r\u00e1fagas para cinco departamentos, que tendr\u00e1 lugar este viernes de noche. Cabe destacar que se pronostica para ma\u00f1ana un cambio en las condiciones del tiempo. Se anuncian inestabilidades en distintos puntos de [&hellip;]<\/p>\n","protected":false},"author":3,"featured_media":4239,"comment_status":"open","ping_status":"open","sticky":false,"template":"","format":"standard","meta":{"footnotes":""},"categories":[19],"tags":[],"class_list":{"0":"post-4238","1":"post","2":"type-post","3":"status-publish","4":"format-standard","5":"has-post-thumbnail","7":"category-interes-general"},"yoast_head":"<!-- This site is optimized with the Yoast SEO plugin v27.4 - https:\/\/yoast.com\/product\/yoast-seo-wordpress\/ -->\n<title>Anuncian fuertes vientos y emiten alerta para cinco departamentos entrerrianos - Diario del Sur<\/title>\n<meta name=\"robots\" content=\"index, follow, max-snippet:-1, max-image-preview:large, max-video-preview:-1\" \/>\n<link rel=\"canonical\" href=\"https:\/\/diariodelsurdigital.com.ar\/?p=4238\" \/>\n<meta property=\"og:locale\" content=\"es_ES\" \/>\n<meta property=\"og:type\" content=\"article\" \/>\n<meta property=\"og:title\" content=\"Anuncian fuertes vientos y emiten alerta para cinco departamentos entrerrianos - Diario del Sur\" \/>\n<meta property=\"og:description\" content=\"El Servicio Meteorol\u00f3gico Nacional \u2013SMN\u2013 informa que este jueves y viernes ser\u00e1n muy ventosos en Entre R\u00edos. Incluso emitieron una alerta por fuertes r\u00e1fagas para cinco departamentos, que tendr\u00e1 lugar este viernes de noche. Cabe destacar que se pronostica para ma\u00f1ana un cambio en las condiciones del tiempo. Se anuncian inestabilidades en distintos puntos de [&hellip;]\" \/>\n<meta property=\"og:url\" content=\"https:\/\/diariodelsurdigital.com.ar\/?p=4238\" \/>\n<meta property=\"og:site_name\" content=\"Diario del Sur\" \/>\n<meta property=\"article:published_time\" content=\"2025-08-21T19:28:04+00:00\" \/>\n<meta property=\"og:image\" content=\"https:\/\/diariodelsurdigital.com.ar\/wp-content\/uploads\/2025\/08\/l_1592391315.jpg\" \/>\n\t<meta property=\"og:image:width\" content=\"870\" \/>\n\t<meta property=\"og:image:height\" content=\"580\" \/>\n\t<meta property=\"og:image:type\" content=\"image\/jpeg\" \/>\n<meta name=\"author\" content=\"Diario del Sur Digital\" \/>\n<meta name=\"twitter:card\" content=\"summary_large_image\" \/>\n<meta name=\"twitter:label1\" content=\"Escrito por\" \/>\n\t<meta name=\"twitter:data1\" content=\"Diario del Sur Digital\" \/>\n\t<meta name=\"twitter:label2\" content=\"Tiempo de lectura\" \/>\n\t<meta name=\"twitter:data2\" content=\"1 minuto\" \/>\n<script type=\"application\/ld+json\" class=\"yoast-schema-graph\">{\"@context\":\"https:\\\/\\\/schema.org\",\"@graph\":[{\"@type\":\"Article\",\"@id\":\"https:\\\/\\\/diariodelsurdigital.com.ar\\\/?p=4238#article\",\"isPartOf\":{\"@id\":\"https:\\\/\\\/diariodelsurdigital.com.ar\\\/?p=4238\"},\"author\":{\"name\":\"Diario del Sur Digital\",\"@id\":\"https:\\\/\\\/diariodelsurdigital.com.ar\\\/#\\\/schema\\\/person\\\/d794acb23337e88c6e4004a39c32be62\"},\"headline\":\"Anuncian fuertes vientos y emiten alerta para cinco departamentos entrerrianos\",\"datePublished\":\"2025-08-21T19:28:04+00:00\",\"mainEntityOfPage\":{\"@id\":\"https:\\\/\\\/diariodelsurdigital.com.ar\\\/?p=4238\"},\"wordCount\":143,\"commentCount\":0,\"image\":{\"@id\":\"https:\\\/\\\/diariodelsurdigital.com.ar\\\/?p=4238#primaryimage\"},\"thumbnailUrl\":\"https:\\\/\\\/diariodelsurdigital.com.ar\\\/wp-content\\\/uploads\\\/2025\\\/08\\\/l_1592391315.jpg\",\"articleSection\":[\"Inter\u00e9s General\"],\"inLanguage\":\"es\",\"potentialAction\":[{\"@type\":\"CommentAction\",\"name\":\"Comment\",\"target\":[\"https:\\\/\\\/diariodelsurdigital.com.ar\\\/?p=4238#respond\"]}]},{\"@type\":\"WebPage\",\"@id\":\"https:\\\/\\\/diariodelsurdigital.com.ar\\\/?p=4238\",\"url\":\"https:\\\/\\\/diariodelsurdigital.com.ar\\\/?p=4238\",\"name\":\"Anuncian fuertes vientos y emiten alerta para cinco departamentos entrerrianos - Diario del Sur\",\"isPartOf\":{\"@id\":\"https:\\\/\\\/diariodelsurdigital.com.ar\\\/#website\"},\"primaryImageOfPage\":{\"@id\":\"https:\\\/\\\/diariodelsurdigital.com.ar\\\/?p=4238#primaryimage\"},\"image\":{\"@id\":\"https:\\\/\\\/diariodelsurdigital.com.ar\\\/?p=4238#primaryimage\"},\"thumbnailUrl\":\"https:\\\/\\\/diariodelsurdigital.com.ar\\\/wp-content\\\/uploads\\\/2025\\\/08\\\/l_1592391315.jpg\",\"datePublished\":\"2025-08-21T19:28:04+00:00\",\"author\":{\"@id\":\"https:\\\/\\\/diariodelsurdigital.com.ar\\\/#\\\/schema\\\/person\\\/d794acb23337e88c6e4004a39c32be62\"},\"breadcrumb\":{\"@id\":\"https:\\\/\\\/diariodelsurdigital.com.ar\\\/?p=4238#breadcrumb\"},\"inLanguage\":\"es\",\"potentialAction\":[{\"@type\":\"ReadAction\",\"target\":[\"https:\\\/\\\/diariodelsurdigital.com.ar\\\/?p=4238\"]}]},{\"@type\":\"ImageObject\",\"inLanguage\":\"es\",\"@id\":\"https:\\\/\\\/diariodelsurdigital.com.ar\\\/?p=4238#primaryimage\",\"url\":\"https:\\\/\\\/diariodelsurdigital.com.ar\\\/wp-content\\\/uploads\\\/2025\\\/08\\\/l_1592391315.jpg\",\"contentUrl\":\"https:\\\/\\\/diariodelsurdigital.com.ar\\\/wp-content\\\/uploads\\\/2025\\\/08\\\/l_1592391315.jpg\",\"width\":870,\"height\":580},{\"@type\":\"BreadcrumbList\",\"@id\":\"https:\\\/\\\/diariodelsurdigital.com.ar\\\/?p=4238#breadcrumb\",\"itemListElement\":[{\"@type\":\"ListItem\",\"position\":1,\"name\":\"Portada\",\"item\":\"https:\\\/\\\/diariodelsurdigital.com.ar\\\/\"},{\"@type\":\"ListItem\",\"position\":2,\"name\":\"Anuncian fuertes vientos y emiten alerta para cinco departamentos entrerrianos\"}]},{\"@type\":\"WebSite\",\"@id\":\"https:\\\/\\\/diariodelsurdigital.com.ar\\\/#website\",\"url\":\"https:\\\/\\\/diariodelsurdigital.com.ar\\\/\",\"name\":\"Diario del Sur\",\"description\":\"Digital\",\"potentialAction\":[{\"@type\":\"SearchAction\",\"target\":{\"@type\":\"EntryPoint\",\"urlTemplate\":\"https:\\\/\\\/diariodelsurdigital.com.ar\\\/?s={search_term_string}\"},\"query-input\":{\"@type\":\"PropertyValueSpecification\",\"valueRequired\":true,\"valueName\":\"search_term_string\"}}],\"inLanguage\":\"es\"},{\"@type\":\"Person\",\"@id\":\"https:\\\/\\\/diariodelsurdigital.com.ar\\\/#\\\/schema\\\/person\\\/d794acb23337e88c6e4004a39c32be62\",\"name\":\"Diario del Sur Digital\",\"image\":{\"@type\":\"ImageObject\",\"inLanguage\":\"es\",\"@id\":\"https:\\\/\\\/secure.gravatar.com\\\/avatar\\\/47679bcfa15734cfdefc176b6ad58adeeccac22b2e03e095ada6c622af2b463a?s=96&d=mm&r=g\",\"url\":\"https:\\\/\\\/secure.gravatar.com\\\/avatar\\\/47679bcfa15734cfdefc176b6ad58adeeccac22b2e03e095ada6c622af2b463a?s=96&d=mm&r=g\",\"contentUrl\":\"https:\\\/\\\/secure.gravatar.com\\\/avatar\\\/47679bcfa15734cfdefc176b6ad58adeeccac22b2e03e095ada6c622af2b463a?s=96&d=mm&r=g\",\"caption\":\"Diario del Sur Digital\"},\"url\":\"https:\\\/\\\/diariodelsurdigital.com.ar\\\/?author=3\"}]}<\/script>\n<!-- \/ Yoast SEO plugin. -->","yoast_head_json":{"title":"Anuncian fuertes vientos y emiten alerta para cinco departamentos entrerrianos - Diario del Sur","robots":{"index":"index","follow":"follow","max-snippet":"max-snippet:-1","max-image-preview":"max-image-preview:large","max-video-preview":"max-video-preview:-1"},"canonical":"https:\/\/diariodelsurdigital.com.ar\/?p=4238","og_locale":"es_ES","og_type":"article","og_title":"Anuncian fuertes vientos y emiten alerta para cinco departamentos entrerrianos - Diario del Sur","og_description":"El Servicio Meteorol\u00f3gico Nacional \u2013SMN\u2013 informa que este jueves y viernes ser\u00e1n muy ventosos en Entre R\u00edos. Incluso emitieron una alerta por fuertes r\u00e1fagas para cinco departamentos, que tendr\u00e1 lugar este viernes de noche. Cabe destacar que se pronostica para ma\u00f1ana un cambio en las condiciones del tiempo. Se anuncian inestabilidades en distintos puntos de [&hellip;]","og_url":"https:\/\/diariodelsurdigital.com.ar\/?p=4238","og_site_name":"Diario del Sur","article_published_time":"2025-08-21T19:28:04+00:00","og_image":[{"width":870,"height":580,"url":"https:\/\/diariodelsurdigital.com.ar\/wp-content\/uploads\/2025\/08\/l_1592391315.jpg","type":"image\/jpeg"}],"author":"Diario del Sur Digital","twitter_card":"summary_large_image","twitter_misc":{"Escrito por":"Diario del Sur Digital","Tiempo de lectura":"1 minuto"},"schema":{"@context":"https:\/\/schema.org","@graph":[{"@type":"Article","@id":"https:\/\/diariodelsurdigital.com.ar\/?p=4238#article","isPartOf":{"@id":"https:\/\/diariodelsurdigital.com.ar\/?p=4238"},"author":{"name":"Diario del Sur Digital","@id":"https:\/\/diariodelsurdigital.com.ar\/#\/schema\/person\/d794acb23337e88c6e4004a39c32be62"},"headline":"Anuncian fuertes vientos y emiten alerta para cinco departamentos entrerrianos","datePublished":"2025-08-21T19:28:04+00:00","mainEntityOfPage":{"@id":"https:\/\/diariodelsurdigital.com.ar\/?p=4238"},"wordCount":143,"commentCount":0,"image":{"@id":"https:\/\/diariodelsurdigital.com.ar\/?p=4238#primaryimage"},"thumbnailUrl":"https:\/\/diariodelsurdigital.com.ar\/wp-content\/uploads\/2025\/08\/l_1592391315.jpg","articleSection":["Inter\u00e9s General"],"inLanguage":"es","potentialAction":[{"@type":"CommentAction","name":"Comment","target":["https:\/\/diariodelsurdigital.com.ar\/?p=4238#respond"]}]},{"@type":"WebPage","@id":"https:\/\/diariodelsurdigital.com.ar\/?p=4238","url":"https:\/\/diariodelsurdigital.com.ar\/?p=4238","name":"Anuncian fuertes vientos y emiten alerta para cinco departamentos entrerrianos - Diario del Sur","isPartOf":{"@id":"https:\/\/diariodelsurdigital.com.ar\/#website"},"primaryImageOfPage":{"@id":"https:\/\/diariodelsurdigital.com.ar\/?p=4238#primaryimage"},"image":{"@id":"https:\/\/diariodelsurdigital.com.ar\/?p=4238#primaryimage"},"thumbnailUrl":"https:\/\/diariodelsurdigital.com.ar\/wp-content\/uploads\/2025\/08\/l_1592391315.jpg","datePublished":"2025-08-21T19:28:04+00:00","author":{"@id":"https:\/\/diariodelsurdigital.com.ar\/#\/schema\/person\/d794acb23337e88c6e4004a39c32be62"},"breadcrumb":{"@id":"https:\/\/diariodelsurdigital.com.ar\/?p=4238#breadcrumb"},"inLanguage":"es","potentialAction":[{"@type":"ReadAction","target":["https:\/\/diariodelsurdigital.com.ar\/?p=4238"]}]},{"@type":"ImageObject","inLanguage":"es","@id":"https:\/\/diariodelsurdigital.com.ar\/?p=4238#primaryimage","url":"https:\/\/diariodelsurdigital.com.ar\/wp-content\/uploads\/2025\/08\/l_1592391315.jpg","contentUrl":"https:\/\/diariodelsurdigital.com.ar\/wp-content\/uploads\/2025\/08\/l_1592391315.jpg","width":870,"height":580},{"@type":"BreadcrumbList","@id":"https:\/\/diariodelsurdigital.com.ar\/?p=4238#breadcrumb","itemListElement":[{"@type":"ListItem","position":1,"name":"Portada","item":"https:\/\/diariodelsurdigital.com.ar\/"},{"@type":"ListItem","position":2,"name":"Anuncian fuertes vientos y emiten alerta para cinco departamentos entrerrianos"}]},{"@type":"WebSite","@id":"https:\/\/diariodelsurdigital.com.ar\/#website","url":"https:\/\/diariodelsurdigital.com.ar\/","name":"Diario del Sur","description":"Digital","potentialAction":[{"@type":"SearchAction","target":{"@type":"EntryPoint","urlTemplate":"https:\/\/diariodelsurdigital.com.ar\/?s={search_term_string}"},"query-input":{"@type":"PropertyValueSpecification","valueRequired":true,"valueName":"search_term_string"}}],"inLanguage":"es"},{"@type":"Person","@id":"https:\/\/diariodelsurdigital.com.ar\/#\/schema\/person\/d794acb23337e88c6e4004a39c32be62","name":"Diario del Sur Digital","image":{"@type":"ImageObject","inLanguage":"es","@id":"https:\/\/secure.gravatar.com\/avatar\/47679bcfa15734cfdefc176b6ad58adeeccac22b2e03e095ada6c622af2b463a?s=96&d=mm&r=g","url":"https:\/\/secure.gravatar.com\/avatar\/47679bcfa15734cfdefc176b6ad58adeeccac22b2e03e095ada6c622af2b463a?s=96&d=mm&r=g","contentUrl":"https:\/\/secure.gravatar.com\/avatar\/47679bcfa15734cfdefc176b6ad58adeeccac22b2e03e095ada6c622af2b463a?s=96&d=mm&r=g","caption":"Diario del Sur Digital"},"url":"https:\/\/diariodelsurdigital.com.ar\/?author=3"}]}},"_links":{"self":[{"href":"https:\/\/diariodelsurdigital.com.ar\/index.php?rest_route=\/wp\/v2\/posts\/4238","targetHints":{"allow":["GET"]}}],"collection":[{"href":"https:\/\/diariodelsurdigital.com.ar\/index.php?rest_route=\/wp\/v2\/posts"}],"about":[{"href":"https:\/\/diariodelsurdigital.com.ar\/index.php?rest_route=\/wp\/v2\/types\/post"}],"author":[{"embeddable":true,"href":"https:\/\/diariodelsurdigital.com.ar\/index.php?rest_route=\/wp\/v2\/users\/3"}],"replies":[{"embeddable":true,"href":"https:\/\/diariodelsurdigital.com.ar\/index.php?rest_route=%2Fwp%2Fv2%2Fcomments&post=4238"}],"version-history":[{"count":1,"href":"https:\/\/diariodelsurdigital.com.ar\/index.php?rest_route=\/wp\/v2\/posts\/4238\/revisions"}],"predecessor-version":[{"id":4240,"href":"https:\/\/diariodelsurdigital.com.ar\/index.php?rest_route=\/wp\/v2\/posts\/4238\/revisions\/4240"}],"wp:featuredmedia":[{"embeddable":true,"href":"https:\/\/diariodelsurdigital.com.ar\/index.php?rest_route=\/wp\/v2\/media\/4239"}],"wp:attachment":[{"href":"https:\/\/diariodelsurdigital.com.ar\/index.php?rest_route=%2Fwp%2Fv2%2Fmedia&parent=4238"}],"wp:term":[{"taxonomy":"category","embeddable":true,"href":"https:\/\/diariodelsurdigital.com.ar\/index.php?rest_route=%2Fwp%2Fv2%2Fcategories&post=4238"},{"taxonomy":"post_tag","embeddable":true,"href":"https:\/\/diariodelsurdigital.com.ar\/index.php?rest_route=%2Fwp%2Fv2%2Ftags&post=4238"}],"curies":[{"name":"wp","href":"https:\/\/api.w.org\/{rel}","templated":true}]}}