{"id":4241,"date":"2025-08-21T20:38:46","date_gmt":"2025-08-21T23:38:46","guid":{"rendered":"https:\/\/diariodelsurdigital.com.ar\/?p=4241"},"modified":"2025-08-21T21:01:29","modified_gmt":"2025-08-22T00:01:29","slug":"el-secretario-de-turismo-recibio-a-las-organizadoras-de-la-expo-navidad-de-puerto-yerua","status":"publish","type":"post","link":"https:\/\/diariodelsurdigital.com.ar\/?p=4241","title":{"rendered":"El secretario de Turismo recibi\u00f3 a las organizadoras de la Expo Navidad de Puerto Yeru\u00e1"},"content":{"rendered":"\n<p>Durante la tarde de este jueves, se realiz\u00f3 en la ciudad de Federaci\u00f3n la primera edici\u00f3n de Activar Destinos, organizado por la CET, C\u00e1mara Entrerriana de Turismo. De la misma participaron, las organizadoras de la Expo Navidad de Puerto Yeru\u00e1.<\/p>\n\n\n\n<p>Durante el c\u00f3nclave, Andrea Catalini, Valeria Packoski y Julieta Ferrer, se entrevistaron con el Dr. Jorge Satto, Secretario de Turismo de Entre R\u00edos y Sebasti\u00e1n Bel, Director General de Turismo del gobierno de Entre R\u00edos. Las organizadoras presentaron a las autoridades un dossier de lo que ser\u00e1 la Tercera Edici\u00f3n de la Expo Navidad en Puerto Yeru\u00e1 a realizarse los d\u00edas 7, 8 y 9 de noviembre del corriente a\u00f1o.<\/p>\n\n\n\n<p>Por su parte las autoridades garantizaron un lugar de promoci\u00f3n de la Expo Navidad en la FIT, (Feria Internacional de Turismo) a realizarse en la ciudad de Buenos Aires, durante el mes de setiembre de este a\u00f1o.<\/p>\n\n\n\n<p>El secretario de Turismo, felicit\u00f3 a las mujeres organizadoras del evento se\u00f1alando que, \u00abEn tiempo de crisis, es bueno apostar a ideas creativas, que atraigan al turismo de proximidad. No hay que quedarse en la queja, sino activar y adaptarse a los cambios y procesos actuales, con determinaci\u00f3n y compromiso ciudadano\u00bb, indic\u00f3 el funcionario.<\/p>\n\n\n\n<p>EXPO NAVIDAD: <a href=\"https:\/\/www.instagram.com\/expo.puertoyerua\/\">https:\/\/www.instagram.com\/expo.puertoyerua\/<\/a><\/p>\n\n\n\n<figure class=\"wp-block-image size-full\"><img loading=\"lazy\" decoding=\"async\" width=\"800\" height=\"600\" src=\"https:\/\/diariodelsurdigital.com.ar\/wp-content\/uploads\/2025\/08\/Imagen-de-WhatsApp-2025-08-21-a-las-19.17.22_07966edb.jpg\" alt=\"\" class=\"wp-image-4247\" srcset=\"https:\/\/diariodelsurdigital.com.ar\/wp-content\/uploads\/2025\/08\/Imagen-de-WhatsApp-2025-08-21-a-las-19.17.22_07966edb.jpg 800w, https:\/\/diariodelsurdigital.com.ar\/wp-content\/uploads\/2025\/08\/Imagen-de-WhatsApp-2025-08-21-a-las-19.17.22_07966edb-300x225.jpg 300w, https:\/\/diariodelsurdigital.com.ar\/wp-content\/uploads\/2025\/08\/Imagen-de-WhatsApp-2025-08-21-a-las-19.17.22_07966edb-768x576.jpg 768w, https:\/\/diariodelsurdigital.com.ar\/wp-content\/uploads\/2025\/08\/Imagen-de-WhatsApp-2025-08-21-a-las-19.17.22_07966edb-560x420.jpg 560w, https:\/\/diariodelsurdigital.com.ar\/wp-content\/uploads\/2025\/08\/Imagen-de-WhatsApp-2025-08-21-a-las-19.17.22_07966edb-80x60.jpg 80w, https:\/\/diariodelsurdigital.com.ar\/wp-content\/uploads\/2025\/08\/Imagen-de-WhatsApp-2025-08-21-a-las-19.17.22_07966edb-696x522.jpg 696w, https:\/\/diariodelsurdigital.com.ar\/wp-content\/uploads\/2025\/08\/Imagen-de-WhatsApp-2025-08-21-a-las-19.17.22_07966edb-265x198.jpg 265w\" sizes=\"auto, (max-width: 800px) 100vw, 800px\" \/><\/figure>\n","protected":false},"excerpt":{"rendered":"<p>Durante la tarde de este jueves, se realiz\u00f3 en la ciudad de Federaci\u00f3n la primera edici\u00f3n de Activar Destinos, organizado por la CET, C\u00e1mara Entrerriana de Turismo. De la misma participaron, las organizadoras de la Expo Navidad de Puerto Yeru\u00e1. Durante el c\u00f3nclave, Andrea Catalini, Valeria Packoski y Julieta Ferrer, se entrevistaron con el Dr. [&hellip;]<\/p>\n","protected":false},"author":2,"featured_media":4245,"comment_status":"open","ping_status":"open","sticky":false,"template":"","format":"standard","meta":{"footnotes":""},"categories":[17,1],"tags":[],"class_list":{"0":"post-4241","1":"post","2":"type-post","3":"status-publish","4":"format-standard","5":"has-post-thumbnail","7":"category-provinciales","8":"category-uncategorized"},"yoast_head":"<!-- This site is optimized with the Yoast SEO plugin v27.4 - https:\/\/yoast.com\/product\/yoast-seo-wordpress\/ -->\n<title>El secretario de Turismo recibi\u00f3 a las organizadoras de la Expo Navidad de Puerto Yeru\u00e1 - Diario del Sur<\/title>\n<meta name=\"robots\" content=\"index, follow, max-snippet:-1, max-image-preview:large, max-video-preview:-1\" \/>\n<link rel=\"canonical\" href=\"https:\/\/diariodelsurdigital.com.ar\/?p=4241\" \/>\n<meta property=\"og:locale\" content=\"es_ES\" \/>\n<meta property=\"og:type\" content=\"article\" \/>\n<meta property=\"og:title\" content=\"El secretario de Turismo recibi\u00f3 a las organizadoras de la Expo Navidad de Puerto Yeru\u00e1 - Diario del Sur\" \/>\n<meta property=\"og:description\" content=\"Durante la tarde de este jueves, se realiz\u00f3 en la ciudad de Federaci\u00f3n la primera edici\u00f3n de Activar Destinos, organizado por la CET, C\u00e1mara Entrerriana de Turismo. De la misma participaron, las organizadoras de la Expo Navidad de Puerto Yeru\u00e1. Durante el c\u00f3nclave, Andrea Catalini, Valeria Packoski y Julieta Ferrer, se entrevistaron con el Dr. [&hellip;]\" \/>\n<meta property=\"og:url\" content=\"https:\/\/diariodelsurdigital.com.ar\/?p=4241\" \/>\n<meta property=\"og:site_name\" content=\"Diario del Sur\" \/>\n<meta property=\"article:published_time\" content=\"2025-08-21T23:38:46+00:00\" \/>\n<meta property=\"article:modified_time\" content=\"2025-08-22T00:01:29+00:00\" \/>\n<meta property=\"og:image\" content=\"https:\/\/diariodelsurdigital.com.ar\/wp-content\/uploads\/2025\/08\/Imagen-de-WhatsApp-2025-08-21-a-las-19.17.23_e3eabca1-2.jpg\" \/>\n\t<meta property=\"og:image:width\" content=\"495\" \/>\n\t<meta property=\"og:image:height\" content=\"351\" \/>\n\t<meta property=\"og:image:type\" content=\"image\/jpeg\" \/>\n<meta name=\"author\" content=\"Diario del Sur Digital\" \/>\n<meta name=\"twitter:card\" content=\"summary_large_image\" \/>\n<meta name=\"twitter:label1\" content=\"Escrito por\" \/>\n\t<meta name=\"twitter:data1\" content=\"Diario del Sur Digital\" \/>\n\t<meta name=\"twitter:label2\" content=\"Tiempo de lectura\" \/>\n\t<meta name=\"twitter:data2\" content=\"2 minutos\" \/>\n<script type=\"application\/ld+json\" class=\"yoast-schema-graph\">{\"@context\":\"https:\\\/\\\/schema.org\",\"@graph\":[{\"@type\":\"Article\",\"@id\":\"https:\\\/\\\/diariodelsurdigital.com.ar\\\/?p=4241#article\",\"isPartOf\":{\"@id\":\"https:\\\/\\\/diariodelsurdigital.com.ar\\\/?p=4241\"},\"author\":{\"name\":\"Diario del Sur Digital\",\"@id\":\"https:\\\/\\\/diariodelsurdigital.com.ar\\\/#\\\/schema\\\/person\\\/6136a32571657f7dba980b88b04c5465\"},\"headline\":\"El secretario de Turismo recibi\u00f3 a las organizadoras de la Expo Navidad de Puerto Yeru\u00e1\",\"datePublished\":\"2025-08-21T23:38:46+00:00\",\"dateModified\":\"2025-08-22T00:01:29+00:00\",\"mainEntityOfPage\":{\"@id\":\"https:\\\/\\\/diariodelsurdigital.com.ar\\\/?p=4241\"},\"wordCount\":235,\"commentCount\":0,\"image\":{\"@id\":\"https:\\\/\\\/diariodelsurdigital.com.ar\\\/?p=4241#primaryimage\"},\"thumbnailUrl\":\"https:\\\/\\\/diariodelsurdigital.com.ar\\\/wp-content\\\/uploads\\\/2025\\\/08\\\/Imagen-de-WhatsApp-2025-08-21-a-las-19.17.23_e3eabca1-2.jpg\",\"articleSection\":[\"Provinciales\",\"Uncategorized\"],\"inLanguage\":\"es\",\"potentialAction\":[{\"@type\":\"CommentAction\",\"name\":\"Comment\",\"target\":[\"https:\\\/\\\/diariodelsurdigital.com.ar\\\/?p=4241#respond\"]}]},{\"@type\":\"WebPage\",\"@id\":\"https:\\\/\\\/diariodelsurdigital.com.ar\\\/?p=4241\",\"url\":\"https:\\\/\\\/diariodelsurdigital.com.ar\\\/?p=4241\",\"name\":\"El secretario de Turismo recibi\u00f3 a las organizadoras de la Expo Navidad de Puerto Yeru\u00e1 - Diario del Sur\",\"isPartOf\":{\"@id\":\"https:\\\/\\\/diariodelsurdigital.com.ar\\\/#website\"},\"primaryImageOfPage\":{\"@id\":\"https:\\\/\\\/diariodelsurdigital.com.ar\\\/?p=4241#primaryimage\"},\"image\":{\"@id\":\"https:\\\/\\\/diariodelsurdigital.com.ar\\\/?p=4241#primaryimage\"},\"thumbnailUrl\":\"https:\\\/\\\/diariodelsurdigital.com.ar\\\/wp-content\\\/uploads\\\/2025\\\/08\\\/Imagen-de-WhatsApp-2025-08-21-a-las-19.17.23_e3eabca1-2.jpg\",\"datePublished\":\"2025-08-21T23:38:46+00:00\",\"dateModified\":\"2025-08-22T00:01:29+00:00\",\"author\":{\"@id\":\"https:\\\/\\\/diariodelsurdigital.com.ar\\\/#\\\/schema\\\/person\\\/6136a32571657f7dba980b88b04c5465\"},\"breadcrumb\":{\"@id\":\"https:\\\/\\\/diariodelsurdigital.com.ar\\\/?p=4241#breadcrumb\"},\"inLanguage\":\"es\",\"potentialAction\":[{\"@type\":\"ReadAction\",\"target\":[\"https:\\\/\\\/diariodelsurdigital.com.ar\\\/?p=4241\"]}]},{\"@type\":\"ImageObject\",\"inLanguage\":\"es\",\"@id\":\"https:\\\/\\\/diariodelsurdigital.com.ar\\\/?p=4241#primaryimage\",\"url\":\"https:\\\/\\\/diariodelsurdigital.com.ar\\\/wp-content\\\/uploads\\\/2025\\\/08\\\/Imagen-de-WhatsApp-2025-08-21-a-las-19.17.23_e3eabca1-2.jpg\",\"contentUrl\":\"https:\\\/\\\/diariodelsurdigital.com.ar\\\/wp-content\\\/uploads\\\/2025\\\/08\\\/Imagen-de-WhatsApp-2025-08-21-a-las-19.17.23_e3eabca1-2.jpg\",\"width\":495,\"height\":351},{\"@type\":\"BreadcrumbList\",\"@id\":\"https:\\\/\\\/diariodelsurdigital.com.ar\\\/?p=4241#breadcrumb\",\"itemListElement\":[{\"@type\":\"ListItem\",\"position\":1,\"name\":\"Portada\",\"item\":\"https:\\\/\\\/diariodelsurdigital.com.ar\\\/\"},{\"@type\":\"ListItem\",\"position\":2,\"name\":\"El secretario de Turismo recibi\u00f3 a las organizadoras de la Expo Navidad de Puerto Yeru\u00e1\"}]},{\"@type\":\"WebSite\",\"@id\":\"https:\\\/\\\/diariodelsurdigital.com.ar\\\/#website\",\"url\":\"https:\\\/\\\/diariodelsurdigital.com.ar\\\/\",\"name\":\"Diario del Sur\",\"description\":\"Digital\",\"potentialAction\":[{\"@type\":\"SearchAction\",\"target\":{\"@type\":\"EntryPoint\",\"urlTemplate\":\"https:\\\/\\\/diariodelsurdigital.com.ar\\\/?s={search_term_string}\"},\"query-input\":{\"@type\":\"PropertyValueSpecification\",\"valueRequired\":true,\"valueName\":\"search_term_string\"}}],\"inLanguage\":\"es\"},{\"@type\":\"Person\",\"@id\":\"https:\\\/\\\/diariodelsurdigital.com.ar\\\/#\\\/schema\\\/person\\\/6136a32571657f7dba980b88b04c5465\",\"name\":\"Diario del Sur Digital\",\"image\":{\"@type\":\"ImageObject\",\"inLanguage\":\"es\",\"@id\":\"https:\\\/\\\/secure.gravatar.com\\\/avatar\\\/4c29ceac98541dd42460b2474aaa5dd37594d6ce6cb3cf2c101d09b48ee287ba?s=96&d=mm&r=g\",\"url\":\"https:\\\/\\\/secure.gravatar.com\\\/avatar\\\/4c29ceac98541dd42460b2474aaa5dd37594d6ce6cb3cf2c101d09b48ee287ba?s=96&d=mm&r=g\",\"contentUrl\":\"https:\\\/\\\/secure.gravatar.com\\\/avatar\\\/4c29ceac98541dd42460b2474aaa5dd37594d6ce6cb3cf2c101d09b48ee287ba?s=96&d=mm&r=g\",\"caption\":\"Diario del Sur Digital\"},\"url\":\"https:\\\/\\\/diariodelsurdigital.com.ar\\\/?author=2\"}]}<\/script>\n<!-- \/ Yoast SEO plugin. -->","yoast_head_json":{"title":"El secretario de Turismo recibi\u00f3 a las organizadoras de la Expo Navidad de Puerto Yeru\u00e1 - Diario del Sur","robots":{"index":"index","follow":"follow","max-snippet":"max-snippet:-1","max-image-preview":"max-image-preview:large","max-video-preview":"max-video-preview:-1"},"canonical":"https:\/\/diariodelsurdigital.com.ar\/?p=4241","og_locale":"es_ES","og_type":"article","og_title":"El secretario de Turismo recibi\u00f3 a las organizadoras de la Expo Navidad de Puerto Yeru\u00e1 - Diario del Sur","og_description":"Durante la tarde de este jueves, se realiz\u00f3 en la ciudad de Federaci\u00f3n la primera edici\u00f3n de Activar Destinos, organizado por la CET, C\u00e1mara Entrerriana de Turismo. De la misma participaron, las organizadoras de la Expo Navidad de Puerto Yeru\u00e1. Durante el c\u00f3nclave, Andrea Catalini, Valeria Packoski y Julieta Ferrer, se entrevistaron con el Dr. [&hellip;]","og_url":"https:\/\/diariodelsurdigital.com.ar\/?p=4241","og_site_name":"Diario del Sur","article_published_time":"2025-08-21T23:38:46+00:00","article_modified_time":"2025-08-22T00:01:29+00:00","og_image":[{"width":495,"height":351,"url":"https:\/\/diariodelsurdigital.com.ar\/wp-content\/uploads\/2025\/08\/Imagen-de-WhatsApp-2025-08-21-a-las-19.17.23_e3eabca1-2.jpg","type":"image\/jpeg"}],"author":"Diario del Sur Digital","twitter_card":"summary_large_image","twitter_misc":{"Escrito por":"Diario del Sur Digital","Tiempo de lectura":"2 minutos"},"schema":{"@context":"https:\/\/schema.org","@graph":[{"@type":"Article","@id":"https:\/\/diariodelsurdigital.com.ar\/?p=4241#article","isPartOf":{"@id":"https:\/\/diariodelsurdigital.com.ar\/?p=4241"},"author":{"name":"Diario del Sur Digital","@id":"https:\/\/diariodelsurdigital.com.ar\/#\/schema\/person\/6136a32571657f7dba980b88b04c5465"},"headline":"El secretario de Turismo recibi\u00f3 a las organizadoras de la Expo Navidad de Puerto Yeru\u00e1","datePublished":"2025-08-21T23:38:46+00:00","dateModified":"2025-08-22T00:01:29+00:00","mainEntityOfPage":{"@id":"https:\/\/diariodelsurdigital.com.ar\/?p=4241"},"wordCount":235,"commentCount":0,"image":{"@id":"https:\/\/diariodelsurdigital.com.ar\/?p=4241#primaryimage"},"thumbnailUrl":"https:\/\/diariodelsurdigital.com.ar\/wp-content\/uploads\/2025\/08\/Imagen-de-WhatsApp-2025-08-21-a-las-19.17.23_e3eabca1-2.jpg","articleSection":["Provinciales","Uncategorized"],"inLanguage":"es","potentialAction":[{"@type":"CommentAction","name":"Comment","target":["https:\/\/diariodelsurdigital.com.ar\/?p=4241#respond"]}]},{"@type":"WebPage","@id":"https:\/\/diariodelsurdigital.com.ar\/?p=4241","url":"https:\/\/diariodelsurdigital.com.ar\/?p=4241","name":"El secretario de Turismo recibi\u00f3 a las organizadoras de la Expo Navidad de Puerto Yeru\u00e1 - Diario del Sur","isPartOf":{"@id":"https:\/\/diariodelsurdigital.com.ar\/#website"},"primaryImageOfPage":{"@id":"https:\/\/diariodelsurdigital.com.ar\/?p=4241#primaryimage"},"image":{"@id":"https:\/\/diariodelsurdigital.com.ar\/?p=4241#primaryimage"},"thumbnailUrl":"https:\/\/diariodelsurdigital.com.ar\/wp-content\/uploads\/2025\/08\/Imagen-de-WhatsApp-2025-08-21-a-las-19.17.23_e3eabca1-2.jpg","datePublished":"2025-08-21T23:38:46+00:00","dateModified":"2025-08-22T00:01:29+00:00","author":{"@id":"https:\/\/diariodelsurdigital.com.ar\/#\/schema\/person\/6136a32571657f7dba980b88b04c5465"},"breadcrumb":{"@id":"https:\/\/diariodelsurdigital.com.ar\/?p=4241#breadcrumb"},"inLanguage":"es","potentialAction":[{"@type":"ReadAction","target":["https:\/\/diariodelsurdigital.com.ar\/?p=4241"]}]},{"@type":"ImageObject","inLanguage":"es","@id":"https:\/\/diariodelsurdigital.com.ar\/?p=4241#primaryimage","url":"https:\/\/diariodelsurdigital.com.ar\/wp-content\/uploads\/2025\/08\/Imagen-de-WhatsApp-2025-08-21-a-las-19.17.23_e3eabca1-2.jpg","contentUrl":"https:\/\/diariodelsurdigital.com.ar\/wp-content\/uploads\/2025\/08\/Imagen-de-WhatsApp-2025-08-21-a-las-19.17.23_e3eabca1-2.jpg","width":495,"height":351},{"@type":"BreadcrumbList","@id":"https:\/\/diariodelsurdigital.com.ar\/?p=4241#breadcrumb","itemListElement":[{"@type":"ListItem","position":1,"name":"Portada","item":"https:\/\/diariodelsurdigital.com.ar\/"},{"@type":"ListItem","position":2,"name":"El secretario de Turismo recibi\u00f3 a las organizadoras de la Expo Navidad de Puerto Yeru\u00e1"}]},{"@type":"WebSite","@id":"https:\/\/diariodelsurdigital.com.ar\/#website","url":"https:\/\/diariodelsurdigital.com.ar\/","name":"Diario del Sur","description":"Digital","potentialAction":[{"@type":"SearchAction","target":{"@type":"EntryPoint","urlTemplate":"https:\/\/diariodelsurdigital.com.ar\/?s={search_term_string}"},"query-input":{"@type":"PropertyValueSpecification","valueRequired":true,"valueName":"search_term_string"}}],"inLanguage":"es"},{"@type":"Person","@id":"https:\/\/diariodelsurdigital.com.ar\/#\/schema\/person\/6136a32571657f7dba980b88b04c5465","name":"Diario del Sur Digital","image":{"@type":"ImageObject","inLanguage":"es","@id":"https:\/\/secure.gravatar.com\/avatar\/4c29ceac98541dd42460b2474aaa5dd37594d6ce6cb3cf2c101d09b48ee287ba?s=96&d=mm&r=g","url":"https:\/\/secure.gravatar.com\/avatar\/4c29ceac98541dd42460b2474aaa5dd37594d6ce6cb3cf2c101d09b48ee287ba?s=96&d=mm&r=g","contentUrl":"https:\/\/secure.gravatar.com\/avatar\/4c29ceac98541dd42460b2474aaa5dd37594d6ce6cb3cf2c101d09b48ee287ba?s=96&d=mm&r=g","caption":"Diario del Sur Digital"},"url":"https:\/\/diariodelsurdigital.com.ar\/?author=2"}]}},"_links":{"self":[{"href":"https:\/\/diariodelsurdigital.com.ar\/index.php?rest_route=\/wp\/v2\/posts\/4241","targetHints":{"allow":["GET"]}}],"collection":[{"href":"https:\/\/diariodelsurdigital.com.ar\/index.php?rest_route=\/wp\/v2\/posts"}],"about":[{"href":"https:\/\/diariodelsurdigital.com.ar\/index.php?rest_route=\/wp\/v2\/types\/post"}],"author":[{"embeddable":true,"href":"https:\/\/diariodelsurdigital.com.ar\/index.php?rest_route=\/wp\/v2\/users\/2"}],"replies":[{"embeddable":true,"href":"https:\/\/diariodelsurdigital.com.ar\/index.php?rest_route=%2Fwp%2Fv2%2Fcomments&post=4241"}],"version-history":[{"count":4,"href":"https:\/\/diariodelsurdigital.com.ar\/index.php?rest_route=\/wp\/v2\/posts\/4241\/revisions"}],"predecessor-version":[{"id":4251,"href":"https:\/\/diariodelsurdigital.com.ar\/index.php?rest_route=\/wp\/v2\/posts\/4241\/revisions\/4251"}],"wp:featuredmedia":[{"embeddable":true,"href":"https:\/\/diariodelsurdigital.com.ar\/index.php?rest_route=\/wp\/v2\/media\/4245"}],"wp:attachment":[{"href":"https:\/\/diariodelsurdigital.com.ar\/index.php?rest_route=%2Fwp%2Fv2%2Fmedia&parent=4241"}],"wp:term":[{"taxonomy":"category","embeddable":true,"href":"https:\/\/diariodelsurdigital.com.ar\/index.php?rest_route=%2Fwp%2Fv2%2Fcategories&post=4241"},{"taxonomy":"post_tag","embeddable":true,"href":"https:\/\/diariodelsurdigital.com.ar\/index.php?rest_route=%2Fwp%2Fv2%2Ftags&post=4241"}],"curies":[{"name":"wp","href":"https:\/\/api.w.org\/{rel}","templated":true}]}}