{"id":4252,"date":"2025-08-22T12:12:50","date_gmt":"2025-08-22T15:12:50","guid":{"rendered":"https:\/\/diariodelsurdigital.com.ar\/?p=4252"},"modified":"2025-08-22T12:12:50","modified_gmt":"2025-08-22T15:12:50","slug":"gaillard-quienes-pretenden-expulsarnos-del-pj-le-hacian-reunion-a-los-intendentes-con-kueider-para-que-vote-la-ley-bases","status":"publish","type":"post","link":"https:\/\/diariodelsurdigital.com.ar\/?p=4252","title":{"rendered":"Gaillard: \u201cQuienes pretenden expulsarnos del PJ le hac\u00edan reuni\u00f3n a los Intendentes con Kueider para que vote la Ley Bases\u201d"},"content":{"rendered":"\n<p><\/p>\n\n\n\n<p><strong>A trav\u00e9s de la C\u00e1mara Nacional Electoral hicieron prohibir el nombre de Fuerza Patria al frente que encabezan como candidatas a legisladora nacionales Carolina Gaillard y Paola Rubattino. En comunicaci\u00f3n con Radio La Voz, Gaillard dijo: \u201cEstamos con la sensaci\u00f3n de que se ha manipulado la Justicia, la C\u00e1mara Nacional Electoral, para un fallo que es pol\u00e9mico\u201d.<\/strong><\/p>\n\n\n\n<p>Dicho fallo:&nbsp;<strong>\u201cDeja un mal antecedente, porque establece que la palabra Patria no puede ser utilizada, a\u00fan cuando no hay otra alianza electoral que la use en Entre R\u00edos, por el hecho de que podr\u00eda prestar a confusi\u00f3n con la provincia de Buenos Aires\u201d,&nbsp;<\/strong>se\u00f1al\u00f3.<\/p>\n\n\n\n<p><strong>\u201cLo m\u00e1s ins\u00f3lito de esto es que la lista del PJ oficial han intentado por todos los medios no ser kirchneristas, alejarse del campo nacional y popular, no parecerse en nada, tal es as\u00ed que eligieron el nombre Fuerza Entre R\u00edos y no Fuerza Patria que es como se llama la alianza en todo el pa\u00eds\u201d,&nbsp;<\/strong>manifest\u00f3.<\/p>\n\n\n\n<p><strong>\u201cLa disputa tiene que ser c\u00f3mo fortalecemos la propuesta electoral del peronismo para enfrentar a Milei, porque ayer vimos c\u00f3mo los legisladores de Frigerio votaron a favor del veto de las jubilaciones. En lugar de estar preocupados en una campa\u00f1a de c\u00f3mo le ganan a Frigerio y a Milei est\u00e1n m\u00e1s preocupados por impugnarnos el nombre y que no usemos la palabra Patria. El fallo es pol\u00e9mico, arbitrario, no es un\u00e1nime\u201d,<\/strong>&nbsp;explic\u00f3 Gaillard.<\/p>\n\n\n\n<p><strong>\u201cTenemos que terminar con este jueguito de las maniobras dilatorias y ponernos a trabajar en una campa\u00f1a en donde la gente realmente vaya a votar y vote peronismo para ponerle un freno a Milei\u201d,&nbsp;<\/strong>remarc\u00f3.<\/p>\n\n\n\n<p>Como diputada nacional afirm\u00f3:<strong>&nbsp;\u201cAyer logramos rechazar el veto a la ley de Emergencia en Discapacidad. Ahora una vez que lo rechace el Senado va a quedar firme la ley, y era algo urgente, necesario. Lamentablemente no pudimos rechazar el veto a jubilaciones por la presi\u00f3n de los Gobernadores\u201d.<\/strong><\/p>\n\n\n\n<p>Manifest\u00f3 la candidata:<strong>&nbsp;\u201cLos entrerrianos en octubre tenemos la oportunidad de votar legisladores que nos defiendan, que defiendan a los jubilados, a los trabajadores, nuestra mira tiene que ser puesta en que la gente vote en defensa propia\u201d.<\/strong><strong><\/strong><\/p>\n\n\n\n<p><strong>\u201cNosotros nos vamos a seguir llamando Ahora la Patria, m\u00e1s all\u00e1 que nos impidan en la boleta electoral usar el nombre Patria. Somos eso y somos una propuesta. Nuestra conductora es Cristina Fern\u00e1ndez de Kirchner, estamos orgullosos de los doce a\u00f1os de Gobierno de N\u00e9stor y Cristina. Uno tiene que ser agradecido. Tenemos la tarea de poder construir un proyecto de pa\u00eds alternativo al de la crueldad de Milei, con m\u00e1s debate y participaci\u00f3n, no en el partido de puertas cerradas entre cuatro dirigentes que se encierran y deciden los nombres\u201d,<\/strong>&nbsp;enfatiz\u00f3 Gaillard.<\/p>\n\n\n\n<p><strong>\u201cSe necesitan legisladores que tengan firmeza, coherencia y convicci\u00f3n, sobre todo valent\u00eda para dar los debates en el Congreso y defender lo que hay que defender. Para el 27 tener una propuesta que represente a los entrerrianos, con un entrerriano como candidato a Gobernador o Gobernadora. No podemos tener un porte\u00f1o gobernando nuestra provincia, y si est\u00e1 es porque nosotros perdimos la provincia y algo hicimos mal\u201d,&nbsp;<\/strong>dijo la candidata.<\/p>\n\n\n\n<p><strong>\u201cHay mucho hartazgo y cansancio con nuestro partido porque no da los debates que tiene que dar, se cierra\u201d.<\/strong><strong><\/strong><\/p>\n\n\n\n<p><strong>\u201cQuienes pretenden expulsarme del partido a m\u00ed y a Paola Rubattino poca legitimidad tienen, son los que le hac\u00edan reuni\u00f3n a los Intendentes con Kueider para que vote la Ley Bases. \u00bfA qu\u00e9 peronismo vamos a votar?, \u00bfal que banca la Ley Bases o al que se opone a la Ley Bases que nos est\u00e1 destruyendo y desmantelando el Estado y haciendo mierda la vida de la gente?\u201d,<\/strong>\u00a0remarc\u00f3.<br><\/p>\n\n\n\n<p><strong>Fuente:<\/strong>\u00a0Radio La Voz<\/p>\n","protected":false},"excerpt":{"rendered":"<p>A trav\u00e9s de la C\u00e1mara Nacional Electoral hicieron prohibir el nombre de Fuerza Patria al frente que encabezan como candidatas a legisladora nacionales Carolina Gaillard y Paola Rubattino. En comunicaci\u00f3n con Radio La Voz, Gaillard dijo: \u201cEstamos con la sensaci\u00f3n de que se ha manipulado la Justicia, la C\u00e1mara Nacional Electoral, para un fallo que [&hellip;]<\/p>\n","protected":false},"author":2,"featured_media":4253,"comment_status":"open","ping_status":"open","sticky":false,"template":"","format":"standard","meta":{"footnotes":""},"categories":[17],"tags":[],"class_list":{"0":"post-4252","1":"post","2":"type-post","3":"status-publish","4":"format-standard","5":"has-post-thumbnail","7":"category-provinciales"},"yoast_head":"<!-- This site is optimized with the Yoast SEO plugin v27.4 - https:\/\/yoast.com\/product\/yoast-seo-wordpress\/ -->\n<title>Gaillard: \u201cQuienes pretenden expulsarnos del PJ le hac\u00edan reuni\u00f3n a los Intendentes con Kueider para que vote la Ley Bases\u201d - Diario del Sur<\/title>\n<meta name=\"robots\" content=\"index, follow, max-snippet:-1, max-image-preview:large, max-video-preview:-1\" \/>\n<link rel=\"canonical\" href=\"https:\/\/diariodelsurdigital.com.ar\/?p=4252\" \/>\n<meta property=\"og:locale\" content=\"es_ES\" \/>\n<meta property=\"og:type\" content=\"article\" \/>\n<meta property=\"og:title\" content=\"Gaillard: \u201cQuienes pretenden expulsarnos del PJ le hac\u00edan reuni\u00f3n a los Intendentes con Kueider para que vote la Ley Bases\u201d - Diario del Sur\" \/>\n<meta property=\"og:description\" content=\"A trav\u00e9s de la C\u00e1mara Nacional Electoral hicieron prohibir el nombre de Fuerza Patria al frente que encabezan como candidatas a legisladora nacionales Carolina Gaillard y Paola Rubattino. En comunicaci\u00f3n con Radio La Voz, Gaillard dijo: \u201cEstamos con la sensaci\u00f3n de que se ha manipulado la Justicia, la C\u00e1mara Nacional Electoral, para un fallo que [&hellip;]\" \/>\n<meta property=\"og:url\" content=\"https:\/\/diariodelsurdigital.com.ar\/?p=4252\" \/>\n<meta property=\"og:site_name\" content=\"Diario del Sur\" \/>\n<meta property=\"article:published_time\" content=\"2025-08-22T15:12:50+00:00\" \/>\n<meta property=\"og:image\" content=\"https:\/\/diariodelsurdigital.com.ar\/wp-content\/uploads\/2025\/08\/b_1643799839.jpeg\" \/>\n\t<meta property=\"og:image:width\" content=\"474\" \/>\n\t<meta property=\"og:image:height\" content=\"316\" \/>\n\t<meta property=\"og:image:type\" content=\"image\/jpeg\" \/>\n<meta name=\"author\" content=\"Diario del Sur Digital\" \/>\n<meta name=\"twitter:card\" content=\"summary_large_image\" \/>\n<meta name=\"twitter:label1\" content=\"Escrito por\" \/>\n\t<meta name=\"twitter:data1\" content=\"Diario del Sur Digital\" \/>\n\t<meta name=\"twitter:label2\" content=\"Tiempo de lectura\" \/>\n\t<meta name=\"twitter:data2\" content=\"3 minutos\" \/>\n<script type=\"application\/ld+json\" class=\"yoast-schema-graph\">{\"@context\":\"https:\\\/\\\/schema.org\",\"@graph\":[{\"@type\":\"Article\",\"@id\":\"https:\\\/\\\/diariodelsurdigital.com.ar\\\/?p=4252#article\",\"isPartOf\":{\"@id\":\"https:\\\/\\\/diariodelsurdigital.com.ar\\\/?p=4252\"},\"author\":{\"name\":\"Diario del Sur Digital\",\"@id\":\"https:\\\/\\\/diariodelsurdigital.com.ar\\\/#\\\/schema\\\/person\\\/6136a32571657f7dba980b88b04c5465\"},\"headline\":\"Gaillard: \u201cQuienes pretenden expulsarnos del PJ le hac\u00edan reuni\u00f3n a los Intendentes con Kueider para que vote la Ley Bases\u201d\",\"datePublished\":\"2025-08-22T15:12:50+00:00\",\"mainEntityOfPage\":{\"@id\":\"https:\\\/\\\/diariodelsurdigital.com.ar\\\/?p=4252\"},\"wordCount\":676,\"commentCount\":0,\"image\":{\"@id\":\"https:\\\/\\\/diariodelsurdigital.com.ar\\\/?p=4252#primaryimage\"},\"thumbnailUrl\":\"https:\\\/\\\/diariodelsurdigital.com.ar\\\/wp-content\\\/uploads\\\/2025\\\/08\\\/b_1643799839.jpeg\",\"articleSection\":[\"Provinciales\"],\"inLanguage\":\"es\",\"potentialAction\":[{\"@type\":\"CommentAction\",\"name\":\"Comment\",\"target\":[\"https:\\\/\\\/diariodelsurdigital.com.ar\\\/?p=4252#respond\"]}]},{\"@type\":\"WebPage\",\"@id\":\"https:\\\/\\\/diariodelsurdigital.com.ar\\\/?p=4252\",\"url\":\"https:\\\/\\\/diariodelsurdigital.com.ar\\\/?p=4252\",\"name\":\"Gaillard: \u201cQuienes pretenden expulsarnos del PJ le hac\u00edan reuni\u00f3n a los Intendentes con Kueider para que vote la Ley Bases\u201d - Diario del Sur\",\"isPartOf\":{\"@id\":\"https:\\\/\\\/diariodelsurdigital.com.ar\\\/#website\"},\"primaryImageOfPage\":{\"@id\":\"https:\\\/\\\/diariodelsurdigital.com.ar\\\/?p=4252#primaryimage\"},\"image\":{\"@id\":\"https:\\\/\\\/diariodelsurdigital.com.ar\\\/?p=4252#primaryimage\"},\"thumbnailUrl\":\"https:\\\/\\\/diariodelsurdigital.com.ar\\\/wp-content\\\/uploads\\\/2025\\\/08\\\/b_1643799839.jpeg\",\"datePublished\":\"2025-08-22T15:12:50+00:00\",\"author\":{\"@id\":\"https:\\\/\\\/diariodelsurdigital.com.ar\\\/#\\\/schema\\\/person\\\/6136a32571657f7dba980b88b04c5465\"},\"breadcrumb\":{\"@id\":\"https:\\\/\\\/diariodelsurdigital.com.ar\\\/?p=4252#breadcrumb\"},\"inLanguage\":\"es\",\"potentialAction\":[{\"@type\":\"ReadAction\",\"target\":[\"https:\\\/\\\/diariodelsurdigital.com.ar\\\/?p=4252\"]}]},{\"@type\":\"ImageObject\",\"inLanguage\":\"es\",\"@id\":\"https:\\\/\\\/diariodelsurdigital.com.ar\\\/?p=4252#primaryimage\",\"url\":\"https:\\\/\\\/diariodelsurdigital.com.ar\\\/wp-content\\\/uploads\\\/2025\\\/08\\\/b_1643799839.jpeg\",\"contentUrl\":\"https:\\\/\\\/diariodelsurdigital.com.ar\\\/wp-content\\\/uploads\\\/2025\\\/08\\\/b_1643799839.jpeg\",\"width\":474,\"height\":316},{\"@type\":\"BreadcrumbList\",\"@id\":\"https:\\\/\\\/diariodelsurdigital.com.ar\\\/?p=4252#breadcrumb\",\"itemListElement\":[{\"@type\":\"ListItem\",\"position\":1,\"name\":\"Portada\",\"item\":\"https:\\\/\\\/diariodelsurdigital.com.ar\\\/\"},{\"@type\":\"ListItem\",\"position\":2,\"name\":\"Gaillard: \u201cQuienes pretenden expulsarnos del PJ le hac\u00edan reuni\u00f3n a los Intendentes con Kueider para que vote la Ley Bases\u201d\"}]},{\"@type\":\"WebSite\",\"@id\":\"https:\\\/\\\/diariodelsurdigital.com.ar\\\/#website\",\"url\":\"https:\\\/\\\/diariodelsurdigital.com.ar\\\/\",\"name\":\"Diario del Sur\",\"description\":\"Digital\",\"potentialAction\":[{\"@type\":\"SearchAction\",\"target\":{\"@type\":\"EntryPoint\",\"urlTemplate\":\"https:\\\/\\\/diariodelsurdigital.com.ar\\\/?s={search_term_string}\"},\"query-input\":{\"@type\":\"PropertyValueSpecification\",\"valueRequired\":true,\"valueName\":\"search_term_string\"}}],\"inLanguage\":\"es\"},{\"@type\":\"Person\",\"@id\":\"https:\\\/\\\/diariodelsurdigital.com.ar\\\/#\\\/schema\\\/person\\\/6136a32571657f7dba980b88b04c5465\",\"name\":\"Diario del Sur Digital\",\"image\":{\"@type\":\"ImageObject\",\"inLanguage\":\"es\",\"@id\":\"https:\\\/\\\/secure.gravatar.com\\\/avatar\\\/4c29ceac98541dd42460b2474aaa5dd37594d6ce6cb3cf2c101d09b48ee287ba?s=96&d=mm&r=g\",\"url\":\"https:\\\/\\\/secure.gravatar.com\\\/avatar\\\/4c29ceac98541dd42460b2474aaa5dd37594d6ce6cb3cf2c101d09b48ee287ba?s=96&d=mm&r=g\",\"contentUrl\":\"https:\\\/\\\/secure.gravatar.com\\\/avatar\\\/4c29ceac98541dd42460b2474aaa5dd37594d6ce6cb3cf2c101d09b48ee287ba?s=96&d=mm&r=g\",\"caption\":\"Diario del Sur Digital\"},\"url\":\"https:\\\/\\\/diariodelsurdigital.com.ar\\\/?author=2\"}]}<\/script>\n<!-- \/ Yoast SEO plugin. -->","yoast_head_json":{"title":"Gaillard: \u201cQuienes pretenden expulsarnos del PJ le hac\u00edan reuni\u00f3n a los Intendentes con Kueider para que vote la Ley Bases\u201d - Diario del Sur","robots":{"index":"index","follow":"follow","max-snippet":"max-snippet:-1","max-image-preview":"max-image-preview:large","max-video-preview":"max-video-preview:-1"},"canonical":"https:\/\/diariodelsurdigital.com.ar\/?p=4252","og_locale":"es_ES","og_type":"article","og_title":"Gaillard: \u201cQuienes pretenden expulsarnos del PJ le hac\u00edan reuni\u00f3n a los Intendentes con Kueider para que vote la Ley Bases\u201d - Diario del Sur","og_description":"A trav\u00e9s de la C\u00e1mara Nacional Electoral hicieron prohibir el nombre de Fuerza Patria al frente que encabezan como candidatas a legisladora nacionales Carolina Gaillard y Paola Rubattino. En comunicaci\u00f3n con Radio La Voz, Gaillard dijo: \u201cEstamos con la sensaci\u00f3n de que se ha manipulado la Justicia, la C\u00e1mara Nacional Electoral, para un fallo que [&hellip;]","og_url":"https:\/\/diariodelsurdigital.com.ar\/?p=4252","og_site_name":"Diario del Sur","article_published_time":"2025-08-22T15:12:50+00:00","og_image":[{"width":474,"height":316,"url":"https:\/\/diariodelsurdigital.com.ar\/wp-content\/uploads\/2025\/08\/b_1643799839.jpeg","type":"image\/jpeg"}],"author":"Diario del Sur Digital","twitter_card":"summary_large_image","twitter_misc":{"Escrito por":"Diario del Sur Digital","Tiempo de lectura":"3 minutos"},"schema":{"@context":"https:\/\/schema.org","@graph":[{"@type":"Article","@id":"https:\/\/diariodelsurdigital.com.ar\/?p=4252#article","isPartOf":{"@id":"https:\/\/diariodelsurdigital.com.ar\/?p=4252"},"author":{"name":"Diario del Sur Digital","@id":"https:\/\/diariodelsurdigital.com.ar\/#\/schema\/person\/6136a32571657f7dba980b88b04c5465"},"headline":"Gaillard: \u201cQuienes pretenden expulsarnos del PJ le hac\u00edan reuni\u00f3n a los Intendentes con Kueider para que vote la Ley Bases\u201d","datePublished":"2025-08-22T15:12:50+00:00","mainEntityOfPage":{"@id":"https:\/\/diariodelsurdigital.com.ar\/?p=4252"},"wordCount":676,"commentCount":0,"image":{"@id":"https:\/\/diariodelsurdigital.com.ar\/?p=4252#primaryimage"},"thumbnailUrl":"https:\/\/diariodelsurdigital.com.ar\/wp-content\/uploads\/2025\/08\/b_1643799839.jpeg","articleSection":["Provinciales"],"inLanguage":"es","potentialAction":[{"@type":"CommentAction","name":"Comment","target":["https:\/\/diariodelsurdigital.com.ar\/?p=4252#respond"]}]},{"@type":"WebPage","@id":"https:\/\/diariodelsurdigital.com.ar\/?p=4252","url":"https:\/\/diariodelsurdigital.com.ar\/?p=4252","name":"Gaillard: \u201cQuienes pretenden expulsarnos del PJ le hac\u00edan reuni\u00f3n a los Intendentes con Kueider para que vote la Ley Bases\u201d - Diario del Sur","isPartOf":{"@id":"https:\/\/diariodelsurdigital.com.ar\/#website"},"primaryImageOfPage":{"@id":"https:\/\/diariodelsurdigital.com.ar\/?p=4252#primaryimage"},"image":{"@id":"https:\/\/diariodelsurdigital.com.ar\/?p=4252#primaryimage"},"thumbnailUrl":"https:\/\/diariodelsurdigital.com.ar\/wp-content\/uploads\/2025\/08\/b_1643799839.jpeg","datePublished":"2025-08-22T15:12:50+00:00","author":{"@id":"https:\/\/diariodelsurdigital.com.ar\/#\/schema\/person\/6136a32571657f7dba980b88b04c5465"},"breadcrumb":{"@id":"https:\/\/diariodelsurdigital.com.ar\/?p=4252#breadcrumb"},"inLanguage":"es","potentialAction":[{"@type":"ReadAction","target":["https:\/\/diariodelsurdigital.com.ar\/?p=4252"]}]},{"@type":"ImageObject","inLanguage":"es","@id":"https:\/\/diariodelsurdigital.com.ar\/?p=4252#primaryimage","url":"https:\/\/diariodelsurdigital.com.ar\/wp-content\/uploads\/2025\/08\/b_1643799839.jpeg","contentUrl":"https:\/\/diariodelsurdigital.com.ar\/wp-content\/uploads\/2025\/08\/b_1643799839.jpeg","width":474,"height":316},{"@type":"BreadcrumbList","@id":"https:\/\/diariodelsurdigital.com.ar\/?p=4252#breadcrumb","itemListElement":[{"@type":"ListItem","position":1,"name":"Portada","item":"https:\/\/diariodelsurdigital.com.ar\/"},{"@type":"ListItem","position":2,"name":"Gaillard: \u201cQuienes pretenden expulsarnos del PJ le hac\u00edan reuni\u00f3n a los Intendentes con Kueider para que vote la Ley Bases\u201d"}]},{"@type":"WebSite","@id":"https:\/\/diariodelsurdigital.com.ar\/#website","url":"https:\/\/diariodelsurdigital.com.ar\/","name":"Diario del Sur","description":"Digital","potentialAction":[{"@type":"SearchAction","target":{"@type":"EntryPoint","urlTemplate":"https:\/\/diariodelsurdigital.com.ar\/?s={search_term_string}"},"query-input":{"@type":"PropertyValueSpecification","valueRequired":true,"valueName":"search_term_string"}}],"inLanguage":"es"},{"@type":"Person","@id":"https:\/\/diariodelsurdigital.com.ar\/#\/schema\/person\/6136a32571657f7dba980b88b04c5465","name":"Diario del Sur Digital","image":{"@type":"ImageObject","inLanguage":"es","@id":"https:\/\/secure.gravatar.com\/avatar\/4c29ceac98541dd42460b2474aaa5dd37594d6ce6cb3cf2c101d09b48ee287ba?s=96&d=mm&r=g","url":"https:\/\/secure.gravatar.com\/avatar\/4c29ceac98541dd42460b2474aaa5dd37594d6ce6cb3cf2c101d09b48ee287ba?s=96&d=mm&r=g","contentUrl":"https:\/\/secure.gravatar.com\/avatar\/4c29ceac98541dd42460b2474aaa5dd37594d6ce6cb3cf2c101d09b48ee287ba?s=96&d=mm&r=g","caption":"Diario del Sur Digital"},"url":"https:\/\/diariodelsurdigital.com.ar\/?author=2"}]}},"_links":{"self":[{"href":"https:\/\/diariodelsurdigital.com.ar\/index.php?rest_route=\/wp\/v2\/posts\/4252","targetHints":{"allow":["GET"]}}],"collection":[{"href":"https:\/\/diariodelsurdigital.com.ar\/index.php?rest_route=\/wp\/v2\/posts"}],"about":[{"href":"https:\/\/diariodelsurdigital.com.ar\/index.php?rest_route=\/wp\/v2\/types\/post"}],"author":[{"embeddable":true,"href":"https:\/\/diariodelsurdigital.com.ar\/index.php?rest_route=\/wp\/v2\/users\/2"}],"replies":[{"embeddable":true,"href":"https:\/\/diariodelsurdigital.com.ar\/index.php?rest_route=%2Fwp%2Fv2%2Fcomments&post=4252"}],"version-history":[{"count":1,"href":"https:\/\/diariodelsurdigital.com.ar\/index.php?rest_route=\/wp\/v2\/posts\/4252\/revisions"}],"predecessor-version":[{"id":4254,"href":"https:\/\/diariodelsurdigital.com.ar\/index.php?rest_route=\/wp\/v2\/posts\/4252\/revisions\/4254"}],"wp:featuredmedia":[{"embeddable":true,"href":"https:\/\/diariodelsurdigital.com.ar\/index.php?rest_route=\/wp\/v2\/media\/4253"}],"wp:attachment":[{"href":"https:\/\/diariodelsurdigital.com.ar\/index.php?rest_route=%2Fwp%2Fv2%2Fmedia&parent=4252"}],"wp:term":[{"taxonomy":"category","embeddable":true,"href":"https:\/\/diariodelsurdigital.com.ar\/index.php?rest_route=%2Fwp%2Fv2%2Fcategories&post=4252"},{"taxonomy":"post_tag","embeddable":true,"href":"https:\/\/diariodelsurdigital.com.ar\/index.php?rest_route=%2Fwp%2Fv2%2Ftags&post=4252"}],"curies":[{"name":"wp","href":"https:\/\/api.w.org\/{rel}","templated":true}]}}