{"id":4259,"date":"2025-08-22T22:20:09","date_gmt":"2025-08-23T01:20:09","guid":{"rendered":"https:\/\/diariodelsurdigital.com.ar\/?p=4259"},"modified":"2025-08-22T22:20:10","modified_gmt":"2025-08-23T01:20:10","slug":"federacion-operativos-y-allanamientos-dejaron-armas-secuestradas-y-animales-recuperados","status":"publish","type":"post","link":"https:\/\/diariodelsurdigital.com.ar\/?p=4259","title":{"rendered":"Federaci\u00f3n: Operativos y allanamientos dejaron armas secuestradas y animales recuperados"},"content":{"rendered":"\n<p><strong>La Brigada Abigeato de Federaci\u00f3n, dependiente de la Direcci\u00f3n General de Prevenci\u00f3n de Delitos Rurales, llev\u00f3 adelante esta semana diversos procedimientos en el marco del Operativo Campo Seguro. Las acciones se desarrollaron en conjunto con personal de las comisar\u00edas Suburbios y Colonia Argentina, Secci\u00f3n Montada y Grupo Especial de la Jefatura Departamental, con el objetivo de reforzar la prevenci\u00f3n en zonas rurales.<\/strong><\/p>\n\n\n\n<figure class=\"wp-block-image\"><img decoding=\"async\" src=\"https:\/\/cdnartic.ar\/am5vaGu35Xp7hCP885RmAg88aqA=\/1500x0\/filters:no_upscale()\/https:\/\/elheraldocdn.eleco.com.ar\/media\/2025\/08\/federacion_abigeato.jpg\" alt=\"Federaci\u00f3n: Operativos y allanamientos dejaron armas secuestradas y animales recuperados\"\/><\/figure>\n\n\n\n<p>Durante los controles realizados en caminos vecinales y rurales, los efectivos identificaron a personas y veh\u00edculos, entrevistaron a vecinos y trabajaron en afianzar la comunicaci\u00f3n con la comunidad.<\/p>\n\n\n\n<p>El mi\u00e9rcoles por la noche, en un operativo sobre la Ruta Provincial N\u00ba 2 a la altura del kil\u00f3metro 57, la Brigada intercept\u00f3 a dos ciudadanos que se encontraban cazando de manera furtiva y antirreglamentaria.&nbsp;En cumplimiento de la normativa vigente, se procedi\u00f3 al secuestro de tres armas de fuego: una carabina de repetici\u00f3n marca Marlin calibre .308 Winchester, una carabina de repetici\u00f3n Mossberg calibre .308 con mira telesc\u00f3pica y una carabina de repetici\u00f3n Savage calibre .308.<\/p>\n\n\n\n<p>Por otra parte, el jueves, personal de la Brigada Federaci\u00f3n colabor\u00f3 con la Comisar\u00eda Segunda de la ciudad cabecera en un allanamiento dispuesto por la justicia, en el marco de investigaciones por hechos delictivos recientes. El procedimiento arroj\u00f3 resultados positivos: se incautaron diversos elementos denunciados por v\u00edctimas y se recuperaron dos animales porcinos (lechones) hallados en el fondo de la vivienda allanada, los cuales fueron restituidos a su propietario.<\/p>\n\n\n\n<p>Fuente: El Heraldo<\/p>\n","protected":false},"excerpt":{"rendered":"<p>La Brigada Abigeato de Federaci\u00f3n, dependiente de la Direcci\u00f3n General de Prevenci\u00f3n de Delitos Rurales, llev\u00f3 adelante esta semana diversos procedimientos en el marco del Operativo Campo Seguro. Las acciones se desarrollaron en conjunto con personal de las comisar\u00edas Suburbios y Colonia Argentina, Secci\u00f3n Montada y Grupo Especial de la Jefatura Departamental, con el objetivo [&hellip;]<\/p>\n","protected":false},"author":3,"featured_media":4260,"comment_status":"open","ping_status":"open","sticky":false,"template":"","format":"standard","meta":{"footnotes":""},"categories":[21],"tags":[],"class_list":{"0":"post-4259","1":"post","2":"type-post","3":"status-publish","4":"format-standard","5":"has-post-thumbnail","7":"category-policiales"},"yoast_head":"<!-- This site is optimized with the Yoast SEO plugin v27.4 - https:\/\/yoast.com\/product\/yoast-seo-wordpress\/ -->\n<title>Federaci\u00f3n: Operativos y allanamientos dejaron armas secuestradas y animales recuperados - Diario del Sur<\/title>\n<meta name=\"robots\" content=\"index, follow, max-snippet:-1, max-image-preview:large, max-video-preview:-1\" \/>\n<link rel=\"canonical\" href=\"https:\/\/diariodelsurdigital.com.ar\/?p=4259\" \/>\n<meta property=\"og:locale\" content=\"es_ES\" \/>\n<meta property=\"og:type\" content=\"article\" \/>\n<meta property=\"og:title\" content=\"Federaci\u00f3n: Operativos y allanamientos dejaron armas secuestradas y animales recuperados - Diario del Sur\" \/>\n<meta property=\"og:description\" content=\"La Brigada Abigeato de Federaci\u00f3n, dependiente de la Direcci\u00f3n General de Prevenci\u00f3n de Delitos Rurales, llev\u00f3 adelante esta semana diversos procedimientos en el marco del Operativo Campo Seguro. Las acciones se desarrollaron en conjunto con personal de las comisar\u00edas Suburbios y Colonia Argentina, Secci\u00f3n Montada y Grupo Especial de la Jefatura Departamental, con el objetivo [&hellip;]\" \/>\n<meta property=\"og:url\" content=\"https:\/\/diariodelsurdigital.com.ar\/?p=4259\" \/>\n<meta property=\"og:site_name\" content=\"Diario del Sur\" \/>\n<meta property=\"article:published_time\" content=\"2025-08-23T01:20:09+00:00\" \/>\n<meta property=\"article:modified_time\" content=\"2025-08-23T01:20:10+00:00\" \/>\n<meta property=\"og:image\" content=\"https:\/\/diariodelsurdigital.com.ar\/wp-content\/uploads\/2025\/08\/federacion_abigeato.jpg\" \/>\n\t<meta property=\"og:image:width\" content=\"1024\" \/>\n\t<meta property=\"og:image:height\" content=\"1024\" \/>\n\t<meta property=\"og:image:type\" content=\"image\/jpeg\" \/>\n<meta name=\"author\" content=\"Diario del Sur Digital\" \/>\n<meta name=\"twitter:card\" content=\"summary_large_image\" \/>\n<meta name=\"twitter:label1\" content=\"Escrito por\" \/>\n\t<meta name=\"twitter:data1\" content=\"Diario del Sur Digital\" \/>\n\t<meta name=\"twitter:label2\" content=\"Tiempo de lectura\" \/>\n\t<meta name=\"twitter:data2\" content=\"2 minutos\" \/>\n<script type=\"application\/ld+json\" class=\"yoast-schema-graph\">{\"@context\":\"https:\\\/\\\/schema.org\",\"@graph\":[{\"@type\":\"Article\",\"@id\":\"https:\\\/\\\/diariodelsurdigital.com.ar\\\/?p=4259#article\",\"isPartOf\":{\"@id\":\"https:\\\/\\\/diariodelsurdigital.com.ar\\\/?p=4259\"},\"author\":{\"name\":\"Diario del Sur Digital\",\"@id\":\"https:\\\/\\\/diariodelsurdigital.com.ar\\\/#\\\/schema\\\/person\\\/d794acb23337e88c6e4004a39c32be62\"},\"headline\":\"Federaci\u00f3n: Operativos y allanamientos dejaron armas secuestradas y animales recuperados\",\"datePublished\":\"2025-08-23T01:20:09+00:00\",\"dateModified\":\"2025-08-23T01:20:10+00:00\",\"mainEntityOfPage\":{\"@id\":\"https:\\\/\\\/diariodelsurdigital.com.ar\\\/?p=4259\"},\"wordCount\":263,\"commentCount\":0,\"image\":{\"@id\":\"https:\\\/\\\/diariodelsurdigital.com.ar\\\/?p=4259#primaryimage\"},\"thumbnailUrl\":\"https:\\\/\\\/diariodelsurdigital.com.ar\\\/wp-content\\\/uploads\\\/2025\\\/08\\\/federacion_abigeato.jpg\",\"articleSection\":[\"Policiales\"],\"inLanguage\":\"es\",\"potentialAction\":[{\"@type\":\"CommentAction\",\"name\":\"Comment\",\"target\":[\"https:\\\/\\\/diariodelsurdigital.com.ar\\\/?p=4259#respond\"]}]},{\"@type\":\"WebPage\",\"@id\":\"https:\\\/\\\/diariodelsurdigital.com.ar\\\/?p=4259\",\"url\":\"https:\\\/\\\/diariodelsurdigital.com.ar\\\/?p=4259\",\"name\":\"Federaci\u00f3n: Operativos y allanamientos dejaron armas secuestradas y animales recuperados - Diario del Sur\",\"isPartOf\":{\"@id\":\"https:\\\/\\\/diariodelsurdigital.com.ar\\\/#website\"},\"primaryImageOfPage\":{\"@id\":\"https:\\\/\\\/diariodelsurdigital.com.ar\\\/?p=4259#primaryimage\"},\"image\":{\"@id\":\"https:\\\/\\\/diariodelsurdigital.com.ar\\\/?p=4259#primaryimage\"},\"thumbnailUrl\":\"https:\\\/\\\/diariodelsurdigital.com.ar\\\/wp-content\\\/uploads\\\/2025\\\/08\\\/federacion_abigeato.jpg\",\"datePublished\":\"2025-08-23T01:20:09+00:00\",\"dateModified\":\"2025-08-23T01:20:10+00:00\",\"author\":{\"@id\":\"https:\\\/\\\/diariodelsurdigital.com.ar\\\/#\\\/schema\\\/person\\\/d794acb23337e88c6e4004a39c32be62\"},\"breadcrumb\":{\"@id\":\"https:\\\/\\\/diariodelsurdigital.com.ar\\\/?p=4259#breadcrumb\"},\"inLanguage\":\"es\",\"potentialAction\":[{\"@type\":\"ReadAction\",\"target\":[\"https:\\\/\\\/diariodelsurdigital.com.ar\\\/?p=4259\"]}]},{\"@type\":\"ImageObject\",\"inLanguage\":\"es\",\"@id\":\"https:\\\/\\\/diariodelsurdigital.com.ar\\\/?p=4259#primaryimage\",\"url\":\"https:\\\/\\\/diariodelsurdigital.com.ar\\\/wp-content\\\/uploads\\\/2025\\\/08\\\/federacion_abigeato.jpg\",\"contentUrl\":\"https:\\\/\\\/diariodelsurdigital.com.ar\\\/wp-content\\\/uploads\\\/2025\\\/08\\\/federacion_abigeato.jpg\",\"width\":1024,\"height\":1024},{\"@type\":\"BreadcrumbList\",\"@id\":\"https:\\\/\\\/diariodelsurdigital.com.ar\\\/?p=4259#breadcrumb\",\"itemListElement\":[{\"@type\":\"ListItem\",\"position\":1,\"name\":\"Portada\",\"item\":\"https:\\\/\\\/diariodelsurdigital.com.ar\\\/\"},{\"@type\":\"ListItem\",\"position\":2,\"name\":\"Federaci\u00f3n: Operativos y allanamientos dejaron armas secuestradas y animales recuperados\"}]},{\"@type\":\"WebSite\",\"@id\":\"https:\\\/\\\/diariodelsurdigital.com.ar\\\/#website\",\"url\":\"https:\\\/\\\/diariodelsurdigital.com.ar\\\/\",\"name\":\"Diario del Sur\",\"description\":\"Digital\",\"potentialAction\":[{\"@type\":\"SearchAction\",\"target\":{\"@type\":\"EntryPoint\",\"urlTemplate\":\"https:\\\/\\\/diariodelsurdigital.com.ar\\\/?s={search_term_string}\"},\"query-input\":{\"@type\":\"PropertyValueSpecification\",\"valueRequired\":true,\"valueName\":\"search_term_string\"}}],\"inLanguage\":\"es\"},{\"@type\":\"Person\",\"@id\":\"https:\\\/\\\/diariodelsurdigital.com.ar\\\/#\\\/schema\\\/person\\\/d794acb23337e88c6e4004a39c32be62\",\"name\":\"Diario del Sur Digital\",\"image\":{\"@type\":\"ImageObject\",\"inLanguage\":\"es\",\"@id\":\"https:\\\/\\\/secure.gravatar.com\\\/avatar\\\/47679bcfa15734cfdefc176b6ad58adeeccac22b2e03e095ada6c622af2b463a?s=96&d=mm&r=g\",\"url\":\"https:\\\/\\\/secure.gravatar.com\\\/avatar\\\/47679bcfa15734cfdefc176b6ad58adeeccac22b2e03e095ada6c622af2b463a?s=96&d=mm&r=g\",\"contentUrl\":\"https:\\\/\\\/secure.gravatar.com\\\/avatar\\\/47679bcfa15734cfdefc176b6ad58adeeccac22b2e03e095ada6c622af2b463a?s=96&d=mm&r=g\",\"caption\":\"Diario del Sur Digital\"},\"url\":\"https:\\\/\\\/diariodelsurdigital.com.ar\\\/?author=3\"}]}<\/script>\n<!-- \/ Yoast SEO plugin. -->","yoast_head_json":{"title":"Federaci\u00f3n: Operativos y allanamientos dejaron armas secuestradas y animales recuperados - Diario del Sur","robots":{"index":"index","follow":"follow","max-snippet":"max-snippet:-1","max-image-preview":"max-image-preview:large","max-video-preview":"max-video-preview:-1"},"canonical":"https:\/\/diariodelsurdigital.com.ar\/?p=4259","og_locale":"es_ES","og_type":"article","og_title":"Federaci\u00f3n: Operativos y allanamientos dejaron armas secuestradas y animales recuperados - Diario del Sur","og_description":"La Brigada Abigeato de Federaci\u00f3n, dependiente de la Direcci\u00f3n General de Prevenci\u00f3n de Delitos Rurales, llev\u00f3 adelante esta semana diversos procedimientos en el marco del Operativo Campo Seguro. Las acciones se desarrollaron en conjunto con personal de las comisar\u00edas Suburbios y Colonia Argentina, Secci\u00f3n Montada y Grupo Especial de la Jefatura Departamental, con el objetivo [&hellip;]","og_url":"https:\/\/diariodelsurdigital.com.ar\/?p=4259","og_site_name":"Diario del Sur","article_published_time":"2025-08-23T01:20:09+00:00","article_modified_time":"2025-08-23T01:20:10+00:00","og_image":[{"width":1024,"height":1024,"url":"https:\/\/diariodelsurdigital.com.ar\/wp-content\/uploads\/2025\/08\/federacion_abigeato.jpg","type":"image\/jpeg"}],"author":"Diario del Sur Digital","twitter_card":"summary_large_image","twitter_misc":{"Escrito por":"Diario del Sur Digital","Tiempo de lectura":"2 minutos"},"schema":{"@context":"https:\/\/schema.org","@graph":[{"@type":"Article","@id":"https:\/\/diariodelsurdigital.com.ar\/?p=4259#article","isPartOf":{"@id":"https:\/\/diariodelsurdigital.com.ar\/?p=4259"},"author":{"name":"Diario del Sur Digital","@id":"https:\/\/diariodelsurdigital.com.ar\/#\/schema\/person\/d794acb23337e88c6e4004a39c32be62"},"headline":"Federaci\u00f3n: Operativos y allanamientos dejaron armas secuestradas y animales recuperados","datePublished":"2025-08-23T01:20:09+00:00","dateModified":"2025-08-23T01:20:10+00:00","mainEntityOfPage":{"@id":"https:\/\/diariodelsurdigital.com.ar\/?p=4259"},"wordCount":263,"commentCount":0,"image":{"@id":"https:\/\/diariodelsurdigital.com.ar\/?p=4259#primaryimage"},"thumbnailUrl":"https:\/\/diariodelsurdigital.com.ar\/wp-content\/uploads\/2025\/08\/federacion_abigeato.jpg","articleSection":["Policiales"],"inLanguage":"es","potentialAction":[{"@type":"CommentAction","name":"Comment","target":["https:\/\/diariodelsurdigital.com.ar\/?p=4259#respond"]}]},{"@type":"WebPage","@id":"https:\/\/diariodelsurdigital.com.ar\/?p=4259","url":"https:\/\/diariodelsurdigital.com.ar\/?p=4259","name":"Federaci\u00f3n: Operativos y allanamientos dejaron armas secuestradas y animales recuperados - Diario del Sur","isPartOf":{"@id":"https:\/\/diariodelsurdigital.com.ar\/#website"},"primaryImageOfPage":{"@id":"https:\/\/diariodelsurdigital.com.ar\/?p=4259#primaryimage"},"image":{"@id":"https:\/\/diariodelsurdigital.com.ar\/?p=4259#primaryimage"},"thumbnailUrl":"https:\/\/diariodelsurdigital.com.ar\/wp-content\/uploads\/2025\/08\/federacion_abigeato.jpg","datePublished":"2025-08-23T01:20:09+00:00","dateModified":"2025-08-23T01:20:10+00:00","author":{"@id":"https:\/\/diariodelsurdigital.com.ar\/#\/schema\/person\/d794acb23337e88c6e4004a39c32be62"},"breadcrumb":{"@id":"https:\/\/diariodelsurdigital.com.ar\/?p=4259#breadcrumb"},"inLanguage":"es","potentialAction":[{"@type":"ReadAction","target":["https:\/\/diariodelsurdigital.com.ar\/?p=4259"]}]},{"@type":"ImageObject","inLanguage":"es","@id":"https:\/\/diariodelsurdigital.com.ar\/?p=4259#primaryimage","url":"https:\/\/diariodelsurdigital.com.ar\/wp-content\/uploads\/2025\/08\/federacion_abigeato.jpg","contentUrl":"https:\/\/diariodelsurdigital.com.ar\/wp-content\/uploads\/2025\/08\/federacion_abigeato.jpg","width":1024,"height":1024},{"@type":"BreadcrumbList","@id":"https:\/\/diariodelsurdigital.com.ar\/?p=4259#breadcrumb","itemListElement":[{"@type":"ListItem","position":1,"name":"Portada","item":"https:\/\/diariodelsurdigital.com.ar\/"},{"@type":"ListItem","position":2,"name":"Federaci\u00f3n: Operativos y allanamientos dejaron armas secuestradas y animales recuperados"}]},{"@type":"WebSite","@id":"https:\/\/diariodelsurdigital.com.ar\/#website","url":"https:\/\/diariodelsurdigital.com.ar\/","name":"Diario del Sur","description":"Digital","potentialAction":[{"@type":"SearchAction","target":{"@type":"EntryPoint","urlTemplate":"https:\/\/diariodelsurdigital.com.ar\/?s={search_term_string}"},"query-input":{"@type":"PropertyValueSpecification","valueRequired":true,"valueName":"search_term_string"}}],"inLanguage":"es"},{"@type":"Person","@id":"https:\/\/diariodelsurdigital.com.ar\/#\/schema\/person\/d794acb23337e88c6e4004a39c32be62","name":"Diario del Sur Digital","image":{"@type":"ImageObject","inLanguage":"es","@id":"https:\/\/secure.gravatar.com\/avatar\/47679bcfa15734cfdefc176b6ad58adeeccac22b2e03e095ada6c622af2b463a?s=96&d=mm&r=g","url":"https:\/\/secure.gravatar.com\/avatar\/47679bcfa15734cfdefc176b6ad58adeeccac22b2e03e095ada6c622af2b463a?s=96&d=mm&r=g","contentUrl":"https:\/\/secure.gravatar.com\/avatar\/47679bcfa15734cfdefc176b6ad58adeeccac22b2e03e095ada6c622af2b463a?s=96&d=mm&r=g","caption":"Diario del Sur Digital"},"url":"https:\/\/diariodelsurdigital.com.ar\/?author=3"}]}},"_links":{"self":[{"href":"https:\/\/diariodelsurdigital.com.ar\/index.php?rest_route=\/wp\/v2\/posts\/4259","targetHints":{"allow":["GET"]}}],"collection":[{"href":"https:\/\/diariodelsurdigital.com.ar\/index.php?rest_route=\/wp\/v2\/posts"}],"about":[{"href":"https:\/\/diariodelsurdigital.com.ar\/index.php?rest_route=\/wp\/v2\/types\/post"}],"author":[{"embeddable":true,"href":"https:\/\/diariodelsurdigital.com.ar\/index.php?rest_route=\/wp\/v2\/users\/3"}],"replies":[{"embeddable":true,"href":"https:\/\/diariodelsurdigital.com.ar\/index.php?rest_route=%2Fwp%2Fv2%2Fcomments&post=4259"}],"version-history":[{"count":1,"href":"https:\/\/diariodelsurdigital.com.ar\/index.php?rest_route=\/wp\/v2\/posts\/4259\/revisions"}],"predecessor-version":[{"id":4261,"href":"https:\/\/diariodelsurdigital.com.ar\/index.php?rest_route=\/wp\/v2\/posts\/4259\/revisions\/4261"}],"wp:featuredmedia":[{"embeddable":true,"href":"https:\/\/diariodelsurdigital.com.ar\/index.php?rest_route=\/wp\/v2\/media\/4260"}],"wp:attachment":[{"href":"https:\/\/diariodelsurdigital.com.ar\/index.php?rest_route=%2Fwp%2Fv2%2Fmedia&parent=4259"}],"wp:term":[{"taxonomy":"category","embeddable":true,"href":"https:\/\/diariodelsurdigital.com.ar\/index.php?rest_route=%2Fwp%2Fv2%2Fcategories&post=4259"},{"taxonomy":"post_tag","embeddable":true,"href":"https:\/\/diariodelsurdigital.com.ar\/index.php?rest_route=%2Fwp%2Fv2%2Ftags&post=4259"}],"curies":[{"name":"wp","href":"https:\/\/api.w.org\/{rel}","templated":true}]}}