{"id":4265,"date":"2025-08-23T18:13:02","date_gmt":"2025-08-23T21:13:02","guid":{"rendered":"https:\/\/diariodelsurdigital.com.ar\/?p=4265"},"modified":"2025-08-23T18:13:03","modified_gmt":"2025-08-23T21:13:03","slug":"enfrentamiento-entre-dos-familias-termino-con-un-hombre-muerto-otro-herido-y-un-detenido","status":"publish","type":"post","link":"https:\/\/diariodelsurdigital.com.ar\/?p=4265","title":{"rendered":"Enfrentamiento entre dos familias termin\u00f3 con un hombre muerto, otro herido y un detenido"},"content":{"rendered":"\n<h2 class=\"wp-block-heading\" id=\"nota-title\"><\/h2>\n\n\n\n<p><\/p>\n\n\n\n<p>\u00a0Un hombre falleci\u00f3 de un disparo de arma de fuego y hay otra persona internada tras un hecho ocurrido en la noche de este viernes, en inmediaciones de Alvear y Lieberman en Concordia.<\/p>\n\n\n\n<h5 class=\"wp-block-heading\">Un muerto y un herido<\/h5>\n\n\n\n<p>Pasadas las 22 horas, ingres\u00f3 al hospital \u201cDelicia Concepci\u00f3n Masvernat\u201d Luis Esteban Panelo de 35 a\u00f1os, con una herida en la zona del t\u00f3rax. Pese a las maniobras de reanimaci\u00f3n, falleci\u00f3 minutos m\u00e1s tarde producto de la grave lesi\u00f3n.<\/p>\n\n\n\n<p>En el mismo contexto, ingres\u00f3 por sus propios medios Leandro Emanuel Esteche, de 24 a\u00f1os, con una herida de arma de fuego en la regi\u00f3n epig\u00e1strica, sin orificio de salida. Fue intervenido quir\u00fargicamente y contin\u00faa internado bajo observaci\u00f3n.<\/p>\n\n\n\n<h5 class=\"wp-block-heading\">Problemas familiares: un detenido<\/h5>\n\n\n\n<p>De acuerdo a las primeras averiguaciones, el hecho se habr\u00eda originado en un enfrentamiento entre las familias Esteche-Panelo y Romero, que arrastran problemas de vieja data. Ambas familias residen en inmediaciones del nosocomio concordiense.<\/p>\n\n\n\n<p>En base a testimonios y diligencias iniciales, la Polic\u00eda se\u00f1al\u00f3 como presunto autor a Andr\u00e9s Romero de 54 a\u00f1os. En la madrugada del s\u00e1bado lo detuvo y dej\u00f3 a disposici\u00f3n de la fiscal Julia Rivoira, a cargo de la causa.<strong>Fuente:<\/strong>&nbsp;Concordia Policiales<\/p>\n","protected":false},"excerpt":{"rendered":"<p>\u00a0Un hombre falleci\u00f3 de un disparo de arma de fuego y hay otra persona internada tras un hecho ocurrido en la noche de este viernes, en inmediaciones de Alvear y Lieberman en Concordia. Un muerto y un herido Pasadas las 22 horas, ingres\u00f3 al hospital \u201cDelicia Concepci\u00f3n Masvernat\u201d Luis Esteban Panelo de 35 a\u00f1os, con [&hellip;]<\/p>\n","protected":false},"author":2,"featured_media":4266,"comment_status":"open","ping_status":"open","sticky":false,"template":"","format":"standard","meta":{"footnotes":""},"categories":[16],"tags":[],"class_list":{"0":"post-4265","1":"post","2":"type-post","3":"status-publish","4":"format-standard","5":"has-post-thumbnail","7":"category-locales"},"yoast_head":"<!-- This site is optimized with the Yoast SEO plugin v27.4 - https:\/\/yoast.com\/product\/yoast-seo-wordpress\/ -->\n<title>Enfrentamiento entre dos familias termin\u00f3 con un hombre muerto, otro herido y un detenido - Diario del Sur<\/title>\n<meta name=\"robots\" content=\"index, follow, max-snippet:-1, max-image-preview:large, max-video-preview:-1\" \/>\n<link rel=\"canonical\" href=\"https:\/\/diariodelsurdigital.com.ar\/?p=4265\" \/>\n<meta property=\"og:locale\" content=\"es_ES\" \/>\n<meta property=\"og:type\" content=\"article\" \/>\n<meta property=\"og:title\" content=\"Enfrentamiento entre dos familias termin\u00f3 con un hombre muerto, otro herido y un detenido - Diario del Sur\" \/>\n<meta property=\"og:description\" content=\"\u00a0Un hombre falleci\u00f3 de un disparo de arma de fuego y hay otra persona internada tras un hecho ocurrido en la noche de este viernes, en inmediaciones de Alvear y Lieberman en Concordia. Un muerto y un herido Pasadas las 22 horas, ingres\u00f3 al hospital \u201cDelicia Concepci\u00f3n Masvernat\u201d Luis Esteban Panelo de 35 a\u00f1os, con [&hellip;]\" \/>\n<meta property=\"og:url\" content=\"https:\/\/diariodelsurdigital.com.ar\/?p=4265\" \/>\n<meta property=\"og:site_name\" content=\"Diario del Sur\" \/>\n<meta property=\"article:published_time\" content=\"2025-08-23T21:13:02+00:00\" \/>\n<meta property=\"article:modified_time\" content=\"2025-08-23T21:13:03+00:00\" \/>\n<meta property=\"og:image\" content=\"https:\/\/diariodelsurdigital.com.ar\/wp-content\/uploads\/2025\/08\/md-6.png\" \/>\n\t<meta property=\"og:image:width\" content=\"428\" \/>\n\t<meta property=\"og:image:height\" content=\"284\" \/>\n\t<meta property=\"og:image:type\" content=\"image\/png\" \/>\n<meta name=\"author\" content=\"Diario del Sur Digital\" \/>\n<meta name=\"twitter:card\" content=\"summary_large_image\" \/>\n<meta name=\"twitter:label1\" content=\"Escrito por\" \/>\n\t<meta name=\"twitter:data1\" content=\"Diario del Sur Digital\" \/>\n\t<meta name=\"twitter:label2\" content=\"Tiempo de lectura\" \/>\n\t<meta name=\"twitter:data2\" content=\"2 minutos\" \/>\n<script type=\"application\/ld+json\" class=\"yoast-schema-graph\">{\"@context\":\"https:\\\/\\\/schema.org\",\"@graph\":[{\"@type\":\"Article\",\"@id\":\"https:\\\/\\\/diariodelsurdigital.com.ar\\\/?p=4265#article\",\"isPartOf\":{\"@id\":\"https:\\\/\\\/diariodelsurdigital.com.ar\\\/?p=4265\"},\"author\":{\"name\":\"Diario del Sur Digital\",\"@id\":\"https:\\\/\\\/diariodelsurdigital.com.ar\\\/#\\\/schema\\\/person\\\/6136a32571657f7dba980b88b04c5465\"},\"headline\":\"Enfrentamiento entre dos familias termin\u00f3 con un hombre muerto, otro herido y un detenido\",\"datePublished\":\"2025-08-23T21:13:02+00:00\",\"dateModified\":\"2025-08-23T21:13:03+00:00\",\"mainEntityOfPage\":{\"@id\":\"https:\\\/\\\/diariodelsurdigital.com.ar\\\/?p=4265\"},\"wordCount\":226,\"commentCount\":0,\"image\":{\"@id\":\"https:\\\/\\\/diariodelsurdigital.com.ar\\\/?p=4265#primaryimage\"},\"thumbnailUrl\":\"https:\\\/\\\/diariodelsurdigital.com.ar\\\/wp-content\\\/uploads\\\/2025\\\/08\\\/md-6.png\",\"articleSection\":[\"Locales\"],\"inLanguage\":\"es\",\"potentialAction\":[{\"@type\":\"CommentAction\",\"name\":\"Comment\",\"target\":[\"https:\\\/\\\/diariodelsurdigital.com.ar\\\/?p=4265#respond\"]}]},{\"@type\":\"WebPage\",\"@id\":\"https:\\\/\\\/diariodelsurdigital.com.ar\\\/?p=4265\",\"url\":\"https:\\\/\\\/diariodelsurdigital.com.ar\\\/?p=4265\",\"name\":\"Enfrentamiento entre dos familias termin\u00f3 con un hombre muerto, otro herido y un detenido - Diario del Sur\",\"isPartOf\":{\"@id\":\"https:\\\/\\\/diariodelsurdigital.com.ar\\\/#website\"},\"primaryImageOfPage\":{\"@id\":\"https:\\\/\\\/diariodelsurdigital.com.ar\\\/?p=4265#primaryimage\"},\"image\":{\"@id\":\"https:\\\/\\\/diariodelsurdigital.com.ar\\\/?p=4265#primaryimage\"},\"thumbnailUrl\":\"https:\\\/\\\/diariodelsurdigital.com.ar\\\/wp-content\\\/uploads\\\/2025\\\/08\\\/md-6.png\",\"datePublished\":\"2025-08-23T21:13:02+00:00\",\"dateModified\":\"2025-08-23T21:13:03+00:00\",\"author\":{\"@id\":\"https:\\\/\\\/diariodelsurdigital.com.ar\\\/#\\\/schema\\\/person\\\/6136a32571657f7dba980b88b04c5465\"},\"breadcrumb\":{\"@id\":\"https:\\\/\\\/diariodelsurdigital.com.ar\\\/?p=4265#breadcrumb\"},\"inLanguage\":\"es\",\"potentialAction\":[{\"@type\":\"ReadAction\",\"target\":[\"https:\\\/\\\/diariodelsurdigital.com.ar\\\/?p=4265\"]}]},{\"@type\":\"ImageObject\",\"inLanguage\":\"es\",\"@id\":\"https:\\\/\\\/diariodelsurdigital.com.ar\\\/?p=4265#primaryimage\",\"url\":\"https:\\\/\\\/diariodelsurdigital.com.ar\\\/wp-content\\\/uploads\\\/2025\\\/08\\\/md-6.png\",\"contentUrl\":\"https:\\\/\\\/diariodelsurdigital.com.ar\\\/wp-content\\\/uploads\\\/2025\\\/08\\\/md-6.png\",\"width\":428,\"height\":284},{\"@type\":\"BreadcrumbList\",\"@id\":\"https:\\\/\\\/diariodelsurdigital.com.ar\\\/?p=4265#breadcrumb\",\"itemListElement\":[{\"@type\":\"ListItem\",\"position\":1,\"name\":\"Portada\",\"item\":\"https:\\\/\\\/diariodelsurdigital.com.ar\\\/\"},{\"@type\":\"ListItem\",\"position\":2,\"name\":\"Enfrentamiento entre dos familias termin\u00f3 con un hombre muerto, otro herido y un detenido\"}]},{\"@type\":\"WebSite\",\"@id\":\"https:\\\/\\\/diariodelsurdigital.com.ar\\\/#website\",\"url\":\"https:\\\/\\\/diariodelsurdigital.com.ar\\\/\",\"name\":\"Diario del Sur\",\"description\":\"Digital\",\"potentialAction\":[{\"@type\":\"SearchAction\",\"target\":{\"@type\":\"EntryPoint\",\"urlTemplate\":\"https:\\\/\\\/diariodelsurdigital.com.ar\\\/?s={search_term_string}\"},\"query-input\":{\"@type\":\"PropertyValueSpecification\",\"valueRequired\":true,\"valueName\":\"search_term_string\"}}],\"inLanguage\":\"es\"},{\"@type\":\"Person\",\"@id\":\"https:\\\/\\\/diariodelsurdigital.com.ar\\\/#\\\/schema\\\/person\\\/6136a32571657f7dba980b88b04c5465\",\"name\":\"Diario del Sur Digital\",\"image\":{\"@type\":\"ImageObject\",\"inLanguage\":\"es\",\"@id\":\"https:\\\/\\\/secure.gravatar.com\\\/avatar\\\/4c29ceac98541dd42460b2474aaa5dd37594d6ce6cb3cf2c101d09b48ee287ba?s=96&d=mm&r=g\",\"url\":\"https:\\\/\\\/secure.gravatar.com\\\/avatar\\\/4c29ceac98541dd42460b2474aaa5dd37594d6ce6cb3cf2c101d09b48ee287ba?s=96&d=mm&r=g\",\"contentUrl\":\"https:\\\/\\\/secure.gravatar.com\\\/avatar\\\/4c29ceac98541dd42460b2474aaa5dd37594d6ce6cb3cf2c101d09b48ee287ba?s=96&d=mm&r=g\",\"caption\":\"Diario del Sur Digital\"},\"url\":\"https:\\\/\\\/diariodelsurdigital.com.ar\\\/?author=2\"}]}<\/script>\n<!-- \/ Yoast SEO plugin. -->","yoast_head_json":{"title":"Enfrentamiento entre dos familias termin\u00f3 con un hombre muerto, otro herido y un detenido - Diario del Sur","robots":{"index":"index","follow":"follow","max-snippet":"max-snippet:-1","max-image-preview":"max-image-preview:large","max-video-preview":"max-video-preview:-1"},"canonical":"https:\/\/diariodelsurdigital.com.ar\/?p=4265","og_locale":"es_ES","og_type":"article","og_title":"Enfrentamiento entre dos familias termin\u00f3 con un hombre muerto, otro herido y un detenido - Diario del Sur","og_description":"\u00a0Un hombre falleci\u00f3 de un disparo de arma de fuego y hay otra persona internada tras un hecho ocurrido en la noche de este viernes, en inmediaciones de Alvear y Lieberman en Concordia. Un muerto y un herido Pasadas las 22 horas, ingres\u00f3 al hospital \u201cDelicia Concepci\u00f3n Masvernat\u201d Luis Esteban Panelo de 35 a\u00f1os, con [&hellip;]","og_url":"https:\/\/diariodelsurdigital.com.ar\/?p=4265","og_site_name":"Diario del Sur","article_published_time":"2025-08-23T21:13:02+00:00","article_modified_time":"2025-08-23T21:13:03+00:00","og_image":[{"width":428,"height":284,"url":"https:\/\/diariodelsurdigital.com.ar\/wp-content\/uploads\/2025\/08\/md-6.png","type":"image\/png"}],"author":"Diario del Sur Digital","twitter_card":"summary_large_image","twitter_misc":{"Escrito por":"Diario del Sur Digital","Tiempo de lectura":"2 minutos"},"schema":{"@context":"https:\/\/schema.org","@graph":[{"@type":"Article","@id":"https:\/\/diariodelsurdigital.com.ar\/?p=4265#article","isPartOf":{"@id":"https:\/\/diariodelsurdigital.com.ar\/?p=4265"},"author":{"name":"Diario del Sur Digital","@id":"https:\/\/diariodelsurdigital.com.ar\/#\/schema\/person\/6136a32571657f7dba980b88b04c5465"},"headline":"Enfrentamiento entre dos familias termin\u00f3 con un hombre muerto, otro herido y un detenido","datePublished":"2025-08-23T21:13:02+00:00","dateModified":"2025-08-23T21:13:03+00:00","mainEntityOfPage":{"@id":"https:\/\/diariodelsurdigital.com.ar\/?p=4265"},"wordCount":226,"commentCount":0,"image":{"@id":"https:\/\/diariodelsurdigital.com.ar\/?p=4265#primaryimage"},"thumbnailUrl":"https:\/\/diariodelsurdigital.com.ar\/wp-content\/uploads\/2025\/08\/md-6.png","articleSection":["Locales"],"inLanguage":"es","potentialAction":[{"@type":"CommentAction","name":"Comment","target":["https:\/\/diariodelsurdigital.com.ar\/?p=4265#respond"]}]},{"@type":"WebPage","@id":"https:\/\/diariodelsurdigital.com.ar\/?p=4265","url":"https:\/\/diariodelsurdigital.com.ar\/?p=4265","name":"Enfrentamiento entre dos familias termin\u00f3 con un hombre muerto, otro herido y un detenido - Diario del Sur","isPartOf":{"@id":"https:\/\/diariodelsurdigital.com.ar\/#website"},"primaryImageOfPage":{"@id":"https:\/\/diariodelsurdigital.com.ar\/?p=4265#primaryimage"},"image":{"@id":"https:\/\/diariodelsurdigital.com.ar\/?p=4265#primaryimage"},"thumbnailUrl":"https:\/\/diariodelsurdigital.com.ar\/wp-content\/uploads\/2025\/08\/md-6.png","datePublished":"2025-08-23T21:13:02+00:00","dateModified":"2025-08-23T21:13:03+00:00","author":{"@id":"https:\/\/diariodelsurdigital.com.ar\/#\/schema\/person\/6136a32571657f7dba980b88b04c5465"},"breadcrumb":{"@id":"https:\/\/diariodelsurdigital.com.ar\/?p=4265#breadcrumb"},"inLanguage":"es","potentialAction":[{"@type":"ReadAction","target":["https:\/\/diariodelsurdigital.com.ar\/?p=4265"]}]},{"@type":"ImageObject","inLanguage":"es","@id":"https:\/\/diariodelsurdigital.com.ar\/?p=4265#primaryimage","url":"https:\/\/diariodelsurdigital.com.ar\/wp-content\/uploads\/2025\/08\/md-6.png","contentUrl":"https:\/\/diariodelsurdigital.com.ar\/wp-content\/uploads\/2025\/08\/md-6.png","width":428,"height":284},{"@type":"BreadcrumbList","@id":"https:\/\/diariodelsurdigital.com.ar\/?p=4265#breadcrumb","itemListElement":[{"@type":"ListItem","position":1,"name":"Portada","item":"https:\/\/diariodelsurdigital.com.ar\/"},{"@type":"ListItem","position":2,"name":"Enfrentamiento entre dos familias termin\u00f3 con un hombre muerto, otro herido y un detenido"}]},{"@type":"WebSite","@id":"https:\/\/diariodelsurdigital.com.ar\/#website","url":"https:\/\/diariodelsurdigital.com.ar\/","name":"Diario del Sur","description":"Digital","potentialAction":[{"@type":"SearchAction","target":{"@type":"EntryPoint","urlTemplate":"https:\/\/diariodelsurdigital.com.ar\/?s={search_term_string}"},"query-input":{"@type":"PropertyValueSpecification","valueRequired":true,"valueName":"search_term_string"}}],"inLanguage":"es"},{"@type":"Person","@id":"https:\/\/diariodelsurdigital.com.ar\/#\/schema\/person\/6136a32571657f7dba980b88b04c5465","name":"Diario del Sur Digital","image":{"@type":"ImageObject","inLanguage":"es","@id":"https:\/\/secure.gravatar.com\/avatar\/4c29ceac98541dd42460b2474aaa5dd37594d6ce6cb3cf2c101d09b48ee287ba?s=96&d=mm&r=g","url":"https:\/\/secure.gravatar.com\/avatar\/4c29ceac98541dd42460b2474aaa5dd37594d6ce6cb3cf2c101d09b48ee287ba?s=96&d=mm&r=g","contentUrl":"https:\/\/secure.gravatar.com\/avatar\/4c29ceac98541dd42460b2474aaa5dd37594d6ce6cb3cf2c101d09b48ee287ba?s=96&d=mm&r=g","caption":"Diario del Sur Digital"},"url":"https:\/\/diariodelsurdigital.com.ar\/?author=2"}]}},"_links":{"self":[{"href":"https:\/\/diariodelsurdigital.com.ar\/index.php?rest_route=\/wp\/v2\/posts\/4265","targetHints":{"allow":["GET"]}}],"collection":[{"href":"https:\/\/diariodelsurdigital.com.ar\/index.php?rest_route=\/wp\/v2\/posts"}],"about":[{"href":"https:\/\/diariodelsurdigital.com.ar\/index.php?rest_route=\/wp\/v2\/types\/post"}],"author":[{"embeddable":true,"href":"https:\/\/diariodelsurdigital.com.ar\/index.php?rest_route=\/wp\/v2\/users\/2"}],"replies":[{"embeddable":true,"href":"https:\/\/diariodelsurdigital.com.ar\/index.php?rest_route=%2Fwp%2Fv2%2Fcomments&post=4265"}],"version-history":[{"count":1,"href":"https:\/\/diariodelsurdigital.com.ar\/index.php?rest_route=\/wp\/v2\/posts\/4265\/revisions"}],"predecessor-version":[{"id":4267,"href":"https:\/\/diariodelsurdigital.com.ar\/index.php?rest_route=\/wp\/v2\/posts\/4265\/revisions\/4267"}],"wp:featuredmedia":[{"embeddable":true,"href":"https:\/\/diariodelsurdigital.com.ar\/index.php?rest_route=\/wp\/v2\/media\/4266"}],"wp:attachment":[{"href":"https:\/\/diariodelsurdigital.com.ar\/index.php?rest_route=%2Fwp%2Fv2%2Fmedia&parent=4265"}],"wp:term":[{"taxonomy":"category","embeddable":true,"href":"https:\/\/diariodelsurdigital.com.ar\/index.php?rest_route=%2Fwp%2Fv2%2Fcategories&post=4265"},{"taxonomy":"post_tag","embeddable":true,"href":"https:\/\/diariodelsurdigital.com.ar\/index.php?rest_route=%2Fwp%2Fv2%2Ftags&post=4265"}],"curies":[{"name":"wp","href":"https:\/\/api.w.org\/{rel}","templated":true}]}}