{"id":4268,"date":"2025-08-23T18:21:35","date_gmt":"2025-08-23T21:21:35","guid":{"rendered":"https:\/\/diariodelsurdigital.com.ar\/?p=4268"},"modified":"2025-08-23T18:21:36","modified_gmt":"2025-08-23T21:21:36","slug":"quien-es-quien-en-el-escandalo-por-corrupcion-que-involucra-al-presidente-javier-milei-y-a-su-hermana-karina","status":"publish","type":"post","link":"https:\/\/diariodelsurdigital.com.ar\/?p=4268","title":{"rendered":"Qui\u00e9n es qui\u00e9n en el esc\u00e1ndalo por corrupci\u00f3n que involucra al presidente Javier Milei y a su hermana Karina"},"content":{"rendered":"\n<h1 class=\"wp-block-heading\"><\/h1>\n\n\n\n<p><\/p>\n\n\n\n<p><a href=\"https:\/\/www.facebook.com\/sharer\/sharer.php?u=https:\/\/www.analisisdigital.com.ar\/nacionales\/2025\/08\/23\/quien-es-quien-en-el-escandalo-por-corrupcion-que-involucra-al-presidente&amp;title=Qui%C3%A9n%20es%20qui%C3%A9n%20en%20el%20esc%C3%A1ndalo%20por%20corrupci%C3%B3n%20que%20involucra%20al%20presidente%20Javier%20Milei%20y%20a%20su%20hermana%20Karina\" target=\"_blank\" rel=\"noreferrer noopener\"><\/a><a href=\"https:\/\/twitter.com\/intent\/tweet?text=Qui%C3%A9n%20es%20qui%C3%A9n%20en%20el%20esc%C3%A1ndalo%20por%20corrupci%C3%B3n%20que%20involucra%20al%20presidente%20Javier%20Milei%20y%20a%20su%20hermana%20Karina+https:\/\/www.analisisdigital.com.ar\/nacionales\/2025\/08\/23\/quien-es-quien-en-el-escandalo-por-corrupcion-que-involucra-al-presidente\" target=\"_blank\" rel=\"noreferrer noopener\"><\/a><a href=\"https:\/\/wa.me\/?text=https:\/\/www.analisisdigital.com.ar\/nacionales\/2025\/08\/23\/quien-es-quien-en-el-escandalo-por-corrupcion-que-involucra-al-presidente\" target=\"_blank\" rel=\"noreferrer noopener\"><\/a><a href=\"https:\/\/www.linkedin.com\/sharing\/share-offsite\/?url=https:\/\/www.analisisdigital.com.ar\/nacionales\/2025\/08\/23\/quien-es-quien-en-el-escandalo-por-corrupcion-que-involucra-al-presidente\" target=\"_blank\" rel=\"noreferrer noopener\"><\/a><a href=\"mailto:?subject=Qui%C3%A9n%20es%20qui%C3%A9n%20en%20el%20esc%C3%A1ndalo%20por%20corrupci%C3%B3n%20que%20involucra%20al%20presidente%20Javier%20Milei%20y%20a%20su%20hermana%20Karina&amp;body=https:\/\/www.analisisdigital.com.ar\/nacionales\/2025\/08\/23\/quien-es-quien-en-el-escandalo-por-corrupcion-que-involucra-al-presidente\" target=\"_blank\" rel=\"noreferrer noopener\"><\/a><a href=\"https:\/\/www.analisisdigital.com.ar\/nacionales\/2025\/08\/23\/quien-es-quien-en-el-escandalo-por-corrupcion-que-involucra-al-presidente#\"><\/a><a href=\"javascript:window.print()\"><\/a>La causa judicial abierta semana a ra\u00edz de la filtraci\u00f3n de unos audios que revelan una supuesta trama de corrupci\u00f3n en la venta de medicamentos al Estado argentino afecta a la c\u00fapula del poder, a cargos intermedios y a los hermanos due\u00f1os de la empresa que ejerc\u00eda como intermediaria entre los laboratorios farmac\u00e9uticos y Presidencia, public\u00f3\u00a0<em>el diario El Pa\u00eds de Espa\u00f1a.<\/em><\/p>\n\n\n\n<p>Estos son los supuestos involucrados, seg\u00fan el relato del extitular de la Agencia Nacional de Discapacidad difundido en una grabaci\u00f3n de origen desconocido:<\/p>\n\n\n\n<figure class=\"wp-block-image\"><img decoding=\"async\" src=\"https:\/\/www.analisisdigital.com.ar\/sites\/default\/files\/imagenes\/inline-images\/Diego.jpg\" alt=\"\"\/><\/figure>\n\n\n\n<p><strong>Diego Spagnuolo<\/strong><\/p>\n\n\n\n<p>El hombre que fue titular de la Agencia Nacional de Discapacidad (Andis) hasta el jueves, Diego Spagnuolo, es abogado y era un hombre de confianza de Milei. Fue uno de los primeros en sumarse al proyecto pol\u00edtico de La Libertad Avanza, ya en 2021, y cuando Milei lleg\u00f3 a la Presidencia le entreg\u00f3 la direcci\u00f3n de esta agencia responsable de las pensiones de discapacidad y de los programas sociales vinculados. Este visitante asiduo a la Casa Rosada mantuvo el favor presidencial pese a las pol\u00e9micas asociadas a su cargo pero lo perdi\u00f3 tras difundirse unos audios en los que revela la supuesta existencia de una red de recaudaci\u00f3n de sobornos y detalla que a los laboratorios farmac\u00e9uticos se les exige el 8% de la facturaci\u00f3n si quieren obtener contratos de compra con el Estado argentino. Ese porcentaje asciende a 500.000 y 800.000 d\u00f3lares mensuales, de acuerdo a su relato. La polic\u00eda le secuestr\u00f3 este viernes dos tel\u00e9fonos celulares y una m\u00e1quina de contar billetes.<\/p>\n\n\n\n<p><strong>Javier Milei<\/strong><\/p>\n\n\n\n<p>El presidente argentino ha sido denunciado en la Justicia por este caso. Seg\u00fan Spagnuolo, Javier Milei no estaba involucrado de forma directa, pero s\u00ed sab\u00eda que su c\u00edrculo cercano participaba en esta presunta maniobra fraudulenta y no hizo nada por detenerlo. \u201cLe dije: Javier, vos sab\u00e9s que est\u00e1n choreando (robando), que tu hermana est\u00e1 choreando\u201d, se le escucha decir al extitular de la Andis en los audios. El mandatario ha guardado silencio sobre el esc\u00e1ndalo desde que estall\u00f3. Us\u00f3 a su portavoz para informar sobre la salida de Spagnuolo del Gobierno y anunciar que la Andlis quedaba intervenida y se iba a iniciar una auditor\u00eda.<\/p>\n\n\n\n<p><strong>Karina Milei<\/strong><\/p>\n\n\n\n<p>Seg\u00fan Spagnuolo, la secretaria de Presidencia y hermana del jefe de Estado es una de las grandes beneficiadas de la trama corrupta. La acusa de llevarse entre el 3% y el 4% de lo recaudado. Agrega que tiene mensajes telef\u00f3nicos que la incriminan y que los guarda por si alguna vez se descubre esta maniobra fraudulenta e intentan responsabilizarlo a \u00e9l. Milei llama en p\u00fablico a su hermana \u201cel jefe\u201d \u2014no \u201cla jefa\u201d, para diferenciarla de Cristina Fern\u00e1ndez de Kirchner\u2014 y se apoya en ella para tomar las decisiones pol\u00edticas. Antes de llegar a la Presidencia, Milei cont\u00f3 que su hermana le llevaba las cuentas y hoy tiene tiene un peso fundamental a la hora de decidir qui\u00e9n tiene acceso o no al mandatario. Salvo contadas excepciones, Karina Milei acompa\u00f1a siempre al presidente en sus viajes e intervenciones p\u00fablicas, por lo que fue notoria su ausencia en el Council of the Americas este jueves.<\/p>\n\n\n\n<p><strong>Eduardo \u201cLule\u201d Menem<\/strong><\/p>\n\n\n\n<p>Considerado la mano derecha de Karina Milei, Eduardo Lule Menem es uno de los grandes operadores pol\u00edticos del Gobierno argentino. Hijo del exsenador Eduardo Menem, se crio entre pol\u00edticos, tiene numerosos contactos y se mueve en ese terreno como pez en el agua, a diferencia del presidente. Seg\u00fan Spagnuolo, Menem es uno de los principales responsables de la supuesta red corrupta, y asegura que el periodista Alejandro Fantino lo sab\u00eda porque el a\u00f1o pasado le hizo una entrevista y dijo que estaba rodeado de ladrones con \u201cvoracidad gen\u00e9tica\u201d.<\/p>\n\n\n\n<p><strong>Mart\u00edn Menem<\/strong><\/p>\n\n\n\n<p>El diputado y actual presidente de la C\u00e1mara baja, Mart\u00edn Menem, es primo de Lule y sobrino del expresidente Carlos Menem. Spagnuolo implic\u00f3 tambi\u00e9n en la trama al negociador de Milei en el Congreso al se\u00f1alar que le impuso un hombre que era el enlace entre Presidencia y la empresa comercializadora de medicamentos, la Suizo Argentina.<\/p>\n\n\n\n<p><strong>Emmanuel Kovalivker<\/strong><\/p>\n\n\n\n<p>Emmanuel Kovalivker es uno de los due\u00f1os de la firma Suizo Argentina, una de las grandes proveedoras de medicamentos del Estado argentino. Act\u00faa como intermediaria entre los laboratorios y el sistema de salud p\u00fablico y tiene buenos v\u00ednculos con los Menem. La Polic\u00eda encontr\u00f3 hoy a Kovalivker en su autom\u00f3vil cuando intentaba irse del barrio cerrado donde vive. Llevaba con \u00e9l 266.000 d\u00f3lares en efectivo.<\/p>\n\n\n\n<p><strong>Jonathan Kovalivker<\/strong><\/p>\n\n\n\n<p>Jonathan Kovalivker es otro de los due\u00f1os de la empresa Suizo Argentina y se encuentra en paradero desconocido. La Polic\u00eda allan\u00f3 su casa este viernes por orden judicial, pero no lo encontr\u00f3 en ella, y sospecha que se ha fugado con dinero en efectivo ya que encontr\u00f3 una de cajas de seguridad abiertas y bandas el\u00e1sticas en el suelo. En otra de las cajas de seguridad encontraron 50.000 d\u00f3lares. La empresa de los Kovalivker ya fue denunciada en 2024 por presuntas irregularidades en una adjudicaci\u00f3n millonaria sin licitaci\u00f3n, pero la causa fue archivada.<\/p>\n\n\n\n<p><strong>Daniel Mar\u00eda Garbellini<\/strong><\/p>\n\n\n\n<p>El director de Acceso a los Servicios de Salud de la Andis, Daniel Mar\u00eda Garbellini, era el nexo entre la empresa distribuidora de medicamentos y la agencia estatal hasta que Milei lo apart\u00f3 del cargo el jueves, a la vez que a Spagnuolo. Entr\u00f3 en la gesti\u00f3n p\u00fablica en 2007 de la mano del entonces alcalde de Buenos Aires, Mauricio Macri, como gerente de Asuntos sociales de la Corporaci\u00f3n Buenos Aires Sur, creada para impulsar el desarrollo del sur de la capital argentina, y tuvo distintos cargos desde entonces. Spagnuolo lo tacha de \u201cdelincuente\u201d en uno de los audios filtrados: \u201cMe pusieron un tipo que maneja todo lo que es la caja m\u00eda. Es un delincuente que estaba en la gesti\u00f3n de Macri y que cuando se fue se llev\u00f3 los discos r\u00edgidos de las computadoras.<\/p>\n\n\n\n<h2 class=\"wp-block-heading\"><\/h2>\n","protected":false},"excerpt":{"rendered":"<p>La causa judicial abierta semana a ra\u00edz de la filtraci\u00f3n de unos audios que revelan una supuesta trama de corrupci\u00f3n en la venta de medicamentos al Estado argentino afecta a la c\u00fapula del poder, a cargos intermedios y a los hermanos due\u00f1os de la empresa que ejerc\u00eda como intermediaria entre los laboratorios farmac\u00e9uticos y Presidencia, [&hellip;]<\/p>\n","protected":false},"author":2,"featured_media":4269,"comment_status":"open","ping_status":"open","sticky":false,"template":"","format":"standard","meta":{"footnotes":""},"categories":[18],"tags":[],"class_list":{"0":"post-4268","1":"post","2":"type-post","3":"status-publish","4":"format-standard","5":"has-post-thumbnail","7":"category-nacionales"},"yoast_head":"<!-- This site is optimized with the Yoast SEO plugin v27.4 - https:\/\/yoast.com\/product\/yoast-seo-wordpress\/ -->\n<title>Qui\u00e9n es qui\u00e9n en el esc\u00e1ndalo por corrupci\u00f3n que involucra al presidente Javier Milei y a su hermana Karina - Diario del Sur<\/title>\n<meta name=\"robots\" content=\"index, follow, max-snippet:-1, max-image-preview:large, max-video-preview:-1\" \/>\n<link rel=\"canonical\" href=\"https:\/\/diariodelsurdigital.com.ar\/?p=4268\" \/>\n<meta property=\"og:locale\" content=\"es_ES\" \/>\n<meta property=\"og:type\" content=\"article\" \/>\n<meta property=\"og:title\" content=\"Qui\u00e9n es qui\u00e9n en el esc\u00e1ndalo por corrupci\u00f3n que involucra al presidente Javier Milei y a su hermana Karina - Diario del Sur\" \/>\n<meta property=\"og:description\" content=\"La causa judicial abierta semana a ra\u00edz de la filtraci\u00f3n de unos audios que revelan una supuesta trama de corrupci\u00f3n en la venta de medicamentos al Estado argentino afecta a la c\u00fapula del poder, a cargos intermedios y a los hermanos due\u00f1os de la empresa que ejerc\u00eda como intermediaria entre los laboratorios farmac\u00e9uticos y Presidencia, [&hellip;]\" \/>\n<meta property=\"og:url\" content=\"https:\/\/diariodelsurdigital.com.ar\/?p=4268\" \/>\n<meta property=\"og:site_name\" content=\"Diario del Sur\" \/>\n<meta property=\"article:published_time\" content=\"2025-08-23T21:21:35+00:00\" \/>\n<meta property=\"article:modified_time\" content=\"2025-08-23T21:21:36+00:00\" \/>\n<meta property=\"og:image\" content=\"https:\/\/diariodelsurdigital.com.ar\/wp-content\/uploads\/2025\/08\/Martin-Menem-Diego-Spagnuolo-Emmanuel-Kovalivker-y-Daniel-M.-Garbellini.png\" \/>\n\t<meta property=\"og:image:width\" content=\"600\" \/>\n\t<meta property=\"og:image:height\" content=\"354\" \/>\n\t<meta property=\"og:image:type\" content=\"image\/png\" \/>\n<meta name=\"author\" content=\"Diario del Sur Digital\" \/>\n<meta name=\"twitter:card\" content=\"summary_large_image\" \/>\n<meta name=\"twitter:label1\" content=\"Escrito por\" \/>\n\t<meta name=\"twitter:data1\" content=\"Diario del Sur Digital\" \/>\n\t<meta name=\"twitter:label2\" content=\"Tiempo de lectura\" \/>\n\t<meta name=\"twitter:data2\" content=\"5 minutos\" \/>\n<script type=\"application\/ld+json\" class=\"yoast-schema-graph\">{\"@context\":\"https:\\\/\\\/schema.org\",\"@graph\":[{\"@type\":\"Article\",\"@id\":\"https:\\\/\\\/diariodelsurdigital.com.ar\\\/?p=4268#article\",\"isPartOf\":{\"@id\":\"https:\\\/\\\/diariodelsurdigital.com.ar\\\/?p=4268\"},\"author\":{\"name\":\"Diario del Sur Digital\",\"@id\":\"https:\\\/\\\/diariodelsurdigital.com.ar\\\/#\\\/schema\\\/person\\\/6136a32571657f7dba980b88b04c5465\"},\"headline\":\"Qui\u00e9n es qui\u00e9n en el esc\u00e1ndalo por corrupci\u00f3n que involucra al presidente Javier Milei y a su hermana Karina\",\"datePublished\":\"2025-08-23T21:21:35+00:00\",\"dateModified\":\"2025-08-23T21:21:36+00:00\",\"mainEntityOfPage\":{\"@id\":\"https:\\\/\\\/diariodelsurdigital.com.ar\\\/?p=4268\"},\"wordCount\":1045,\"commentCount\":0,\"image\":{\"@id\":\"https:\\\/\\\/diariodelsurdigital.com.ar\\\/?p=4268#primaryimage\"},\"thumbnailUrl\":\"https:\\\/\\\/diariodelsurdigital.com.ar\\\/wp-content\\\/uploads\\\/2025\\\/08\\\/Martin-Menem-Diego-Spagnuolo-Emmanuel-Kovalivker-y-Daniel-M.-Garbellini.png\",\"articleSection\":[\"Nacionales\"],\"inLanguage\":\"es\",\"potentialAction\":[{\"@type\":\"CommentAction\",\"name\":\"Comment\",\"target\":[\"https:\\\/\\\/diariodelsurdigital.com.ar\\\/?p=4268#respond\"]}]},{\"@type\":\"WebPage\",\"@id\":\"https:\\\/\\\/diariodelsurdigital.com.ar\\\/?p=4268\",\"url\":\"https:\\\/\\\/diariodelsurdigital.com.ar\\\/?p=4268\",\"name\":\"Qui\u00e9n es qui\u00e9n en el esc\u00e1ndalo por corrupci\u00f3n que involucra al presidente Javier Milei y a su hermana Karina - Diario del Sur\",\"isPartOf\":{\"@id\":\"https:\\\/\\\/diariodelsurdigital.com.ar\\\/#website\"},\"primaryImageOfPage\":{\"@id\":\"https:\\\/\\\/diariodelsurdigital.com.ar\\\/?p=4268#primaryimage\"},\"image\":{\"@id\":\"https:\\\/\\\/diariodelsurdigital.com.ar\\\/?p=4268#primaryimage\"},\"thumbnailUrl\":\"https:\\\/\\\/diariodelsurdigital.com.ar\\\/wp-content\\\/uploads\\\/2025\\\/08\\\/Martin-Menem-Diego-Spagnuolo-Emmanuel-Kovalivker-y-Daniel-M.-Garbellini.png\",\"datePublished\":\"2025-08-23T21:21:35+00:00\",\"dateModified\":\"2025-08-23T21:21:36+00:00\",\"author\":{\"@id\":\"https:\\\/\\\/diariodelsurdigital.com.ar\\\/#\\\/schema\\\/person\\\/6136a32571657f7dba980b88b04c5465\"},\"breadcrumb\":{\"@id\":\"https:\\\/\\\/diariodelsurdigital.com.ar\\\/?p=4268#breadcrumb\"},\"inLanguage\":\"es\",\"potentialAction\":[{\"@type\":\"ReadAction\",\"target\":[\"https:\\\/\\\/diariodelsurdigital.com.ar\\\/?p=4268\"]}]},{\"@type\":\"ImageObject\",\"inLanguage\":\"es\",\"@id\":\"https:\\\/\\\/diariodelsurdigital.com.ar\\\/?p=4268#primaryimage\",\"url\":\"https:\\\/\\\/diariodelsurdigital.com.ar\\\/wp-content\\\/uploads\\\/2025\\\/08\\\/Martin-Menem-Diego-Spagnuolo-Emmanuel-Kovalivker-y-Daniel-M.-Garbellini.png\",\"contentUrl\":\"https:\\\/\\\/diariodelsurdigital.com.ar\\\/wp-content\\\/uploads\\\/2025\\\/08\\\/Martin-Menem-Diego-Spagnuolo-Emmanuel-Kovalivker-y-Daniel-M.-Garbellini.png\",\"width\":600,\"height\":354},{\"@type\":\"BreadcrumbList\",\"@id\":\"https:\\\/\\\/diariodelsurdigital.com.ar\\\/?p=4268#breadcrumb\",\"itemListElement\":[{\"@type\":\"ListItem\",\"position\":1,\"name\":\"Portada\",\"item\":\"https:\\\/\\\/diariodelsurdigital.com.ar\\\/\"},{\"@type\":\"ListItem\",\"position\":2,\"name\":\"Qui\u00e9n es qui\u00e9n en el esc\u00e1ndalo por corrupci\u00f3n que involucra al presidente Javier Milei y a su hermana Karina\"}]},{\"@type\":\"WebSite\",\"@id\":\"https:\\\/\\\/diariodelsurdigital.com.ar\\\/#website\",\"url\":\"https:\\\/\\\/diariodelsurdigital.com.ar\\\/\",\"name\":\"Diario del Sur\",\"description\":\"Digital\",\"potentialAction\":[{\"@type\":\"SearchAction\",\"target\":{\"@type\":\"EntryPoint\",\"urlTemplate\":\"https:\\\/\\\/diariodelsurdigital.com.ar\\\/?s={search_term_string}\"},\"query-input\":{\"@type\":\"PropertyValueSpecification\",\"valueRequired\":true,\"valueName\":\"search_term_string\"}}],\"inLanguage\":\"es\"},{\"@type\":\"Person\",\"@id\":\"https:\\\/\\\/diariodelsurdigital.com.ar\\\/#\\\/schema\\\/person\\\/6136a32571657f7dba980b88b04c5465\",\"name\":\"Diario del Sur Digital\",\"image\":{\"@type\":\"ImageObject\",\"inLanguage\":\"es\",\"@id\":\"https:\\\/\\\/secure.gravatar.com\\\/avatar\\\/4c29ceac98541dd42460b2474aaa5dd37594d6ce6cb3cf2c101d09b48ee287ba?s=96&d=mm&r=g\",\"url\":\"https:\\\/\\\/secure.gravatar.com\\\/avatar\\\/4c29ceac98541dd42460b2474aaa5dd37594d6ce6cb3cf2c101d09b48ee287ba?s=96&d=mm&r=g\",\"contentUrl\":\"https:\\\/\\\/secure.gravatar.com\\\/avatar\\\/4c29ceac98541dd42460b2474aaa5dd37594d6ce6cb3cf2c101d09b48ee287ba?s=96&d=mm&r=g\",\"caption\":\"Diario del Sur Digital\"},\"url\":\"https:\\\/\\\/diariodelsurdigital.com.ar\\\/?author=2\"}]}<\/script>\n<!-- \/ Yoast SEO plugin. -->","yoast_head_json":{"title":"Qui\u00e9n es qui\u00e9n en el esc\u00e1ndalo por corrupci\u00f3n que involucra al presidente Javier Milei y a su hermana Karina - Diario del Sur","robots":{"index":"index","follow":"follow","max-snippet":"max-snippet:-1","max-image-preview":"max-image-preview:large","max-video-preview":"max-video-preview:-1"},"canonical":"https:\/\/diariodelsurdigital.com.ar\/?p=4268","og_locale":"es_ES","og_type":"article","og_title":"Qui\u00e9n es qui\u00e9n en el esc\u00e1ndalo por corrupci\u00f3n que involucra al presidente Javier Milei y a su hermana Karina - Diario del Sur","og_description":"La causa judicial abierta semana a ra\u00edz de la filtraci\u00f3n de unos audios que revelan una supuesta trama de corrupci\u00f3n en la venta de medicamentos al Estado argentino afecta a la c\u00fapula del poder, a cargos intermedios y a los hermanos due\u00f1os de la empresa que ejerc\u00eda como intermediaria entre los laboratorios farmac\u00e9uticos y Presidencia, [&hellip;]","og_url":"https:\/\/diariodelsurdigital.com.ar\/?p=4268","og_site_name":"Diario del Sur","article_published_time":"2025-08-23T21:21:35+00:00","article_modified_time":"2025-08-23T21:21:36+00:00","og_image":[{"width":600,"height":354,"url":"https:\/\/diariodelsurdigital.com.ar\/wp-content\/uploads\/2025\/08\/Martin-Menem-Diego-Spagnuolo-Emmanuel-Kovalivker-y-Daniel-M.-Garbellini.png","type":"image\/png"}],"author":"Diario del Sur Digital","twitter_card":"summary_large_image","twitter_misc":{"Escrito por":"Diario del Sur Digital","Tiempo de lectura":"5 minutos"},"schema":{"@context":"https:\/\/schema.org","@graph":[{"@type":"Article","@id":"https:\/\/diariodelsurdigital.com.ar\/?p=4268#article","isPartOf":{"@id":"https:\/\/diariodelsurdigital.com.ar\/?p=4268"},"author":{"name":"Diario del Sur Digital","@id":"https:\/\/diariodelsurdigital.com.ar\/#\/schema\/person\/6136a32571657f7dba980b88b04c5465"},"headline":"Qui\u00e9n es qui\u00e9n en el esc\u00e1ndalo por corrupci\u00f3n que involucra al presidente Javier Milei y a su hermana Karina","datePublished":"2025-08-23T21:21:35+00:00","dateModified":"2025-08-23T21:21:36+00:00","mainEntityOfPage":{"@id":"https:\/\/diariodelsurdigital.com.ar\/?p=4268"},"wordCount":1045,"commentCount":0,"image":{"@id":"https:\/\/diariodelsurdigital.com.ar\/?p=4268#primaryimage"},"thumbnailUrl":"https:\/\/diariodelsurdigital.com.ar\/wp-content\/uploads\/2025\/08\/Martin-Menem-Diego-Spagnuolo-Emmanuel-Kovalivker-y-Daniel-M.-Garbellini.png","articleSection":["Nacionales"],"inLanguage":"es","potentialAction":[{"@type":"CommentAction","name":"Comment","target":["https:\/\/diariodelsurdigital.com.ar\/?p=4268#respond"]}]},{"@type":"WebPage","@id":"https:\/\/diariodelsurdigital.com.ar\/?p=4268","url":"https:\/\/diariodelsurdigital.com.ar\/?p=4268","name":"Qui\u00e9n es qui\u00e9n en el esc\u00e1ndalo por corrupci\u00f3n que involucra al presidente Javier Milei y a su hermana Karina - Diario del Sur","isPartOf":{"@id":"https:\/\/diariodelsurdigital.com.ar\/#website"},"primaryImageOfPage":{"@id":"https:\/\/diariodelsurdigital.com.ar\/?p=4268#primaryimage"},"image":{"@id":"https:\/\/diariodelsurdigital.com.ar\/?p=4268#primaryimage"},"thumbnailUrl":"https:\/\/diariodelsurdigital.com.ar\/wp-content\/uploads\/2025\/08\/Martin-Menem-Diego-Spagnuolo-Emmanuel-Kovalivker-y-Daniel-M.-Garbellini.png","datePublished":"2025-08-23T21:21:35+00:00","dateModified":"2025-08-23T21:21:36+00:00","author":{"@id":"https:\/\/diariodelsurdigital.com.ar\/#\/schema\/person\/6136a32571657f7dba980b88b04c5465"},"breadcrumb":{"@id":"https:\/\/diariodelsurdigital.com.ar\/?p=4268#breadcrumb"},"inLanguage":"es","potentialAction":[{"@type":"ReadAction","target":["https:\/\/diariodelsurdigital.com.ar\/?p=4268"]}]},{"@type":"ImageObject","inLanguage":"es","@id":"https:\/\/diariodelsurdigital.com.ar\/?p=4268#primaryimage","url":"https:\/\/diariodelsurdigital.com.ar\/wp-content\/uploads\/2025\/08\/Martin-Menem-Diego-Spagnuolo-Emmanuel-Kovalivker-y-Daniel-M.-Garbellini.png","contentUrl":"https:\/\/diariodelsurdigital.com.ar\/wp-content\/uploads\/2025\/08\/Martin-Menem-Diego-Spagnuolo-Emmanuel-Kovalivker-y-Daniel-M.-Garbellini.png","width":600,"height":354},{"@type":"BreadcrumbList","@id":"https:\/\/diariodelsurdigital.com.ar\/?p=4268#breadcrumb","itemListElement":[{"@type":"ListItem","position":1,"name":"Portada","item":"https:\/\/diariodelsurdigital.com.ar\/"},{"@type":"ListItem","position":2,"name":"Qui\u00e9n es qui\u00e9n en el esc\u00e1ndalo por corrupci\u00f3n que involucra al presidente Javier Milei y a su hermana Karina"}]},{"@type":"WebSite","@id":"https:\/\/diariodelsurdigital.com.ar\/#website","url":"https:\/\/diariodelsurdigital.com.ar\/","name":"Diario del Sur","description":"Digital","potentialAction":[{"@type":"SearchAction","target":{"@type":"EntryPoint","urlTemplate":"https:\/\/diariodelsurdigital.com.ar\/?s={search_term_string}"},"query-input":{"@type":"PropertyValueSpecification","valueRequired":true,"valueName":"search_term_string"}}],"inLanguage":"es"},{"@type":"Person","@id":"https:\/\/diariodelsurdigital.com.ar\/#\/schema\/person\/6136a32571657f7dba980b88b04c5465","name":"Diario del Sur Digital","image":{"@type":"ImageObject","inLanguage":"es","@id":"https:\/\/secure.gravatar.com\/avatar\/4c29ceac98541dd42460b2474aaa5dd37594d6ce6cb3cf2c101d09b48ee287ba?s=96&d=mm&r=g","url":"https:\/\/secure.gravatar.com\/avatar\/4c29ceac98541dd42460b2474aaa5dd37594d6ce6cb3cf2c101d09b48ee287ba?s=96&d=mm&r=g","contentUrl":"https:\/\/secure.gravatar.com\/avatar\/4c29ceac98541dd42460b2474aaa5dd37594d6ce6cb3cf2c101d09b48ee287ba?s=96&d=mm&r=g","caption":"Diario del Sur Digital"},"url":"https:\/\/diariodelsurdigital.com.ar\/?author=2"}]}},"_links":{"self":[{"href":"https:\/\/diariodelsurdigital.com.ar\/index.php?rest_route=\/wp\/v2\/posts\/4268","targetHints":{"allow":["GET"]}}],"collection":[{"href":"https:\/\/diariodelsurdigital.com.ar\/index.php?rest_route=\/wp\/v2\/posts"}],"about":[{"href":"https:\/\/diariodelsurdigital.com.ar\/index.php?rest_route=\/wp\/v2\/types\/post"}],"author":[{"embeddable":true,"href":"https:\/\/diariodelsurdigital.com.ar\/index.php?rest_route=\/wp\/v2\/users\/2"}],"replies":[{"embeddable":true,"href":"https:\/\/diariodelsurdigital.com.ar\/index.php?rest_route=%2Fwp%2Fv2%2Fcomments&post=4268"}],"version-history":[{"count":1,"href":"https:\/\/diariodelsurdigital.com.ar\/index.php?rest_route=\/wp\/v2\/posts\/4268\/revisions"}],"predecessor-version":[{"id":4270,"href":"https:\/\/diariodelsurdigital.com.ar\/index.php?rest_route=\/wp\/v2\/posts\/4268\/revisions\/4270"}],"wp:featuredmedia":[{"embeddable":true,"href":"https:\/\/diariodelsurdigital.com.ar\/index.php?rest_route=\/wp\/v2\/media\/4269"}],"wp:attachment":[{"href":"https:\/\/diariodelsurdigital.com.ar\/index.php?rest_route=%2Fwp%2Fv2%2Fmedia&parent=4268"}],"wp:term":[{"taxonomy":"category","embeddable":true,"href":"https:\/\/diariodelsurdigital.com.ar\/index.php?rest_route=%2Fwp%2Fv2%2Fcategories&post=4268"},{"taxonomy":"post_tag","embeddable":true,"href":"https:\/\/diariodelsurdigital.com.ar\/index.php?rest_route=%2Fwp%2Fv2%2Ftags&post=4268"}],"curies":[{"name":"wp","href":"https:\/\/api.w.org\/{rel}","templated":true}]}}