{"id":427,"date":"2025-01-03T13:08:47","date_gmt":"2025-01-03T16:08:47","guid":{"rendered":"https:\/\/diariodelsurdigital.com.ar\/?p=427"},"modified":"2025-01-03T13:08:48","modified_gmt":"2025-01-03T16:08:48","slug":"alberto-fernandez-pidio-que-su-hijo-con-fabiola-yanez-regrese-a-argentina-y-aseguro-que-ella-no-necesita-custodia","status":"publish","type":"post","link":"https:\/\/diariodelsurdigital.com.ar\/?p=427","title":{"rendered":"Alberto Fern\u00e1ndez pidi\u00f3 que su hijo con Fabiola Ya\u00f1ez regrese a Argentina y asegur\u00f3 que ella no necesita custodia"},"content":{"rendered":"\n<p>El ex presidente&nbsp;<a href=\"https:\/\/www.tiempoar.com.ar\/etiqueta\/alberto-fernandez\/\" target=\"_blank\" rel=\"noreferrer noopener\">Alberto Fern\u00e1ndez<\/a>&nbsp;le reclam\u00f3 a la Justicia el \u00abreintegro inmediato\u00bb desde Espa\u00f1a a Argentina de su hijo, Francisco, de 2 a\u00f1os, al considerar que su madre, Fabiola Ya\u00f1ez, lo pone \u00aben riesgo\u00bb, a la vez que indic\u00f3 que la ex primera dama no necesita custodia oficial, al sostener que \u00abdesarrolla su vida sin temor alguno\u00bb en Madrid, pero aclar\u00f3 que el que s\u00ed la necesita es el peque\u00f1o.<\/p>\n\n\n\n<p>\u00abVengo a dejar constancia de mi decisi\u00f3n de dejar sin efecto la autorizaci\u00f3n para que el ni\u00f1o resida en Madrid (autorizaci\u00f3n que vencer\u00e1 indefectiblemente en abril pr\u00f3ximo y que comunicar\u00e9 a las autoridades migratorias espa\u00f1olas) y a solicitar que se arbitren las medidas pertinentes para que de inmediato el ni\u00f1o regrese a la Argentina y quede preservado por la custodia que se me ha asignado\u00bb, se\u00f1al\u00f3 en un documento.<\/p>\n\n\n\n<p>La abogada del ex mandatario, Silvana Carreira, present\u00f3 el escrito en tribunales. Fern\u00e1ndez indica ah\u00ed que Francisco pas\u00f3 las Fiestas sin familia \u00abmientras su madre festejaba bebiendo alcohol y disfrutando buenos platos\u00bb y aporta notas que muestran la cena de A\u00f1o Nuevo en que se la vio a Ya\u00f1ez en un restaurante madrile\u00f1o. Seg\u00fan el padre, ella no estaba con su hijo.<\/p>\n\n\n\n<p>\u00abEl 31 de diciembre \u00faltimo se la vio (a Ya\u00f1ez) festejando el fin de a\u00f1o en un restaurante que ofrec\u00eda \u00b4barra libre\u00b4 y vinos \u00b4en maridaje\u00b4 con los platos. Ello con lo que implica dado el tenor de los mensajes que recib\u00ed ante un evidente estado de intoxicaci\u00f3n que en principio considero que pudiera ser por exceso de consumo de alcohol\u00bb, indica Fern\u00e1ndez en el documento presentado ante al juez Christian Brandoni Nonell, del juzgado Penal, Contravencional y de Faltas N\u00b0 20, en una causa en la interviene la fiscal Celia Rodr\u00edguez.<\/p>\n\n\n\n<p>Asimismo, a\u00f1adi\u00f3: \u00abFrancisco, nuestro hijo, no estaba en la cena. No s\u00e9 d\u00f3nde estaba esa noche, ni qui\u00e9n lo cuidaba mientras su madre festejaba bebiendo alcohol y disfrutando buenos platos. Nuestro hijo no pudo celebrar las festividades junto a su padre por el deseo unilateral y arbitrario de su madre\u00bb.<\/p>\n\n\n\n<figure class=\"wp-block-image\"><img decoding=\"async\" src=\"https:\/\/www.tiempoar.com.ar\/wp-content\/uploads\/2021\/09\/alberto-fernandez-y-fabiola-yanez-Presidencia-1024x683.jpg\" alt=\"\" class=\"wp-image-361546\"\/><\/figure>\n\n\n\n<h2 class=\"wp-block-heading\">La custodia de Fabiola<\/h2>\n\n\n\n<p>Adem\u00e1s, en el documento que difundi\u00f3&nbsp;<em>Clar\u00edn<\/em>, el ex presidente manifest\u00f3 que Ya\u00f1ez impuls\u00f3 una \u00abfalsa denuncia\u00bb en relaci\u00f3n a la causa de violencia de g\u00e9nero y dijo: \u00abDesarrolla su vida sin riesgo alguno. Si sintiera temor alguno, no se expondr\u00eda a lugares p\u00fablicos como lo hace. En esos t\u00e9rminos no se entiende la necesidad de la custodia\u00bb.<\/p>\n\n\n\n<p>\u00abFrancisco, de tan solo dos a\u00f1os, s\u00ed est\u00e1 en riesgo, lejos de su centro de vida, de su familia y al cuidado de qui\u00e9n sabe Dios. La seguridad de Francisco s\u00ed debe ser preservada. Es claro que su familia no est\u00e1 all\u00ed y que su madre no cuida de \u00e9l como deber\u00eda. Dejarlo en manos de terceros la noche de fin de a\u00f1o (entiendo que lo mismo hizo en la Nochebuena cuando me impidi\u00f3 saludarlo) es prueba suficiente para demostrar que en ella prevalece atender sus deseos antes que atender a su hijo\u00bb, expres\u00f3 Fern\u00e1ndez.<\/p>\n\n\n\n<p>El actual presidente&nbsp;<a href=\"https:\/\/x.com\/JMilei\/status\/1874914234699513935\" target=\"_blank\" rel=\"noreferrer noopener\">Javier Milei public\u00f3 el reciente jueves un pedido a la justicia<\/a>&nbsp;v\u00eda redes sociales para terminar con la custodia de la ex primera dama. \u201cLe ped\u00ed a la Ministra de Seguridad que eleve un informe a la justicia sobre el sin sentido de mantener una custodia a la ex primera dama y expareja del expresidente\u201d, escribi\u00f3.<\/p>\n\n\n\n<p>A su vez, Fern\u00e1ndez indic\u00f3 que a Ya\u00f1ez \u00abse la ha visto en apariciones medi\u00e1ticas muy libre para expresarse\u00bb y asever\u00f3: \u00abLa imputada se ha excedido en el kilometraje en m\u00e1s 16.000 kms, de un auto alquilado para cubrir las necesidades de nuestro hijo de tan solo dos a\u00f1os y ocho meses, claramente no ha sido por llevar a Francisco al Colegio, ha realizado excesivos gastos en tarjetas de cr\u00e9dito, a pesar de tener una robusta cuota alimentaria fijada por la Justicia de Familia\u00bb.<\/p>\n\n\n\n<p>En tanto, dijo que la seguridad de su hijo \u00abest\u00e1 en riesgo\u00bb y a\u00f1adi\u00f3: \u00abSu madre, mientras lleva a cabo m\u00faltiples viajes y participa en salidas nocturnas, deja a Francisco completamente desatendido o, en el mejor de los casos, bajo el cuidado de terceros ajenos, ya que en Espa\u00f1a no cuenta con familiares que puedan asumir dicha responsabilidad. Mientras me obstruye sistem\u00e1ticamente el contacto con mi hijo, tampoco utiliza ese tiempo para ejercer su rol materno. Como resultado, Francisco se encuentra solo, sin la compa\u00f1\u00eda ni la atenci\u00f3n de ninguno de sus padres\u00bb.<\/p>\n","protected":false},"excerpt":{"rendered":"<p>El ex presidente&nbsp;Alberto Fern\u00e1ndez&nbsp;le reclam\u00f3 a la Justicia el \u00abreintegro inmediato\u00bb desde Espa\u00f1a a Argentina de su hijo, Francisco, de 2 a\u00f1os, al considerar que su madre, Fabiola Ya\u00f1ez, lo pone \u00aben riesgo\u00bb, a la vez que indic\u00f3 que la ex primera dama no necesita custodia oficial, al sostener que \u00abdesarrolla su vida sin temor [&hellip;]<\/p>\n","protected":false},"author":4,"featured_media":428,"comment_status":"open","ping_status":"open","sticky":false,"template":"","format":"standard","meta":{"footnotes":""},"categories":[26,22],"tags":[],"class_list":{"0":"post-427","1":"post","2":"type-post","3":"status-publish","4":"format-standard","5":"has-post-thumbnail","7":"category-judiciales","8":"category-politica"},"yoast_head":"<!-- This site is optimized with the Yoast SEO plugin v27.4 - https:\/\/yoast.com\/product\/yoast-seo-wordpress\/ -->\n<title>Alberto Fern\u00e1ndez pidi\u00f3 que su hijo con Fabiola Ya\u00f1ez regrese a Argentina y asegur\u00f3 que ella no necesita custodia - Diario del Sur<\/title>\n<meta name=\"robots\" content=\"index, follow, max-snippet:-1, max-image-preview:large, max-video-preview:-1\" \/>\n<link rel=\"canonical\" href=\"https:\/\/diariodelsurdigital.com.ar\/?p=427\" \/>\n<meta property=\"og:locale\" content=\"es_ES\" \/>\n<meta property=\"og:type\" content=\"article\" \/>\n<meta property=\"og:title\" content=\"Alberto Fern\u00e1ndez pidi\u00f3 que su hijo con Fabiola Ya\u00f1ez regrese a Argentina y asegur\u00f3 que ella no necesita custodia - Diario del Sur\" \/>\n<meta property=\"og:description\" content=\"El ex presidente&nbsp;Alberto Fern\u00e1ndez&nbsp;le reclam\u00f3 a la Justicia el \u00abreintegro inmediato\u00bb desde Espa\u00f1a a Argentina de su hijo, Francisco, de 2 a\u00f1os, al considerar que su madre, Fabiola Ya\u00f1ez, lo pone \u00aben riesgo\u00bb, a la vez que indic\u00f3 que la ex primera dama no necesita custodia oficial, al sostener que \u00abdesarrolla su vida sin temor [&hellip;]\" \/>\n<meta property=\"og:url\" content=\"https:\/\/diariodelsurdigital.com.ar\/?p=427\" \/>\n<meta property=\"og:site_name\" content=\"Diario del Sur\" \/>\n<meta property=\"article:published_time\" content=\"2025-01-03T16:08:47+00:00\" \/>\n<meta property=\"article:modified_time\" content=\"2025-01-03T16:08:48+00:00\" \/>\n<meta property=\"og:image\" content=\"https:\/\/diariodelsurdigital.com.ar\/wp-content\/uploads\/2025\/01\/web-Alberto-Fernandez-y-Fabiola-Yanez-presentaron-a-su-hijo-Francisco-captura.jpg\" \/>\n\t<meta property=\"og:image:width\" content=\"1200\" \/>\n\t<meta property=\"og:image:height\" content=\"800\" \/>\n\t<meta property=\"og:image:type\" content=\"image\/jpeg\" \/>\n<meta name=\"author\" content=\"Diario del Sur Digital\" \/>\n<meta name=\"twitter:card\" content=\"summary_large_image\" \/>\n<meta name=\"twitter:label1\" content=\"Escrito por\" \/>\n\t<meta name=\"twitter:data1\" content=\"Diario del Sur Digital\" \/>\n\t<meta name=\"twitter:label2\" content=\"Tiempo de lectura\" \/>\n\t<meta name=\"twitter:data2\" content=\"4 minutos\" \/>\n<script type=\"application\/ld+json\" class=\"yoast-schema-graph\">{\"@context\":\"https:\\\/\\\/schema.org\",\"@graph\":[{\"@type\":\"Article\",\"@id\":\"https:\\\/\\\/diariodelsurdigital.com.ar\\\/?p=427#article\",\"isPartOf\":{\"@id\":\"https:\\\/\\\/diariodelsurdigital.com.ar\\\/?p=427\"},\"author\":{\"name\":\"Diario del Sur Digital\",\"@id\":\"https:\\\/\\\/diariodelsurdigital.com.ar\\\/#\\\/schema\\\/person\\\/1a4992532ed62965c968031b49195c81\"},\"headline\":\"Alberto Fern\u00e1ndez pidi\u00f3 que su hijo con Fabiola Ya\u00f1ez regrese a Argentina y asegur\u00f3 que ella no necesita custodia\",\"datePublished\":\"2025-01-03T16:08:47+00:00\",\"dateModified\":\"2025-01-03T16:08:48+00:00\",\"mainEntityOfPage\":{\"@id\":\"https:\\\/\\\/diariodelsurdigital.com.ar\\\/?p=427\"},\"wordCount\":812,\"commentCount\":0,\"image\":{\"@id\":\"https:\\\/\\\/diariodelsurdigital.com.ar\\\/?p=427#primaryimage\"},\"thumbnailUrl\":\"https:\\\/\\\/diariodelsurdigital.com.ar\\\/wp-content\\\/uploads\\\/2025\\\/01\\\/web-Alberto-Fernandez-y-Fabiola-Yanez-presentaron-a-su-hijo-Francisco-captura.jpg\",\"articleSection\":[\"Judiciales\",\"Pol\u00edtica\"],\"inLanguage\":\"es\",\"potentialAction\":[{\"@type\":\"CommentAction\",\"name\":\"Comment\",\"target\":[\"https:\\\/\\\/diariodelsurdigital.com.ar\\\/?p=427#respond\"]}]},{\"@type\":\"WebPage\",\"@id\":\"https:\\\/\\\/diariodelsurdigital.com.ar\\\/?p=427\",\"url\":\"https:\\\/\\\/diariodelsurdigital.com.ar\\\/?p=427\",\"name\":\"Alberto Fern\u00e1ndez pidi\u00f3 que su hijo con Fabiola Ya\u00f1ez regrese a Argentina y asegur\u00f3 que ella no necesita custodia - Diario del Sur\",\"isPartOf\":{\"@id\":\"https:\\\/\\\/diariodelsurdigital.com.ar\\\/#website\"},\"primaryImageOfPage\":{\"@id\":\"https:\\\/\\\/diariodelsurdigital.com.ar\\\/?p=427#primaryimage\"},\"image\":{\"@id\":\"https:\\\/\\\/diariodelsurdigital.com.ar\\\/?p=427#primaryimage\"},\"thumbnailUrl\":\"https:\\\/\\\/diariodelsurdigital.com.ar\\\/wp-content\\\/uploads\\\/2025\\\/01\\\/web-Alberto-Fernandez-y-Fabiola-Yanez-presentaron-a-su-hijo-Francisco-captura.jpg\",\"datePublished\":\"2025-01-03T16:08:47+00:00\",\"dateModified\":\"2025-01-03T16:08:48+00:00\",\"author\":{\"@id\":\"https:\\\/\\\/diariodelsurdigital.com.ar\\\/#\\\/schema\\\/person\\\/1a4992532ed62965c968031b49195c81\"},\"breadcrumb\":{\"@id\":\"https:\\\/\\\/diariodelsurdigital.com.ar\\\/?p=427#breadcrumb\"},\"inLanguage\":\"es\",\"potentialAction\":[{\"@type\":\"ReadAction\",\"target\":[\"https:\\\/\\\/diariodelsurdigital.com.ar\\\/?p=427\"]}]},{\"@type\":\"ImageObject\",\"inLanguage\":\"es\",\"@id\":\"https:\\\/\\\/diariodelsurdigital.com.ar\\\/?p=427#primaryimage\",\"url\":\"https:\\\/\\\/diariodelsurdigital.com.ar\\\/wp-content\\\/uploads\\\/2025\\\/01\\\/web-Alberto-Fernandez-y-Fabiola-Yanez-presentaron-a-su-hijo-Francisco-captura.jpg\",\"contentUrl\":\"https:\\\/\\\/diariodelsurdigital.com.ar\\\/wp-content\\\/uploads\\\/2025\\\/01\\\/web-Alberto-Fernandez-y-Fabiola-Yanez-presentaron-a-su-hijo-Francisco-captura.jpg\",\"width\":1200,\"height\":800},{\"@type\":\"BreadcrumbList\",\"@id\":\"https:\\\/\\\/diariodelsurdigital.com.ar\\\/?p=427#breadcrumb\",\"itemListElement\":[{\"@type\":\"ListItem\",\"position\":1,\"name\":\"Portada\",\"item\":\"https:\\\/\\\/diariodelsurdigital.com.ar\\\/\"},{\"@type\":\"ListItem\",\"position\":2,\"name\":\"Alberto Fern\u00e1ndez pidi\u00f3 que su hijo con Fabiola Ya\u00f1ez regrese a Argentina y asegur\u00f3 que ella no necesita custodia\"}]},{\"@type\":\"WebSite\",\"@id\":\"https:\\\/\\\/diariodelsurdigital.com.ar\\\/#website\",\"url\":\"https:\\\/\\\/diariodelsurdigital.com.ar\\\/\",\"name\":\"Diario del Sur\",\"description\":\"Digital\",\"potentialAction\":[{\"@type\":\"SearchAction\",\"target\":{\"@type\":\"EntryPoint\",\"urlTemplate\":\"https:\\\/\\\/diariodelsurdigital.com.ar\\\/?s={search_term_string}\"},\"query-input\":{\"@type\":\"PropertyValueSpecification\",\"valueRequired\":true,\"valueName\":\"search_term_string\"}}],\"inLanguage\":\"es\"},{\"@type\":\"Person\",\"@id\":\"https:\\\/\\\/diariodelsurdigital.com.ar\\\/#\\\/schema\\\/person\\\/1a4992532ed62965c968031b49195c81\",\"name\":\"Diario del Sur Digital\",\"image\":{\"@type\":\"ImageObject\",\"inLanguage\":\"es\",\"@id\":\"https:\\\/\\\/secure.gravatar.com\\\/avatar\\\/f0c7c47fc7146d19828273b9b8eda651c9c7ab583767e6338d3d3bee825adf76?s=96&d=mm&r=g\",\"url\":\"https:\\\/\\\/secure.gravatar.com\\\/avatar\\\/f0c7c47fc7146d19828273b9b8eda651c9c7ab583767e6338d3d3bee825adf76?s=96&d=mm&r=g\",\"contentUrl\":\"https:\\\/\\\/secure.gravatar.com\\\/avatar\\\/f0c7c47fc7146d19828273b9b8eda651c9c7ab583767e6338d3d3bee825adf76?s=96&d=mm&r=g\",\"caption\":\"Diario del Sur Digital\"},\"url\":\"https:\\\/\\\/diariodelsurdigital.com.ar\\\/?author=4\"}]}<\/script>\n<!-- \/ Yoast SEO plugin. -->","yoast_head_json":{"title":"Alberto Fern\u00e1ndez pidi\u00f3 que su hijo con Fabiola Ya\u00f1ez regrese a Argentina y asegur\u00f3 que ella no necesita custodia - Diario del Sur","robots":{"index":"index","follow":"follow","max-snippet":"max-snippet:-1","max-image-preview":"max-image-preview:large","max-video-preview":"max-video-preview:-1"},"canonical":"https:\/\/diariodelsurdigital.com.ar\/?p=427","og_locale":"es_ES","og_type":"article","og_title":"Alberto Fern\u00e1ndez pidi\u00f3 que su hijo con Fabiola Ya\u00f1ez regrese a Argentina y asegur\u00f3 que ella no necesita custodia - Diario del Sur","og_description":"El ex presidente&nbsp;Alberto Fern\u00e1ndez&nbsp;le reclam\u00f3 a la Justicia el \u00abreintegro inmediato\u00bb desde Espa\u00f1a a Argentina de su hijo, Francisco, de 2 a\u00f1os, al considerar que su madre, Fabiola Ya\u00f1ez, lo pone \u00aben riesgo\u00bb, a la vez que indic\u00f3 que la ex primera dama no necesita custodia oficial, al sostener que \u00abdesarrolla su vida sin temor [&hellip;]","og_url":"https:\/\/diariodelsurdigital.com.ar\/?p=427","og_site_name":"Diario del Sur","article_published_time":"2025-01-03T16:08:47+00:00","article_modified_time":"2025-01-03T16:08:48+00:00","og_image":[{"width":1200,"height":800,"url":"https:\/\/diariodelsurdigital.com.ar\/wp-content\/uploads\/2025\/01\/web-Alberto-Fernandez-y-Fabiola-Yanez-presentaron-a-su-hijo-Francisco-captura.jpg","type":"image\/jpeg"}],"author":"Diario del Sur Digital","twitter_card":"summary_large_image","twitter_misc":{"Escrito por":"Diario del Sur Digital","Tiempo de lectura":"4 minutos"},"schema":{"@context":"https:\/\/schema.org","@graph":[{"@type":"Article","@id":"https:\/\/diariodelsurdigital.com.ar\/?p=427#article","isPartOf":{"@id":"https:\/\/diariodelsurdigital.com.ar\/?p=427"},"author":{"name":"Diario del Sur Digital","@id":"https:\/\/diariodelsurdigital.com.ar\/#\/schema\/person\/1a4992532ed62965c968031b49195c81"},"headline":"Alberto Fern\u00e1ndez pidi\u00f3 que su hijo con Fabiola Ya\u00f1ez regrese a Argentina y asegur\u00f3 que ella no necesita custodia","datePublished":"2025-01-03T16:08:47+00:00","dateModified":"2025-01-03T16:08:48+00:00","mainEntityOfPage":{"@id":"https:\/\/diariodelsurdigital.com.ar\/?p=427"},"wordCount":812,"commentCount":0,"image":{"@id":"https:\/\/diariodelsurdigital.com.ar\/?p=427#primaryimage"},"thumbnailUrl":"https:\/\/diariodelsurdigital.com.ar\/wp-content\/uploads\/2025\/01\/web-Alberto-Fernandez-y-Fabiola-Yanez-presentaron-a-su-hijo-Francisco-captura.jpg","articleSection":["Judiciales","Pol\u00edtica"],"inLanguage":"es","potentialAction":[{"@type":"CommentAction","name":"Comment","target":["https:\/\/diariodelsurdigital.com.ar\/?p=427#respond"]}]},{"@type":"WebPage","@id":"https:\/\/diariodelsurdigital.com.ar\/?p=427","url":"https:\/\/diariodelsurdigital.com.ar\/?p=427","name":"Alberto Fern\u00e1ndez pidi\u00f3 que su hijo con Fabiola Ya\u00f1ez regrese a Argentina y asegur\u00f3 que ella no necesita custodia - Diario del Sur","isPartOf":{"@id":"https:\/\/diariodelsurdigital.com.ar\/#website"},"primaryImageOfPage":{"@id":"https:\/\/diariodelsurdigital.com.ar\/?p=427#primaryimage"},"image":{"@id":"https:\/\/diariodelsurdigital.com.ar\/?p=427#primaryimage"},"thumbnailUrl":"https:\/\/diariodelsurdigital.com.ar\/wp-content\/uploads\/2025\/01\/web-Alberto-Fernandez-y-Fabiola-Yanez-presentaron-a-su-hijo-Francisco-captura.jpg","datePublished":"2025-01-03T16:08:47+00:00","dateModified":"2025-01-03T16:08:48+00:00","author":{"@id":"https:\/\/diariodelsurdigital.com.ar\/#\/schema\/person\/1a4992532ed62965c968031b49195c81"},"breadcrumb":{"@id":"https:\/\/diariodelsurdigital.com.ar\/?p=427#breadcrumb"},"inLanguage":"es","potentialAction":[{"@type":"ReadAction","target":["https:\/\/diariodelsurdigital.com.ar\/?p=427"]}]},{"@type":"ImageObject","inLanguage":"es","@id":"https:\/\/diariodelsurdigital.com.ar\/?p=427#primaryimage","url":"https:\/\/diariodelsurdigital.com.ar\/wp-content\/uploads\/2025\/01\/web-Alberto-Fernandez-y-Fabiola-Yanez-presentaron-a-su-hijo-Francisco-captura.jpg","contentUrl":"https:\/\/diariodelsurdigital.com.ar\/wp-content\/uploads\/2025\/01\/web-Alberto-Fernandez-y-Fabiola-Yanez-presentaron-a-su-hijo-Francisco-captura.jpg","width":1200,"height":800},{"@type":"BreadcrumbList","@id":"https:\/\/diariodelsurdigital.com.ar\/?p=427#breadcrumb","itemListElement":[{"@type":"ListItem","position":1,"name":"Portada","item":"https:\/\/diariodelsurdigital.com.ar\/"},{"@type":"ListItem","position":2,"name":"Alberto Fern\u00e1ndez pidi\u00f3 que su hijo con Fabiola Ya\u00f1ez regrese a Argentina y asegur\u00f3 que ella no necesita custodia"}]},{"@type":"WebSite","@id":"https:\/\/diariodelsurdigital.com.ar\/#website","url":"https:\/\/diariodelsurdigital.com.ar\/","name":"Diario del Sur","description":"Digital","potentialAction":[{"@type":"SearchAction","target":{"@type":"EntryPoint","urlTemplate":"https:\/\/diariodelsurdigital.com.ar\/?s={search_term_string}"},"query-input":{"@type":"PropertyValueSpecification","valueRequired":true,"valueName":"search_term_string"}}],"inLanguage":"es"},{"@type":"Person","@id":"https:\/\/diariodelsurdigital.com.ar\/#\/schema\/person\/1a4992532ed62965c968031b49195c81","name":"Diario del Sur Digital","image":{"@type":"ImageObject","inLanguage":"es","@id":"https:\/\/secure.gravatar.com\/avatar\/f0c7c47fc7146d19828273b9b8eda651c9c7ab583767e6338d3d3bee825adf76?s=96&d=mm&r=g","url":"https:\/\/secure.gravatar.com\/avatar\/f0c7c47fc7146d19828273b9b8eda651c9c7ab583767e6338d3d3bee825adf76?s=96&d=mm&r=g","contentUrl":"https:\/\/secure.gravatar.com\/avatar\/f0c7c47fc7146d19828273b9b8eda651c9c7ab583767e6338d3d3bee825adf76?s=96&d=mm&r=g","caption":"Diario del Sur Digital"},"url":"https:\/\/diariodelsurdigital.com.ar\/?author=4"}]}},"_links":{"self":[{"href":"https:\/\/diariodelsurdigital.com.ar\/index.php?rest_route=\/wp\/v2\/posts\/427","targetHints":{"allow":["GET"]}}],"collection":[{"href":"https:\/\/diariodelsurdigital.com.ar\/index.php?rest_route=\/wp\/v2\/posts"}],"about":[{"href":"https:\/\/diariodelsurdigital.com.ar\/index.php?rest_route=\/wp\/v2\/types\/post"}],"author":[{"embeddable":true,"href":"https:\/\/diariodelsurdigital.com.ar\/index.php?rest_route=\/wp\/v2\/users\/4"}],"replies":[{"embeddable":true,"href":"https:\/\/diariodelsurdigital.com.ar\/index.php?rest_route=%2Fwp%2Fv2%2Fcomments&post=427"}],"version-history":[{"count":1,"href":"https:\/\/diariodelsurdigital.com.ar\/index.php?rest_route=\/wp\/v2\/posts\/427\/revisions"}],"predecessor-version":[{"id":429,"href":"https:\/\/diariodelsurdigital.com.ar\/index.php?rest_route=\/wp\/v2\/posts\/427\/revisions\/429"}],"wp:featuredmedia":[{"embeddable":true,"href":"https:\/\/diariodelsurdigital.com.ar\/index.php?rest_route=\/wp\/v2\/media\/428"}],"wp:attachment":[{"href":"https:\/\/diariodelsurdigital.com.ar\/index.php?rest_route=%2Fwp%2Fv2%2Fmedia&parent=427"}],"wp:term":[{"taxonomy":"category","embeddable":true,"href":"https:\/\/diariodelsurdigital.com.ar\/index.php?rest_route=%2Fwp%2Fv2%2Fcategories&post=427"},{"taxonomy":"post_tag","embeddable":true,"href":"https:\/\/diariodelsurdigital.com.ar\/index.php?rest_route=%2Fwp%2Fv2%2Ftags&post=427"}],"curies":[{"name":"wp","href":"https:\/\/api.w.org\/{rel}","templated":true}]}}