{"id":4271,"date":"2025-08-24T14:49:24","date_gmt":"2025-08-24T17:49:24","guid":{"rendered":"https:\/\/diariodelsurdigital.com.ar\/?p=4271"},"modified":"2025-08-24T14:49:26","modified_gmt":"2025-08-24T17:49:26","slug":"un-joven-motociclista-impacto-contra-un-tren","status":"publish","type":"post","link":"https:\/\/diariodelsurdigital.com.ar\/?p=4271","title":{"rendered":"Un joven motociclista impact\u00f3 contra un tren"},"content":{"rendered":"\n<h1 class=\"wp-block-heading\"><\/h1>\n\n\n\n<h4 class=\"wp-block-heading\">El accidente ocurri\u00f3 en la noche del pasado s\u00e1bado, en San Salvador; cuando una moto colision\u00f3 con un tren de la empresa Trenes Argentinos.<\/h4>\n\n\n\n<p><a target=\"_blank\" href=\"https:\/\/api.whatsapp.com\/send?text=Un%20joven%20motociclista%20debi%C3%B3%20ser%20derivado%20a%20Concordia%20tras%20impactar%20contra%20un%20tren%20-%20http:\/\/diarioriouruguay.com\/policiales\/\/un-joven-motociclista-debio-ser-derivado-a-concordia-tras-impactar-contra-un-tren.htm\" rel=\"noreferrer noopener\"><\/a><a href=\"https:\/\/diarioriouruguay.com\/policiales\/un-joven-motociclista-debio-ser-derivado-a-concordia-tras-impactar-contra-un-tren.htm#\"><\/a><a href=\"javascript:copyLink('aviso', 'URL Copiada');\"><\/a><a href=\"https:\/\/diarioriouruguay.com\/policiales\/un-joven-motociclista-debio-ser-derivado-a-concordia-tras-impactar-contra-un-tren.htm#\"><\/a><a target=\"_blank\" href=\"tg:\/\/msg?text=Un%20joven%20motociclista%20debi%C3%B3%20ser%20derivado%20a%20Concordia%20tras%20impactar%20contra%20un%20tren-http:\/\/diarioriouruguay.com\/policiales\/\/un-joven-motociclista-debio-ser-derivado-a-concordia-tras-impactar-contra-un-tren.htm\" rel=\"noreferrer noopener\"><\/a><a href=\"https:\/\/diarioriouruguay.com\/policiales\/un-joven-motociclista-debio-ser-derivado-a-concordia-tras-impactar-contra-un-tren.htm#comentarios\"><\/a><\/p>\n\n\n\n<p>Moto choc\u00f3 contra un tren. El siniestro se produjo en la noche del pasado s\u00e1bado, en avenida Entre R\u00edos de la localidad de San Salvador, cuando una motocicleta impact\u00f3 contra el tren. El conductor, un joven de 18 a\u00f1os, sufri\u00f3 una grave lesi\u00f3n en su brazo derecho y fue asistido por personal m\u00e9dico del hospital local.<\/p>\n\n\n\n<p>Posteriormente, el joven fue derivado de urgencia al hospital Delicia Concepci\u00f3n Masvernat de la ciudad de Concordia, para recibir un tratamiento de mayor complejidad. Su acompa\u00f1ante, una joven de 17 a\u00f1os, recibi\u00f3 atenci\u00f3n en el mismo hospital local, siendo dada de alta a los pocos minutos debido a que sus heridas no revest\u00edan mayor gravedad.<\/p>\n\n\n\n<p>Personal de la Polic\u00eda se traslad\u00f3 r\u00e1pidamente al lugar del accidente y, con conocimiento de la Fiscal\u00eda en turno, comenzaron con las tareas investigativas correspondientes. Las autoridades de la Jefatura Departamental San Salvador tambi\u00e9n estuvieron presentes en el lugar del hecho.<\/p>\n\n\n\n<h3 class=\"wp-block-heading\">Primeras versiones<\/h3>\n\n\n\n<p>Seg\u00fan las primeras versiones, la moto involucrada impact\u00f3 entre el segundo y cuarto vag\u00f3n del tren, en el lado izquierdo de la formaci\u00f3n. El conductor de la locomotora correspondiente de la empresa \u00abTrenes Argentinos\u00bb inform\u00f3 el hecho al Comando Radioel\u00e9ctrico de la ciudad de San Salvador, de acuerdo a lo que dio inicio al protocolo de emergencia.<\/p>\n\n\n\n<h3 class=\"wp-block-heading\">Investigaci\u00f3n en curso para determinar las causas del accidente<\/h3>\n\n\n\n<p>El accidente del tren con la motocicleta en la ciudad de San Salvador gener\u00f3 gran preocupaci\u00f3n en la comunidad de esa localidad, ya que el impacto fue de considerable magnitud. Las autoridades policiales iniciaron las investigaciones correspondientes para determinar las causas que originaron el accidente.<\/p>\n\n\n\n<p>En ese marco, se realizan las tareas de rigor para esclarecer c\u00f3mo ocurri\u00f3 el siniestro, si hubo alg\u00fan factor externo o si fue producto de un error humano o de las condiciones del camino que se transitaba.<\/p>\n\n\n\n<p>Fuente: El Once.<\/p>\n","protected":false},"excerpt":{"rendered":"<p>El accidente ocurri\u00f3 en la noche del pasado s\u00e1bado, en San Salvador; cuando una moto colision\u00f3 con un tren de la empresa Trenes Argentinos. Moto choc\u00f3 contra un tren. El siniestro se produjo en la noche del pasado s\u00e1bado, en avenida Entre R\u00edos de la localidad de San Salvador, cuando una motocicleta impact\u00f3 contra el [&hellip;]<\/p>\n","protected":false},"author":2,"featured_media":4272,"comment_status":"open","ping_status":"open","sticky":false,"template":"","format":"standard","meta":{"footnotes":""},"categories":[1],"tags":[],"class_list":{"0":"post-4271","1":"post","2":"type-post","3":"status-publish","4":"format-standard","5":"has-post-thumbnail","7":"category-uncategorized"},"yoast_head":"<!-- This site is optimized with the Yoast SEO plugin v27.4 - https:\/\/yoast.com\/product\/yoast-seo-wordpress\/ -->\n<title>Un joven motociclista impact\u00f3 contra un tren - Diario del Sur<\/title>\n<meta name=\"robots\" content=\"index, follow, max-snippet:-1, max-image-preview:large, max-video-preview:-1\" \/>\n<link rel=\"canonical\" href=\"https:\/\/diariodelsurdigital.com.ar\/?p=4271\" \/>\n<meta property=\"og:locale\" content=\"es_ES\" \/>\n<meta property=\"og:type\" content=\"article\" \/>\n<meta property=\"og:title\" content=\"Un joven motociclista impact\u00f3 contra un tren - Diario del Sur\" \/>\n<meta property=\"og:description\" content=\"El accidente ocurri\u00f3 en la noche del pasado s\u00e1bado, en San Salvador; cuando una moto colision\u00f3 con un tren de la empresa Trenes Argentinos. Moto choc\u00f3 contra un tren. El siniestro se produjo en la noche del pasado s\u00e1bado, en avenida Entre R\u00edos de la localidad de San Salvador, cuando una motocicleta impact\u00f3 contra el [&hellip;]\" \/>\n<meta property=\"og:url\" content=\"https:\/\/diariodelsurdigital.com.ar\/?p=4271\" \/>\n<meta property=\"og:site_name\" content=\"Diario del Sur\" \/>\n<meta property=\"article:published_time\" content=\"2025-08-24T17:49:24+00:00\" \/>\n<meta property=\"article:modified_time\" content=\"2025-08-24T17:49:26+00:00\" \/>\n<meta property=\"og:image\" content=\"https:\/\/diariodelsurdigital.com.ar\/wp-content\/uploads\/2025\/08\/l_1756054210_85398.png\" \/>\n\t<meta property=\"og:image:width\" content=\"466\" \/>\n\t<meta property=\"og:image:height\" content=\"254\" \/>\n\t<meta property=\"og:image:type\" content=\"image\/png\" \/>\n<meta name=\"author\" content=\"Diario del Sur Digital\" \/>\n<meta name=\"twitter:card\" content=\"summary_large_image\" \/>\n<meta name=\"twitter:label1\" content=\"Escrito por\" \/>\n\t<meta name=\"twitter:data1\" content=\"Diario del Sur Digital\" \/>\n\t<meta name=\"twitter:label2\" content=\"Tiempo de lectura\" \/>\n\t<meta name=\"twitter:data2\" content=\"2 minutos\" \/>\n<script type=\"application\/ld+json\" class=\"yoast-schema-graph\">{\"@context\":\"https:\\\/\\\/schema.org\",\"@graph\":[{\"@type\":\"Article\",\"@id\":\"https:\\\/\\\/diariodelsurdigital.com.ar\\\/?p=4271#article\",\"isPartOf\":{\"@id\":\"https:\\\/\\\/diariodelsurdigital.com.ar\\\/?p=4271\"},\"author\":{\"name\":\"Diario del Sur Digital\",\"@id\":\"https:\\\/\\\/diariodelsurdigital.com.ar\\\/#\\\/schema\\\/person\\\/6136a32571657f7dba980b88b04c5465\"},\"headline\":\"Un joven motociclista impact\u00f3 contra un tren\",\"datePublished\":\"2025-08-24T17:49:24+00:00\",\"dateModified\":\"2025-08-24T17:49:26+00:00\",\"mainEntityOfPage\":{\"@id\":\"https:\\\/\\\/diariodelsurdigital.com.ar\\\/?p=4271\"},\"wordCount\":357,\"commentCount\":0,\"image\":{\"@id\":\"https:\\\/\\\/diariodelsurdigital.com.ar\\\/?p=4271#primaryimage\"},\"thumbnailUrl\":\"https:\\\/\\\/diariodelsurdigital.com.ar\\\/wp-content\\\/uploads\\\/2025\\\/08\\\/l_1756054210_85398.png\",\"articleSection\":[\"Uncategorized\"],\"inLanguage\":\"es\",\"potentialAction\":[{\"@type\":\"CommentAction\",\"name\":\"Comment\",\"target\":[\"https:\\\/\\\/diariodelsurdigital.com.ar\\\/?p=4271#respond\"]}]},{\"@type\":\"WebPage\",\"@id\":\"https:\\\/\\\/diariodelsurdigital.com.ar\\\/?p=4271\",\"url\":\"https:\\\/\\\/diariodelsurdigital.com.ar\\\/?p=4271\",\"name\":\"Un joven motociclista impact\u00f3 contra un tren - Diario del Sur\",\"isPartOf\":{\"@id\":\"https:\\\/\\\/diariodelsurdigital.com.ar\\\/#website\"},\"primaryImageOfPage\":{\"@id\":\"https:\\\/\\\/diariodelsurdigital.com.ar\\\/?p=4271#primaryimage\"},\"image\":{\"@id\":\"https:\\\/\\\/diariodelsurdigital.com.ar\\\/?p=4271#primaryimage\"},\"thumbnailUrl\":\"https:\\\/\\\/diariodelsurdigital.com.ar\\\/wp-content\\\/uploads\\\/2025\\\/08\\\/l_1756054210_85398.png\",\"datePublished\":\"2025-08-24T17:49:24+00:00\",\"dateModified\":\"2025-08-24T17:49:26+00:00\",\"author\":{\"@id\":\"https:\\\/\\\/diariodelsurdigital.com.ar\\\/#\\\/schema\\\/person\\\/6136a32571657f7dba980b88b04c5465\"},\"breadcrumb\":{\"@id\":\"https:\\\/\\\/diariodelsurdigital.com.ar\\\/?p=4271#breadcrumb\"},\"inLanguage\":\"es\",\"potentialAction\":[{\"@type\":\"ReadAction\",\"target\":[\"https:\\\/\\\/diariodelsurdigital.com.ar\\\/?p=4271\"]}]},{\"@type\":\"ImageObject\",\"inLanguage\":\"es\",\"@id\":\"https:\\\/\\\/diariodelsurdigital.com.ar\\\/?p=4271#primaryimage\",\"url\":\"https:\\\/\\\/diariodelsurdigital.com.ar\\\/wp-content\\\/uploads\\\/2025\\\/08\\\/l_1756054210_85398.png\",\"contentUrl\":\"https:\\\/\\\/diariodelsurdigital.com.ar\\\/wp-content\\\/uploads\\\/2025\\\/08\\\/l_1756054210_85398.png\",\"width\":466,\"height\":254},{\"@type\":\"BreadcrumbList\",\"@id\":\"https:\\\/\\\/diariodelsurdigital.com.ar\\\/?p=4271#breadcrumb\",\"itemListElement\":[{\"@type\":\"ListItem\",\"position\":1,\"name\":\"Portada\",\"item\":\"https:\\\/\\\/diariodelsurdigital.com.ar\\\/\"},{\"@type\":\"ListItem\",\"position\":2,\"name\":\"Un joven motociclista impact\u00f3 contra un tren\"}]},{\"@type\":\"WebSite\",\"@id\":\"https:\\\/\\\/diariodelsurdigital.com.ar\\\/#website\",\"url\":\"https:\\\/\\\/diariodelsurdigital.com.ar\\\/\",\"name\":\"Diario del Sur\",\"description\":\"Digital\",\"potentialAction\":[{\"@type\":\"SearchAction\",\"target\":{\"@type\":\"EntryPoint\",\"urlTemplate\":\"https:\\\/\\\/diariodelsurdigital.com.ar\\\/?s={search_term_string}\"},\"query-input\":{\"@type\":\"PropertyValueSpecification\",\"valueRequired\":true,\"valueName\":\"search_term_string\"}}],\"inLanguage\":\"es\"},{\"@type\":\"Person\",\"@id\":\"https:\\\/\\\/diariodelsurdigital.com.ar\\\/#\\\/schema\\\/person\\\/6136a32571657f7dba980b88b04c5465\",\"name\":\"Diario del Sur Digital\",\"image\":{\"@type\":\"ImageObject\",\"inLanguage\":\"es\",\"@id\":\"https:\\\/\\\/secure.gravatar.com\\\/avatar\\\/4c29ceac98541dd42460b2474aaa5dd37594d6ce6cb3cf2c101d09b48ee287ba?s=96&d=mm&r=g\",\"url\":\"https:\\\/\\\/secure.gravatar.com\\\/avatar\\\/4c29ceac98541dd42460b2474aaa5dd37594d6ce6cb3cf2c101d09b48ee287ba?s=96&d=mm&r=g\",\"contentUrl\":\"https:\\\/\\\/secure.gravatar.com\\\/avatar\\\/4c29ceac98541dd42460b2474aaa5dd37594d6ce6cb3cf2c101d09b48ee287ba?s=96&d=mm&r=g\",\"caption\":\"Diario del Sur Digital\"},\"url\":\"https:\\\/\\\/diariodelsurdigital.com.ar\\\/?author=2\"}]}<\/script>\n<!-- \/ Yoast SEO plugin. -->","yoast_head_json":{"title":"Un joven motociclista impact\u00f3 contra un tren - Diario del Sur","robots":{"index":"index","follow":"follow","max-snippet":"max-snippet:-1","max-image-preview":"max-image-preview:large","max-video-preview":"max-video-preview:-1"},"canonical":"https:\/\/diariodelsurdigital.com.ar\/?p=4271","og_locale":"es_ES","og_type":"article","og_title":"Un joven motociclista impact\u00f3 contra un tren - Diario del Sur","og_description":"El accidente ocurri\u00f3 en la noche del pasado s\u00e1bado, en San Salvador; cuando una moto colision\u00f3 con un tren de la empresa Trenes Argentinos. Moto choc\u00f3 contra un tren. El siniestro se produjo en la noche del pasado s\u00e1bado, en avenida Entre R\u00edos de la localidad de San Salvador, cuando una motocicleta impact\u00f3 contra el [&hellip;]","og_url":"https:\/\/diariodelsurdigital.com.ar\/?p=4271","og_site_name":"Diario del Sur","article_published_time":"2025-08-24T17:49:24+00:00","article_modified_time":"2025-08-24T17:49:26+00:00","og_image":[{"width":466,"height":254,"url":"https:\/\/diariodelsurdigital.com.ar\/wp-content\/uploads\/2025\/08\/l_1756054210_85398.png","type":"image\/png"}],"author":"Diario del Sur Digital","twitter_card":"summary_large_image","twitter_misc":{"Escrito por":"Diario del Sur Digital","Tiempo de lectura":"2 minutos"},"schema":{"@context":"https:\/\/schema.org","@graph":[{"@type":"Article","@id":"https:\/\/diariodelsurdigital.com.ar\/?p=4271#article","isPartOf":{"@id":"https:\/\/diariodelsurdigital.com.ar\/?p=4271"},"author":{"name":"Diario del Sur Digital","@id":"https:\/\/diariodelsurdigital.com.ar\/#\/schema\/person\/6136a32571657f7dba980b88b04c5465"},"headline":"Un joven motociclista impact\u00f3 contra un tren","datePublished":"2025-08-24T17:49:24+00:00","dateModified":"2025-08-24T17:49:26+00:00","mainEntityOfPage":{"@id":"https:\/\/diariodelsurdigital.com.ar\/?p=4271"},"wordCount":357,"commentCount":0,"image":{"@id":"https:\/\/diariodelsurdigital.com.ar\/?p=4271#primaryimage"},"thumbnailUrl":"https:\/\/diariodelsurdigital.com.ar\/wp-content\/uploads\/2025\/08\/l_1756054210_85398.png","articleSection":["Uncategorized"],"inLanguage":"es","potentialAction":[{"@type":"CommentAction","name":"Comment","target":["https:\/\/diariodelsurdigital.com.ar\/?p=4271#respond"]}]},{"@type":"WebPage","@id":"https:\/\/diariodelsurdigital.com.ar\/?p=4271","url":"https:\/\/diariodelsurdigital.com.ar\/?p=4271","name":"Un joven motociclista impact\u00f3 contra un tren - Diario del Sur","isPartOf":{"@id":"https:\/\/diariodelsurdigital.com.ar\/#website"},"primaryImageOfPage":{"@id":"https:\/\/diariodelsurdigital.com.ar\/?p=4271#primaryimage"},"image":{"@id":"https:\/\/diariodelsurdigital.com.ar\/?p=4271#primaryimage"},"thumbnailUrl":"https:\/\/diariodelsurdigital.com.ar\/wp-content\/uploads\/2025\/08\/l_1756054210_85398.png","datePublished":"2025-08-24T17:49:24+00:00","dateModified":"2025-08-24T17:49:26+00:00","author":{"@id":"https:\/\/diariodelsurdigital.com.ar\/#\/schema\/person\/6136a32571657f7dba980b88b04c5465"},"breadcrumb":{"@id":"https:\/\/diariodelsurdigital.com.ar\/?p=4271#breadcrumb"},"inLanguage":"es","potentialAction":[{"@type":"ReadAction","target":["https:\/\/diariodelsurdigital.com.ar\/?p=4271"]}]},{"@type":"ImageObject","inLanguage":"es","@id":"https:\/\/diariodelsurdigital.com.ar\/?p=4271#primaryimage","url":"https:\/\/diariodelsurdigital.com.ar\/wp-content\/uploads\/2025\/08\/l_1756054210_85398.png","contentUrl":"https:\/\/diariodelsurdigital.com.ar\/wp-content\/uploads\/2025\/08\/l_1756054210_85398.png","width":466,"height":254},{"@type":"BreadcrumbList","@id":"https:\/\/diariodelsurdigital.com.ar\/?p=4271#breadcrumb","itemListElement":[{"@type":"ListItem","position":1,"name":"Portada","item":"https:\/\/diariodelsurdigital.com.ar\/"},{"@type":"ListItem","position":2,"name":"Un joven motociclista impact\u00f3 contra un tren"}]},{"@type":"WebSite","@id":"https:\/\/diariodelsurdigital.com.ar\/#website","url":"https:\/\/diariodelsurdigital.com.ar\/","name":"Diario del Sur","description":"Digital","potentialAction":[{"@type":"SearchAction","target":{"@type":"EntryPoint","urlTemplate":"https:\/\/diariodelsurdigital.com.ar\/?s={search_term_string}"},"query-input":{"@type":"PropertyValueSpecification","valueRequired":true,"valueName":"search_term_string"}}],"inLanguage":"es"},{"@type":"Person","@id":"https:\/\/diariodelsurdigital.com.ar\/#\/schema\/person\/6136a32571657f7dba980b88b04c5465","name":"Diario del Sur Digital","image":{"@type":"ImageObject","inLanguage":"es","@id":"https:\/\/secure.gravatar.com\/avatar\/4c29ceac98541dd42460b2474aaa5dd37594d6ce6cb3cf2c101d09b48ee287ba?s=96&d=mm&r=g","url":"https:\/\/secure.gravatar.com\/avatar\/4c29ceac98541dd42460b2474aaa5dd37594d6ce6cb3cf2c101d09b48ee287ba?s=96&d=mm&r=g","contentUrl":"https:\/\/secure.gravatar.com\/avatar\/4c29ceac98541dd42460b2474aaa5dd37594d6ce6cb3cf2c101d09b48ee287ba?s=96&d=mm&r=g","caption":"Diario del Sur Digital"},"url":"https:\/\/diariodelsurdigital.com.ar\/?author=2"}]}},"_links":{"self":[{"href":"https:\/\/diariodelsurdigital.com.ar\/index.php?rest_route=\/wp\/v2\/posts\/4271","targetHints":{"allow":["GET"]}}],"collection":[{"href":"https:\/\/diariodelsurdigital.com.ar\/index.php?rest_route=\/wp\/v2\/posts"}],"about":[{"href":"https:\/\/diariodelsurdigital.com.ar\/index.php?rest_route=\/wp\/v2\/types\/post"}],"author":[{"embeddable":true,"href":"https:\/\/diariodelsurdigital.com.ar\/index.php?rest_route=\/wp\/v2\/users\/2"}],"replies":[{"embeddable":true,"href":"https:\/\/diariodelsurdigital.com.ar\/index.php?rest_route=%2Fwp%2Fv2%2Fcomments&post=4271"}],"version-history":[{"count":1,"href":"https:\/\/diariodelsurdigital.com.ar\/index.php?rest_route=\/wp\/v2\/posts\/4271\/revisions"}],"predecessor-version":[{"id":4273,"href":"https:\/\/diariodelsurdigital.com.ar\/index.php?rest_route=\/wp\/v2\/posts\/4271\/revisions\/4273"}],"wp:featuredmedia":[{"embeddable":true,"href":"https:\/\/diariodelsurdigital.com.ar\/index.php?rest_route=\/wp\/v2\/media\/4272"}],"wp:attachment":[{"href":"https:\/\/diariodelsurdigital.com.ar\/index.php?rest_route=%2Fwp%2Fv2%2Fmedia&parent=4271"}],"wp:term":[{"taxonomy":"category","embeddable":true,"href":"https:\/\/diariodelsurdigital.com.ar\/index.php?rest_route=%2Fwp%2Fv2%2Fcategories&post=4271"},{"taxonomy":"post_tag","embeddable":true,"href":"https:\/\/diariodelsurdigital.com.ar\/index.php?rest_route=%2Fwp%2Fv2%2Ftags&post=4271"}],"curies":[{"name":"wp","href":"https:\/\/api.w.org\/{rel}","templated":true}]}}