{"id":4274,"date":"2025-08-24T14:54:01","date_gmt":"2025-08-24T17:54:01","guid":{"rendered":"https:\/\/diariodelsurdigital.com.ar\/?p=4274"},"modified":"2025-08-24T14:54:02","modified_gmt":"2025-08-24T17:54:02","slug":"agmer-en-concordia-concepcion-y-federacion-habra-elecciones","status":"publish","type":"post","link":"https:\/\/diariodelsurdigital.com.ar\/?p=4274","title":{"rendered":"AGMER: En Concordia, Concepci\u00f3n y Federaci\u00f3n habr\u00e1 elecciones"},"content":{"rendered":"\n<p> El 25 de septiembre ser\u00e1n las elecciones de renovaci\u00f3n de autoridades en la Asociaci\u00f3n Gremial del Magisterio de Entre R\u00edos (Agmer). Casi 21 mil docentes \u2013seg\u00fan el padr\u00f3n que oficializ\u00f3 la Junta Electoral- elegir\u00e1n entre dos propuestas para conducir el mayor sindicato del sector a nivel provincial: Abel Antivero, candidato a secretario general por la oficialista Marcha Blanca, se medir\u00e1 con Gimena Garc\u00eda que, como en 2021, se presenta encabezando la Lista Multicolor.<\/p>\n\n\n\n<h5 class=\"wp-block-heading\"><strong>En Col\u00f3n, Gualeguaych\u00fa e Islas no hay competencia<\/strong><\/h5>\n\n\n\n<p>Tambi\u00e9n se renovar\u00e1n las conducciones de las 17 seccionales de Agmer: el dato es que en 10 de ellas no habr\u00e1 competencia por cuanto se presentan listas \u00fanicas. Se trata de las seccionales Diamante, donde la Marcha Blanca tiene asegurada la elecci\u00f3n; Col\u00f3n, donde el actual secretario general Esteban Gamarra (Marcha Blanca) asegura reelecci\u00f3n; Federal, donde vuelve a presentarse la Lista \u00d1andubay como \u00fanica opci\u00f3n.<\/p>\n\n\n\n<p>En Feliciano, con Marcha Blanco, que postula a Mar\u00eda Paula Ovando; en La Paz Ruth Hidalgo ser\u00e1 la nueva secretaria general de la seccional por la Marcha Blanca, ya que la Multicolor s\u00f3lo presentar\u00e1 candidatos a congresales.<\/p>\n\n\n\n<p>Tambi\u00e9n habr\u00e1 lista \u00fanica en Tala (solo se presenta la Marcha Blanca); Gualeguay; Gualeguaych\u00fa; Islas; y San Salvador.<\/p>\n\n\n\n<p>En Gualeguay, Vladimir Firpo tiene asegurada la reelecci\u00f3n como secretario general por la Marcha Blanca, sin oposici\u00f3n. El mismo panorama muestra la seccional San Salvador, donde tambi\u00e9n Rosana Moix tiene asegurada la reelecci\u00f3n como secretaria general. Tambi\u00e9n habr\u00e1 lista \u00fanica en Gualeguaych\u00fa, con la Marcha Blanca, que postula a Malvina Ponce. En Islas la Marcha Blanca asegura la reelecci\u00f3n de la actual secretaria general, Lidia Otero. Y en Tala tambi\u00e9n la Marcha Blanca es \u00fanica opci\u00f3n: postula a Juan Manuel Borrero como candidato a secretario general.<\/p>\n\n\n\n<h5 class=\"wp-block-heading\"><strong>Los dem\u00e1s departamentos<\/strong><\/h5>\n\n\n\n<p><strong>Diamante:<\/strong>&nbsp;Marcha Blanca no tiene competencia para conducir la seccional. Natalia \u00c1lvarez va como candidata a secretaria general. S\u00f3lo hay competencia en la lista de candidatos a congresales, que la Lista Multicolor su propuesta.<\/p>\n\n\n\n<p><strong>Col\u00f3n:<\/strong>&nbsp;Marcha Blanca no tiene competencia y se presenta como \u00fanica lista: el actual secretario general, Esteban Gamarra, va por la reelecci\u00f3n.<\/p>\n\n\n\n<p><strong>Villaguay:<\/strong>&nbsp;Se presentan dos listas que competir\u00e1n por la conducci\u00f3n de la seccional: por un lado la oficialista a nivel provincial Marcha Blanca, que lleva como candidata a secretaria general a Noelia Pavicich; y como adjunta a la actual titular, Mar\u00eda Jos\u00e9 Iglesias.<\/p>\n\n\n\n<p>Tiene como competencia a la Lista Orgullosamente Docentes, que encabeza Luciano Medina como candidato a secretario general.<\/p>\n\n\n\n<p><strong>Uruguay:<\/strong>&nbsp;la competencia directa ser\u00e1 entre la Marcha Blanca, que lleva como candidato a secretario general a Gast\u00f3n Fern\u00e1ndez, de la Lista Compromiso. Para la filial Basavilbaso, la candidata es Micaela Vel\u00e1zquez.<\/p>\n\n\n\n<p>Enfrente, la Lista Multicolor, con la dirigente de la Agrupaci\u00f3n Carlos Fuentealba, Gimena Garc\u00eda, que tambi\u00e9n compite como candidata a secretaria general de Agmer Entre R\u00edos. La agrupaci\u00f3n se denomina Azul Fuentealba en la Multicolor. Tambi\u00e9n presenta lista para la Filial Basavilbaso, encabezada por Facundo Ponce.<\/p>\n\n\n\n<p><strong>Victoria:&nbsp;<\/strong>En la seccional Victoria dos hombres competir\u00e1n por la conducci\u00f3n de la seccional local de Agmer. Por un lado, la Marcha Blanca lleva como candidato a secretario general a Danilo Gainza.<\/p>\n\n\n\n<p>Enfrente, Pedro Miguel Guti\u00e9rrez, por la Lista Voces Docentes Verde y Blanca, que vuelve con pretensiones de dirigir la seccional Victoria que encabez\u00f3 hasta 2017 en representaci\u00f3n de la Lista Blanca.<\/p>\n\n\n\n<p><strong>Concordia:<\/strong>&nbsp;La Marcha Blanca presenta a Mar\u00eda Jos\u00e9 Chapitel, actual adjunta, como candidata a secretaria general. La Lista Multicolor Colectivo de Trabajadores de la Educaci\u00f3n postula como candidata a secretaria general a Ivana Almada.<\/p>\n\n\n\n<p><strong>Federal:<\/strong>\u00a0La Agrupaci\u00f3n \u00d1andubay, que conduce la seccional Federal, es la \u00fanica propuesta electoral para el pr\u00f3ximo 25 de septiembre. La candidata a secretaria general es Mar\u00eda Deolinda Pereyra.<br><strong><br>Paran\u00e1:<\/strong>\u00a0Tres listas disputar\u00e1n la estrat\u00e9gica seccional Paran\u00e1 en las elecciones de la Asociaci\u00f3n Gremial del Magisterio de Entre R\u00edos (Agmer) que se desarrollar\u00e1n el pr\u00f3ximo 25 de septiembre.<\/p>\n\n\n\n<p>Mart\u00edn Tactagi, actual secretario adjunto de Agmer Paran\u00e1, ir\u00e1 como candidato a secretario general por la Rojo y Negro. A Tactagi lo acompa\u00f1an Carolina Acu\u00f1a, como candidata a secretaria adjunta; y Daniel C\u00e1ceres, como candidato a secretario gremial.<\/p>\n\n\n\n<p>Manuel G\u00f3mez, de la Paulo Freire, est\u00e1 al rente de la Lista 10 como candidato a secretario general de Agmer Paran\u00e1 por Unidos por la Educaci\u00f3n, con Ana Salamone, como candidata a adjunta, y Pablo Gonz\u00e1lez como gremial.<\/p>\n\n\n\n<p>Diego Zavala, de Unidad Docente en la Multicolor, candidato a secretario general de Agmer Paran\u00e1 lleva como adjunta a M\u00f3nica Beatriz Aranguiz; y como gremial a Adri\u00e1n Marcelo L\u00f3pez.<\/p>\n\n\n\n<p><strong>Feliciano:&nbsp;<\/strong>La Marcha Blanca se presenta cono lista \u00fanica. Mar\u00eda Paula Ovando es la candidata a secretaria general.<\/p>\n\n\n\n<p><strong>Federaci\u00f3n:<\/strong>&nbsp;Para conducir la seccional se presentan tres listas: la Rojo y Negro lleva como candidata a secretaria general Laura M\u00e1rmol; la Lista Multicolor Tribuna Docente postula a Silvina Reniero como candidata a secretaria general; y la Lista Paulo Freire, que lleva como candidata a secretaria general a Rosario Varela.<\/p>\n\n\n\n<p><strong>Nogoy\u00e1:<\/strong>&nbsp;La Multicolor dar\u00e1 pelea tambi\u00e9n en la seccional Nogoy\u00e1. Se presenta como Voz Docente Multicolor y lleva como candidato a secretario general a Lautaro Aquino. El actual oficialismo de la Marcha Blanca busca la reelecci\u00f3n del actual secretario general, Juan Pablo Harman.<\/p>\n\n\n\n<p><strong>La Paz:<\/strong>&nbsp;En La Paz la Multicolor s\u00f3lo dar\u00e1 pelea en la lista de congresales. Elio Kohan se presenta como candidato a primer vocal. Para la conducci\u00f3n de la seccional s\u00f3lo se presenta la Marcha Blanca, que lleva como candidata a secretaria general a Ruth Hidalgo.<\/p>\n\n\n\n<p><strong>Gualeguay:<\/strong>&nbsp;Marcha Blanca es la \u00fanica opci\u00f3n en la seccional Gualeguay. El actual secretario general Vladimir Firpo busca conseguir la reelecci\u00f3n, que la tiene asegurada al no haber competencia.<\/p>\n\n\n\n<p><strong>San Salvador:<\/strong>&nbsp;En la seccional San Salvador, la actual secretaria general Rosana Moix tiene asegurada la reelecci\u00f3n. No hay competencia.<\/p>\n\n\n\n<p><strong>Gualeguaych\u00fa:<\/strong>&nbsp;Tampoco en Gualeguaych\u00fa hay competencia por lo cual la candidata a secretaria general por la Marcha Blanca Malvina Ponce tiene asegurada su elecci\u00f3n.<\/p>\n\n\n\n<p><strong>Islas:&nbsp;<\/strong>La actual secretaria general de Agmer Islas Lidia Otero, de la Marcha Blanca, tambi\u00e9n asegura su reelecci\u00f3n. Es la \u00fanica lista que se presenta.<\/p>\n\n\n\n<p><strong>Tala:<\/strong>\u00a0La Marcha Blanca es la \u00fanica lista que se presenta. Postula como candidato a secretario general a Juan Manuel Borrero.<\/p>\n\n\n\n<p><strong>Fuente:<\/strong>\u00a0Entre R\u00edos Ahora<\/p>\n","protected":false},"excerpt":{"rendered":"<p>El 25 de septiembre ser\u00e1n las elecciones de renovaci\u00f3n de autoridades en la Asociaci\u00f3n Gremial del Magisterio de Entre R\u00edos (Agmer). Casi 21 mil docentes \u2013seg\u00fan el padr\u00f3n que oficializ\u00f3 la Junta Electoral- elegir\u00e1n entre dos propuestas para conducir el mayor sindicato del sector a nivel provincial: Abel Antivero, candidato a secretario general por la [&hellip;]<\/p>\n","protected":false},"author":2,"featured_media":4275,"comment_status":"open","ping_status":"open","sticky":false,"template":"","format":"standard","meta":{"footnotes":""},"categories":[17],"tags":[],"class_list":{"0":"post-4274","1":"post","2":"type-post","3":"status-publish","4":"format-standard","5":"has-post-thumbnail","7":"category-provinciales"},"yoast_head":"<!-- This site is optimized with the Yoast SEO plugin v27.4 - https:\/\/yoast.com\/product\/yoast-seo-wordpress\/ -->\n<title>AGMER: En Concordia, Concepci\u00f3n y Federaci\u00f3n habr\u00e1 elecciones - Diario del Sur<\/title>\n<meta name=\"robots\" content=\"index, follow, max-snippet:-1, max-image-preview:large, max-video-preview:-1\" \/>\n<link rel=\"canonical\" href=\"https:\/\/diariodelsurdigital.com.ar\/?p=4274\" \/>\n<meta property=\"og:locale\" content=\"es_ES\" \/>\n<meta property=\"og:type\" content=\"article\" \/>\n<meta property=\"og:title\" content=\"AGMER: En Concordia, Concepci\u00f3n y Federaci\u00f3n habr\u00e1 elecciones - Diario del Sur\" \/>\n<meta property=\"og:description\" content=\"El 25 de septiembre ser\u00e1n las elecciones de renovaci\u00f3n de autoridades en la Asociaci\u00f3n Gremial del Magisterio de Entre R\u00edos (Agmer). Casi 21 mil docentes \u2013seg\u00fan el padr\u00f3n que oficializ\u00f3 la Junta Electoral- elegir\u00e1n entre dos propuestas para conducir el mayor sindicato del sector a nivel provincial: Abel Antivero, candidato a secretario general por la [&hellip;]\" \/>\n<meta property=\"og:url\" content=\"https:\/\/diariodelsurdigital.com.ar\/?p=4274\" \/>\n<meta property=\"og:site_name\" content=\"Diario del Sur\" \/>\n<meta property=\"article:published_time\" content=\"2025-08-24T17:54:01+00:00\" \/>\n<meta property=\"article:modified_time\" content=\"2025-08-24T17:54:02+00:00\" \/>\n<meta property=\"og:image\" content=\"https:\/\/diariodelsurdigital.com.ar\/wp-content\/uploads\/2025\/08\/l_1749466624.jpg\" \/>\n\t<meta property=\"og:image:width\" content=\"403\" \/>\n\t<meta property=\"og:image:height\" content=\"248\" \/>\n\t<meta property=\"og:image:type\" content=\"image\/jpeg\" \/>\n<meta name=\"author\" content=\"Diario del Sur Digital\" \/>\n<meta name=\"twitter:card\" content=\"summary_large_image\" \/>\n<meta name=\"twitter:label1\" content=\"Escrito por\" \/>\n\t<meta name=\"twitter:data1\" content=\"Diario del Sur Digital\" \/>\n\t<meta name=\"twitter:label2\" content=\"Tiempo de lectura\" \/>\n\t<meta name=\"twitter:data2\" content=\"5 minutos\" \/>\n<script type=\"application\/ld+json\" class=\"yoast-schema-graph\">{\"@context\":\"https:\\\/\\\/schema.org\",\"@graph\":[{\"@type\":\"Article\",\"@id\":\"https:\\\/\\\/diariodelsurdigital.com.ar\\\/?p=4274#article\",\"isPartOf\":{\"@id\":\"https:\\\/\\\/diariodelsurdigital.com.ar\\\/?p=4274\"},\"author\":{\"name\":\"Diario del Sur Digital\",\"@id\":\"https:\\\/\\\/diariodelsurdigital.com.ar\\\/#\\\/schema\\\/person\\\/6136a32571657f7dba980b88b04c5465\"},\"headline\":\"AGMER: En Concordia, Concepci\u00f3n y Federaci\u00f3n habr\u00e1 elecciones\",\"datePublished\":\"2025-08-24T17:54:01+00:00\",\"dateModified\":\"2025-08-24T17:54:02+00:00\",\"mainEntityOfPage\":{\"@id\":\"https:\\\/\\\/diariodelsurdigital.com.ar\\\/?p=4274\"},\"wordCount\":1121,\"commentCount\":0,\"image\":{\"@id\":\"https:\\\/\\\/diariodelsurdigital.com.ar\\\/?p=4274#primaryimage\"},\"thumbnailUrl\":\"https:\\\/\\\/diariodelsurdigital.com.ar\\\/wp-content\\\/uploads\\\/2025\\\/08\\\/l_1749466624.jpg\",\"articleSection\":[\"Provinciales\"],\"inLanguage\":\"es\",\"potentialAction\":[{\"@type\":\"CommentAction\",\"name\":\"Comment\",\"target\":[\"https:\\\/\\\/diariodelsurdigital.com.ar\\\/?p=4274#respond\"]}]},{\"@type\":\"WebPage\",\"@id\":\"https:\\\/\\\/diariodelsurdigital.com.ar\\\/?p=4274\",\"url\":\"https:\\\/\\\/diariodelsurdigital.com.ar\\\/?p=4274\",\"name\":\"AGMER: En Concordia, Concepci\u00f3n y Federaci\u00f3n habr\u00e1 elecciones - Diario del Sur\",\"isPartOf\":{\"@id\":\"https:\\\/\\\/diariodelsurdigital.com.ar\\\/#website\"},\"primaryImageOfPage\":{\"@id\":\"https:\\\/\\\/diariodelsurdigital.com.ar\\\/?p=4274#primaryimage\"},\"image\":{\"@id\":\"https:\\\/\\\/diariodelsurdigital.com.ar\\\/?p=4274#primaryimage\"},\"thumbnailUrl\":\"https:\\\/\\\/diariodelsurdigital.com.ar\\\/wp-content\\\/uploads\\\/2025\\\/08\\\/l_1749466624.jpg\",\"datePublished\":\"2025-08-24T17:54:01+00:00\",\"dateModified\":\"2025-08-24T17:54:02+00:00\",\"author\":{\"@id\":\"https:\\\/\\\/diariodelsurdigital.com.ar\\\/#\\\/schema\\\/person\\\/6136a32571657f7dba980b88b04c5465\"},\"breadcrumb\":{\"@id\":\"https:\\\/\\\/diariodelsurdigital.com.ar\\\/?p=4274#breadcrumb\"},\"inLanguage\":\"es\",\"potentialAction\":[{\"@type\":\"ReadAction\",\"target\":[\"https:\\\/\\\/diariodelsurdigital.com.ar\\\/?p=4274\"]}]},{\"@type\":\"ImageObject\",\"inLanguage\":\"es\",\"@id\":\"https:\\\/\\\/diariodelsurdigital.com.ar\\\/?p=4274#primaryimage\",\"url\":\"https:\\\/\\\/diariodelsurdigital.com.ar\\\/wp-content\\\/uploads\\\/2025\\\/08\\\/l_1749466624.jpg\",\"contentUrl\":\"https:\\\/\\\/diariodelsurdigital.com.ar\\\/wp-content\\\/uploads\\\/2025\\\/08\\\/l_1749466624.jpg\",\"width\":403,\"height\":248},{\"@type\":\"BreadcrumbList\",\"@id\":\"https:\\\/\\\/diariodelsurdigital.com.ar\\\/?p=4274#breadcrumb\",\"itemListElement\":[{\"@type\":\"ListItem\",\"position\":1,\"name\":\"Portada\",\"item\":\"https:\\\/\\\/diariodelsurdigital.com.ar\\\/\"},{\"@type\":\"ListItem\",\"position\":2,\"name\":\"AGMER: En Concordia, Concepci\u00f3n y Federaci\u00f3n habr\u00e1 elecciones\"}]},{\"@type\":\"WebSite\",\"@id\":\"https:\\\/\\\/diariodelsurdigital.com.ar\\\/#website\",\"url\":\"https:\\\/\\\/diariodelsurdigital.com.ar\\\/\",\"name\":\"Diario del Sur\",\"description\":\"Digital\",\"potentialAction\":[{\"@type\":\"SearchAction\",\"target\":{\"@type\":\"EntryPoint\",\"urlTemplate\":\"https:\\\/\\\/diariodelsurdigital.com.ar\\\/?s={search_term_string}\"},\"query-input\":{\"@type\":\"PropertyValueSpecification\",\"valueRequired\":true,\"valueName\":\"search_term_string\"}}],\"inLanguage\":\"es\"},{\"@type\":\"Person\",\"@id\":\"https:\\\/\\\/diariodelsurdigital.com.ar\\\/#\\\/schema\\\/person\\\/6136a32571657f7dba980b88b04c5465\",\"name\":\"Diario del Sur Digital\",\"image\":{\"@type\":\"ImageObject\",\"inLanguage\":\"es\",\"@id\":\"https:\\\/\\\/secure.gravatar.com\\\/avatar\\\/4c29ceac98541dd42460b2474aaa5dd37594d6ce6cb3cf2c101d09b48ee287ba?s=96&d=mm&r=g\",\"url\":\"https:\\\/\\\/secure.gravatar.com\\\/avatar\\\/4c29ceac98541dd42460b2474aaa5dd37594d6ce6cb3cf2c101d09b48ee287ba?s=96&d=mm&r=g\",\"contentUrl\":\"https:\\\/\\\/secure.gravatar.com\\\/avatar\\\/4c29ceac98541dd42460b2474aaa5dd37594d6ce6cb3cf2c101d09b48ee287ba?s=96&d=mm&r=g\",\"caption\":\"Diario del Sur Digital\"},\"url\":\"https:\\\/\\\/diariodelsurdigital.com.ar\\\/?author=2\"}]}<\/script>\n<!-- \/ Yoast SEO plugin. -->","yoast_head_json":{"title":"AGMER: En Concordia, Concepci\u00f3n y Federaci\u00f3n habr\u00e1 elecciones - Diario del Sur","robots":{"index":"index","follow":"follow","max-snippet":"max-snippet:-1","max-image-preview":"max-image-preview:large","max-video-preview":"max-video-preview:-1"},"canonical":"https:\/\/diariodelsurdigital.com.ar\/?p=4274","og_locale":"es_ES","og_type":"article","og_title":"AGMER: En Concordia, Concepci\u00f3n y Federaci\u00f3n habr\u00e1 elecciones - Diario del Sur","og_description":"El 25 de septiembre ser\u00e1n las elecciones de renovaci\u00f3n de autoridades en la Asociaci\u00f3n Gremial del Magisterio de Entre R\u00edos (Agmer). Casi 21 mil docentes \u2013seg\u00fan el padr\u00f3n que oficializ\u00f3 la Junta Electoral- elegir\u00e1n entre dos propuestas para conducir el mayor sindicato del sector a nivel provincial: Abel Antivero, candidato a secretario general por la [&hellip;]","og_url":"https:\/\/diariodelsurdigital.com.ar\/?p=4274","og_site_name":"Diario del Sur","article_published_time":"2025-08-24T17:54:01+00:00","article_modified_time":"2025-08-24T17:54:02+00:00","og_image":[{"width":403,"height":248,"url":"https:\/\/diariodelsurdigital.com.ar\/wp-content\/uploads\/2025\/08\/l_1749466624.jpg","type":"image\/jpeg"}],"author":"Diario del Sur Digital","twitter_card":"summary_large_image","twitter_misc":{"Escrito por":"Diario del Sur Digital","Tiempo de lectura":"5 minutos"},"schema":{"@context":"https:\/\/schema.org","@graph":[{"@type":"Article","@id":"https:\/\/diariodelsurdigital.com.ar\/?p=4274#article","isPartOf":{"@id":"https:\/\/diariodelsurdigital.com.ar\/?p=4274"},"author":{"name":"Diario del Sur Digital","@id":"https:\/\/diariodelsurdigital.com.ar\/#\/schema\/person\/6136a32571657f7dba980b88b04c5465"},"headline":"AGMER: En Concordia, Concepci\u00f3n y Federaci\u00f3n habr\u00e1 elecciones","datePublished":"2025-08-24T17:54:01+00:00","dateModified":"2025-08-24T17:54:02+00:00","mainEntityOfPage":{"@id":"https:\/\/diariodelsurdigital.com.ar\/?p=4274"},"wordCount":1121,"commentCount":0,"image":{"@id":"https:\/\/diariodelsurdigital.com.ar\/?p=4274#primaryimage"},"thumbnailUrl":"https:\/\/diariodelsurdigital.com.ar\/wp-content\/uploads\/2025\/08\/l_1749466624.jpg","articleSection":["Provinciales"],"inLanguage":"es","potentialAction":[{"@type":"CommentAction","name":"Comment","target":["https:\/\/diariodelsurdigital.com.ar\/?p=4274#respond"]}]},{"@type":"WebPage","@id":"https:\/\/diariodelsurdigital.com.ar\/?p=4274","url":"https:\/\/diariodelsurdigital.com.ar\/?p=4274","name":"AGMER: En Concordia, Concepci\u00f3n y Federaci\u00f3n habr\u00e1 elecciones - Diario del Sur","isPartOf":{"@id":"https:\/\/diariodelsurdigital.com.ar\/#website"},"primaryImageOfPage":{"@id":"https:\/\/diariodelsurdigital.com.ar\/?p=4274#primaryimage"},"image":{"@id":"https:\/\/diariodelsurdigital.com.ar\/?p=4274#primaryimage"},"thumbnailUrl":"https:\/\/diariodelsurdigital.com.ar\/wp-content\/uploads\/2025\/08\/l_1749466624.jpg","datePublished":"2025-08-24T17:54:01+00:00","dateModified":"2025-08-24T17:54:02+00:00","author":{"@id":"https:\/\/diariodelsurdigital.com.ar\/#\/schema\/person\/6136a32571657f7dba980b88b04c5465"},"breadcrumb":{"@id":"https:\/\/diariodelsurdigital.com.ar\/?p=4274#breadcrumb"},"inLanguage":"es","potentialAction":[{"@type":"ReadAction","target":["https:\/\/diariodelsurdigital.com.ar\/?p=4274"]}]},{"@type":"ImageObject","inLanguage":"es","@id":"https:\/\/diariodelsurdigital.com.ar\/?p=4274#primaryimage","url":"https:\/\/diariodelsurdigital.com.ar\/wp-content\/uploads\/2025\/08\/l_1749466624.jpg","contentUrl":"https:\/\/diariodelsurdigital.com.ar\/wp-content\/uploads\/2025\/08\/l_1749466624.jpg","width":403,"height":248},{"@type":"BreadcrumbList","@id":"https:\/\/diariodelsurdigital.com.ar\/?p=4274#breadcrumb","itemListElement":[{"@type":"ListItem","position":1,"name":"Portada","item":"https:\/\/diariodelsurdigital.com.ar\/"},{"@type":"ListItem","position":2,"name":"AGMER: En Concordia, Concepci\u00f3n y Federaci\u00f3n habr\u00e1 elecciones"}]},{"@type":"WebSite","@id":"https:\/\/diariodelsurdigital.com.ar\/#website","url":"https:\/\/diariodelsurdigital.com.ar\/","name":"Diario del Sur","description":"Digital","potentialAction":[{"@type":"SearchAction","target":{"@type":"EntryPoint","urlTemplate":"https:\/\/diariodelsurdigital.com.ar\/?s={search_term_string}"},"query-input":{"@type":"PropertyValueSpecification","valueRequired":true,"valueName":"search_term_string"}}],"inLanguage":"es"},{"@type":"Person","@id":"https:\/\/diariodelsurdigital.com.ar\/#\/schema\/person\/6136a32571657f7dba980b88b04c5465","name":"Diario del Sur Digital","image":{"@type":"ImageObject","inLanguage":"es","@id":"https:\/\/secure.gravatar.com\/avatar\/4c29ceac98541dd42460b2474aaa5dd37594d6ce6cb3cf2c101d09b48ee287ba?s=96&d=mm&r=g","url":"https:\/\/secure.gravatar.com\/avatar\/4c29ceac98541dd42460b2474aaa5dd37594d6ce6cb3cf2c101d09b48ee287ba?s=96&d=mm&r=g","contentUrl":"https:\/\/secure.gravatar.com\/avatar\/4c29ceac98541dd42460b2474aaa5dd37594d6ce6cb3cf2c101d09b48ee287ba?s=96&d=mm&r=g","caption":"Diario del Sur Digital"},"url":"https:\/\/diariodelsurdigital.com.ar\/?author=2"}]}},"_links":{"self":[{"href":"https:\/\/diariodelsurdigital.com.ar\/index.php?rest_route=\/wp\/v2\/posts\/4274","targetHints":{"allow":["GET"]}}],"collection":[{"href":"https:\/\/diariodelsurdigital.com.ar\/index.php?rest_route=\/wp\/v2\/posts"}],"about":[{"href":"https:\/\/diariodelsurdigital.com.ar\/index.php?rest_route=\/wp\/v2\/types\/post"}],"author":[{"embeddable":true,"href":"https:\/\/diariodelsurdigital.com.ar\/index.php?rest_route=\/wp\/v2\/users\/2"}],"replies":[{"embeddable":true,"href":"https:\/\/diariodelsurdigital.com.ar\/index.php?rest_route=%2Fwp%2Fv2%2Fcomments&post=4274"}],"version-history":[{"count":1,"href":"https:\/\/diariodelsurdigital.com.ar\/index.php?rest_route=\/wp\/v2\/posts\/4274\/revisions"}],"predecessor-version":[{"id":4276,"href":"https:\/\/diariodelsurdigital.com.ar\/index.php?rest_route=\/wp\/v2\/posts\/4274\/revisions\/4276"}],"wp:featuredmedia":[{"embeddable":true,"href":"https:\/\/diariodelsurdigital.com.ar\/index.php?rest_route=\/wp\/v2\/media\/4275"}],"wp:attachment":[{"href":"https:\/\/diariodelsurdigital.com.ar\/index.php?rest_route=%2Fwp%2Fv2%2Fmedia&parent=4274"}],"wp:term":[{"taxonomy":"category","embeddable":true,"href":"https:\/\/diariodelsurdigital.com.ar\/index.php?rest_route=%2Fwp%2Fv2%2Fcategories&post=4274"},{"taxonomy":"post_tag","embeddable":true,"href":"https:\/\/diariodelsurdigital.com.ar\/index.php?rest_route=%2Fwp%2Fv2%2Ftags&post=4274"}],"curies":[{"name":"wp","href":"https:\/\/api.w.org\/{rel}","templated":true}]}}