{"id":4277,"date":"2025-08-24T14:59:49","date_gmt":"2025-08-24T17:59:49","guid":{"rendered":"https:\/\/diariodelsurdigital.com.ar\/?p=4277"},"modified":"2025-08-24T14:59:49","modified_gmt":"2025-08-24T17:59:49","slug":"spagnuolo-y-su-gestion-del-descontrol-a-las-irregularidades-en-los-gastos","status":"publish","type":"post","link":"https:\/\/diariodelsurdigital.com.ar\/?p=4277","title":{"rendered":"Spagnuolo y su gesti\u00f3n: del descontrol a las irregularidades en los gastos"},"content":{"rendered":"\n<h1 class=\"wp-block-heading\"><\/h1>\n\n\n\n<p><a href=\"https:\/\/www.facebook.com\/sharer\/sharer.php?u=https:\/\/www.analisisdigital.com.ar\/nacionales\/2025\/08\/24\/spagnuolo-y-la-gestion-de-la-andis-del-descontrol-las-irregularidades-en-los&amp;title=Spagnuolo%20y%20la%20gesti%C3%B3n%20de%20la%20Andis:%20del%20descontrol%20a%20las%20irregularidades%20en%20los%20gastos\" target=\"_blank\" rel=\"noreferrer noopener\"><\/a><a href=\"https:\/\/twitter.com\/intent\/tweet?text=Spagnuolo%20y%20la%20gesti%C3%B3n%20de%20la%20Andis:%20del%20descontrol%20a%20las%20irregularidades%20en%20los%20gastos+https:\/\/www.analisisdigital.com.ar\/nacionales\/2025\/08\/24\/spagnuolo-y-la-gestion-de-la-andis-del-descontrol-las-irregularidades-en-los\" target=\"_blank\" rel=\"noreferrer noopener\"><\/a><a href=\"https:\/\/wa.me\/?text=https:\/\/www.analisisdigital.com.ar\/nacionales\/2025\/08\/24\/spagnuolo-y-la-gestion-de-la-andis-del-descontrol-las-irregularidades-en-los\" target=\"_blank\" rel=\"noreferrer noopener\"><\/a><a href=\"https:\/\/www.linkedin.com\/sharing\/share-offsite\/?url=https:\/\/www.analisisdigital.com.ar\/nacionales\/2025\/08\/24\/spagnuolo-y-la-gestion-de-la-andis-del-descontrol-las-irregularidades-en-los\" target=\"_blank\" rel=\"noreferrer noopener\"><\/a><a href=\"mailto:?subject=Spagnuolo%20y%20la%20gesti%C3%B3n%20de%20la%20Andis:%20del%20descontrol%20a%20las%20irregularidades%20en%20los%20gastos&amp;body=https:\/\/www.analisisdigital.com.ar\/nacionales\/2025\/08\/24\/spagnuolo-y-la-gestion-de-la-andis-del-descontrol-las-irregularidades-en-los\" target=\"_blank\" rel=\"noreferrer noopener\"><\/a><a href=\"https:\/\/www.analisisdigital.com.ar\/nacionales\/2025\/08\/24\/spagnuolo-y-la-gestion-de-la-andis-del-descontrol-las-irregularidades-en-los#\"><\/a><a href=\"javascript:window.print()\"><\/a>Un pr\u00e9stamo del BID, por US$ 265 millones, fue destinado para financiar el pago de servicios que la agencia podr\u00eda haber realizado por propia cuenta. El rol de la empresa israel\u00ed Negitech y la curiosa tercerizaci\u00f3n a trav\u00e9s de una consultora que factur\u00f3 172 millones de pesos. Los viajes a Tel Aviv. Son solo algunos de los manejos de Diego Spagnuolo cuando estuvo al frente de la Agencia Nacional de Discapacidad (Andis).<\/p>\n\n\n\n<p>Los audios filtrados del ahora extitular de la Agencia Nacional de Discapacidad, desataron la peor crisis del gobierno de Javier Milei a veinte meses de haber iniciado la Presidencia. Sucede cuando restan semanas para las elecciones bonaerenses y escasos d\u00edas para el comienzo formal de la campa\u00f1a nacional para la elecci\u00f3n legislativa del 26 de octubre.<\/p>\n\n\n\n<p>M\u00e1s all\u00e1 de los avances que pueda realizar la Justicia en materia de investigaci\u00f3n sobre presuntos sobreprecios en la compra de medicamentos a la Droguer\u00eda Suizo Argentino, la Andis que condujo Spagnuolo hasta el jueves pasado, ten\u00eda una serie de gastos y manejos de recursos, que generaban dudas internas en el funcionamiento de un organismo sensible, dado el universo que atiende.<\/p>\n\n\n\n<figure class=\"wp-block-image\"><img decoding=\"async\" src=\"https:\/\/www.analisisdigital.com.ar\/sites\/default\/files\/imagenes\/inline-images\/Andis%20facturaciones.jpg\" alt=\"\"\/><figcaption class=\"wp-element-caption\"><strong>Acta constitutiva de la empresa BE4 Advisors SRL y factura emitida por servicios prestados a la Andis.<\/strong><\/figcaption><\/figure>\n\n\n\n<p>Seg\u00fan pudo reconstruir&nbsp;<em>el portal Perfil,<\/em>&nbsp;Spagnuolo decidi\u00f3 ejecutar fondos de un empr\u00e9stito obtenido por la Agencia durante el gobierno de Alberto Fern\u00e1ndez, para la capacitaci\u00f3n de los trabajadores de la Andis. Se trata de un pr\u00e9stamo gestionado y obtenido a trav\u00e9s del Banco Interamericano de Desarrollo (BID) 5746\/OC-AR, fechado el 5 de junio de 2023. El monto total del pr\u00e9stamo es por US$ 265 millones.<\/p>\n\n\n\n<p>La contradicci\u00f3n surge porque la Andis de Spagnuolo contrat\u00f3 un servicio a una consultora externa, para realizar funciones que son \u201cintr\u00ednsecas\u201d al organismo que de hecho tiene un \u00e1rea de accesibilidad. La Andis brinda asesoramiento tanto para instituciones p\u00fablicas como privadas. Y asesora establecimientos tur\u00edsticos, gastron\u00f3micos (y de otros tipos) y dependencias p\u00fablicas para obras de accesibilidad y abordaje de la tem\u00e1tica.<\/p>\n\n\n\n<p>Seg\u00fan el convenio al que accedi\u00f3 en exclusiva este diario, se trata de \u201ccapacitaci\u00f3n presencial de 500 (quinientas) personas en materia de accesibilidad en la Provincia de San Luis\u201d, y la \u201ccapacitaci\u00f3n presencial de todo el personal de la Agencia, incluyendo a los responsables jer\u00e1rquicos, en la Ciudad Aut\u00f3noma de Buenos Aires\u201d. Hay otro convenio por servicios en la provincia de Tucum\u00e1n para 400 personas.<\/p>\n\n\n\n<p>Hay datos adicionales que tornan a\u00fan m\u00e1s llamativa la contrataci\u00f3n. Las capacitaciones las brind\u00f3 la empresa Negitech, cuyo titular es el ciudadano argentino-israel\u00ed Eric Necht, un hombre que qued\u00f3 en silla de ruedas a partir de un accidente automovil\u00edstico cuando ten\u00eda 27 a\u00f1os. Seg\u00fan pudo reconstruir este medio, las capacitaciones habr\u00edan sido \u201cvivencias personales\u201d contadas por Necht a partir de c\u00f3mo desarrolla su vida en Israel.<\/p>\n\n\n\n<p>Necht, aprovech\u00f3 su paso por el pa\u00eds y brind\u00f3 entrevistas con medios como Neura, con la periodista Mariana Brey, o en radio Rivadavia, en di\u00e1logo con la conductora Cristina P\u00e9rez.<\/p>\n\n\n\n<p>Seg\u00fan surge de la informaci\u00f3n recabada, las contrataciones se realizaron sin licitaci\u00f3n. La Andis emiti\u00f3 un informe el pasado 14 de enero de este a\u00f1o en que se habla de \u201ccontrataci\u00f3n directa de la firma consultora Negitech\u201d, descartando de esa manera cualquier proceso licitatorio.<\/p>\n\n\n\n<p>Un dato adicional: Spagnuolo estuvo en Israel entre 26 de febrero del 2025 y el 7 de marzo de 2025. Viaj\u00f3 solo. Seg\u00fan cont\u00f3 Spagnuolo en una entrevista, fue a estudiar sistemas de accesibilidad al pa\u00eds de Medio Oriente, public\u00f3&nbsp;<em>el portal de Perfil.<\/em><\/p>\n\n\n\n<p>La contrataci\u00f3n de Negitech suma aspectos adicionales. Al tratarse de una empresa israel\u00ed, necesit\u00f3 un socio local para poder realizar la facturaci\u00f3n de los servicios. La pata local es BE4 Advisors SRL, cuyos socios son el consultor Sergio Berensztein, y su hermana Esperanza Beatriz Berensztein. La empresa de los hermanos Berensztein fueron de hecho, los encargados de emitir las facturas tanto por $117.360.000, como por $ 55.000.000,00.<\/p>\n\n\n\n<p><em>El portal Perfil<\/em>&nbsp;se contact\u00f3 con Berensztein y con sus allegados. Fuentes de la consultora ratificaron el v\u00ednculo con la empresa Negitech y el convenio firmado con la Andis. Al mismo tiempo explicaron que adem\u00e1s de brindar servicios de consultor\u00eda pol\u00edtica, tienen un \u00e1rea de \u201caccesibilidad\u201d. Su existencia se puede comprobar en el sitio web de la empresa.<\/p>\n\n\n\n<p>\u201cProveemos un servicio de consultor\u00eda especializada en el diagn\u00f3stico y la gesti\u00f3n de soluciones integrales en materia de accesibilidad\u201d, explica el portal digital de la consultora.<\/p>\n\n\n\n<p>Otros \u00edtems tambi\u00e9n levantaron pol\u00e9mica con el manejo de los recursos en la Andis de Spagnuolo. A mediados de a\u00f1o una comitiva de funcionarios viaj\u00f3 a Israel para capacitarse. Entre ellos hab\u00eda legisladores libertarios como Luc\u00eda Montenegro, de la Ciudad. Tambi\u00e9n la actual diputada Mar\u00eda Emilia Orozco, quien es candidata a senadora nacional por Salta para las elecciones de octubre.<\/p>\n\n\n\n<p>Entre los funcionarios viajeros se encontraba Romina Giselle N\u00fa\u00f1ez, quien ten\u00eda a cargo la Subdirecci\u00f3n Ejecutiva de la Andis. N\u00fa\u00f1ez fue desplazada tambi\u00e9n luego del esc\u00e1ndalo de los audios. Su desplazamiento se confirm\u00f3 con el Decreto 601\/2025 del 21 de agosto, cuyo objetivo principal era decretar la intervenci\u00f3n del organismo. La comitiva que viaj\u00f3 a Israel tuvo un paso por Dub\u00e1i y hasta hubo una foto conjunta que se replic\u00f3 en redes y gener\u00f3 revuelo. En junio del a\u00f1o pasado,&nbsp;<em>el portal Perfil<\/em>&nbsp;public\u00f3 que la exabogada de Milei, Bibiana Bianco tambi\u00e9n cumpl\u00eda funciones en la Andis con un sueldo neto de $ 2.606.525,26; sin antecedente alguno en la materia.<\/p>\n\n\n\n<p>Fuente: An\u00e1lisis Digital<\/p>\n","protected":false},"excerpt":{"rendered":"<p>Un pr\u00e9stamo del BID, por US$ 265 millones, fue destinado para financiar el pago de servicios que la agencia podr\u00eda haber realizado por propia cuenta. El rol de la empresa israel\u00ed Negitech y la curiosa tercerizaci\u00f3n a trav\u00e9s de una consultora que factur\u00f3 172 millones de pesos. Los viajes a Tel Aviv. Son solo algunos [&hellip;]<\/p>\n","protected":false},"author":2,"featured_media":4278,"comment_status":"open","ping_status":"open","sticky":false,"template":"","format":"standard","meta":{"footnotes":""},"categories":[18],"tags":[],"class_list":{"0":"post-4277","1":"post","2":"type-post","3":"status-publish","4":"format-standard","5":"has-post-thumbnail","7":"category-nacionales"},"yoast_head":"<!-- This site is optimized with the Yoast SEO plugin v27.4 - https:\/\/yoast.com\/product\/yoast-seo-wordpress\/ -->\n<title>Spagnuolo y su gesti\u00f3n: del descontrol a las irregularidades en los gastos - Diario del Sur<\/title>\n<meta name=\"robots\" content=\"index, follow, max-snippet:-1, max-image-preview:large, max-video-preview:-1\" \/>\n<link rel=\"canonical\" href=\"https:\/\/diariodelsurdigital.com.ar\/?p=4277\" \/>\n<meta property=\"og:locale\" content=\"es_ES\" \/>\n<meta property=\"og:type\" content=\"article\" \/>\n<meta property=\"og:title\" content=\"Spagnuolo y su gesti\u00f3n: del descontrol a las irregularidades en los gastos - Diario del Sur\" \/>\n<meta property=\"og:description\" content=\"Un pr\u00e9stamo del BID, por US$ 265 millones, fue destinado para financiar el pago de servicios que la agencia podr\u00eda haber realizado por propia cuenta. El rol de la empresa israel\u00ed Negitech y la curiosa tercerizaci\u00f3n a trav\u00e9s de una consultora que factur\u00f3 172 millones de pesos. Los viajes a Tel Aviv. Son solo algunos [&hellip;]\" \/>\n<meta property=\"og:url\" content=\"https:\/\/diariodelsurdigital.com.ar\/?p=4277\" \/>\n<meta property=\"og:site_name\" content=\"Diario del Sur\" \/>\n<meta property=\"article:published_time\" content=\"2025-08-24T17:59:49+00:00\" \/>\n<meta property=\"og:image\" content=\"https:\/\/diariodelsurdigital.com.ar\/wp-content\/uploads\/2025\/08\/Spagnoulo-y-gabinete.png\" \/>\n\t<meta property=\"og:image:width\" content=\"450\" \/>\n\t<meta property=\"og:image:height\" content=\"253\" \/>\n\t<meta property=\"og:image:type\" content=\"image\/png\" \/>\n<meta name=\"author\" content=\"Diario del Sur Digital\" \/>\n<meta name=\"twitter:card\" content=\"summary_large_image\" \/>\n<meta name=\"twitter:label1\" content=\"Escrito por\" \/>\n\t<meta name=\"twitter:data1\" content=\"Diario del Sur Digital\" \/>\n\t<meta name=\"twitter:label2\" content=\"Tiempo de lectura\" \/>\n\t<meta name=\"twitter:data2\" content=\"5 minutos\" \/>\n<script type=\"application\/ld+json\" class=\"yoast-schema-graph\">{\"@context\":\"https:\\\/\\\/schema.org\",\"@graph\":[{\"@type\":\"Article\",\"@id\":\"https:\\\/\\\/diariodelsurdigital.com.ar\\\/?p=4277#article\",\"isPartOf\":{\"@id\":\"https:\\\/\\\/diariodelsurdigital.com.ar\\\/?p=4277\"},\"author\":{\"name\":\"Diario del Sur Digital\",\"@id\":\"https:\\\/\\\/diariodelsurdigital.com.ar\\\/#\\\/schema\\\/person\\\/6136a32571657f7dba980b88b04c5465\"},\"headline\":\"Spagnuolo y su gesti\u00f3n: del descontrol a las irregularidades en los gastos\",\"datePublished\":\"2025-08-24T17:59:49+00:00\",\"mainEntityOfPage\":{\"@id\":\"https:\\\/\\\/diariodelsurdigital.com.ar\\\/?p=4277\"},\"wordCount\":983,\"commentCount\":0,\"image\":{\"@id\":\"https:\\\/\\\/diariodelsurdigital.com.ar\\\/?p=4277#primaryimage\"},\"thumbnailUrl\":\"https:\\\/\\\/diariodelsurdigital.com.ar\\\/wp-content\\\/uploads\\\/2025\\\/08\\\/Spagnoulo-y-gabinete.png\",\"articleSection\":[\"Nacionales\"],\"inLanguage\":\"es\",\"potentialAction\":[{\"@type\":\"CommentAction\",\"name\":\"Comment\",\"target\":[\"https:\\\/\\\/diariodelsurdigital.com.ar\\\/?p=4277#respond\"]}]},{\"@type\":\"WebPage\",\"@id\":\"https:\\\/\\\/diariodelsurdigital.com.ar\\\/?p=4277\",\"url\":\"https:\\\/\\\/diariodelsurdigital.com.ar\\\/?p=4277\",\"name\":\"Spagnuolo y su gesti\u00f3n: del descontrol a las irregularidades en los gastos - Diario del Sur\",\"isPartOf\":{\"@id\":\"https:\\\/\\\/diariodelsurdigital.com.ar\\\/#website\"},\"primaryImageOfPage\":{\"@id\":\"https:\\\/\\\/diariodelsurdigital.com.ar\\\/?p=4277#primaryimage\"},\"image\":{\"@id\":\"https:\\\/\\\/diariodelsurdigital.com.ar\\\/?p=4277#primaryimage\"},\"thumbnailUrl\":\"https:\\\/\\\/diariodelsurdigital.com.ar\\\/wp-content\\\/uploads\\\/2025\\\/08\\\/Spagnoulo-y-gabinete.png\",\"datePublished\":\"2025-08-24T17:59:49+00:00\",\"author\":{\"@id\":\"https:\\\/\\\/diariodelsurdigital.com.ar\\\/#\\\/schema\\\/person\\\/6136a32571657f7dba980b88b04c5465\"},\"breadcrumb\":{\"@id\":\"https:\\\/\\\/diariodelsurdigital.com.ar\\\/?p=4277#breadcrumb\"},\"inLanguage\":\"es\",\"potentialAction\":[{\"@type\":\"ReadAction\",\"target\":[\"https:\\\/\\\/diariodelsurdigital.com.ar\\\/?p=4277\"]}]},{\"@type\":\"ImageObject\",\"inLanguage\":\"es\",\"@id\":\"https:\\\/\\\/diariodelsurdigital.com.ar\\\/?p=4277#primaryimage\",\"url\":\"https:\\\/\\\/diariodelsurdigital.com.ar\\\/wp-content\\\/uploads\\\/2025\\\/08\\\/Spagnoulo-y-gabinete.png\",\"contentUrl\":\"https:\\\/\\\/diariodelsurdigital.com.ar\\\/wp-content\\\/uploads\\\/2025\\\/08\\\/Spagnoulo-y-gabinete.png\",\"width\":450,\"height\":253},{\"@type\":\"BreadcrumbList\",\"@id\":\"https:\\\/\\\/diariodelsurdigital.com.ar\\\/?p=4277#breadcrumb\",\"itemListElement\":[{\"@type\":\"ListItem\",\"position\":1,\"name\":\"Portada\",\"item\":\"https:\\\/\\\/diariodelsurdigital.com.ar\\\/\"},{\"@type\":\"ListItem\",\"position\":2,\"name\":\"Spagnuolo y su gesti\u00f3n: del descontrol a las irregularidades en los gastos\"}]},{\"@type\":\"WebSite\",\"@id\":\"https:\\\/\\\/diariodelsurdigital.com.ar\\\/#website\",\"url\":\"https:\\\/\\\/diariodelsurdigital.com.ar\\\/\",\"name\":\"Diario del Sur\",\"description\":\"Digital\",\"potentialAction\":[{\"@type\":\"SearchAction\",\"target\":{\"@type\":\"EntryPoint\",\"urlTemplate\":\"https:\\\/\\\/diariodelsurdigital.com.ar\\\/?s={search_term_string}\"},\"query-input\":{\"@type\":\"PropertyValueSpecification\",\"valueRequired\":true,\"valueName\":\"search_term_string\"}}],\"inLanguage\":\"es\"},{\"@type\":\"Person\",\"@id\":\"https:\\\/\\\/diariodelsurdigital.com.ar\\\/#\\\/schema\\\/person\\\/6136a32571657f7dba980b88b04c5465\",\"name\":\"Diario del Sur Digital\",\"image\":{\"@type\":\"ImageObject\",\"inLanguage\":\"es\",\"@id\":\"https:\\\/\\\/secure.gravatar.com\\\/avatar\\\/4c29ceac98541dd42460b2474aaa5dd37594d6ce6cb3cf2c101d09b48ee287ba?s=96&d=mm&r=g\",\"url\":\"https:\\\/\\\/secure.gravatar.com\\\/avatar\\\/4c29ceac98541dd42460b2474aaa5dd37594d6ce6cb3cf2c101d09b48ee287ba?s=96&d=mm&r=g\",\"contentUrl\":\"https:\\\/\\\/secure.gravatar.com\\\/avatar\\\/4c29ceac98541dd42460b2474aaa5dd37594d6ce6cb3cf2c101d09b48ee287ba?s=96&d=mm&r=g\",\"caption\":\"Diario del Sur Digital\"},\"url\":\"https:\\\/\\\/diariodelsurdigital.com.ar\\\/?author=2\"}]}<\/script>\n<!-- \/ Yoast SEO plugin. -->","yoast_head_json":{"title":"Spagnuolo y su gesti\u00f3n: del descontrol a las irregularidades en los gastos - Diario del Sur","robots":{"index":"index","follow":"follow","max-snippet":"max-snippet:-1","max-image-preview":"max-image-preview:large","max-video-preview":"max-video-preview:-1"},"canonical":"https:\/\/diariodelsurdigital.com.ar\/?p=4277","og_locale":"es_ES","og_type":"article","og_title":"Spagnuolo y su gesti\u00f3n: del descontrol a las irregularidades en los gastos - Diario del Sur","og_description":"Un pr\u00e9stamo del BID, por US$ 265 millones, fue destinado para financiar el pago de servicios que la agencia podr\u00eda haber realizado por propia cuenta. El rol de la empresa israel\u00ed Negitech y la curiosa tercerizaci\u00f3n a trav\u00e9s de una consultora que factur\u00f3 172 millones de pesos. Los viajes a Tel Aviv. Son solo algunos [&hellip;]","og_url":"https:\/\/diariodelsurdigital.com.ar\/?p=4277","og_site_name":"Diario del Sur","article_published_time":"2025-08-24T17:59:49+00:00","og_image":[{"width":450,"height":253,"url":"https:\/\/diariodelsurdigital.com.ar\/wp-content\/uploads\/2025\/08\/Spagnoulo-y-gabinete.png","type":"image\/png"}],"author":"Diario del Sur Digital","twitter_card":"summary_large_image","twitter_misc":{"Escrito por":"Diario del Sur Digital","Tiempo de lectura":"5 minutos"},"schema":{"@context":"https:\/\/schema.org","@graph":[{"@type":"Article","@id":"https:\/\/diariodelsurdigital.com.ar\/?p=4277#article","isPartOf":{"@id":"https:\/\/diariodelsurdigital.com.ar\/?p=4277"},"author":{"name":"Diario del Sur Digital","@id":"https:\/\/diariodelsurdigital.com.ar\/#\/schema\/person\/6136a32571657f7dba980b88b04c5465"},"headline":"Spagnuolo y su gesti\u00f3n: del descontrol a las irregularidades en los gastos","datePublished":"2025-08-24T17:59:49+00:00","mainEntityOfPage":{"@id":"https:\/\/diariodelsurdigital.com.ar\/?p=4277"},"wordCount":983,"commentCount":0,"image":{"@id":"https:\/\/diariodelsurdigital.com.ar\/?p=4277#primaryimage"},"thumbnailUrl":"https:\/\/diariodelsurdigital.com.ar\/wp-content\/uploads\/2025\/08\/Spagnoulo-y-gabinete.png","articleSection":["Nacionales"],"inLanguage":"es","potentialAction":[{"@type":"CommentAction","name":"Comment","target":["https:\/\/diariodelsurdigital.com.ar\/?p=4277#respond"]}]},{"@type":"WebPage","@id":"https:\/\/diariodelsurdigital.com.ar\/?p=4277","url":"https:\/\/diariodelsurdigital.com.ar\/?p=4277","name":"Spagnuolo y su gesti\u00f3n: del descontrol a las irregularidades en los gastos - Diario del Sur","isPartOf":{"@id":"https:\/\/diariodelsurdigital.com.ar\/#website"},"primaryImageOfPage":{"@id":"https:\/\/diariodelsurdigital.com.ar\/?p=4277#primaryimage"},"image":{"@id":"https:\/\/diariodelsurdigital.com.ar\/?p=4277#primaryimage"},"thumbnailUrl":"https:\/\/diariodelsurdigital.com.ar\/wp-content\/uploads\/2025\/08\/Spagnoulo-y-gabinete.png","datePublished":"2025-08-24T17:59:49+00:00","author":{"@id":"https:\/\/diariodelsurdigital.com.ar\/#\/schema\/person\/6136a32571657f7dba980b88b04c5465"},"breadcrumb":{"@id":"https:\/\/diariodelsurdigital.com.ar\/?p=4277#breadcrumb"},"inLanguage":"es","potentialAction":[{"@type":"ReadAction","target":["https:\/\/diariodelsurdigital.com.ar\/?p=4277"]}]},{"@type":"ImageObject","inLanguage":"es","@id":"https:\/\/diariodelsurdigital.com.ar\/?p=4277#primaryimage","url":"https:\/\/diariodelsurdigital.com.ar\/wp-content\/uploads\/2025\/08\/Spagnoulo-y-gabinete.png","contentUrl":"https:\/\/diariodelsurdigital.com.ar\/wp-content\/uploads\/2025\/08\/Spagnoulo-y-gabinete.png","width":450,"height":253},{"@type":"BreadcrumbList","@id":"https:\/\/diariodelsurdigital.com.ar\/?p=4277#breadcrumb","itemListElement":[{"@type":"ListItem","position":1,"name":"Portada","item":"https:\/\/diariodelsurdigital.com.ar\/"},{"@type":"ListItem","position":2,"name":"Spagnuolo y su gesti\u00f3n: del descontrol a las irregularidades en los gastos"}]},{"@type":"WebSite","@id":"https:\/\/diariodelsurdigital.com.ar\/#website","url":"https:\/\/diariodelsurdigital.com.ar\/","name":"Diario del Sur","description":"Digital","potentialAction":[{"@type":"SearchAction","target":{"@type":"EntryPoint","urlTemplate":"https:\/\/diariodelsurdigital.com.ar\/?s={search_term_string}"},"query-input":{"@type":"PropertyValueSpecification","valueRequired":true,"valueName":"search_term_string"}}],"inLanguage":"es"},{"@type":"Person","@id":"https:\/\/diariodelsurdigital.com.ar\/#\/schema\/person\/6136a32571657f7dba980b88b04c5465","name":"Diario del Sur Digital","image":{"@type":"ImageObject","inLanguage":"es","@id":"https:\/\/secure.gravatar.com\/avatar\/4c29ceac98541dd42460b2474aaa5dd37594d6ce6cb3cf2c101d09b48ee287ba?s=96&d=mm&r=g","url":"https:\/\/secure.gravatar.com\/avatar\/4c29ceac98541dd42460b2474aaa5dd37594d6ce6cb3cf2c101d09b48ee287ba?s=96&d=mm&r=g","contentUrl":"https:\/\/secure.gravatar.com\/avatar\/4c29ceac98541dd42460b2474aaa5dd37594d6ce6cb3cf2c101d09b48ee287ba?s=96&d=mm&r=g","caption":"Diario del Sur Digital"},"url":"https:\/\/diariodelsurdigital.com.ar\/?author=2"}]}},"_links":{"self":[{"href":"https:\/\/diariodelsurdigital.com.ar\/index.php?rest_route=\/wp\/v2\/posts\/4277","targetHints":{"allow":["GET"]}}],"collection":[{"href":"https:\/\/diariodelsurdigital.com.ar\/index.php?rest_route=\/wp\/v2\/posts"}],"about":[{"href":"https:\/\/diariodelsurdigital.com.ar\/index.php?rest_route=\/wp\/v2\/types\/post"}],"author":[{"embeddable":true,"href":"https:\/\/diariodelsurdigital.com.ar\/index.php?rest_route=\/wp\/v2\/users\/2"}],"replies":[{"embeddable":true,"href":"https:\/\/diariodelsurdigital.com.ar\/index.php?rest_route=%2Fwp%2Fv2%2Fcomments&post=4277"}],"version-history":[{"count":1,"href":"https:\/\/diariodelsurdigital.com.ar\/index.php?rest_route=\/wp\/v2\/posts\/4277\/revisions"}],"predecessor-version":[{"id":4279,"href":"https:\/\/diariodelsurdigital.com.ar\/index.php?rest_route=\/wp\/v2\/posts\/4277\/revisions\/4279"}],"wp:featuredmedia":[{"embeddable":true,"href":"https:\/\/diariodelsurdigital.com.ar\/index.php?rest_route=\/wp\/v2\/media\/4278"}],"wp:attachment":[{"href":"https:\/\/diariodelsurdigital.com.ar\/index.php?rest_route=%2Fwp%2Fv2%2Fmedia&parent=4277"}],"wp:term":[{"taxonomy":"category","embeddable":true,"href":"https:\/\/diariodelsurdigital.com.ar\/index.php?rest_route=%2Fwp%2Fv2%2Fcategories&post=4277"},{"taxonomy":"post_tag","embeddable":true,"href":"https:\/\/diariodelsurdigital.com.ar\/index.php?rest_route=%2Fwp%2Fv2%2Ftags&post=4277"}],"curies":[{"name":"wp","href":"https:\/\/api.w.org\/{rel}","templated":true}]}}