{"id":4284,"date":"2025-08-24T21:42:05","date_gmt":"2025-08-25T00:42:05","guid":{"rendered":"https:\/\/diariodelsurdigital.com.ar\/?p=4284"},"modified":"2025-08-24T21:44:30","modified_gmt":"2025-08-25T00:44:30","slug":"tras-cuatro-meses-de-suba-se-freno-la-venta-de-combustibles-y-cayo-116-en-julio","status":"publish","type":"post","link":"https:\/\/diariodelsurdigital.com.ar\/?p=4284","title":{"rendered":"Tras cuatro meses de suba, se fren\u00f3 la venta de combustibles y cay\u00f3 1,16 % en julio"},"content":{"rendered":"\n<p><strong>Un informe privado revel\u00f3 que, si bien cayeron las naftas comunes, los productos premium crecieron hasta un 12 %. YPF y DAPSA fueron las \u00fanicas que subieron.<\/strong><\/p>\n\n\n\n<figure class=\"wp-block-image\"><img decoding=\"async\" src=\"https:\/\/cdnartic.ar\/OH-sdKlw9akazjO2T2h8Il5TQL4=\/1500x0\/filters:no_upscale()\/https:\/\/elheraldocdn.eleco.com.ar\/media\/2024\/09\/naftas.jpg\" alt=\"Tras cuatro meses de suba, se fren\u00f3 la venta de combustibles y cay\u00f3 1,16 % en julio\"\/><\/figure>\n\n\n\n<p>La venta de combustibles al p\u00fablico registr\u00f3 en julio una ca\u00edda interanual del 1,16%, cortando as\u00ed una racha de cuatro meses consecutivos de crecimiento, seg\u00fan un relevamiento del portal especializado Surtidores. El informe revela un consumo a dos velocidades, con un fuerte crecimiento de los productos premium y una marcada ca\u00edda de los comunes.<br>Seg\u00fan supo Noticias Argentinas, el mercado mostr\u00f3 un comportamiento dispar: mientras que el consumo de los combustibles premium creci\u00f3 con fuerza (12,5% la nafta y 9% el gasoil), la venta de nafta s\u00faper cay\u00f3 1,11% y la del di\u00e9sel com\u00fan se desplom\u00f3 un 12,19%.<br>El an\u00e1lisis detallado por provincia y por empresa muestra un panorama heterog\u00e9neo, donde la petrolera de bandera, YPF, logr\u00f3 consolidar su dominio del mercado y aumentar sus ventas a pesar de la ca\u00edda general.<br>Por provincias: Diez de las 24 provincias tuvieron subas, con Tierra del Fuego (9,7%) a la cabeza, seguida por Buenos Aires (6,2%). Las mayores ca\u00eddas se registraron en Tucum\u00e1n (-19,3%) por sexto mes consecutivo, La Rioja (-10,4%) y CABA (-10,08%).<br>Por empresas: YPF (55,6% del mercado) y DAPSA fueron las \u00fanicas que aumentaron sus ventas interanuales (3,45% y 8,18% respectivamente). El resto cay\u00f3, con Shell (23,1% del mercado) a la cabeza de las bajas (-7,37%).<br>Dato mensual: A pesar de la ca\u00edda interanual, la venta total subi\u00f3 un 2,17% en comparaci\u00f3n con junio de 2025. NA.<\/p>\n\n\n\n<p>Fuente: El Heraldo<\/p>\n","protected":false},"excerpt":{"rendered":"<p>Un informe privado revel\u00f3 que, si bien cayeron las naftas comunes, los productos premium crecieron hasta un 12 %. YPF y DAPSA fueron las \u00fanicas que subieron. La venta de combustibles al p\u00fablico registr\u00f3 en julio una ca\u00edda interanual del 1,16%, cortando as\u00ed una racha de cuatro meses consecutivos de crecimiento, seg\u00fan un relevamiento del [&hellip;]<\/p>\n","protected":false},"author":3,"featured_media":4285,"comment_status":"open","ping_status":"open","sticky":false,"template":"","format":"standard","meta":{"footnotes":""},"categories":[19],"tags":[],"class_list":{"0":"post-4284","1":"post","2":"type-post","3":"status-publish","4":"format-standard","5":"has-post-thumbnail","7":"category-interes-general"},"yoast_head":"<!-- This site is optimized with the Yoast SEO plugin v27.4 - https:\/\/yoast.com\/product\/yoast-seo-wordpress\/ -->\n<title>Tras cuatro meses de suba, se fren\u00f3 la venta de combustibles y cay\u00f3 1,16 % en julio - Diario del Sur<\/title>\n<meta name=\"robots\" content=\"index, follow, max-snippet:-1, max-image-preview:large, max-video-preview:-1\" \/>\n<link rel=\"canonical\" href=\"https:\/\/diariodelsurdigital.com.ar\/?p=4284\" \/>\n<meta property=\"og:locale\" content=\"es_ES\" \/>\n<meta property=\"og:type\" content=\"article\" \/>\n<meta property=\"og:title\" content=\"Tras cuatro meses de suba, se fren\u00f3 la venta de combustibles y cay\u00f3 1,16 % en julio - Diario del Sur\" \/>\n<meta property=\"og:description\" content=\"Un informe privado revel\u00f3 que, si bien cayeron las naftas comunes, los productos premium crecieron hasta un 12 %. YPF y DAPSA fueron las \u00fanicas que subieron. La venta de combustibles al p\u00fablico registr\u00f3 en julio una ca\u00edda interanual del 1,16%, cortando as\u00ed una racha de cuatro meses consecutivos de crecimiento, seg\u00fan un relevamiento del [&hellip;]\" \/>\n<meta property=\"og:url\" content=\"https:\/\/diariodelsurdigital.com.ar\/?p=4284\" \/>\n<meta property=\"og:site_name\" content=\"Diario del Sur\" \/>\n<meta property=\"article:published_time\" content=\"2025-08-25T00:42:05+00:00\" \/>\n<meta property=\"article:modified_time\" content=\"2025-08-25T00:44:30+00:00\" \/>\n<meta property=\"og:image\" content=\"https:\/\/diariodelsurdigital.com.ar\/wp-content\/uploads\/2025\/08\/naftas.jpg\" \/>\n\t<meta property=\"og:image:width\" content=\"631\" \/>\n\t<meta property=\"og:image:height\" content=\"360\" \/>\n\t<meta property=\"og:image:type\" content=\"image\/jpeg\" \/>\n<meta name=\"author\" content=\"Diario del Sur Digital\" \/>\n<meta name=\"twitter:card\" content=\"summary_large_image\" \/>\n<meta name=\"twitter:label1\" content=\"Escrito por\" \/>\n\t<meta name=\"twitter:data1\" content=\"Diario del Sur Digital\" \/>\n\t<meta name=\"twitter:label2\" content=\"Tiempo de lectura\" \/>\n\t<meta name=\"twitter:data2\" content=\"2 minutos\" \/>\n<script type=\"application\/ld+json\" class=\"yoast-schema-graph\">{\"@context\":\"https:\\\/\\\/schema.org\",\"@graph\":[{\"@type\":\"Article\",\"@id\":\"https:\\\/\\\/diariodelsurdigital.com.ar\\\/?p=4284#article\",\"isPartOf\":{\"@id\":\"https:\\\/\\\/diariodelsurdigital.com.ar\\\/?p=4284\"},\"author\":{\"name\":\"Diario del Sur Digital\",\"@id\":\"https:\\\/\\\/diariodelsurdigital.com.ar\\\/#\\\/schema\\\/person\\\/d794acb23337e88c6e4004a39c32be62\"},\"headline\":\"Tras cuatro meses de suba, se fren\u00f3 la venta de combustibles y cay\u00f3 1,16 % en julio\",\"datePublished\":\"2025-08-25T00:42:05+00:00\",\"dateModified\":\"2025-08-25T00:44:30+00:00\",\"mainEntityOfPage\":{\"@id\":\"https:\\\/\\\/diariodelsurdigital.com.ar\\\/?p=4284\"},\"wordCount\":272,\"commentCount\":0,\"image\":{\"@id\":\"https:\\\/\\\/diariodelsurdigital.com.ar\\\/?p=4284#primaryimage\"},\"thumbnailUrl\":\"https:\\\/\\\/diariodelsurdigital.com.ar\\\/wp-content\\\/uploads\\\/2025\\\/08\\\/naftas.jpg\",\"articleSection\":[\"Inter\u00e9s General\"],\"inLanguage\":\"es\",\"potentialAction\":[{\"@type\":\"CommentAction\",\"name\":\"Comment\",\"target\":[\"https:\\\/\\\/diariodelsurdigital.com.ar\\\/?p=4284#respond\"]}]},{\"@type\":\"WebPage\",\"@id\":\"https:\\\/\\\/diariodelsurdigital.com.ar\\\/?p=4284\",\"url\":\"https:\\\/\\\/diariodelsurdigital.com.ar\\\/?p=4284\",\"name\":\"Tras cuatro meses de suba, se fren\u00f3 la venta de combustibles y cay\u00f3 1,16 % en julio - Diario del Sur\",\"isPartOf\":{\"@id\":\"https:\\\/\\\/diariodelsurdigital.com.ar\\\/#website\"},\"primaryImageOfPage\":{\"@id\":\"https:\\\/\\\/diariodelsurdigital.com.ar\\\/?p=4284#primaryimage\"},\"image\":{\"@id\":\"https:\\\/\\\/diariodelsurdigital.com.ar\\\/?p=4284#primaryimage\"},\"thumbnailUrl\":\"https:\\\/\\\/diariodelsurdigital.com.ar\\\/wp-content\\\/uploads\\\/2025\\\/08\\\/naftas.jpg\",\"datePublished\":\"2025-08-25T00:42:05+00:00\",\"dateModified\":\"2025-08-25T00:44:30+00:00\",\"author\":{\"@id\":\"https:\\\/\\\/diariodelsurdigital.com.ar\\\/#\\\/schema\\\/person\\\/d794acb23337e88c6e4004a39c32be62\"},\"breadcrumb\":{\"@id\":\"https:\\\/\\\/diariodelsurdigital.com.ar\\\/?p=4284#breadcrumb\"},\"inLanguage\":\"es\",\"potentialAction\":[{\"@type\":\"ReadAction\",\"target\":[\"https:\\\/\\\/diariodelsurdigital.com.ar\\\/?p=4284\"]}]},{\"@type\":\"ImageObject\",\"inLanguage\":\"es\",\"@id\":\"https:\\\/\\\/diariodelsurdigital.com.ar\\\/?p=4284#primaryimage\",\"url\":\"https:\\\/\\\/diariodelsurdigital.com.ar\\\/wp-content\\\/uploads\\\/2025\\\/08\\\/naftas.jpg\",\"contentUrl\":\"https:\\\/\\\/diariodelsurdigital.com.ar\\\/wp-content\\\/uploads\\\/2025\\\/08\\\/naftas.jpg\",\"width\":631,\"height\":360},{\"@type\":\"BreadcrumbList\",\"@id\":\"https:\\\/\\\/diariodelsurdigital.com.ar\\\/?p=4284#breadcrumb\",\"itemListElement\":[{\"@type\":\"ListItem\",\"position\":1,\"name\":\"Portada\",\"item\":\"https:\\\/\\\/diariodelsurdigital.com.ar\\\/\"},{\"@type\":\"ListItem\",\"position\":2,\"name\":\"Tras cuatro meses de suba, se fren\u00f3 la venta de combustibles y cay\u00f3 1,16 % en julio\"}]},{\"@type\":\"WebSite\",\"@id\":\"https:\\\/\\\/diariodelsurdigital.com.ar\\\/#website\",\"url\":\"https:\\\/\\\/diariodelsurdigital.com.ar\\\/\",\"name\":\"Diario del Sur\",\"description\":\"Digital\",\"potentialAction\":[{\"@type\":\"SearchAction\",\"target\":{\"@type\":\"EntryPoint\",\"urlTemplate\":\"https:\\\/\\\/diariodelsurdigital.com.ar\\\/?s={search_term_string}\"},\"query-input\":{\"@type\":\"PropertyValueSpecification\",\"valueRequired\":true,\"valueName\":\"search_term_string\"}}],\"inLanguage\":\"es\"},{\"@type\":\"Person\",\"@id\":\"https:\\\/\\\/diariodelsurdigital.com.ar\\\/#\\\/schema\\\/person\\\/d794acb23337e88c6e4004a39c32be62\",\"name\":\"Diario del Sur Digital\",\"image\":{\"@type\":\"ImageObject\",\"inLanguage\":\"es\",\"@id\":\"https:\\\/\\\/secure.gravatar.com\\\/avatar\\\/47679bcfa15734cfdefc176b6ad58adeeccac22b2e03e095ada6c622af2b463a?s=96&d=mm&r=g\",\"url\":\"https:\\\/\\\/secure.gravatar.com\\\/avatar\\\/47679bcfa15734cfdefc176b6ad58adeeccac22b2e03e095ada6c622af2b463a?s=96&d=mm&r=g\",\"contentUrl\":\"https:\\\/\\\/secure.gravatar.com\\\/avatar\\\/47679bcfa15734cfdefc176b6ad58adeeccac22b2e03e095ada6c622af2b463a?s=96&d=mm&r=g\",\"caption\":\"Diario del Sur Digital\"},\"url\":\"https:\\\/\\\/diariodelsurdigital.com.ar\\\/?author=3\"}]}<\/script>\n<!-- \/ Yoast SEO plugin. -->","yoast_head_json":{"title":"Tras cuatro meses de suba, se fren\u00f3 la venta de combustibles y cay\u00f3 1,16 % en julio - Diario del Sur","robots":{"index":"index","follow":"follow","max-snippet":"max-snippet:-1","max-image-preview":"max-image-preview:large","max-video-preview":"max-video-preview:-1"},"canonical":"https:\/\/diariodelsurdigital.com.ar\/?p=4284","og_locale":"es_ES","og_type":"article","og_title":"Tras cuatro meses de suba, se fren\u00f3 la venta de combustibles y cay\u00f3 1,16 % en julio - Diario del Sur","og_description":"Un informe privado revel\u00f3 que, si bien cayeron las naftas comunes, los productos premium crecieron hasta un 12 %. YPF y DAPSA fueron las \u00fanicas que subieron. La venta de combustibles al p\u00fablico registr\u00f3 en julio una ca\u00edda interanual del 1,16%, cortando as\u00ed una racha de cuatro meses consecutivos de crecimiento, seg\u00fan un relevamiento del [&hellip;]","og_url":"https:\/\/diariodelsurdigital.com.ar\/?p=4284","og_site_name":"Diario del Sur","article_published_time":"2025-08-25T00:42:05+00:00","article_modified_time":"2025-08-25T00:44:30+00:00","og_image":[{"width":631,"height":360,"url":"https:\/\/diariodelsurdigital.com.ar\/wp-content\/uploads\/2025\/08\/naftas.jpg","type":"image\/jpeg"}],"author":"Diario del Sur Digital","twitter_card":"summary_large_image","twitter_misc":{"Escrito por":"Diario del Sur Digital","Tiempo de lectura":"2 minutos"},"schema":{"@context":"https:\/\/schema.org","@graph":[{"@type":"Article","@id":"https:\/\/diariodelsurdigital.com.ar\/?p=4284#article","isPartOf":{"@id":"https:\/\/diariodelsurdigital.com.ar\/?p=4284"},"author":{"name":"Diario del Sur Digital","@id":"https:\/\/diariodelsurdigital.com.ar\/#\/schema\/person\/d794acb23337e88c6e4004a39c32be62"},"headline":"Tras cuatro meses de suba, se fren\u00f3 la venta de combustibles y cay\u00f3 1,16 % en julio","datePublished":"2025-08-25T00:42:05+00:00","dateModified":"2025-08-25T00:44:30+00:00","mainEntityOfPage":{"@id":"https:\/\/diariodelsurdigital.com.ar\/?p=4284"},"wordCount":272,"commentCount":0,"image":{"@id":"https:\/\/diariodelsurdigital.com.ar\/?p=4284#primaryimage"},"thumbnailUrl":"https:\/\/diariodelsurdigital.com.ar\/wp-content\/uploads\/2025\/08\/naftas.jpg","articleSection":["Inter\u00e9s General"],"inLanguage":"es","potentialAction":[{"@type":"CommentAction","name":"Comment","target":["https:\/\/diariodelsurdigital.com.ar\/?p=4284#respond"]}]},{"@type":"WebPage","@id":"https:\/\/diariodelsurdigital.com.ar\/?p=4284","url":"https:\/\/diariodelsurdigital.com.ar\/?p=4284","name":"Tras cuatro meses de suba, se fren\u00f3 la venta de combustibles y cay\u00f3 1,16 % en julio - Diario del Sur","isPartOf":{"@id":"https:\/\/diariodelsurdigital.com.ar\/#website"},"primaryImageOfPage":{"@id":"https:\/\/diariodelsurdigital.com.ar\/?p=4284#primaryimage"},"image":{"@id":"https:\/\/diariodelsurdigital.com.ar\/?p=4284#primaryimage"},"thumbnailUrl":"https:\/\/diariodelsurdigital.com.ar\/wp-content\/uploads\/2025\/08\/naftas.jpg","datePublished":"2025-08-25T00:42:05+00:00","dateModified":"2025-08-25T00:44:30+00:00","author":{"@id":"https:\/\/diariodelsurdigital.com.ar\/#\/schema\/person\/d794acb23337e88c6e4004a39c32be62"},"breadcrumb":{"@id":"https:\/\/diariodelsurdigital.com.ar\/?p=4284#breadcrumb"},"inLanguage":"es","potentialAction":[{"@type":"ReadAction","target":["https:\/\/diariodelsurdigital.com.ar\/?p=4284"]}]},{"@type":"ImageObject","inLanguage":"es","@id":"https:\/\/diariodelsurdigital.com.ar\/?p=4284#primaryimage","url":"https:\/\/diariodelsurdigital.com.ar\/wp-content\/uploads\/2025\/08\/naftas.jpg","contentUrl":"https:\/\/diariodelsurdigital.com.ar\/wp-content\/uploads\/2025\/08\/naftas.jpg","width":631,"height":360},{"@type":"BreadcrumbList","@id":"https:\/\/diariodelsurdigital.com.ar\/?p=4284#breadcrumb","itemListElement":[{"@type":"ListItem","position":1,"name":"Portada","item":"https:\/\/diariodelsurdigital.com.ar\/"},{"@type":"ListItem","position":2,"name":"Tras cuatro meses de suba, se fren\u00f3 la venta de combustibles y cay\u00f3 1,16 % en julio"}]},{"@type":"WebSite","@id":"https:\/\/diariodelsurdigital.com.ar\/#website","url":"https:\/\/diariodelsurdigital.com.ar\/","name":"Diario del Sur","description":"Digital","potentialAction":[{"@type":"SearchAction","target":{"@type":"EntryPoint","urlTemplate":"https:\/\/diariodelsurdigital.com.ar\/?s={search_term_string}"},"query-input":{"@type":"PropertyValueSpecification","valueRequired":true,"valueName":"search_term_string"}}],"inLanguage":"es"},{"@type":"Person","@id":"https:\/\/diariodelsurdigital.com.ar\/#\/schema\/person\/d794acb23337e88c6e4004a39c32be62","name":"Diario del Sur Digital","image":{"@type":"ImageObject","inLanguage":"es","@id":"https:\/\/secure.gravatar.com\/avatar\/47679bcfa15734cfdefc176b6ad58adeeccac22b2e03e095ada6c622af2b463a?s=96&d=mm&r=g","url":"https:\/\/secure.gravatar.com\/avatar\/47679bcfa15734cfdefc176b6ad58adeeccac22b2e03e095ada6c622af2b463a?s=96&d=mm&r=g","contentUrl":"https:\/\/secure.gravatar.com\/avatar\/47679bcfa15734cfdefc176b6ad58adeeccac22b2e03e095ada6c622af2b463a?s=96&d=mm&r=g","caption":"Diario del Sur Digital"},"url":"https:\/\/diariodelsurdigital.com.ar\/?author=3"}]}},"_links":{"self":[{"href":"https:\/\/diariodelsurdigital.com.ar\/index.php?rest_route=\/wp\/v2\/posts\/4284","targetHints":{"allow":["GET"]}}],"collection":[{"href":"https:\/\/diariodelsurdigital.com.ar\/index.php?rest_route=\/wp\/v2\/posts"}],"about":[{"href":"https:\/\/diariodelsurdigital.com.ar\/index.php?rest_route=\/wp\/v2\/types\/post"}],"author":[{"embeddable":true,"href":"https:\/\/diariodelsurdigital.com.ar\/index.php?rest_route=\/wp\/v2\/users\/3"}],"replies":[{"embeddable":true,"href":"https:\/\/diariodelsurdigital.com.ar\/index.php?rest_route=%2Fwp%2Fv2%2Fcomments&post=4284"}],"version-history":[{"count":2,"href":"https:\/\/diariodelsurdigital.com.ar\/index.php?rest_route=\/wp\/v2\/posts\/4284\/revisions"}],"predecessor-version":[{"id":4288,"href":"https:\/\/diariodelsurdigital.com.ar\/index.php?rest_route=\/wp\/v2\/posts\/4284\/revisions\/4288"}],"wp:featuredmedia":[{"embeddable":true,"href":"https:\/\/diariodelsurdigital.com.ar\/index.php?rest_route=\/wp\/v2\/media\/4285"}],"wp:attachment":[{"href":"https:\/\/diariodelsurdigital.com.ar\/index.php?rest_route=%2Fwp%2Fv2%2Fmedia&parent=4284"}],"wp:term":[{"taxonomy":"category","embeddable":true,"href":"https:\/\/diariodelsurdigital.com.ar\/index.php?rest_route=%2Fwp%2Fv2%2Fcategories&post=4284"},{"taxonomy":"post_tag","embeddable":true,"href":"https:\/\/diariodelsurdigital.com.ar\/index.php?rest_route=%2Fwp%2Fv2%2Ftags&post=4284"}],"curies":[{"name":"wp","href":"https:\/\/api.w.org\/{rel}","templated":true}]}}