{"id":4289,"date":"2025-08-24T21:46:44","date_gmt":"2025-08-25T00:46:44","guid":{"rendered":"https:\/\/diariodelsurdigital.com.ar\/?p=4289"},"modified":"2025-08-24T21:46:44","modified_gmt":"2025-08-25T00:46:44","slug":"las-condiciones-que-marcaran-en-el-inicio-de-la-semana-en-concordia-y-la-ciudad","status":"publish","type":"post","link":"https:\/\/diariodelsurdigital.com.ar\/?p=4289","title":{"rendered":"Las condiciones que marcar\u00e1n en el inicio de la semana en Concordia y la ciudad"},"content":{"rendered":"\n<p><strong>Tras haber pasado una semana con inestabilidad clim\u00e1tica, el Servicio Meteorol\u00f3gico Nacional anunci\u00f3 que Concordia registrar\u00e1 buen tiempo y temperaturas no tan bajas, en los pr\u00f3ximos d\u00edas.<\/strong><\/p>\n\n\n\n<figure class=\"wp-block-image\"><img decoding=\"async\" src=\"https:\/\/diarioriouruguay.com\/galeria\/fotos\/2025\/08\/11\/l_1754965502_74196.webp\" alt=\"Las temperaturas m\u00e1ximas fluctuar\u00e1n de los 19 a los 23 grados.\" title=\"Las temperaturas m\u00e1ximas fluctuar\u00e1n de los 19 a los 23 grados.\"\/><\/figure>\n\n\n\n<p>Clima en Concordia. De acuerdo al pron\u00f3stico emitido, Concordia inicia la semana con cielo totalmente despejado, teniendo el sol como protagonista y ofreciendo buenas condiciones clim\u00e1ticas que permanecer\u00e1n durante toda la jornada.<\/p>\n\n\n\n<p>En ese marco, las temperaturas m\u00ednimas anunciadas ser\u00e1n de 6 grados la m\u00ednima y la m\u00e1xima llegar\u00e1n a los 20 grados.<\/p>\n\n\n\n<p><strong>Continuidad del clima<\/strong><\/p>\n\n\n\n<p>Las condiciones clim\u00e1ticas favorables tendr\u00e1n su r\u00e9plica a lo largo de toda la semana, dando as\u00ed una especie de adelanto a la primavera venidera. Solo se prev\u00e9 el ingreso de alguna nubosidad pasado el d\u00eda mi\u00e9rcoles y hacia el fin de semana.<\/p>\n\n\n\n<p>En ese marco, en lo que respecta a las temperaturas ser\u00e1n agradables, ya que se pasar\u00e1 de m\u00ednimas de 6 a 11 grados sobre el cierre de la semana. En tanto que las m\u00e1ximas fluctuar\u00e1n de los 19 a los 23 grados.<\/p>\n\n\n\n<p><strong>Anuncio extendido<\/strong><\/p>\n\n\n\n<p>Hasta el momento, el Servicio Meteorol\u00f3gico Nacional no prev\u00e9 anuncios de lluvias o tormentas, para el devenir de la semana entrante y adelanta que podr\u00eda registrarse un pr\u00f3ximo fin de semana con temperaturas en ascenso.<\/p>\n\n\n\n<p>Fuente: Diario R\u00edo Uruguay<\/p>\n","protected":false},"excerpt":{"rendered":"<p>Tras haber pasado una semana con inestabilidad clim\u00e1tica, el Servicio Meteorol\u00f3gico Nacional anunci\u00f3 que Concordia registrar\u00e1 buen tiempo y temperaturas no tan bajas, en los pr\u00f3ximos d\u00edas. Clima en Concordia. De acuerdo al pron\u00f3stico emitido, Concordia inicia la semana con cielo totalmente despejado, teniendo el sol como protagonista y ofreciendo buenas condiciones clim\u00e1ticas que permanecer\u00e1n [&hellip;]<\/p>\n","protected":false},"author":3,"featured_media":4290,"comment_status":"open","ping_status":"open","sticky":false,"template":"","format":"standard","meta":{"footnotes":""},"categories":[19,16],"tags":[],"class_list":{"0":"post-4289","1":"post","2":"type-post","3":"status-publish","4":"format-standard","5":"has-post-thumbnail","7":"category-interes-general","8":"category-locales"},"yoast_head":"<!-- This site is optimized with the Yoast SEO plugin v27.4 - https:\/\/yoast.com\/product\/yoast-seo-wordpress\/ -->\n<title>Las condiciones que marcar\u00e1n en el inicio de la semana en Concordia y la ciudad - Diario del Sur<\/title>\n<meta name=\"robots\" content=\"index, follow, max-snippet:-1, max-image-preview:large, max-video-preview:-1\" \/>\n<link rel=\"canonical\" href=\"https:\/\/diariodelsurdigital.com.ar\/?p=4289\" \/>\n<meta property=\"og:locale\" content=\"es_ES\" \/>\n<meta property=\"og:type\" content=\"article\" \/>\n<meta property=\"og:title\" content=\"Las condiciones que marcar\u00e1n en el inicio de la semana en Concordia y la ciudad - Diario del Sur\" \/>\n<meta property=\"og:description\" content=\"Tras haber pasado una semana con inestabilidad clim\u00e1tica, el Servicio Meteorol\u00f3gico Nacional anunci\u00f3 que Concordia registrar\u00e1 buen tiempo y temperaturas no tan bajas, en los pr\u00f3ximos d\u00edas. Clima en Concordia. De acuerdo al pron\u00f3stico emitido, Concordia inicia la semana con cielo totalmente despejado, teniendo el sol como protagonista y ofreciendo buenas condiciones clim\u00e1ticas que permanecer\u00e1n [&hellip;]\" \/>\n<meta property=\"og:url\" content=\"https:\/\/diariodelsurdigital.com.ar\/?p=4289\" \/>\n<meta property=\"og:site_name\" content=\"Diario del Sur\" \/>\n<meta property=\"article:published_time\" content=\"2025-08-25T00:46:44+00:00\" \/>\n<meta property=\"og:image\" content=\"https:\/\/diariodelsurdigital.com.ar\/wp-content\/uploads\/2025\/08\/l_1754965502_74196.webp\" \/>\n\t<meta property=\"og:image:width\" content=\"1200\" \/>\n\t<meta property=\"og:image:height\" content=\"800\" \/>\n\t<meta property=\"og:image:type\" content=\"image\/webp\" \/>\n<meta name=\"author\" content=\"Diario del Sur Digital\" \/>\n<meta name=\"twitter:card\" content=\"summary_large_image\" \/>\n<meta name=\"twitter:label1\" content=\"Escrito por\" \/>\n\t<meta name=\"twitter:data1\" content=\"Diario del Sur Digital\" \/>\n\t<meta name=\"twitter:label2\" content=\"Tiempo de lectura\" \/>\n\t<meta name=\"twitter:data2\" content=\"2 minutos\" \/>\n<script type=\"application\/ld+json\" class=\"yoast-schema-graph\">{\"@context\":\"https:\\\/\\\/schema.org\",\"@graph\":[{\"@type\":\"Article\",\"@id\":\"https:\\\/\\\/diariodelsurdigital.com.ar\\\/?p=4289#article\",\"isPartOf\":{\"@id\":\"https:\\\/\\\/diariodelsurdigital.com.ar\\\/?p=4289\"},\"author\":{\"name\":\"Diario del Sur Digital\",\"@id\":\"https:\\\/\\\/diariodelsurdigital.com.ar\\\/#\\\/schema\\\/person\\\/d794acb23337e88c6e4004a39c32be62\"},\"headline\":\"Las condiciones que marcar\u00e1n en el inicio de la semana en Concordia y la ciudad\",\"datePublished\":\"2025-08-25T00:46:44+00:00\",\"mainEntityOfPage\":{\"@id\":\"https:\\\/\\\/diariodelsurdigital.com.ar\\\/?p=4289\"},\"wordCount\":243,\"commentCount\":0,\"image\":{\"@id\":\"https:\\\/\\\/diariodelsurdigital.com.ar\\\/?p=4289#primaryimage\"},\"thumbnailUrl\":\"https:\\\/\\\/diariodelsurdigital.com.ar\\\/wp-content\\\/uploads\\\/2025\\\/08\\\/l_1754965502_74196.webp\",\"articleSection\":[\"Inter\u00e9s General\",\"Locales\"],\"inLanguage\":\"es\",\"potentialAction\":[{\"@type\":\"CommentAction\",\"name\":\"Comment\",\"target\":[\"https:\\\/\\\/diariodelsurdigital.com.ar\\\/?p=4289#respond\"]}]},{\"@type\":\"WebPage\",\"@id\":\"https:\\\/\\\/diariodelsurdigital.com.ar\\\/?p=4289\",\"url\":\"https:\\\/\\\/diariodelsurdigital.com.ar\\\/?p=4289\",\"name\":\"Las condiciones que marcar\u00e1n en el inicio de la semana en Concordia y la ciudad - Diario del Sur\",\"isPartOf\":{\"@id\":\"https:\\\/\\\/diariodelsurdigital.com.ar\\\/#website\"},\"primaryImageOfPage\":{\"@id\":\"https:\\\/\\\/diariodelsurdigital.com.ar\\\/?p=4289#primaryimage\"},\"image\":{\"@id\":\"https:\\\/\\\/diariodelsurdigital.com.ar\\\/?p=4289#primaryimage\"},\"thumbnailUrl\":\"https:\\\/\\\/diariodelsurdigital.com.ar\\\/wp-content\\\/uploads\\\/2025\\\/08\\\/l_1754965502_74196.webp\",\"datePublished\":\"2025-08-25T00:46:44+00:00\",\"author\":{\"@id\":\"https:\\\/\\\/diariodelsurdigital.com.ar\\\/#\\\/schema\\\/person\\\/d794acb23337e88c6e4004a39c32be62\"},\"breadcrumb\":{\"@id\":\"https:\\\/\\\/diariodelsurdigital.com.ar\\\/?p=4289#breadcrumb\"},\"inLanguage\":\"es\",\"potentialAction\":[{\"@type\":\"ReadAction\",\"target\":[\"https:\\\/\\\/diariodelsurdigital.com.ar\\\/?p=4289\"]}]},{\"@type\":\"ImageObject\",\"inLanguage\":\"es\",\"@id\":\"https:\\\/\\\/diariodelsurdigital.com.ar\\\/?p=4289#primaryimage\",\"url\":\"https:\\\/\\\/diariodelsurdigital.com.ar\\\/wp-content\\\/uploads\\\/2025\\\/08\\\/l_1754965502_74196.webp\",\"contentUrl\":\"https:\\\/\\\/diariodelsurdigital.com.ar\\\/wp-content\\\/uploads\\\/2025\\\/08\\\/l_1754965502_74196.webp\",\"width\":1200,\"height\":800},{\"@type\":\"BreadcrumbList\",\"@id\":\"https:\\\/\\\/diariodelsurdigital.com.ar\\\/?p=4289#breadcrumb\",\"itemListElement\":[{\"@type\":\"ListItem\",\"position\":1,\"name\":\"Portada\",\"item\":\"https:\\\/\\\/diariodelsurdigital.com.ar\\\/\"},{\"@type\":\"ListItem\",\"position\":2,\"name\":\"Las condiciones que marcar\u00e1n en el inicio de la semana en Concordia y la ciudad\"}]},{\"@type\":\"WebSite\",\"@id\":\"https:\\\/\\\/diariodelsurdigital.com.ar\\\/#website\",\"url\":\"https:\\\/\\\/diariodelsurdigital.com.ar\\\/\",\"name\":\"Diario del Sur\",\"description\":\"Digital\",\"potentialAction\":[{\"@type\":\"SearchAction\",\"target\":{\"@type\":\"EntryPoint\",\"urlTemplate\":\"https:\\\/\\\/diariodelsurdigital.com.ar\\\/?s={search_term_string}\"},\"query-input\":{\"@type\":\"PropertyValueSpecification\",\"valueRequired\":true,\"valueName\":\"search_term_string\"}}],\"inLanguage\":\"es\"},{\"@type\":\"Person\",\"@id\":\"https:\\\/\\\/diariodelsurdigital.com.ar\\\/#\\\/schema\\\/person\\\/d794acb23337e88c6e4004a39c32be62\",\"name\":\"Diario del Sur Digital\",\"image\":{\"@type\":\"ImageObject\",\"inLanguage\":\"es\",\"@id\":\"https:\\\/\\\/secure.gravatar.com\\\/avatar\\\/47679bcfa15734cfdefc176b6ad58adeeccac22b2e03e095ada6c622af2b463a?s=96&d=mm&r=g\",\"url\":\"https:\\\/\\\/secure.gravatar.com\\\/avatar\\\/47679bcfa15734cfdefc176b6ad58adeeccac22b2e03e095ada6c622af2b463a?s=96&d=mm&r=g\",\"contentUrl\":\"https:\\\/\\\/secure.gravatar.com\\\/avatar\\\/47679bcfa15734cfdefc176b6ad58adeeccac22b2e03e095ada6c622af2b463a?s=96&d=mm&r=g\",\"caption\":\"Diario del Sur Digital\"},\"url\":\"https:\\\/\\\/diariodelsurdigital.com.ar\\\/?author=3\"}]}<\/script>\n<!-- \/ Yoast SEO plugin. -->","yoast_head_json":{"title":"Las condiciones que marcar\u00e1n en el inicio de la semana en Concordia y la ciudad - Diario del Sur","robots":{"index":"index","follow":"follow","max-snippet":"max-snippet:-1","max-image-preview":"max-image-preview:large","max-video-preview":"max-video-preview:-1"},"canonical":"https:\/\/diariodelsurdigital.com.ar\/?p=4289","og_locale":"es_ES","og_type":"article","og_title":"Las condiciones que marcar\u00e1n en el inicio de la semana en Concordia y la ciudad - Diario del Sur","og_description":"Tras haber pasado una semana con inestabilidad clim\u00e1tica, el Servicio Meteorol\u00f3gico Nacional anunci\u00f3 que Concordia registrar\u00e1 buen tiempo y temperaturas no tan bajas, en los pr\u00f3ximos d\u00edas. Clima en Concordia. De acuerdo al pron\u00f3stico emitido, Concordia inicia la semana con cielo totalmente despejado, teniendo el sol como protagonista y ofreciendo buenas condiciones clim\u00e1ticas que permanecer\u00e1n [&hellip;]","og_url":"https:\/\/diariodelsurdigital.com.ar\/?p=4289","og_site_name":"Diario del Sur","article_published_time":"2025-08-25T00:46:44+00:00","og_image":[{"width":1200,"height":800,"url":"https:\/\/diariodelsurdigital.com.ar\/wp-content\/uploads\/2025\/08\/l_1754965502_74196.webp","type":"image\/webp"}],"author":"Diario del Sur Digital","twitter_card":"summary_large_image","twitter_misc":{"Escrito por":"Diario del Sur Digital","Tiempo de lectura":"2 minutos"},"schema":{"@context":"https:\/\/schema.org","@graph":[{"@type":"Article","@id":"https:\/\/diariodelsurdigital.com.ar\/?p=4289#article","isPartOf":{"@id":"https:\/\/diariodelsurdigital.com.ar\/?p=4289"},"author":{"name":"Diario del Sur Digital","@id":"https:\/\/diariodelsurdigital.com.ar\/#\/schema\/person\/d794acb23337e88c6e4004a39c32be62"},"headline":"Las condiciones que marcar\u00e1n en el inicio de la semana en Concordia y la ciudad","datePublished":"2025-08-25T00:46:44+00:00","mainEntityOfPage":{"@id":"https:\/\/diariodelsurdigital.com.ar\/?p=4289"},"wordCount":243,"commentCount":0,"image":{"@id":"https:\/\/diariodelsurdigital.com.ar\/?p=4289#primaryimage"},"thumbnailUrl":"https:\/\/diariodelsurdigital.com.ar\/wp-content\/uploads\/2025\/08\/l_1754965502_74196.webp","articleSection":["Inter\u00e9s General","Locales"],"inLanguage":"es","potentialAction":[{"@type":"CommentAction","name":"Comment","target":["https:\/\/diariodelsurdigital.com.ar\/?p=4289#respond"]}]},{"@type":"WebPage","@id":"https:\/\/diariodelsurdigital.com.ar\/?p=4289","url":"https:\/\/diariodelsurdigital.com.ar\/?p=4289","name":"Las condiciones que marcar\u00e1n en el inicio de la semana en Concordia y la ciudad - Diario del Sur","isPartOf":{"@id":"https:\/\/diariodelsurdigital.com.ar\/#website"},"primaryImageOfPage":{"@id":"https:\/\/diariodelsurdigital.com.ar\/?p=4289#primaryimage"},"image":{"@id":"https:\/\/diariodelsurdigital.com.ar\/?p=4289#primaryimage"},"thumbnailUrl":"https:\/\/diariodelsurdigital.com.ar\/wp-content\/uploads\/2025\/08\/l_1754965502_74196.webp","datePublished":"2025-08-25T00:46:44+00:00","author":{"@id":"https:\/\/diariodelsurdigital.com.ar\/#\/schema\/person\/d794acb23337e88c6e4004a39c32be62"},"breadcrumb":{"@id":"https:\/\/diariodelsurdigital.com.ar\/?p=4289#breadcrumb"},"inLanguage":"es","potentialAction":[{"@type":"ReadAction","target":["https:\/\/diariodelsurdigital.com.ar\/?p=4289"]}]},{"@type":"ImageObject","inLanguage":"es","@id":"https:\/\/diariodelsurdigital.com.ar\/?p=4289#primaryimage","url":"https:\/\/diariodelsurdigital.com.ar\/wp-content\/uploads\/2025\/08\/l_1754965502_74196.webp","contentUrl":"https:\/\/diariodelsurdigital.com.ar\/wp-content\/uploads\/2025\/08\/l_1754965502_74196.webp","width":1200,"height":800},{"@type":"BreadcrumbList","@id":"https:\/\/diariodelsurdigital.com.ar\/?p=4289#breadcrumb","itemListElement":[{"@type":"ListItem","position":1,"name":"Portada","item":"https:\/\/diariodelsurdigital.com.ar\/"},{"@type":"ListItem","position":2,"name":"Las condiciones que marcar\u00e1n en el inicio de la semana en Concordia y la ciudad"}]},{"@type":"WebSite","@id":"https:\/\/diariodelsurdigital.com.ar\/#website","url":"https:\/\/diariodelsurdigital.com.ar\/","name":"Diario del Sur","description":"Digital","potentialAction":[{"@type":"SearchAction","target":{"@type":"EntryPoint","urlTemplate":"https:\/\/diariodelsurdigital.com.ar\/?s={search_term_string}"},"query-input":{"@type":"PropertyValueSpecification","valueRequired":true,"valueName":"search_term_string"}}],"inLanguage":"es"},{"@type":"Person","@id":"https:\/\/diariodelsurdigital.com.ar\/#\/schema\/person\/d794acb23337e88c6e4004a39c32be62","name":"Diario del Sur Digital","image":{"@type":"ImageObject","inLanguage":"es","@id":"https:\/\/secure.gravatar.com\/avatar\/47679bcfa15734cfdefc176b6ad58adeeccac22b2e03e095ada6c622af2b463a?s=96&d=mm&r=g","url":"https:\/\/secure.gravatar.com\/avatar\/47679bcfa15734cfdefc176b6ad58adeeccac22b2e03e095ada6c622af2b463a?s=96&d=mm&r=g","contentUrl":"https:\/\/secure.gravatar.com\/avatar\/47679bcfa15734cfdefc176b6ad58adeeccac22b2e03e095ada6c622af2b463a?s=96&d=mm&r=g","caption":"Diario del Sur Digital"},"url":"https:\/\/diariodelsurdigital.com.ar\/?author=3"}]}},"_links":{"self":[{"href":"https:\/\/diariodelsurdigital.com.ar\/index.php?rest_route=\/wp\/v2\/posts\/4289","targetHints":{"allow":["GET"]}}],"collection":[{"href":"https:\/\/diariodelsurdigital.com.ar\/index.php?rest_route=\/wp\/v2\/posts"}],"about":[{"href":"https:\/\/diariodelsurdigital.com.ar\/index.php?rest_route=\/wp\/v2\/types\/post"}],"author":[{"embeddable":true,"href":"https:\/\/diariodelsurdigital.com.ar\/index.php?rest_route=\/wp\/v2\/users\/3"}],"replies":[{"embeddable":true,"href":"https:\/\/diariodelsurdigital.com.ar\/index.php?rest_route=%2Fwp%2Fv2%2Fcomments&post=4289"}],"version-history":[{"count":1,"href":"https:\/\/diariodelsurdigital.com.ar\/index.php?rest_route=\/wp\/v2\/posts\/4289\/revisions"}],"predecessor-version":[{"id":4291,"href":"https:\/\/diariodelsurdigital.com.ar\/index.php?rest_route=\/wp\/v2\/posts\/4289\/revisions\/4291"}],"wp:featuredmedia":[{"embeddable":true,"href":"https:\/\/diariodelsurdigital.com.ar\/index.php?rest_route=\/wp\/v2\/media\/4290"}],"wp:attachment":[{"href":"https:\/\/diariodelsurdigital.com.ar\/index.php?rest_route=%2Fwp%2Fv2%2Fmedia&parent=4289"}],"wp:term":[{"taxonomy":"category","embeddable":true,"href":"https:\/\/diariodelsurdigital.com.ar\/index.php?rest_route=%2Fwp%2Fv2%2Fcategories&post=4289"},{"taxonomy":"post_tag","embeddable":true,"href":"https:\/\/diariodelsurdigital.com.ar\/index.php?rest_route=%2Fwp%2Fv2%2Ftags&post=4289"}],"curies":[{"name":"wp","href":"https:\/\/api.w.org\/{rel}","templated":true}]}}