{"id":430,"date":"2025-01-03T13:10:46","date_gmt":"2025-01-03T16:10:46","guid":{"rendered":"https:\/\/diariodelsurdigital.com.ar\/?p=430"},"modified":"2025-01-03T13:10:47","modified_gmt":"2025-01-03T16:10:47","slug":"mudarse-por-no-poder-afrontar-el-alquiler-el-drama-social-que-exploto-durante-2024","status":"publish","type":"post","link":"https:\/\/diariodelsurdigital.com.ar\/?p=430","title":{"rendered":"Mudarse por no poder afrontar el alquiler: el drama social que explot\u00f3 durante 2024"},"content":{"rendered":"\n<p>El 2024 ser\u00e1 recordado, entre otros puntos oscuros, por la profundizaci\u00f3n de un drama social que vive la Argentina: quienes&nbsp;<a href=\"https:\/\/www.tiempoar.com.ar\/etiqueta\/inquilinos\/\" target=\"_blank\" rel=\"noreferrer noopener\">alquilan<\/a>&nbsp;a precios cada vez m\u00e1s impagables.&nbsp;<strong>Seg\u00fan encuestas de la agrupaci\u00f3n Inquilinos Agrupados, uno de cada 4 inquilinos debi\u00f3 mudarse en los \u00faltimos 3 meses por no poder afrontarlo<\/strong>. Muchos vuelven a la casa de los viejos.<\/p>\n\n\n\n<p>De este universo, el 94% tiene condiciones contractuales por fuera de la&nbsp;<a href=\"https:\/\/www.argentina.gob.ar\/justicia\/derechofacil\/leysimple\/alquileres\" target=\"_blank\" rel=\"noreferrer noopener\">ley de alquileres<\/a>. Bajo esa norma, rechazada por la administraci\u00f3n de Javier Milei,<strong>&nbsp;s\u00f3lo el 6% respondi\u00f3 haber tenido que mudarse por no poder hacer frente al pago del alquiler.<\/strong>&nbsp;Todo esto a pesar de la baja de la inflaci\u00f3n oficial de los \u00faltimos meses, que vino a la par de la ausencia del Estado como controlador de las relaciones contractuales donde los inquilinos estan en desigualdad de condiciones respecto a propietarios.<\/p>\n\n\n\n<p>\u00abLo que puede verse en los informes que fuimos elaborando durante todo el a\u00f1o, es que la \u00ab<strong>desregulaci\u00f3n<\/strong>\u00bb de las condiciones para alquilar vivienda en Argentina, le di\u00f3 herramientas al mercado inmobiliario para que sean ellos los que decidan como se alquila.<strong>&nbsp;Contratos cortos, actualizaciones por inflaci\u00f3n cada 3 o 4 meses, y todos los gastos a cargo de los inquilinos.<\/strong>&nbsp;Se demuestra que son una corporaci\u00f3n que necesitaba el fin de la ley de alquileres para aumentar su rentabilidad a costa del sufrimiento de inquilinos e inquilinas\u00bb, apunt\u00f3 Gervasio Mu\u00f1oz, titular de Inquilinos Agrupados.<\/p>\n\n\n\n<h2 class=\"wp-block-heading\">La incidencia del alquiler en los inquilinos<\/h2>\n\n\n\n<p>Otro efecto de la administraci\u00f3n de Javier Milei es que cada vez se debe destinar mayor cantidad de sueldo para abonar el alquiler: de acuerdo a los informes de Inquilinos Agrupados, el 44,6% de los ingresos totales del hogar se destina a pagar&nbsp;<strong>alquiler + expensas<\/strong>, estas \u00faltimas que subieron exponencialmente este a\u00f1o al amparo de la falta de control sobre las administraciones de consorcios. En edificios de CABA y primer cord\u00f3n del conurbano, sin seguridad ni amenities, solo con encargados, las expensas de un departamento de tres ambientes pasaron de 20.000 pesos a principios de a\u00f1o, a 110.000 en diciembre.<\/p>\n\n\n\n<p>\u00abEn aquellos alquileres que iniciaron en el 2024 l<strong>a incidencia del gasto de alquiler de la vivienda en el presupuesto del hogar asciende al 44,6%.<\/strong>&nbsp;Esto explica la grave situaci\u00f3n para poder llegar a fin de mes\u00bb, remarc\u00f3 Mu\u00f1oz.<\/p>\n\n\n\n<p>En este contexto,<strong>&nbsp;el 91% de los inquilinos afirm\u00f3 tener que relegar varios gastos fundamentales para poder pagar el alquiler.&nbsp;<\/strong>En el 44,9% redujeron gastos en alimentos y en el 48,4% en salud. El 90% recort\u00f3 salidas, espect\u00e1culos, restaurantes. El 84% ajust\u00f3 en vestimenta. S\u00f3lo el 9% respondi\u00f3 no haber tenido que recortar ning\u00fan gasto. El futuro no es m\u00e1s alentador: el 87,8% de los inquilinos cree que tendr\u00e1 dificultades para pagar el alquiler.<\/p>\n\n\n\n<h2 class=\"wp-block-heading\">Volver a la casa de los viejos<\/h2>\n\n\n\n<p>Durante el 2024, la evoluci\u00f3n del precio del alquiler en 2024 lleg\u00f3 a duplicar la inflaci\u00f3n. Y<strong>&nbsp;s\u00f3lo el 10% de los inquilinos est\u00e1 bajo las condiciones de la ley de alquileres<\/strong>, con plazo de 3 a\u00f1os y actualizaci\u00f3n anual por el \u00cdndice de Contratos de Locaci\u00f3n.<\/p>\n\n\n\n<p>La mitad de los inquilinos trabajan entre 9 y 12 hs por d\u00eda.<strong>&nbsp;El 40% tiene m\u00e1s de un trabajo. Multiempleo, y trabajar m\u00e1s horas<\/strong>. El 31% est\u00e1 buscando trabajo y el 6,4% respondi\u00f3 haberse quedado sin trabajo en 2024. Casi un cuarto de los contratos de alquiler en la Argentina son por menos de un a\u00f1o.<\/p>\n\n\n\n<p>En este contexto, hay un par de fen\u00f3menos que atraviesan este contexto. Por un lado, el crecimiento exponencial de los alquileres temporarios.<strong>&nbsp;El llamado \u2018Efecto Airbnb\u2019 que encarece los precios al dolarizarlos y fragmentarlos por plazos cortos<\/strong>. Baja la oferta para alquileres largos, y adem\u00e1s genera subida de precios, en un mercado desregulado. El a\u00f1o pasado lleg\u00f3 a pensarse un proyecto de ley para actuar sobre esos temporarios, como se hizo en New York, pero con la administraci\u00f3n de Jorge Macri la idea fue desechada.<\/p>\n\n\n\n<p>Lo otro que sucede es el fen\u00f3meno de \u00abvuelta a la casa de los viejos\u00bb. Algo que no se daba en los a\u00f1os anteriores. Al mismo tiempo, se alarga la estad\u00eda de los hijos j\u00f3venes que siguen viviendo en lo de sus padres.&nbsp;<strong>La Encuesta refleja que la edad promedio de emancipaci\u00f3n hoy se encuentra entre los 26 y 30 a\u00f1os<\/strong>: \u00ablas condiciones laborales de los menores de 25 a\u00f1os y las exigencias del mercado inmobiliario -recibos de sueldo que tripliquen el valor del alquiler, antig\u00fcedad laboral- es la primera barrera de acceso al alquiler de vivienda\u00bb.<\/p>\n\n\n\n<p>El fen\u00f3meno social de \u00abvolver a lo de los viejos\u00bb&nbsp;<a href=\"https:\/\/www.tiempoar.com.ar\/ta_article\/volver-a-la-casa-de-los-viejos-un-fenomeno-en-ascenso-frente-a-los-alquileres-imposibles\/\" target=\"_blank\" rel=\"noreferrer noopener\">fue revelado por&nbsp;<em>Tiempo&nbsp;<\/em>ya en marzo<\/a>, y se repite en muchas otras personas que tienen trabajo e ingresos medios o bajos, que tuvieron que buscar en el hogar familiar un refugio ante los aumentos descontrolados tras la devaluaci\u00f3n de diciembre y el&nbsp;<strong>DNU 70<\/strong>&nbsp;del gobierno nacional que derog\u00f3 la Ley de Alquileres y que pas\u00f3 a \u00abliberar\u00bb el mercado: ahora es todo un arreglo entre privados. Due\u00f1o-inquilino. Una relaci\u00f3n que ya se sabe asim\u00e9trica.<\/p>\n\n\n\n<p>Facundo S.&nbsp;<a href=\"https:\/\/www.tiempoar.com.ar\/etiqueta\/alquileres\/\" target=\"_blank\" rel=\"noreferrer noopener\">&nbsp;alquilaba&nbsp;<\/a>en el barrio porte\u00f1o de Villa Pueyrred\u00f3n, cerca de Agronom\u00eda. A principio de a\u00f1o pas\u00f3 de valer $ 50 mil a casi $ 200 mil. Las expensas que pagaba ya estaban en $ 35 mil e iban en aumento. Todo en subida, menos sus ingresos.<strong>&nbsp;A pesar de que Facundo trabaja casi todo el d\u00eda como jefe de compras de una firma de locales gastron\u00f3micos, en enero se vio obligado a tomar una decisi\u00f3n inc\u00f3moda: volvi\u00f3 a vivir a la casa de sus padres<\/strong>.<\/p>\n\n\n\n<p>\u00abEra una locura, 250 mil pesos por mes m\u00e1s impuestos,&nbsp;<strong>b\u00e1sicamente todo mi salario se me iba a ir ah\u00ed, por eso decid\u00ed volver con mi familia<\/strong>. Adem\u00e1s me ped\u00edan seguro de cauci\u00f3n, ahora ya no quieren m\u00e1s garant\u00eda propietaria\u00bb, cont\u00f3 Facundo a&nbsp;<em>Tiempo<\/em>.<\/p>\n\n\n\n<figure class=\"wp-block-image\"><img decoding=\"async\" src=\"https:\/\/www.tiempoar.com.ar\/wp-content\/uploads\/2023\/12\/ALQUILERES-FOTO-TELAM-1024x683.jpg\" alt=\"\" class=\"wp-image-700751\"\/><\/figure>\n\n\n\n<p>Este a\u00f1o Facundo mud\u00f3 sus pertenencias a una habitaci\u00f3n en la casa de sus padres en Colegiales.&nbsp;<strong>Aporta para los gastos comunes, la comida y el sustento de su mascota, un peque\u00f1o gato. S\u00f3lo as\u00ed le queda un resto para, de vez en cuando, salir a tomar una cerveza o compartir una comida<\/strong>.<\/p>\n\n\n\n<p>\u00abNo tengo que pagar un alquiler, eso me dio un grado m\u00e1s de posibilidades de disfrute, de salir a tomar una birra con alguien, ning\u00fan lujo, en alg\u00fan sentido siento que tengo el privilegio de tener un techo familiar, algo que mucha gente no tiene\u00bb. Pero por otro lado le cae la sensaci\u00f3n del paso atr\u00e1s en su independencia: \u00abuna persona aspira, por los menos, a vivir solo, a mantenerse, tener una vida digna, es un retroceso importante\u00bb.<\/p>\n\n\n\n<h2 class=\"wp-block-heading\">Inquilinos en problemas<\/h2>\n\n\n\n<p>El aumento descontrolado de los alquileres tiene otras aristas: jubilados que van a vivir a lo de alg\u00fan hijo\/a, familias que se mudan a barrios o ciudades m\u00e1s alejadas.&nbsp;<\/p>\n\n\n\n<p>\u00ab<strong>Los inquilinos e inquilinas no pueden pagar los alquileres, y ante las renovaciones y los precios desmedidos que se piden, la opci\u00f3n para los que pueden, es volver a vivir con sus padres<\/strong>\u00bb, remarc\u00f3 tiempo atr\u00e1s Tamara Lescano, integrante de Inquilinos Agrupados.<\/p>\n\n\n\n<p>Cuenta que las consultas ante esta situaci\u00f3n se multiplicaron: \u00abes muy angustiante, incluso compa\u00f1eros de la agrupaci\u00f3n tuvieron que volver a vivir con su familia,&nbsp;<strong>en alguna habitaci\u00f3n con hijes y sus parejas, porque no pod\u00edan afrontar los nuevos valores de los alquileres<\/strong>\u00bb.<\/p>\n\n\n\n<p>Expone casos de inquilinos a los que se les promete una renovaci\u00f3n a determinado monto y a \u00faltimo momento los propietarios o inmobiliarias les piden mucho m\u00e1s dinero o incumplen la palabra. Con el decreto 70\/23, las dificultades se exacerbaron. \u00abDesregula los ajustes dentro de contrato, los plazos pueden ser los que se les ocurra al rentista, entonces&nbsp;<strong>se genera una incertidumbre y un miedo de no poder pagarlo m\u00e1s adelante\u00bb<\/strong>.<\/p>\n","protected":false},"excerpt":{"rendered":"<p>El 2024 ser\u00e1 recordado, entre otros puntos oscuros, por la profundizaci\u00f3n de un drama social que vive la Argentina: quienes&nbsp;alquilan&nbsp;a precios cada vez m\u00e1s impagables.&nbsp;Seg\u00fan encuestas de la agrupaci\u00f3n Inquilinos Agrupados, uno de cada 4 inquilinos debi\u00f3 mudarse en los \u00faltimos 3 meses por no poder afrontarlo. Muchos vuelven a la casa de los viejos. [&hellip;]<\/p>\n","protected":false},"author":4,"featured_media":431,"comment_status":"open","ping_status":"open","sticky":false,"template":"","format":"standard","meta":{"footnotes":""},"categories":[19,18],"tags":[],"class_list":{"0":"post-430","1":"post","2":"type-post","3":"status-publish","4":"format-standard","5":"has-post-thumbnail","7":"category-interes-general","8":"category-nacionales"},"yoast_head":"<!-- This site is optimized with the Yoast SEO plugin v27.4 - https:\/\/yoast.com\/product\/yoast-seo-wordpress\/ -->\n<title>Mudarse por no poder afrontar el alquiler: el drama social que explot\u00f3 durante 2024 - Diario del Sur<\/title>\n<meta name=\"robots\" content=\"index, follow, max-snippet:-1, max-image-preview:large, max-video-preview:-1\" \/>\n<link rel=\"canonical\" href=\"https:\/\/diariodelsurdigital.com.ar\/?p=430\" \/>\n<meta property=\"og:locale\" content=\"es_ES\" \/>\n<meta property=\"og:type\" content=\"article\" \/>\n<meta property=\"og:title\" content=\"Mudarse por no poder afrontar el alquiler: el drama social que explot\u00f3 durante 2024 - Diario del Sur\" \/>\n<meta property=\"og:description\" content=\"El 2024 ser\u00e1 recordado, entre otros puntos oscuros, por la profundizaci\u00f3n de un drama social que vive la Argentina: quienes&nbsp;alquilan&nbsp;a precios cada vez m\u00e1s impagables.&nbsp;Seg\u00fan encuestas de la agrupaci\u00f3n Inquilinos Agrupados, uno de cada 4 inquilinos debi\u00f3 mudarse en los \u00faltimos 3 meses por no poder afrontarlo. Muchos vuelven a la casa de los viejos. [&hellip;]\" \/>\n<meta property=\"og:url\" content=\"https:\/\/diariodelsurdigital.com.ar\/?p=430\" \/>\n<meta property=\"og:site_name\" content=\"Diario del Sur\" \/>\n<meta property=\"article:published_time\" content=\"2025-01-03T16:10:46+00:00\" \/>\n<meta property=\"article:modified_time\" content=\"2025-01-03T16:10:47+00:00\" \/>\n<meta property=\"og:image\" content=\"https:\/\/diariodelsurdigital.com.ar\/wp-content\/uploads\/2025\/01\/180410-DB-ALQUILERES-5.jpg\" \/>\n\t<meta property=\"og:image:width\" content=\"1200\" \/>\n\t<meta property=\"og:image:height\" content=\"800\" \/>\n\t<meta property=\"og:image:type\" content=\"image\/jpeg\" \/>\n<meta name=\"author\" content=\"Diario del Sur Digital\" \/>\n<meta name=\"twitter:card\" content=\"summary_large_image\" \/>\n<meta name=\"twitter:label1\" content=\"Escrito por\" \/>\n\t<meta name=\"twitter:data1\" content=\"Diario del Sur Digital\" \/>\n\t<meta name=\"twitter:label2\" content=\"Tiempo de lectura\" \/>\n\t<meta name=\"twitter:data2\" content=\"7 minutos\" \/>\n<script type=\"application\/ld+json\" class=\"yoast-schema-graph\">{\"@context\":\"https:\\\/\\\/schema.org\",\"@graph\":[{\"@type\":\"Article\",\"@id\":\"https:\\\/\\\/diariodelsurdigital.com.ar\\\/?p=430#article\",\"isPartOf\":{\"@id\":\"https:\\\/\\\/diariodelsurdigital.com.ar\\\/?p=430\"},\"author\":{\"name\":\"Diario del Sur Digital\",\"@id\":\"https:\\\/\\\/diariodelsurdigital.com.ar\\\/#\\\/schema\\\/person\\\/1a4992532ed62965c968031b49195c81\"},\"headline\":\"Mudarse por no poder afrontar el alquiler: el drama social que explot\u00f3 durante 2024\",\"datePublished\":\"2025-01-03T16:10:46+00:00\",\"dateModified\":\"2025-01-03T16:10:47+00:00\",\"mainEntityOfPage\":{\"@id\":\"https:\\\/\\\/diariodelsurdigital.com.ar\\\/?p=430\"},\"wordCount\":1375,\"commentCount\":0,\"image\":{\"@id\":\"https:\\\/\\\/diariodelsurdigital.com.ar\\\/?p=430#primaryimage\"},\"thumbnailUrl\":\"https:\\\/\\\/diariodelsurdigital.com.ar\\\/wp-content\\\/uploads\\\/2025\\\/01\\\/180410-DB-ALQUILERES-5.jpg\",\"articleSection\":[\"Inter\u00e9s General\",\"Nacionales\"],\"inLanguage\":\"es\",\"potentialAction\":[{\"@type\":\"CommentAction\",\"name\":\"Comment\",\"target\":[\"https:\\\/\\\/diariodelsurdigital.com.ar\\\/?p=430#respond\"]}]},{\"@type\":\"WebPage\",\"@id\":\"https:\\\/\\\/diariodelsurdigital.com.ar\\\/?p=430\",\"url\":\"https:\\\/\\\/diariodelsurdigital.com.ar\\\/?p=430\",\"name\":\"Mudarse por no poder afrontar el alquiler: el drama social que explot\u00f3 durante 2024 - Diario del Sur\",\"isPartOf\":{\"@id\":\"https:\\\/\\\/diariodelsurdigital.com.ar\\\/#website\"},\"primaryImageOfPage\":{\"@id\":\"https:\\\/\\\/diariodelsurdigital.com.ar\\\/?p=430#primaryimage\"},\"image\":{\"@id\":\"https:\\\/\\\/diariodelsurdigital.com.ar\\\/?p=430#primaryimage\"},\"thumbnailUrl\":\"https:\\\/\\\/diariodelsurdigital.com.ar\\\/wp-content\\\/uploads\\\/2025\\\/01\\\/180410-DB-ALQUILERES-5.jpg\",\"datePublished\":\"2025-01-03T16:10:46+00:00\",\"dateModified\":\"2025-01-03T16:10:47+00:00\",\"author\":{\"@id\":\"https:\\\/\\\/diariodelsurdigital.com.ar\\\/#\\\/schema\\\/person\\\/1a4992532ed62965c968031b49195c81\"},\"breadcrumb\":{\"@id\":\"https:\\\/\\\/diariodelsurdigital.com.ar\\\/?p=430#breadcrumb\"},\"inLanguage\":\"es\",\"potentialAction\":[{\"@type\":\"ReadAction\",\"target\":[\"https:\\\/\\\/diariodelsurdigital.com.ar\\\/?p=430\"]}]},{\"@type\":\"ImageObject\",\"inLanguage\":\"es\",\"@id\":\"https:\\\/\\\/diariodelsurdigital.com.ar\\\/?p=430#primaryimage\",\"url\":\"https:\\\/\\\/diariodelsurdigital.com.ar\\\/wp-content\\\/uploads\\\/2025\\\/01\\\/180410-DB-ALQUILERES-5.jpg\",\"contentUrl\":\"https:\\\/\\\/diariodelsurdigital.com.ar\\\/wp-content\\\/uploads\\\/2025\\\/01\\\/180410-DB-ALQUILERES-5.jpg\",\"width\":1200,\"height\":800},{\"@type\":\"BreadcrumbList\",\"@id\":\"https:\\\/\\\/diariodelsurdigital.com.ar\\\/?p=430#breadcrumb\",\"itemListElement\":[{\"@type\":\"ListItem\",\"position\":1,\"name\":\"Portada\",\"item\":\"https:\\\/\\\/diariodelsurdigital.com.ar\\\/\"},{\"@type\":\"ListItem\",\"position\":2,\"name\":\"Mudarse por no poder afrontar el alquiler: el drama social que explot\u00f3 durante 2024\"}]},{\"@type\":\"WebSite\",\"@id\":\"https:\\\/\\\/diariodelsurdigital.com.ar\\\/#website\",\"url\":\"https:\\\/\\\/diariodelsurdigital.com.ar\\\/\",\"name\":\"Diario del Sur\",\"description\":\"Digital\",\"potentialAction\":[{\"@type\":\"SearchAction\",\"target\":{\"@type\":\"EntryPoint\",\"urlTemplate\":\"https:\\\/\\\/diariodelsurdigital.com.ar\\\/?s={search_term_string}\"},\"query-input\":{\"@type\":\"PropertyValueSpecification\",\"valueRequired\":true,\"valueName\":\"search_term_string\"}}],\"inLanguage\":\"es\"},{\"@type\":\"Person\",\"@id\":\"https:\\\/\\\/diariodelsurdigital.com.ar\\\/#\\\/schema\\\/person\\\/1a4992532ed62965c968031b49195c81\",\"name\":\"Diario del Sur Digital\",\"image\":{\"@type\":\"ImageObject\",\"inLanguage\":\"es\",\"@id\":\"https:\\\/\\\/secure.gravatar.com\\\/avatar\\\/f0c7c47fc7146d19828273b9b8eda651c9c7ab583767e6338d3d3bee825adf76?s=96&d=mm&r=g\",\"url\":\"https:\\\/\\\/secure.gravatar.com\\\/avatar\\\/f0c7c47fc7146d19828273b9b8eda651c9c7ab583767e6338d3d3bee825adf76?s=96&d=mm&r=g\",\"contentUrl\":\"https:\\\/\\\/secure.gravatar.com\\\/avatar\\\/f0c7c47fc7146d19828273b9b8eda651c9c7ab583767e6338d3d3bee825adf76?s=96&d=mm&r=g\",\"caption\":\"Diario del Sur Digital\"},\"url\":\"https:\\\/\\\/diariodelsurdigital.com.ar\\\/?author=4\"}]}<\/script>\n<!-- \/ Yoast SEO plugin. -->","yoast_head_json":{"title":"Mudarse por no poder afrontar el alquiler: el drama social que explot\u00f3 durante 2024 - Diario del Sur","robots":{"index":"index","follow":"follow","max-snippet":"max-snippet:-1","max-image-preview":"max-image-preview:large","max-video-preview":"max-video-preview:-1"},"canonical":"https:\/\/diariodelsurdigital.com.ar\/?p=430","og_locale":"es_ES","og_type":"article","og_title":"Mudarse por no poder afrontar el alquiler: el drama social que explot\u00f3 durante 2024 - Diario del Sur","og_description":"El 2024 ser\u00e1 recordado, entre otros puntos oscuros, por la profundizaci\u00f3n de un drama social que vive la Argentina: quienes&nbsp;alquilan&nbsp;a precios cada vez m\u00e1s impagables.&nbsp;Seg\u00fan encuestas de la agrupaci\u00f3n Inquilinos Agrupados, uno de cada 4 inquilinos debi\u00f3 mudarse en los \u00faltimos 3 meses por no poder afrontarlo. Muchos vuelven a la casa de los viejos. [&hellip;]","og_url":"https:\/\/diariodelsurdigital.com.ar\/?p=430","og_site_name":"Diario del Sur","article_published_time":"2025-01-03T16:10:46+00:00","article_modified_time":"2025-01-03T16:10:47+00:00","og_image":[{"width":1200,"height":800,"url":"https:\/\/diariodelsurdigital.com.ar\/wp-content\/uploads\/2025\/01\/180410-DB-ALQUILERES-5.jpg","type":"image\/jpeg"}],"author":"Diario del Sur Digital","twitter_card":"summary_large_image","twitter_misc":{"Escrito por":"Diario del Sur Digital","Tiempo de lectura":"7 minutos"},"schema":{"@context":"https:\/\/schema.org","@graph":[{"@type":"Article","@id":"https:\/\/diariodelsurdigital.com.ar\/?p=430#article","isPartOf":{"@id":"https:\/\/diariodelsurdigital.com.ar\/?p=430"},"author":{"name":"Diario del Sur Digital","@id":"https:\/\/diariodelsurdigital.com.ar\/#\/schema\/person\/1a4992532ed62965c968031b49195c81"},"headline":"Mudarse por no poder afrontar el alquiler: el drama social que explot\u00f3 durante 2024","datePublished":"2025-01-03T16:10:46+00:00","dateModified":"2025-01-03T16:10:47+00:00","mainEntityOfPage":{"@id":"https:\/\/diariodelsurdigital.com.ar\/?p=430"},"wordCount":1375,"commentCount":0,"image":{"@id":"https:\/\/diariodelsurdigital.com.ar\/?p=430#primaryimage"},"thumbnailUrl":"https:\/\/diariodelsurdigital.com.ar\/wp-content\/uploads\/2025\/01\/180410-DB-ALQUILERES-5.jpg","articleSection":["Inter\u00e9s General","Nacionales"],"inLanguage":"es","potentialAction":[{"@type":"CommentAction","name":"Comment","target":["https:\/\/diariodelsurdigital.com.ar\/?p=430#respond"]}]},{"@type":"WebPage","@id":"https:\/\/diariodelsurdigital.com.ar\/?p=430","url":"https:\/\/diariodelsurdigital.com.ar\/?p=430","name":"Mudarse por no poder afrontar el alquiler: el drama social que explot\u00f3 durante 2024 - Diario del Sur","isPartOf":{"@id":"https:\/\/diariodelsurdigital.com.ar\/#website"},"primaryImageOfPage":{"@id":"https:\/\/diariodelsurdigital.com.ar\/?p=430#primaryimage"},"image":{"@id":"https:\/\/diariodelsurdigital.com.ar\/?p=430#primaryimage"},"thumbnailUrl":"https:\/\/diariodelsurdigital.com.ar\/wp-content\/uploads\/2025\/01\/180410-DB-ALQUILERES-5.jpg","datePublished":"2025-01-03T16:10:46+00:00","dateModified":"2025-01-03T16:10:47+00:00","author":{"@id":"https:\/\/diariodelsurdigital.com.ar\/#\/schema\/person\/1a4992532ed62965c968031b49195c81"},"breadcrumb":{"@id":"https:\/\/diariodelsurdigital.com.ar\/?p=430#breadcrumb"},"inLanguage":"es","potentialAction":[{"@type":"ReadAction","target":["https:\/\/diariodelsurdigital.com.ar\/?p=430"]}]},{"@type":"ImageObject","inLanguage":"es","@id":"https:\/\/diariodelsurdigital.com.ar\/?p=430#primaryimage","url":"https:\/\/diariodelsurdigital.com.ar\/wp-content\/uploads\/2025\/01\/180410-DB-ALQUILERES-5.jpg","contentUrl":"https:\/\/diariodelsurdigital.com.ar\/wp-content\/uploads\/2025\/01\/180410-DB-ALQUILERES-5.jpg","width":1200,"height":800},{"@type":"BreadcrumbList","@id":"https:\/\/diariodelsurdigital.com.ar\/?p=430#breadcrumb","itemListElement":[{"@type":"ListItem","position":1,"name":"Portada","item":"https:\/\/diariodelsurdigital.com.ar\/"},{"@type":"ListItem","position":2,"name":"Mudarse por no poder afrontar el alquiler: el drama social que explot\u00f3 durante 2024"}]},{"@type":"WebSite","@id":"https:\/\/diariodelsurdigital.com.ar\/#website","url":"https:\/\/diariodelsurdigital.com.ar\/","name":"Diario del Sur","description":"Digital","potentialAction":[{"@type":"SearchAction","target":{"@type":"EntryPoint","urlTemplate":"https:\/\/diariodelsurdigital.com.ar\/?s={search_term_string}"},"query-input":{"@type":"PropertyValueSpecification","valueRequired":true,"valueName":"search_term_string"}}],"inLanguage":"es"},{"@type":"Person","@id":"https:\/\/diariodelsurdigital.com.ar\/#\/schema\/person\/1a4992532ed62965c968031b49195c81","name":"Diario del Sur Digital","image":{"@type":"ImageObject","inLanguage":"es","@id":"https:\/\/secure.gravatar.com\/avatar\/f0c7c47fc7146d19828273b9b8eda651c9c7ab583767e6338d3d3bee825adf76?s=96&d=mm&r=g","url":"https:\/\/secure.gravatar.com\/avatar\/f0c7c47fc7146d19828273b9b8eda651c9c7ab583767e6338d3d3bee825adf76?s=96&d=mm&r=g","contentUrl":"https:\/\/secure.gravatar.com\/avatar\/f0c7c47fc7146d19828273b9b8eda651c9c7ab583767e6338d3d3bee825adf76?s=96&d=mm&r=g","caption":"Diario del Sur Digital"},"url":"https:\/\/diariodelsurdigital.com.ar\/?author=4"}]}},"_links":{"self":[{"href":"https:\/\/diariodelsurdigital.com.ar\/index.php?rest_route=\/wp\/v2\/posts\/430","targetHints":{"allow":["GET"]}}],"collection":[{"href":"https:\/\/diariodelsurdigital.com.ar\/index.php?rest_route=\/wp\/v2\/posts"}],"about":[{"href":"https:\/\/diariodelsurdigital.com.ar\/index.php?rest_route=\/wp\/v2\/types\/post"}],"author":[{"embeddable":true,"href":"https:\/\/diariodelsurdigital.com.ar\/index.php?rest_route=\/wp\/v2\/users\/4"}],"replies":[{"embeddable":true,"href":"https:\/\/diariodelsurdigital.com.ar\/index.php?rest_route=%2Fwp%2Fv2%2Fcomments&post=430"}],"version-history":[{"count":1,"href":"https:\/\/diariodelsurdigital.com.ar\/index.php?rest_route=\/wp\/v2\/posts\/430\/revisions"}],"predecessor-version":[{"id":432,"href":"https:\/\/diariodelsurdigital.com.ar\/index.php?rest_route=\/wp\/v2\/posts\/430\/revisions\/432"}],"wp:featuredmedia":[{"embeddable":true,"href":"https:\/\/diariodelsurdigital.com.ar\/index.php?rest_route=\/wp\/v2\/media\/431"}],"wp:attachment":[{"href":"https:\/\/diariodelsurdigital.com.ar\/index.php?rest_route=%2Fwp%2Fv2%2Fmedia&parent=430"}],"wp:term":[{"taxonomy":"category","embeddable":true,"href":"https:\/\/diariodelsurdigital.com.ar\/index.php?rest_route=%2Fwp%2Fv2%2Fcategories&post=430"},{"taxonomy":"post_tag","embeddable":true,"href":"https:\/\/diariodelsurdigital.com.ar\/index.php?rest_route=%2Fwp%2Fv2%2Ftags&post=430"}],"curies":[{"name":"wp","href":"https:\/\/api.w.org\/{rel}","templated":true}]}}