{"id":4306,"date":"2025-08-26T10:27:20","date_gmt":"2025-08-26T13:27:20","guid":{"rendered":"https:\/\/diariodelsurdigital.com.ar\/?p=4306"},"modified":"2025-08-26T10:27:21","modified_gmt":"2025-08-26T13:27:21","slug":"robo-de-bebes-en-parana-confirman-la-condena-a-13-anos-de-prision-a-represor","status":"publish","type":"post","link":"https:\/\/diariodelsurdigital.com.ar\/?p=4306","title":{"rendered":"Robo de beb\u00e9s en Paran\u00e1: Confirman la condena a 13 a\u00f1os de prisi\u00f3n a represor"},"content":{"rendered":"\n<p>Casaci\u00f3n Federal confirm\u00f3 la condena a Marino Gonz\u00e1lez por la sustracci\u00f3n de Sabrina Gullino Valenzuela Negro y de su hermano en la \u00faltima dictadura en Paran\u00e1.<\/p>\n\n\n\n<p>La C\u00e1mara Federal de Casaci\u00f3n, Sala 3, rechaz\u00f3 los recursos de la defensa y ratific\u00f3 la condena a Marino Oscar Gonz\u00e1lez, ex- integrante del Destacamento de Inteligencia 121 de Rosario, quien fue condenado el 23 de noviembre de 2021 por el Tribunal Oral Federal de Paran\u00e1 a la pena de 13 a\u00f1os por haber sido encontrado culpable de la sustracci\u00f3n y la supresi\u00f3n de la identidad de los mellizos, hijo e hija de los desaparecidos Raquel Negro y Tulio Valenzuela. La sentencia fue emitida el 21 de agosto.<\/p>\n\n\n\n<p>\u00abEl hoy condenado represor, hab\u00eda sido absuelto por esos hechos en 2011, pero la Corte Suprema de Justicia de la Naci\u00f3n orden\u00f3 un nuevo juicio en donde se lo encontr\u00f3 culpable\u00bb, se record\u00f3 desde el Registro \u00danico de la Verdad.<\/p>\n\n\n\n<p>Marino Gonz\u00e1lez fue condenado como coautor del delito de \u00absustracci\u00f3n de menores de 10 a\u00f1os del poder de sus padres, tutor o persona encargada\u00bb, en concurso ideal con el delito de \u00absupresi\u00f3n del estado civil de menores de 10 a\u00f1os\u00bb, esto es, robo de beb\u00e9s y sustituci\u00f3n de identidad.<\/p>\n\n\n\n<p>Delitos cometidos en Paran\u00e1<br>Estos delitos fueron cometidos por el represor en dos hechos: la sustracci\u00f3n de los mellizos hijos de los detenidos &#8211; desaparecidos Raquel Negro y Tulio Valenzuela. Los beb\u00e9s, Sabrina y el Melli, nacieron en el Hospital Militar de Paran\u00e1 en marzo de 1978 y fueron trasladados al Instituto Privado de Pediatr\u00eda \u2013IPP-; la ni\u00f1a restituy\u00f3 su identidad reci\u00e9n en 2008, mientras que el mellizo contin\u00faa en condici\u00f3n de desaparecido.<\/p>\n\n\n\n<p>Finalmente, desde el Registro se record\u00f3 que \u00abesta causa tiene su origen en una denuncia del Registro \u00danico de la Verdad, en el marco del cual Sabrina, adem\u00e1s, restituy\u00f3 su identidad\u00bb. Actualmente las querellas siguen siendo del equipo jur\u00eddico del Registro \u00fanico de la Verdad de la provincia de Entre R\u00edos, public\u00f3 Diario Uno Entre R\u00edos.<\/p>\n","protected":false},"excerpt":{"rendered":"<p>Casaci\u00f3n Federal confirm\u00f3 la condena a Marino Gonz\u00e1lez por la sustracci\u00f3n de Sabrina Gullino Valenzuela Negro y de su hermano en la \u00faltima dictadura en Paran\u00e1. La C\u00e1mara Federal de Casaci\u00f3n, Sala 3, rechaz\u00f3 los recursos de la defensa y ratific\u00f3 la condena a Marino Oscar Gonz\u00e1lez, ex- integrante del Destacamento de Inteligencia 121 de [&hellip;]<\/p>\n","protected":false},"author":4,"featured_media":4307,"comment_status":"open","ping_status":"open","sticky":false,"template":"","format":"standard","meta":{"footnotes":""},"categories":[19,17],"tags":[],"class_list":{"0":"post-4306","1":"post","2":"type-post","3":"status-publish","4":"format-standard","5":"has-post-thumbnail","7":"category-interes-general","8":"category-provinciales"},"yoast_head":"<!-- This site is optimized with the Yoast SEO plugin v27.4 - https:\/\/yoast.com\/product\/yoast-seo-wordpress\/ -->\n<title>Robo de beb\u00e9s en Paran\u00e1: Confirman la condena a 13 a\u00f1os de prisi\u00f3n a represor - Diario del Sur<\/title>\n<meta name=\"robots\" content=\"index, follow, max-snippet:-1, max-image-preview:large, max-video-preview:-1\" \/>\n<link rel=\"canonical\" href=\"https:\/\/diariodelsurdigital.com.ar\/?p=4306\" \/>\n<meta property=\"og:locale\" content=\"es_ES\" \/>\n<meta property=\"og:type\" content=\"article\" \/>\n<meta property=\"og:title\" content=\"Robo de beb\u00e9s en Paran\u00e1: Confirman la condena a 13 a\u00f1os de prisi\u00f3n a represor - Diario del Sur\" \/>\n<meta property=\"og:description\" content=\"Casaci\u00f3n Federal confirm\u00f3 la condena a Marino Gonz\u00e1lez por la sustracci\u00f3n de Sabrina Gullino Valenzuela Negro y de su hermano en la \u00faltima dictadura en Paran\u00e1. La C\u00e1mara Federal de Casaci\u00f3n, Sala 3, rechaz\u00f3 los recursos de la defensa y ratific\u00f3 la condena a Marino Oscar Gonz\u00e1lez, ex- integrante del Destacamento de Inteligencia 121 de [&hellip;]\" \/>\n<meta property=\"og:url\" content=\"https:\/\/diariodelsurdigital.com.ar\/?p=4306\" \/>\n<meta property=\"og:site_name\" content=\"Diario del Sur\" \/>\n<meta property=\"article:published_time\" content=\"2025-08-26T13:27:20+00:00\" \/>\n<meta property=\"article:modified_time\" content=\"2025-08-26T13:27:21+00:00\" \/>\n<meta property=\"og:image\" content=\"https:\/\/diariodelsurdigital.com.ar\/wp-content\/uploads\/2025\/08\/md-3-2.webp\" \/>\n\t<meta property=\"og:image:width\" content=\"992\" \/>\n\t<meta property=\"og:image:height\" content=\"558\" \/>\n\t<meta property=\"og:image:type\" content=\"image\/webp\" \/>\n<meta name=\"author\" content=\"Diario del Sur Digital\" \/>\n<meta name=\"twitter:card\" content=\"summary_large_image\" \/>\n<meta name=\"twitter:label1\" content=\"Escrito por\" \/>\n\t<meta name=\"twitter:data1\" content=\"Diario del Sur Digital\" \/>\n\t<meta name=\"twitter:label2\" content=\"Tiempo de lectura\" \/>\n\t<meta name=\"twitter:data2\" content=\"2 minutos\" \/>\n<script type=\"application\/ld+json\" class=\"yoast-schema-graph\">{\"@context\":\"https:\\\/\\\/schema.org\",\"@graph\":[{\"@type\":\"Article\",\"@id\":\"https:\\\/\\\/diariodelsurdigital.com.ar\\\/?p=4306#article\",\"isPartOf\":{\"@id\":\"https:\\\/\\\/diariodelsurdigital.com.ar\\\/?p=4306\"},\"author\":{\"name\":\"Diario del Sur Digital\",\"@id\":\"https:\\\/\\\/diariodelsurdigital.com.ar\\\/#\\\/schema\\\/person\\\/1a4992532ed62965c968031b49195c81\"},\"headline\":\"Robo de beb\u00e9s en Paran\u00e1: Confirman la condena a 13 a\u00f1os de prisi\u00f3n a represor\",\"datePublished\":\"2025-08-26T13:27:20+00:00\",\"dateModified\":\"2025-08-26T13:27:21+00:00\",\"mainEntityOfPage\":{\"@id\":\"https:\\\/\\\/diariodelsurdigital.com.ar\\\/?p=4306\"},\"wordCount\":367,\"commentCount\":0,\"image\":{\"@id\":\"https:\\\/\\\/diariodelsurdigital.com.ar\\\/?p=4306#primaryimage\"},\"thumbnailUrl\":\"https:\\\/\\\/diariodelsurdigital.com.ar\\\/wp-content\\\/uploads\\\/2025\\\/08\\\/md-3-2.webp\",\"articleSection\":[\"Inter\u00e9s General\",\"Provinciales\"],\"inLanguage\":\"es\",\"potentialAction\":[{\"@type\":\"CommentAction\",\"name\":\"Comment\",\"target\":[\"https:\\\/\\\/diariodelsurdigital.com.ar\\\/?p=4306#respond\"]}]},{\"@type\":\"WebPage\",\"@id\":\"https:\\\/\\\/diariodelsurdigital.com.ar\\\/?p=4306\",\"url\":\"https:\\\/\\\/diariodelsurdigital.com.ar\\\/?p=4306\",\"name\":\"Robo de beb\u00e9s en Paran\u00e1: Confirman la condena a 13 a\u00f1os de prisi\u00f3n a represor - Diario del Sur\",\"isPartOf\":{\"@id\":\"https:\\\/\\\/diariodelsurdigital.com.ar\\\/#website\"},\"primaryImageOfPage\":{\"@id\":\"https:\\\/\\\/diariodelsurdigital.com.ar\\\/?p=4306#primaryimage\"},\"image\":{\"@id\":\"https:\\\/\\\/diariodelsurdigital.com.ar\\\/?p=4306#primaryimage\"},\"thumbnailUrl\":\"https:\\\/\\\/diariodelsurdigital.com.ar\\\/wp-content\\\/uploads\\\/2025\\\/08\\\/md-3-2.webp\",\"datePublished\":\"2025-08-26T13:27:20+00:00\",\"dateModified\":\"2025-08-26T13:27:21+00:00\",\"author\":{\"@id\":\"https:\\\/\\\/diariodelsurdigital.com.ar\\\/#\\\/schema\\\/person\\\/1a4992532ed62965c968031b49195c81\"},\"breadcrumb\":{\"@id\":\"https:\\\/\\\/diariodelsurdigital.com.ar\\\/?p=4306#breadcrumb\"},\"inLanguage\":\"es\",\"potentialAction\":[{\"@type\":\"ReadAction\",\"target\":[\"https:\\\/\\\/diariodelsurdigital.com.ar\\\/?p=4306\"]}]},{\"@type\":\"ImageObject\",\"inLanguage\":\"es\",\"@id\":\"https:\\\/\\\/diariodelsurdigital.com.ar\\\/?p=4306#primaryimage\",\"url\":\"https:\\\/\\\/diariodelsurdigital.com.ar\\\/wp-content\\\/uploads\\\/2025\\\/08\\\/md-3-2.webp\",\"contentUrl\":\"https:\\\/\\\/diariodelsurdigital.com.ar\\\/wp-content\\\/uploads\\\/2025\\\/08\\\/md-3-2.webp\",\"width\":992,\"height\":558},{\"@type\":\"BreadcrumbList\",\"@id\":\"https:\\\/\\\/diariodelsurdigital.com.ar\\\/?p=4306#breadcrumb\",\"itemListElement\":[{\"@type\":\"ListItem\",\"position\":1,\"name\":\"Portada\",\"item\":\"https:\\\/\\\/diariodelsurdigital.com.ar\\\/\"},{\"@type\":\"ListItem\",\"position\":2,\"name\":\"Robo de beb\u00e9s en Paran\u00e1: Confirman la condena a 13 a\u00f1os de prisi\u00f3n a represor\"}]},{\"@type\":\"WebSite\",\"@id\":\"https:\\\/\\\/diariodelsurdigital.com.ar\\\/#website\",\"url\":\"https:\\\/\\\/diariodelsurdigital.com.ar\\\/\",\"name\":\"Diario del Sur\",\"description\":\"Digital\",\"potentialAction\":[{\"@type\":\"SearchAction\",\"target\":{\"@type\":\"EntryPoint\",\"urlTemplate\":\"https:\\\/\\\/diariodelsurdigital.com.ar\\\/?s={search_term_string}\"},\"query-input\":{\"@type\":\"PropertyValueSpecification\",\"valueRequired\":true,\"valueName\":\"search_term_string\"}}],\"inLanguage\":\"es\"},{\"@type\":\"Person\",\"@id\":\"https:\\\/\\\/diariodelsurdigital.com.ar\\\/#\\\/schema\\\/person\\\/1a4992532ed62965c968031b49195c81\",\"name\":\"Diario del Sur Digital\",\"image\":{\"@type\":\"ImageObject\",\"inLanguage\":\"es\",\"@id\":\"https:\\\/\\\/secure.gravatar.com\\\/avatar\\\/f0c7c47fc7146d19828273b9b8eda651c9c7ab583767e6338d3d3bee825adf76?s=96&d=mm&r=g\",\"url\":\"https:\\\/\\\/secure.gravatar.com\\\/avatar\\\/f0c7c47fc7146d19828273b9b8eda651c9c7ab583767e6338d3d3bee825adf76?s=96&d=mm&r=g\",\"contentUrl\":\"https:\\\/\\\/secure.gravatar.com\\\/avatar\\\/f0c7c47fc7146d19828273b9b8eda651c9c7ab583767e6338d3d3bee825adf76?s=96&d=mm&r=g\",\"caption\":\"Diario del Sur Digital\"},\"url\":\"https:\\\/\\\/diariodelsurdigital.com.ar\\\/?author=4\"}]}<\/script>\n<!-- \/ Yoast SEO plugin. -->","yoast_head_json":{"title":"Robo de beb\u00e9s en Paran\u00e1: Confirman la condena a 13 a\u00f1os de prisi\u00f3n a represor - Diario del Sur","robots":{"index":"index","follow":"follow","max-snippet":"max-snippet:-1","max-image-preview":"max-image-preview:large","max-video-preview":"max-video-preview:-1"},"canonical":"https:\/\/diariodelsurdigital.com.ar\/?p=4306","og_locale":"es_ES","og_type":"article","og_title":"Robo de beb\u00e9s en Paran\u00e1: Confirman la condena a 13 a\u00f1os de prisi\u00f3n a represor - Diario del Sur","og_description":"Casaci\u00f3n Federal confirm\u00f3 la condena a Marino Gonz\u00e1lez por la sustracci\u00f3n de Sabrina Gullino Valenzuela Negro y de su hermano en la \u00faltima dictadura en Paran\u00e1. La C\u00e1mara Federal de Casaci\u00f3n, Sala 3, rechaz\u00f3 los recursos de la defensa y ratific\u00f3 la condena a Marino Oscar Gonz\u00e1lez, ex- integrante del Destacamento de Inteligencia 121 de [&hellip;]","og_url":"https:\/\/diariodelsurdigital.com.ar\/?p=4306","og_site_name":"Diario del Sur","article_published_time":"2025-08-26T13:27:20+00:00","article_modified_time":"2025-08-26T13:27:21+00:00","og_image":[{"width":992,"height":558,"url":"https:\/\/diariodelsurdigital.com.ar\/wp-content\/uploads\/2025\/08\/md-3-2.webp","type":"image\/webp"}],"author":"Diario del Sur Digital","twitter_card":"summary_large_image","twitter_misc":{"Escrito por":"Diario del Sur Digital","Tiempo de lectura":"2 minutos"},"schema":{"@context":"https:\/\/schema.org","@graph":[{"@type":"Article","@id":"https:\/\/diariodelsurdigital.com.ar\/?p=4306#article","isPartOf":{"@id":"https:\/\/diariodelsurdigital.com.ar\/?p=4306"},"author":{"name":"Diario del Sur Digital","@id":"https:\/\/diariodelsurdigital.com.ar\/#\/schema\/person\/1a4992532ed62965c968031b49195c81"},"headline":"Robo de beb\u00e9s en Paran\u00e1: Confirman la condena a 13 a\u00f1os de prisi\u00f3n a represor","datePublished":"2025-08-26T13:27:20+00:00","dateModified":"2025-08-26T13:27:21+00:00","mainEntityOfPage":{"@id":"https:\/\/diariodelsurdigital.com.ar\/?p=4306"},"wordCount":367,"commentCount":0,"image":{"@id":"https:\/\/diariodelsurdigital.com.ar\/?p=4306#primaryimage"},"thumbnailUrl":"https:\/\/diariodelsurdigital.com.ar\/wp-content\/uploads\/2025\/08\/md-3-2.webp","articleSection":["Inter\u00e9s General","Provinciales"],"inLanguage":"es","potentialAction":[{"@type":"CommentAction","name":"Comment","target":["https:\/\/diariodelsurdigital.com.ar\/?p=4306#respond"]}]},{"@type":"WebPage","@id":"https:\/\/diariodelsurdigital.com.ar\/?p=4306","url":"https:\/\/diariodelsurdigital.com.ar\/?p=4306","name":"Robo de beb\u00e9s en Paran\u00e1: Confirman la condena a 13 a\u00f1os de prisi\u00f3n a represor - Diario del Sur","isPartOf":{"@id":"https:\/\/diariodelsurdigital.com.ar\/#website"},"primaryImageOfPage":{"@id":"https:\/\/diariodelsurdigital.com.ar\/?p=4306#primaryimage"},"image":{"@id":"https:\/\/diariodelsurdigital.com.ar\/?p=4306#primaryimage"},"thumbnailUrl":"https:\/\/diariodelsurdigital.com.ar\/wp-content\/uploads\/2025\/08\/md-3-2.webp","datePublished":"2025-08-26T13:27:20+00:00","dateModified":"2025-08-26T13:27:21+00:00","author":{"@id":"https:\/\/diariodelsurdigital.com.ar\/#\/schema\/person\/1a4992532ed62965c968031b49195c81"},"breadcrumb":{"@id":"https:\/\/diariodelsurdigital.com.ar\/?p=4306#breadcrumb"},"inLanguage":"es","potentialAction":[{"@type":"ReadAction","target":["https:\/\/diariodelsurdigital.com.ar\/?p=4306"]}]},{"@type":"ImageObject","inLanguage":"es","@id":"https:\/\/diariodelsurdigital.com.ar\/?p=4306#primaryimage","url":"https:\/\/diariodelsurdigital.com.ar\/wp-content\/uploads\/2025\/08\/md-3-2.webp","contentUrl":"https:\/\/diariodelsurdigital.com.ar\/wp-content\/uploads\/2025\/08\/md-3-2.webp","width":992,"height":558},{"@type":"BreadcrumbList","@id":"https:\/\/diariodelsurdigital.com.ar\/?p=4306#breadcrumb","itemListElement":[{"@type":"ListItem","position":1,"name":"Portada","item":"https:\/\/diariodelsurdigital.com.ar\/"},{"@type":"ListItem","position":2,"name":"Robo de beb\u00e9s en Paran\u00e1: Confirman la condena a 13 a\u00f1os de prisi\u00f3n a represor"}]},{"@type":"WebSite","@id":"https:\/\/diariodelsurdigital.com.ar\/#website","url":"https:\/\/diariodelsurdigital.com.ar\/","name":"Diario del Sur","description":"Digital","potentialAction":[{"@type":"SearchAction","target":{"@type":"EntryPoint","urlTemplate":"https:\/\/diariodelsurdigital.com.ar\/?s={search_term_string}"},"query-input":{"@type":"PropertyValueSpecification","valueRequired":true,"valueName":"search_term_string"}}],"inLanguage":"es"},{"@type":"Person","@id":"https:\/\/diariodelsurdigital.com.ar\/#\/schema\/person\/1a4992532ed62965c968031b49195c81","name":"Diario del Sur Digital","image":{"@type":"ImageObject","inLanguage":"es","@id":"https:\/\/secure.gravatar.com\/avatar\/f0c7c47fc7146d19828273b9b8eda651c9c7ab583767e6338d3d3bee825adf76?s=96&d=mm&r=g","url":"https:\/\/secure.gravatar.com\/avatar\/f0c7c47fc7146d19828273b9b8eda651c9c7ab583767e6338d3d3bee825adf76?s=96&d=mm&r=g","contentUrl":"https:\/\/secure.gravatar.com\/avatar\/f0c7c47fc7146d19828273b9b8eda651c9c7ab583767e6338d3d3bee825adf76?s=96&d=mm&r=g","caption":"Diario del Sur Digital"},"url":"https:\/\/diariodelsurdigital.com.ar\/?author=4"}]}},"_links":{"self":[{"href":"https:\/\/diariodelsurdigital.com.ar\/index.php?rest_route=\/wp\/v2\/posts\/4306","targetHints":{"allow":["GET"]}}],"collection":[{"href":"https:\/\/diariodelsurdigital.com.ar\/index.php?rest_route=\/wp\/v2\/posts"}],"about":[{"href":"https:\/\/diariodelsurdigital.com.ar\/index.php?rest_route=\/wp\/v2\/types\/post"}],"author":[{"embeddable":true,"href":"https:\/\/diariodelsurdigital.com.ar\/index.php?rest_route=\/wp\/v2\/users\/4"}],"replies":[{"embeddable":true,"href":"https:\/\/diariodelsurdigital.com.ar\/index.php?rest_route=%2Fwp%2Fv2%2Fcomments&post=4306"}],"version-history":[{"count":1,"href":"https:\/\/diariodelsurdigital.com.ar\/index.php?rest_route=\/wp\/v2\/posts\/4306\/revisions"}],"predecessor-version":[{"id":4308,"href":"https:\/\/diariodelsurdigital.com.ar\/index.php?rest_route=\/wp\/v2\/posts\/4306\/revisions\/4308"}],"wp:featuredmedia":[{"embeddable":true,"href":"https:\/\/diariodelsurdigital.com.ar\/index.php?rest_route=\/wp\/v2\/media\/4307"}],"wp:attachment":[{"href":"https:\/\/diariodelsurdigital.com.ar\/index.php?rest_route=%2Fwp%2Fv2%2Fmedia&parent=4306"}],"wp:term":[{"taxonomy":"category","embeddable":true,"href":"https:\/\/diariodelsurdigital.com.ar\/index.php?rest_route=%2Fwp%2Fv2%2Fcategories&post=4306"},{"taxonomy":"post_tag","embeddable":true,"href":"https:\/\/diariodelsurdigital.com.ar\/index.php?rest_route=%2Fwp%2Fv2%2Ftags&post=4306"}],"curies":[{"name":"wp","href":"https:\/\/api.w.org\/{rel}","templated":true}]}}