{"id":4315,"date":"2025-08-26T10:33:56","date_gmt":"2025-08-26T13:33:56","guid":{"rendered":"https:\/\/diariodelsurdigital.com.ar\/?p=4315"},"modified":"2025-08-26T10:33:57","modified_gmt":"2025-08-26T13:33:57","slug":"el-indice-de-confianza-en-el-gobierno-de-derrumbo-136-en-agosto","status":"publish","type":"post","link":"https:\/\/diariodelsurdigital.com.ar\/?p=4315","title":{"rendered":"El \u00cdndice de confianza en el Gobierno de derrumb\u00f3 13,6% en agosto"},"content":{"rendered":"\n<p>El \u00cdndice de Confianza en el Gobierno (ICG), elaborado por la Escuela de Gobierno de la Universidad Torcuato Di Tella, cay\u00f3 13,6% en agosto respecto de julio y se ubic\u00f3 en 2,12 puntos, su nivel m\u00e1s bajo desde el inicio de la gesti\u00f3n de Javier Milei.<\/p>\n\n\n\n<p>La medici\u00f3n de agosto del ICG fue de 2,12 puntos: implica una ca\u00edda del 13,6% respecto del mes anterior. \u201cEl actual nivel de confianza se ubica en un valor intermedio en comparaci\u00f3n con las dos presidencias anteriores: es 16,3% menor que el de agosto de 2017, durante el gobierno de Mauricio Macri, y 14,3% mayor que el de agosto de 2021, durante la gesti\u00f3n de Alberto Fern\u00e1ndez\u201d, apuntaron desde la Universidad.<\/p>\n\n\n\n<p>En julio el Ejecutivo hab\u00eda registrado una suba del 4,9% respecto al mes anterior: alcanz\u00f3 en ese momento los 2,45 puntos. Otro dato clave que marca el devenir del Gobierno que arranc\u00f3 a fines del a\u00f1o pasado es que desde octubre de 2024 hubo solo dos meses en los que registr\u00f3 un alza del ICG.<\/p>\n\n\n\n<p>El peor mes hab\u00eda sido septiembre con 2,16 puntos, en plena ebullici\u00f3n del conflicto universitario. Pero en agosto cay\u00f3 a\u00fan m\u00e1s, a 2,12 puntos. Y falta sumarle la percepci\u00f3n que genere el esc\u00e1ndalo por coimas en la Andis que salpica a los Milei y los Menem, y el d\u00f3lar que este lunes lleg\u00f3 a 1370 pesos. \u00bfDe cu\u00e1nto fue la suba de la moneda norteamericana? Del 3%.<\/p>\n\n\n\n<p>La encuesta refleja que el retroceso intermensual cort\u00f3 la estabilidad que el \u00edndice hab\u00eda mostrado durante los cuatro meses previos. El nivel de confianza actual est\u00e1:<\/p>\n\n\n\n<p>. 16,3% por debajo del registrado en agosto de 2017, durante el gobierno de Mauricio Macri.<\/p>\n\n\n\n<p>. 14,3% por encima del de agosto de 2021, bajo la presidencia de Alberto Fern\u00e1ndez.<\/p>\n\n\n\n<p>En lo que va de la gesti\u00f3n de Milei, el ICG promedia 2,48 puntos, por debajo de lo que registraba Macri a esta altura (2,58) y por encima de Fern\u00e1ndez (2,17).<\/p>\n\n\n\n<p>Ca\u00edda en todos los componentes<\/p>\n\n\n\n<p>La baja alcanz\u00f3 a los cinco indicadores que componen el \u00edndice:<\/p>\n\n\n\n<p>. Honestidad de los funcionarios: 2,54 puntos (-9,9%).<\/p>\n\n\n\n<p>. Capacidad para resolver problemas: 2,46 puntos (-14,6%).<\/p>\n\n\n\n<p>. Eficiencia en el gasto p\u00fablico: 2,10 puntos (-13,2%).<\/p>\n\n\n\n<p>. Evaluaci\u00f3n general del Gobierno: 1,78 puntos (-12,8%).<\/p>\n\n\n\n<p>. Preocupaci\u00f3n por el inter\u00e9s general: 1,73 puntos (-18,2%).<\/p>\n\n\n\n<p>Diferencias por g\u00e9nero, edad y regi\u00f3n<\/p>\n\n\n\n<p>Los hombres mostraron un nivel de confianza m\u00e1s alto (2,42 puntos) que las mujeres (1,80), aunque ambos con fuertes ca\u00eddas.<\/p>\n\n\n\n<p>Por edades, no hubo diferencias significativas: los mayores de 50 a\u00f1os marcaron 2,16 puntos (-14,6%) y los j\u00f3venes de 18 a 29, 2,11 (-24,4%).<\/p>\n\n\n\n<p>Por regiones, la confianza fue mayor en el interior del pa\u00eds (2,39 puntos), mientras que se desplom\u00f3 en la Ciudad de Buenos Aires (1,76, con una baja del 28,2%) y en el Gran Buenos Aires (1,68, con una ca\u00edda del 23,3%).<\/p>\n\n\n\n<p>Nivel educativo y percepci\u00f3n econ\u00f3mica<\/p>\n\n\n\n<p>El ICG fue m\u00e1s alto entre quienes tienen educaci\u00f3n terciaria o universitaria (2,31 puntos), mientras que se ubic\u00f3 en apenas 1,50 entre quienes alcanzaron solo la primaria.<\/p>\n\n\n\n<p>Adem\u00e1s, el nivel de confianza fue mayor entre quienes creen que la econom\u00eda mejorar\u00e1 en un a\u00f1o (4,15 puntos), en contraste con quienes piensan que seguir\u00e1 igual (2,46) o empeorar\u00e1 (0,56).<\/p>\n","protected":false},"excerpt":{"rendered":"<p>El \u00cdndice de Confianza en el Gobierno (ICG), elaborado por la Escuela de Gobierno de la Universidad Torcuato Di Tella, cay\u00f3 13,6% en agosto respecto de julio y se ubic\u00f3 en 2,12 puntos, su nivel m\u00e1s bajo desde el inicio de la gesti\u00f3n de Javier Milei. La medici\u00f3n de agosto del ICG fue de 2,12 [&hellip;]<\/p>\n","protected":false},"author":4,"featured_media":4316,"comment_status":"open","ping_status":"open","sticky":false,"template":"","format":"standard","meta":{"footnotes":""},"categories":[18,22],"tags":[],"class_list":{"0":"post-4315","1":"post","2":"type-post","3":"status-publish","4":"format-standard","5":"has-post-thumbnail","7":"category-nacionales","8":"category-politica"},"yoast_head":"<!-- This site is optimized with the Yoast SEO plugin v27.4 - https:\/\/yoast.com\/product\/yoast-seo-wordpress\/ -->\n<title>El \u00cdndice de confianza en el Gobierno de derrumb\u00f3 13,6% en agosto - Diario del Sur<\/title>\n<meta name=\"robots\" content=\"index, follow, max-snippet:-1, max-image-preview:large, max-video-preview:-1\" \/>\n<link rel=\"canonical\" href=\"https:\/\/diariodelsurdigital.com.ar\/?p=4315\" \/>\n<meta property=\"og:locale\" content=\"es_ES\" \/>\n<meta property=\"og:type\" content=\"article\" \/>\n<meta property=\"og:title\" content=\"El \u00cdndice de confianza en el Gobierno de derrumb\u00f3 13,6% en agosto - Diario del Sur\" \/>\n<meta property=\"og:description\" content=\"El \u00cdndice de Confianza en el Gobierno (ICG), elaborado por la Escuela de Gobierno de la Universidad Torcuato Di Tella, cay\u00f3 13,6% en agosto respecto de julio y se ubic\u00f3 en 2,12 puntos, su nivel m\u00e1s bajo desde el inicio de la gesti\u00f3n de Javier Milei. La medici\u00f3n de agosto del ICG fue de 2,12 [&hellip;]\" \/>\n<meta property=\"og:url\" content=\"https:\/\/diariodelsurdigital.com.ar\/?p=4315\" \/>\n<meta property=\"og:site_name\" content=\"Diario del Sur\" \/>\n<meta property=\"article:published_time\" content=\"2025-08-26T13:33:56+00:00\" \/>\n<meta property=\"article:modified_time\" content=\"2025-08-26T13:33:57+00:00\" \/>\n<meta property=\"og:image\" content=\"https:\/\/diariodelsurdigital.com.ar\/wp-content\/uploads\/2025\/08\/md-6-2.webp\" \/>\n\t<meta property=\"og:image:width\" content=\"992\" \/>\n\t<meta property=\"og:image:height\" content=\"557\" \/>\n\t<meta property=\"og:image:type\" content=\"image\/webp\" \/>\n<meta name=\"author\" content=\"Diario del Sur Digital\" \/>\n<meta name=\"twitter:card\" content=\"summary_large_image\" \/>\n<meta name=\"twitter:label1\" content=\"Escrito por\" \/>\n\t<meta name=\"twitter:data1\" content=\"Diario del Sur Digital\" \/>\n\t<meta name=\"twitter:label2\" content=\"Tiempo de lectura\" \/>\n\t<meta name=\"twitter:data2\" content=\"3 minutos\" \/>\n<script type=\"application\/ld+json\" class=\"yoast-schema-graph\">{\"@context\":\"https:\\\/\\\/schema.org\",\"@graph\":[{\"@type\":\"Article\",\"@id\":\"https:\\\/\\\/diariodelsurdigital.com.ar\\\/?p=4315#article\",\"isPartOf\":{\"@id\":\"https:\\\/\\\/diariodelsurdigital.com.ar\\\/?p=4315\"},\"author\":{\"name\":\"Diario del Sur Digital\",\"@id\":\"https:\\\/\\\/diariodelsurdigital.com.ar\\\/#\\\/schema\\\/person\\\/1a4992532ed62965c968031b49195c81\"},\"headline\":\"El \u00cdndice de confianza en el Gobierno de derrumb\u00f3 13,6% en agosto\",\"datePublished\":\"2025-08-26T13:33:56+00:00\",\"dateModified\":\"2025-08-26T13:33:57+00:00\",\"mainEntityOfPage\":{\"@id\":\"https:\\\/\\\/diariodelsurdigital.com.ar\\\/?p=4315\"},\"wordCount\":540,\"commentCount\":0,\"image\":{\"@id\":\"https:\\\/\\\/diariodelsurdigital.com.ar\\\/?p=4315#primaryimage\"},\"thumbnailUrl\":\"https:\\\/\\\/diariodelsurdigital.com.ar\\\/wp-content\\\/uploads\\\/2025\\\/08\\\/md-6-2.webp\",\"articleSection\":[\"Nacionales\",\"Pol\u00edtica\"],\"inLanguage\":\"es\",\"potentialAction\":[{\"@type\":\"CommentAction\",\"name\":\"Comment\",\"target\":[\"https:\\\/\\\/diariodelsurdigital.com.ar\\\/?p=4315#respond\"]}]},{\"@type\":\"WebPage\",\"@id\":\"https:\\\/\\\/diariodelsurdigital.com.ar\\\/?p=4315\",\"url\":\"https:\\\/\\\/diariodelsurdigital.com.ar\\\/?p=4315\",\"name\":\"El \u00cdndice de confianza en el Gobierno de derrumb\u00f3 13,6% en agosto - Diario del Sur\",\"isPartOf\":{\"@id\":\"https:\\\/\\\/diariodelsurdigital.com.ar\\\/#website\"},\"primaryImageOfPage\":{\"@id\":\"https:\\\/\\\/diariodelsurdigital.com.ar\\\/?p=4315#primaryimage\"},\"image\":{\"@id\":\"https:\\\/\\\/diariodelsurdigital.com.ar\\\/?p=4315#primaryimage\"},\"thumbnailUrl\":\"https:\\\/\\\/diariodelsurdigital.com.ar\\\/wp-content\\\/uploads\\\/2025\\\/08\\\/md-6-2.webp\",\"datePublished\":\"2025-08-26T13:33:56+00:00\",\"dateModified\":\"2025-08-26T13:33:57+00:00\",\"author\":{\"@id\":\"https:\\\/\\\/diariodelsurdigital.com.ar\\\/#\\\/schema\\\/person\\\/1a4992532ed62965c968031b49195c81\"},\"breadcrumb\":{\"@id\":\"https:\\\/\\\/diariodelsurdigital.com.ar\\\/?p=4315#breadcrumb\"},\"inLanguage\":\"es\",\"potentialAction\":[{\"@type\":\"ReadAction\",\"target\":[\"https:\\\/\\\/diariodelsurdigital.com.ar\\\/?p=4315\"]}]},{\"@type\":\"ImageObject\",\"inLanguage\":\"es\",\"@id\":\"https:\\\/\\\/diariodelsurdigital.com.ar\\\/?p=4315#primaryimage\",\"url\":\"https:\\\/\\\/diariodelsurdigital.com.ar\\\/wp-content\\\/uploads\\\/2025\\\/08\\\/md-6-2.webp\",\"contentUrl\":\"https:\\\/\\\/diariodelsurdigital.com.ar\\\/wp-content\\\/uploads\\\/2025\\\/08\\\/md-6-2.webp\",\"width\":992,\"height\":557},{\"@type\":\"BreadcrumbList\",\"@id\":\"https:\\\/\\\/diariodelsurdigital.com.ar\\\/?p=4315#breadcrumb\",\"itemListElement\":[{\"@type\":\"ListItem\",\"position\":1,\"name\":\"Portada\",\"item\":\"https:\\\/\\\/diariodelsurdigital.com.ar\\\/\"},{\"@type\":\"ListItem\",\"position\":2,\"name\":\"El \u00cdndice de confianza en el Gobierno de derrumb\u00f3 13,6% en agosto\"}]},{\"@type\":\"WebSite\",\"@id\":\"https:\\\/\\\/diariodelsurdigital.com.ar\\\/#website\",\"url\":\"https:\\\/\\\/diariodelsurdigital.com.ar\\\/\",\"name\":\"Diario del Sur\",\"description\":\"Digital\",\"potentialAction\":[{\"@type\":\"SearchAction\",\"target\":{\"@type\":\"EntryPoint\",\"urlTemplate\":\"https:\\\/\\\/diariodelsurdigital.com.ar\\\/?s={search_term_string}\"},\"query-input\":{\"@type\":\"PropertyValueSpecification\",\"valueRequired\":true,\"valueName\":\"search_term_string\"}}],\"inLanguage\":\"es\"},{\"@type\":\"Person\",\"@id\":\"https:\\\/\\\/diariodelsurdigital.com.ar\\\/#\\\/schema\\\/person\\\/1a4992532ed62965c968031b49195c81\",\"name\":\"Diario del Sur Digital\",\"image\":{\"@type\":\"ImageObject\",\"inLanguage\":\"es\",\"@id\":\"https:\\\/\\\/secure.gravatar.com\\\/avatar\\\/f0c7c47fc7146d19828273b9b8eda651c9c7ab583767e6338d3d3bee825adf76?s=96&d=mm&r=g\",\"url\":\"https:\\\/\\\/secure.gravatar.com\\\/avatar\\\/f0c7c47fc7146d19828273b9b8eda651c9c7ab583767e6338d3d3bee825adf76?s=96&d=mm&r=g\",\"contentUrl\":\"https:\\\/\\\/secure.gravatar.com\\\/avatar\\\/f0c7c47fc7146d19828273b9b8eda651c9c7ab583767e6338d3d3bee825adf76?s=96&d=mm&r=g\",\"caption\":\"Diario del Sur Digital\"},\"url\":\"https:\\\/\\\/diariodelsurdigital.com.ar\\\/?author=4\"}]}<\/script>\n<!-- \/ Yoast SEO plugin. -->","yoast_head_json":{"title":"El \u00cdndice de confianza en el Gobierno de derrumb\u00f3 13,6% en agosto - Diario del Sur","robots":{"index":"index","follow":"follow","max-snippet":"max-snippet:-1","max-image-preview":"max-image-preview:large","max-video-preview":"max-video-preview:-1"},"canonical":"https:\/\/diariodelsurdigital.com.ar\/?p=4315","og_locale":"es_ES","og_type":"article","og_title":"El \u00cdndice de confianza en el Gobierno de derrumb\u00f3 13,6% en agosto - Diario del Sur","og_description":"El \u00cdndice de Confianza en el Gobierno (ICG), elaborado por la Escuela de Gobierno de la Universidad Torcuato Di Tella, cay\u00f3 13,6% en agosto respecto de julio y se ubic\u00f3 en 2,12 puntos, su nivel m\u00e1s bajo desde el inicio de la gesti\u00f3n de Javier Milei. La medici\u00f3n de agosto del ICG fue de 2,12 [&hellip;]","og_url":"https:\/\/diariodelsurdigital.com.ar\/?p=4315","og_site_name":"Diario del Sur","article_published_time":"2025-08-26T13:33:56+00:00","article_modified_time":"2025-08-26T13:33:57+00:00","og_image":[{"width":992,"height":557,"url":"https:\/\/diariodelsurdigital.com.ar\/wp-content\/uploads\/2025\/08\/md-6-2.webp","type":"image\/webp"}],"author":"Diario del Sur Digital","twitter_card":"summary_large_image","twitter_misc":{"Escrito por":"Diario del Sur Digital","Tiempo de lectura":"3 minutos"},"schema":{"@context":"https:\/\/schema.org","@graph":[{"@type":"Article","@id":"https:\/\/diariodelsurdigital.com.ar\/?p=4315#article","isPartOf":{"@id":"https:\/\/diariodelsurdigital.com.ar\/?p=4315"},"author":{"name":"Diario del Sur Digital","@id":"https:\/\/diariodelsurdigital.com.ar\/#\/schema\/person\/1a4992532ed62965c968031b49195c81"},"headline":"El \u00cdndice de confianza en el Gobierno de derrumb\u00f3 13,6% en agosto","datePublished":"2025-08-26T13:33:56+00:00","dateModified":"2025-08-26T13:33:57+00:00","mainEntityOfPage":{"@id":"https:\/\/diariodelsurdigital.com.ar\/?p=4315"},"wordCount":540,"commentCount":0,"image":{"@id":"https:\/\/diariodelsurdigital.com.ar\/?p=4315#primaryimage"},"thumbnailUrl":"https:\/\/diariodelsurdigital.com.ar\/wp-content\/uploads\/2025\/08\/md-6-2.webp","articleSection":["Nacionales","Pol\u00edtica"],"inLanguage":"es","potentialAction":[{"@type":"CommentAction","name":"Comment","target":["https:\/\/diariodelsurdigital.com.ar\/?p=4315#respond"]}]},{"@type":"WebPage","@id":"https:\/\/diariodelsurdigital.com.ar\/?p=4315","url":"https:\/\/diariodelsurdigital.com.ar\/?p=4315","name":"El \u00cdndice de confianza en el Gobierno de derrumb\u00f3 13,6% en agosto - Diario del Sur","isPartOf":{"@id":"https:\/\/diariodelsurdigital.com.ar\/#website"},"primaryImageOfPage":{"@id":"https:\/\/diariodelsurdigital.com.ar\/?p=4315#primaryimage"},"image":{"@id":"https:\/\/diariodelsurdigital.com.ar\/?p=4315#primaryimage"},"thumbnailUrl":"https:\/\/diariodelsurdigital.com.ar\/wp-content\/uploads\/2025\/08\/md-6-2.webp","datePublished":"2025-08-26T13:33:56+00:00","dateModified":"2025-08-26T13:33:57+00:00","author":{"@id":"https:\/\/diariodelsurdigital.com.ar\/#\/schema\/person\/1a4992532ed62965c968031b49195c81"},"breadcrumb":{"@id":"https:\/\/diariodelsurdigital.com.ar\/?p=4315#breadcrumb"},"inLanguage":"es","potentialAction":[{"@type":"ReadAction","target":["https:\/\/diariodelsurdigital.com.ar\/?p=4315"]}]},{"@type":"ImageObject","inLanguage":"es","@id":"https:\/\/diariodelsurdigital.com.ar\/?p=4315#primaryimage","url":"https:\/\/diariodelsurdigital.com.ar\/wp-content\/uploads\/2025\/08\/md-6-2.webp","contentUrl":"https:\/\/diariodelsurdigital.com.ar\/wp-content\/uploads\/2025\/08\/md-6-2.webp","width":992,"height":557},{"@type":"BreadcrumbList","@id":"https:\/\/diariodelsurdigital.com.ar\/?p=4315#breadcrumb","itemListElement":[{"@type":"ListItem","position":1,"name":"Portada","item":"https:\/\/diariodelsurdigital.com.ar\/"},{"@type":"ListItem","position":2,"name":"El \u00cdndice de confianza en el Gobierno de derrumb\u00f3 13,6% en agosto"}]},{"@type":"WebSite","@id":"https:\/\/diariodelsurdigital.com.ar\/#website","url":"https:\/\/diariodelsurdigital.com.ar\/","name":"Diario del Sur","description":"Digital","potentialAction":[{"@type":"SearchAction","target":{"@type":"EntryPoint","urlTemplate":"https:\/\/diariodelsurdigital.com.ar\/?s={search_term_string}"},"query-input":{"@type":"PropertyValueSpecification","valueRequired":true,"valueName":"search_term_string"}}],"inLanguage":"es"},{"@type":"Person","@id":"https:\/\/diariodelsurdigital.com.ar\/#\/schema\/person\/1a4992532ed62965c968031b49195c81","name":"Diario del Sur Digital","image":{"@type":"ImageObject","inLanguage":"es","@id":"https:\/\/secure.gravatar.com\/avatar\/f0c7c47fc7146d19828273b9b8eda651c9c7ab583767e6338d3d3bee825adf76?s=96&d=mm&r=g","url":"https:\/\/secure.gravatar.com\/avatar\/f0c7c47fc7146d19828273b9b8eda651c9c7ab583767e6338d3d3bee825adf76?s=96&d=mm&r=g","contentUrl":"https:\/\/secure.gravatar.com\/avatar\/f0c7c47fc7146d19828273b9b8eda651c9c7ab583767e6338d3d3bee825adf76?s=96&d=mm&r=g","caption":"Diario del Sur Digital"},"url":"https:\/\/diariodelsurdigital.com.ar\/?author=4"}]}},"_links":{"self":[{"href":"https:\/\/diariodelsurdigital.com.ar\/index.php?rest_route=\/wp\/v2\/posts\/4315","targetHints":{"allow":["GET"]}}],"collection":[{"href":"https:\/\/diariodelsurdigital.com.ar\/index.php?rest_route=\/wp\/v2\/posts"}],"about":[{"href":"https:\/\/diariodelsurdigital.com.ar\/index.php?rest_route=\/wp\/v2\/types\/post"}],"author":[{"embeddable":true,"href":"https:\/\/diariodelsurdigital.com.ar\/index.php?rest_route=\/wp\/v2\/users\/4"}],"replies":[{"embeddable":true,"href":"https:\/\/diariodelsurdigital.com.ar\/index.php?rest_route=%2Fwp%2Fv2%2Fcomments&post=4315"}],"version-history":[{"count":1,"href":"https:\/\/diariodelsurdigital.com.ar\/index.php?rest_route=\/wp\/v2\/posts\/4315\/revisions"}],"predecessor-version":[{"id":4317,"href":"https:\/\/diariodelsurdigital.com.ar\/index.php?rest_route=\/wp\/v2\/posts\/4315\/revisions\/4317"}],"wp:featuredmedia":[{"embeddable":true,"href":"https:\/\/diariodelsurdigital.com.ar\/index.php?rest_route=\/wp\/v2\/media\/4316"}],"wp:attachment":[{"href":"https:\/\/diariodelsurdigital.com.ar\/index.php?rest_route=%2Fwp%2Fv2%2Fmedia&parent=4315"}],"wp:term":[{"taxonomy":"category","embeddable":true,"href":"https:\/\/diariodelsurdigital.com.ar\/index.php?rest_route=%2Fwp%2Fv2%2Fcategories&post=4315"},{"taxonomy":"post_tag","embeddable":true,"href":"https:\/\/diariodelsurdigital.com.ar\/index.php?rest_route=%2Fwp%2Fv2%2Ftags&post=4315"}],"curies":[{"name":"wp","href":"https:\/\/api.w.org\/{rel}","templated":true}]}}