{"id":4319,"date":"2025-08-27T10:22:28","date_gmt":"2025-08-27T13:22:28","guid":{"rendered":"https:\/\/diariodelsurdigital.com.ar\/?p=4319"},"modified":"2025-08-27T10:22:30","modified_gmt":"2025-08-27T13:22:30","slug":"por-primera-vez-en-52-anos-la-tv-publica-no-transmitira-el-mundial-de-futbol","status":"publish","type":"post","link":"https:\/\/diariodelsurdigital.com.ar\/?p=4319","title":{"rendered":"Por primera vez en 52 a\u00f1os, la TV P\u00fablica no transmitir\u00e1 el Mundial de F\u00fatbol"},"content":{"rendered":"\n<p>El Gobierno adelant\u00f3 que el canal estatal no comprar\u00e1 los derechos de la Copa del Mundo. Desde Casa Rosada argumentan que es un gasto innecesario.<\/p>\n\n\n\n<p>El Mundial 2026 no se ver\u00e1 por la Televisi\u00f3n P\u00fablica. El Poder Ejecutivo confirm\u00f3 que no comprar\u00e1 los derechos de transmisi\u00f3n del certamen que se disputar\u00e1 en Estados Unidos, M\u00e9xico y Canad\u00e1. La decisi\u00f3n marca un hecho in\u00e9dito: en 52 a\u00f1os, ser\u00e1 la primera vez que el canal estatal quede fuera de la cita m\u00e1xima del f\u00fatbol.<\/p>\n\n\n\n<p>Desde la Casa Rosada sostienen que el criterio fue puramente econ\u00f3mico. \u201cNo vamos a gastar siete millones de d\u00f3lares en f\u00fatbol\u201d, se\u00f1alaron fuentes oficiales, en referencia al valor de los derechos. Aunque existe plazo hasta diciembre para reconsiderar, todo indica que la determinaci\u00f3n est\u00e1 tomada.<\/p>\n\n\n\n<p>En la \u00faltima edici\u00f3n de Qatar 2022, la inversi\u00f3n hab\u00eda sido de m\u00e1s de u$s10 millones, aunque se recuper\u00f3 con ingresos publicitarios cercanos a los u$s12 millones. Sin embargo, un 20% de ese financiamiento provino de provincias y organismos estatales, lo que gener\u00f3 fuertes cr\u00edticas.<\/p>\n\n\n\n<p>Recortes en los medios estatales<\/p>\n\n\n\n<p>La medida se inscribe en la pol\u00edtica de ajuste aplicada sobre Radio y Televisi\u00f3n Argentina (RTA). En los \u00faltimos meses se avanz\u00f3 con retiros voluntarios y despidos en la TV P\u00fablica y Radio Nacional, mientras que se\u00f1ales educativas y culturales como Encuentro, Pakapaka y Deportv est\u00e1n bajo an\u00e1lisis, incluso con la posibilidad de cierres.<\/p>\n\n\n\n<p>La tendencia ya hab\u00eda dado se\u00f1ales: en septiembre de 2024, la emisora estatal no transmiti\u00f3 el partido de Eliminatorias entre Argentina y Chile al no llegar a un acuerdo con TyC y Telefe.<\/p>\n\n\n\n<p>Una tradici\u00f3n que se corta<\/p>\n\n\n\n<p>Desde Alemania 1974, la Televisi\u00f3n P\u00fablica transmiti\u00f3 de manera total o parcial cada Copa del Mundo. En 1998, por cuestiones de licencias, solo algunas provincias recibieron la se\u00f1al. Y en Qatar 2022, el canal estatal comparti\u00f3 la pantalla con la TV privada. Con la decisi\u00f3n actual, se rompe una tradici\u00f3n de m\u00e1s de medio siglo que garantizaba acceso gratuito al mayor espect\u00e1culo deportivo del planeta.<\/p>\n","protected":false},"excerpt":{"rendered":"<p>El Gobierno adelant\u00f3 que el canal estatal no comprar\u00e1 los derechos de la Copa del Mundo. Desde Casa Rosada argumentan que es un gasto innecesario. El Mundial 2026 no se ver\u00e1 por la Televisi\u00f3n P\u00fablica. El Poder Ejecutivo confirm\u00f3 que no comprar\u00e1 los derechos de transmisi\u00f3n del certamen que se disputar\u00e1 en Estados Unidos, M\u00e9xico [&hellip;]<\/p>\n","protected":false},"author":4,"featured_media":4321,"comment_status":"open","ping_status":"open","sticky":false,"template":"","format":"standard","meta":{"footnotes":""},"categories":[18],"tags":[],"class_list":{"0":"post-4319","1":"post","2":"type-post","3":"status-publish","4":"format-standard","5":"has-post-thumbnail","7":"category-nacionales"},"yoast_head":"<!-- This site is optimized with the Yoast SEO plugin v27.4 - https:\/\/yoast.com\/product\/yoast-seo-wordpress\/ -->\n<title>Por primera vez en 52 a\u00f1os, la TV P\u00fablica no transmitir\u00e1 el Mundial de F\u00fatbol - Diario del Sur<\/title>\n<meta name=\"robots\" content=\"index, follow, max-snippet:-1, max-image-preview:large, max-video-preview:-1\" \/>\n<link rel=\"canonical\" href=\"https:\/\/diariodelsurdigital.com.ar\/?p=4319\" \/>\n<meta property=\"og:locale\" content=\"es_ES\" \/>\n<meta property=\"og:type\" content=\"article\" \/>\n<meta property=\"og:title\" content=\"Por primera vez en 52 a\u00f1os, la TV P\u00fablica no transmitir\u00e1 el Mundial de F\u00fatbol - Diario del Sur\" \/>\n<meta property=\"og:description\" content=\"El Gobierno adelant\u00f3 que el canal estatal no comprar\u00e1 los derechos de la Copa del Mundo. Desde Casa Rosada argumentan que es un gasto innecesario. El Mundial 2026 no se ver\u00e1 por la Televisi\u00f3n P\u00fablica. El Poder Ejecutivo confirm\u00f3 que no comprar\u00e1 los derechos de transmisi\u00f3n del certamen que se disputar\u00e1 en Estados Unidos, M\u00e9xico [&hellip;]\" \/>\n<meta property=\"og:url\" content=\"https:\/\/diariodelsurdigital.com.ar\/?p=4319\" \/>\n<meta property=\"og:site_name\" content=\"Diario del Sur\" \/>\n<meta property=\"article:published_time\" content=\"2025-08-27T13:22:28+00:00\" \/>\n<meta property=\"article:modified_time\" content=\"2025-08-27T13:22:30+00:00\" \/>\n<meta property=\"og:image\" content=\"https:\/\/diariodelsurdigital.com.ar\/wp-content\/uploads\/2025\/08\/md-7-2.webp\" \/>\n\t<meta property=\"og:image:width\" content=\"992\" \/>\n\t<meta property=\"og:image:height\" content=\"557\" \/>\n\t<meta property=\"og:image:type\" content=\"image\/webp\" \/>\n<meta name=\"author\" content=\"Diario del Sur Digital\" \/>\n<meta name=\"twitter:card\" content=\"summary_large_image\" \/>\n<meta name=\"twitter:label1\" content=\"Escrito por\" \/>\n\t<meta name=\"twitter:data1\" content=\"Diario del Sur Digital\" \/>\n\t<meta name=\"twitter:label2\" content=\"Tiempo de lectura\" \/>\n\t<meta name=\"twitter:data2\" content=\"2 minutos\" \/>\n<script type=\"application\/ld+json\" class=\"yoast-schema-graph\">{\"@context\":\"https:\\\/\\\/schema.org\",\"@graph\":[{\"@type\":\"Article\",\"@id\":\"https:\\\/\\\/diariodelsurdigital.com.ar\\\/?p=4319#article\",\"isPartOf\":{\"@id\":\"https:\\\/\\\/diariodelsurdigital.com.ar\\\/?p=4319\"},\"author\":{\"name\":\"Diario del Sur Digital\",\"@id\":\"https:\\\/\\\/diariodelsurdigital.com.ar\\\/#\\\/schema\\\/person\\\/1a4992532ed62965c968031b49195c81\"},\"headline\":\"Por primera vez en 52 a\u00f1os, la TV P\u00fablica no transmitir\u00e1 el Mundial de F\u00fatbol\",\"datePublished\":\"2025-08-27T13:22:28+00:00\",\"dateModified\":\"2025-08-27T13:22:30+00:00\",\"mainEntityOfPage\":{\"@id\":\"https:\\\/\\\/diariodelsurdigital.com.ar\\\/?p=4319\"},\"wordCount\":380,\"commentCount\":1,\"image\":{\"@id\":\"https:\\\/\\\/diariodelsurdigital.com.ar\\\/?p=4319#primaryimage\"},\"thumbnailUrl\":\"https:\\\/\\\/diariodelsurdigital.com.ar\\\/wp-content\\\/uploads\\\/2025\\\/08\\\/md-7-2.webp\",\"articleSection\":[\"Nacionales\"],\"inLanguage\":\"es\",\"potentialAction\":[{\"@type\":\"CommentAction\",\"name\":\"Comment\",\"target\":[\"https:\\\/\\\/diariodelsurdigital.com.ar\\\/?p=4319#respond\"]}]},{\"@type\":\"WebPage\",\"@id\":\"https:\\\/\\\/diariodelsurdigital.com.ar\\\/?p=4319\",\"url\":\"https:\\\/\\\/diariodelsurdigital.com.ar\\\/?p=4319\",\"name\":\"Por primera vez en 52 a\u00f1os, la TV P\u00fablica no transmitir\u00e1 el Mundial de F\u00fatbol - Diario del Sur\",\"isPartOf\":{\"@id\":\"https:\\\/\\\/diariodelsurdigital.com.ar\\\/#website\"},\"primaryImageOfPage\":{\"@id\":\"https:\\\/\\\/diariodelsurdigital.com.ar\\\/?p=4319#primaryimage\"},\"image\":{\"@id\":\"https:\\\/\\\/diariodelsurdigital.com.ar\\\/?p=4319#primaryimage\"},\"thumbnailUrl\":\"https:\\\/\\\/diariodelsurdigital.com.ar\\\/wp-content\\\/uploads\\\/2025\\\/08\\\/md-7-2.webp\",\"datePublished\":\"2025-08-27T13:22:28+00:00\",\"dateModified\":\"2025-08-27T13:22:30+00:00\",\"author\":{\"@id\":\"https:\\\/\\\/diariodelsurdigital.com.ar\\\/#\\\/schema\\\/person\\\/1a4992532ed62965c968031b49195c81\"},\"breadcrumb\":{\"@id\":\"https:\\\/\\\/diariodelsurdigital.com.ar\\\/?p=4319#breadcrumb\"},\"inLanguage\":\"es\",\"potentialAction\":[{\"@type\":\"ReadAction\",\"target\":[\"https:\\\/\\\/diariodelsurdigital.com.ar\\\/?p=4319\"]}]},{\"@type\":\"ImageObject\",\"inLanguage\":\"es\",\"@id\":\"https:\\\/\\\/diariodelsurdigital.com.ar\\\/?p=4319#primaryimage\",\"url\":\"https:\\\/\\\/diariodelsurdigital.com.ar\\\/wp-content\\\/uploads\\\/2025\\\/08\\\/md-7-2.webp\",\"contentUrl\":\"https:\\\/\\\/diariodelsurdigital.com.ar\\\/wp-content\\\/uploads\\\/2025\\\/08\\\/md-7-2.webp\",\"width\":992,\"height\":557},{\"@type\":\"BreadcrumbList\",\"@id\":\"https:\\\/\\\/diariodelsurdigital.com.ar\\\/?p=4319#breadcrumb\",\"itemListElement\":[{\"@type\":\"ListItem\",\"position\":1,\"name\":\"Portada\",\"item\":\"https:\\\/\\\/diariodelsurdigital.com.ar\\\/\"},{\"@type\":\"ListItem\",\"position\":2,\"name\":\"Por primera vez en 52 a\u00f1os, la TV P\u00fablica no transmitir\u00e1 el Mundial de F\u00fatbol\"}]},{\"@type\":\"WebSite\",\"@id\":\"https:\\\/\\\/diariodelsurdigital.com.ar\\\/#website\",\"url\":\"https:\\\/\\\/diariodelsurdigital.com.ar\\\/\",\"name\":\"Diario del Sur\",\"description\":\"Digital\",\"potentialAction\":[{\"@type\":\"SearchAction\",\"target\":{\"@type\":\"EntryPoint\",\"urlTemplate\":\"https:\\\/\\\/diariodelsurdigital.com.ar\\\/?s={search_term_string}\"},\"query-input\":{\"@type\":\"PropertyValueSpecification\",\"valueRequired\":true,\"valueName\":\"search_term_string\"}}],\"inLanguage\":\"es\"},{\"@type\":\"Person\",\"@id\":\"https:\\\/\\\/diariodelsurdigital.com.ar\\\/#\\\/schema\\\/person\\\/1a4992532ed62965c968031b49195c81\",\"name\":\"Diario del Sur Digital\",\"image\":{\"@type\":\"ImageObject\",\"inLanguage\":\"es\",\"@id\":\"https:\\\/\\\/secure.gravatar.com\\\/avatar\\\/f0c7c47fc7146d19828273b9b8eda651c9c7ab583767e6338d3d3bee825adf76?s=96&d=mm&r=g\",\"url\":\"https:\\\/\\\/secure.gravatar.com\\\/avatar\\\/f0c7c47fc7146d19828273b9b8eda651c9c7ab583767e6338d3d3bee825adf76?s=96&d=mm&r=g\",\"contentUrl\":\"https:\\\/\\\/secure.gravatar.com\\\/avatar\\\/f0c7c47fc7146d19828273b9b8eda651c9c7ab583767e6338d3d3bee825adf76?s=96&d=mm&r=g\",\"caption\":\"Diario del Sur Digital\"},\"url\":\"https:\\\/\\\/diariodelsurdigital.com.ar\\\/?author=4\"}]}<\/script>\n<!-- \/ Yoast SEO plugin. -->","yoast_head_json":{"title":"Por primera vez en 52 a\u00f1os, la TV P\u00fablica no transmitir\u00e1 el Mundial de F\u00fatbol - Diario del Sur","robots":{"index":"index","follow":"follow","max-snippet":"max-snippet:-1","max-image-preview":"max-image-preview:large","max-video-preview":"max-video-preview:-1"},"canonical":"https:\/\/diariodelsurdigital.com.ar\/?p=4319","og_locale":"es_ES","og_type":"article","og_title":"Por primera vez en 52 a\u00f1os, la TV P\u00fablica no transmitir\u00e1 el Mundial de F\u00fatbol - Diario del Sur","og_description":"El Gobierno adelant\u00f3 que el canal estatal no comprar\u00e1 los derechos de la Copa del Mundo. Desde Casa Rosada argumentan que es un gasto innecesario. El Mundial 2026 no se ver\u00e1 por la Televisi\u00f3n P\u00fablica. El Poder Ejecutivo confirm\u00f3 que no comprar\u00e1 los derechos de transmisi\u00f3n del certamen que se disputar\u00e1 en Estados Unidos, M\u00e9xico [&hellip;]","og_url":"https:\/\/diariodelsurdigital.com.ar\/?p=4319","og_site_name":"Diario del Sur","article_published_time":"2025-08-27T13:22:28+00:00","article_modified_time":"2025-08-27T13:22:30+00:00","og_image":[{"width":992,"height":557,"url":"https:\/\/diariodelsurdigital.com.ar\/wp-content\/uploads\/2025\/08\/md-7-2.webp","type":"image\/webp"}],"author":"Diario del Sur Digital","twitter_card":"summary_large_image","twitter_misc":{"Escrito por":"Diario del Sur Digital","Tiempo de lectura":"2 minutos"},"schema":{"@context":"https:\/\/schema.org","@graph":[{"@type":"Article","@id":"https:\/\/diariodelsurdigital.com.ar\/?p=4319#article","isPartOf":{"@id":"https:\/\/diariodelsurdigital.com.ar\/?p=4319"},"author":{"name":"Diario del Sur Digital","@id":"https:\/\/diariodelsurdigital.com.ar\/#\/schema\/person\/1a4992532ed62965c968031b49195c81"},"headline":"Por primera vez en 52 a\u00f1os, la TV P\u00fablica no transmitir\u00e1 el Mundial de F\u00fatbol","datePublished":"2025-08-27T13:22:28+00:00","dateModified":"2025-08-27T13:22:30+00:00","mainEntityOfPage":{"@id":"https:\/\/diariodelsurdigital.com.ar\/?p=4319"},"wordCount":380,"commentCount":1,"image":{"@id":"https:\/\/diariodelsurdigital.com.ar\/?p=4319#primaryimage"},"thumbnailUrl":"https:\/\/diariodelsurdigital.com.ar\/wp-content\/uploads\/2025\/08\/md-7-2.webp","articleSection":["Nacionales"],"inLanguage":"es","potentialAction":[{"@type":"CommentAction","name":"Comment","target":["https:\/\/diariodelsurdigital.com.ar\/?p=4319#respond"]}]},{"@type":"WebPage","@id":"https:\/\/diariodelsurdigital.com.ar\/?p=4319","url":"https:\/\/diariodelsurdigital.com.ar\/?p=4319","name":"Por primera vez en 52 a\u00f1os, la TV P\u00fablica no transmitir\u00e1 el Mundial de F\u00fatbol - Diario del Sur","isPartOf":{"@id":"https:\/\/diariodelsurdigital.com.ar\/#website"},"primaryImageOfPage":{"@id":"https:\/\/diariodelsurdigital.com.ar\/?p=4319#primaryimage"},"image":{"@id":"https:\/\/diariodelsurdigital.com.ar\/?p=4319#primaryimage"},"thumbnailUrl":"https:\/\/diariodelsurdigital.com.ar\/wp-content\/uploads\/2025\/08\/md-7-2.webp","datePublished":"2025-08-27T13:22:28+00:00","dateModified":"2025-08-27T13:22:30+00:00","author":{"@id":"https:\/\/diariodelsurdigital.com.ar\/#\/schema\/person\/1a4992532ed62965c968031b49195c81"},"breadcrumb":{"@id":"https:\/\/diariodelsurdigital.com.ar\/?p=4319#breadcrumb"},"inLanguage":"es","potentialAction":[{"@type":"ReadAction","target":["https:\/\/diariodelsurdigital.com.ar\/?p=4319"]}]},{"@type":"ImageObject","inLanguage":"es","@id":"https:\/\/diariodelsurdigital.com.ar\/?p=4319#primaryimage","url":"https:\/\/diariodelsurdigital.com.ar\/wp-content\/uploads\/2025\/08\/md-7-2.webp","contentUrl":"https:\/\/diariodelsurdigital.com.ar\/wp-content\/uploads\/2025\/08\/md-7-2.webp","width":992,"height":557},{"@type":"BreadcrumbList","@id":"https:\/\/diariodelsurdigital.com.ar\/?p=4319#breadcrumb","itemListElement":[{"@type":"ListItem","position":1,"name":"Portada","item":"https:\/\/diariodelsurdigital.com.ar\/"},{"@type":"ListItem","position":2,"name":"Por primera vez en 52 a\u00f1os, la TV P\u00fablica no transmitir\u00e1 el Mundial de F\u00fatbol"}]},{"@type":"WebSite","@id":"https:\/\/diariodelsurdigital.com.ar\/#website","url":"https:\/\/diariodelsurdigital.com.ar\/","name":"Diario del Sur","description":"Digital","potentialAction":[{"@type":"SearchAction","target":{"@type":"EntryPoint","urlTemplate":"https:\/\/diariodelsurdigital.com.ar\/?s={search_term_string}"},"query-input":{"@type":"PropertyValueSpecification","valueRequired":true,"valueName":"search_term_string"}}],"inLanguage":"es"},{"@type":"Person","@id":"https:\/\/diariodelsurdigital.com.ar\/#\/schema\/person\/1a4992532ed62965c968031b49195c81","name":"Diario del Sur Digital","image":{"@type":"ImageObject","inLanguage":"es","@id":"https:\/\/secure.gravatar.com\/avatar\/f0c7c47fc7146d19828273b9b8eda651c9c7ab583767e6338d3d3bee825adf76?s=96&d=mm&r=g","url":"https:\/\/secure.gravatar.com\/avatar\/f0c7c47fc7146d19828273b9b8eda651c9c7ab583767e6338d3d3bee825adf76?s=96&d=mm&r=g","contentUrl":"https:\/\/secure.gravatar.com\/avatar\/f0c7c47fc7146d19828273b9b8eda651c9c7ab583767e6338d3d3bee825adf76?s=96&d=mm&r=g","caption":"Diario del Sur Digital"},"url":"https:\/\/diariodelsurdigital.com.ar\/?author=4"}]}},"_links":{"self":[{"href":"https:\/\/diariodelsurdigital.com.ar\/index.php?rest_route=\/wp\/v2\/posts\/4319","targetHints":{"allow":["GET"]}}],"collection":[{"href":"https:\/\/diariodelsurdigital.com.ar\/index.php?rest_route=\/wp\/v2\/posts"}],"about":[{"href":"https:\/\/diariodelsurdigital.com.ar\/index.php?rest_route=\/wp\/v2\/types\/post"}],"author":[{"embeddable":true,"href":"https:\/\/diariodelsurdigital.com.ar\/index.php?rest_route=\/wp\/v2\/users\/4"}],"replies":[{"embeddable":true,"href":"https:\/\/diariodelsurdigital.com.ar\/index.php?rest_route=%2Fwp%2Fv2%2Fcomments&post=4319"}],"version-history":[{"count":1,"href":"https:\/\/diariodelsurdigital.com.ar\/index.php?rest_route=\/wp\/v2\/posts\/4319\/revisions"}],"predecessor-version":[{"id":4322,"href":"https:\/\/diariodelsurdigital.com.ar\/index.php?rest_route=\/wp\/v2\/posts\/4319\/revisions\/4322"}],"wp:featuredmedia":[{"embeddable":true,"href":"https:\/\/diariodelsurdigital.com.ar\/index.php?rest_route=\/wp\/v2\/media\/4321"}],"wp:attachment":[{"href":"https:\/\/diariodelsurdigital.com.ar\/index.php?rest_route=%2Fwp%2Fv2%2Fmedia&parent=4319"}],"wp:term":[{"taxonomy":"category","embeddable":true,"href":"https:\/\/diariodelsurdigital.com.ar\/index.php?rest_route=%2Fwp%2Fv2%2Fcategories&post=4319"},{"taxonomy":"post_tag","embeddable":true,"href":"https:\/\/diariodelsurdigital.com.ar\/index.php?rest_route=%2Fwp%2Fv2%2Ftags&post=4319"}],"curies":[{"name":"wp","href":"https:\/\/api.w.org\/{rel}","templated":true}]}}