{"id":4323,"date":"2025-08-27T10:24:33","date_gmt":"2025-08-27T13:24:33","guid":{"rendered":"https:\/\/diariodelsurdigital.com.ar\/?p=4323"},"modified":"2025-08-27T10:24:34","modified_gmt":"2025-08-27T13:24:34","slug":"presentaron-la-boleta-unica-de-papel-que-se-utilizara-para-votar-en-entre-rios","status":"publish","type":"post","link":"https:\/\/diariodelsurdigital.com.ar\/?p=4323","title":{"rendered":"Presentaron la Boleta \u00danica de Papel que se utilizar\u00e1 para votar en Entre R\u00edos"},"content":{"rendered":"\n<p>La Justicia Electoral de Entre R\u00edos present\u00f3 este martes el modelo de Boleta \u00danica de Papel que se usar\u00e1 en la provincia en las elecciones legislativas del 26 de octubre, con las respectivas ubicaciones de las siete listas que competir\u00e1n con candidatos a senadores y diputados nacionales.<\/p>\n\n\n\n<p>El orden de las listas en la Boleta fue sorteado la semana pasada y el resultado fue el siguiente, de izquierda a derecha: Movimiento al Socialismo (Nuevo M\u00c1S); Frente de Izquierda; Uni\u00f3n Popular; Ahora 503 (nueva denominaci\u00f3n de Ahora La Patria); Entrerrianos Unidos (Partido Socialista); Fuerza Entre R\u00edos (PJ) y Alianza La Libertad Avanza (LLA-PRO-UCR).<\/p>\n\n\n\n<p>Entre R\u00edos votar\u00e1 para renovar cinco bancas en la C\u00e1mara de Diputados y tres en el Senado de la Naci\u00f3n. La Boleta \u00danica de Papel reemplaza a la antigua \u201cs\u00e1bana\u201d.<\/p>\n\n\n\n<p>Ahora el elector debe marcar con una cruz el casillero que corresponde al partido y al cargo que desea votar. Si desea votar en blanco, no marca ning\u00fan casillero.<\/p>\n\n\n\n<p>Todas las candidaturas<\/p>\n\n\n\n<p>La boleta para el Senado de la Naci\u00f3n de Alianza La Libertad Avanza ser\u00e1 encabezada por Joaqu\u00edn Benegas Lynch (LLA) y Romina Almeida (LLA). La lista de candidatos a diputados nacionales lleva en primer lugar a Andr\u00e9s Laumann (LLA), segunda Alicia Fregonese (PRO), tercero Dar\u00edo Schneider (UCR) y Marina Petroff (UCR), que va cuarta.<\/p>\n\n\n\n<p>La boleta de Fuerza Entre R\u00edos para la C\u00e1mara Baja la encabeza Guillermo Michel y segunda Marianela Marclay. Para el Senado va en primer lugar Ad\u00e1n Bahl, acompa\u00f1ado por Adriana Meza Torres.<\/p>\n\n\n\n<p>Ahora 503 (ex Ahora La Patria) es encabezada por la diputada nacional Carolina Gaillard, que se postula a senadora y estar\u00e1 acompa\u00f1ada por Javier Schnitman. La grilla de candidatos a diputados nacionales est\u00e1 encabezada por Paola Rubattino y Federico Olano.<\/p>\n\n\n\n<p>El MST-Nueva Izquierda lleva a Nadia Burgos y Facundo Scattone para Diputados y para el Senado a Sof\u00eda C\u00e1ceres Sforza y Pablo Amarillo.<\/p>\n\n\n\n<p>Entrerrianos Unidos, que compite con el sello del Partido Socialista, postula a Gustavo Guzm\u00e1n, Sof\u00eda Gan y Santiago Haddad para diputados nacionales y H\u00e9ctor Maya y Fernanda Sanzberro para senadores nacionales<\/p>\n\n\n\n<p>Uni\u00f3n Popular lleva como candidatos al Senado a Emilio Mart\u00ednez Garbino e Isabel Sola y para la C\u00e1mara Baja nacional a Silvio Farach y Gladys Cabrera.<\/p>\n\n\n\n<p>Seg\u00fan public\u00f3 Ahora, el MAS tiene como candidatos a senadores a Juan Cruz Ross y Cynthia Acevedo y como diputados nacionales a Nahuel Leis Pou y Michelle Bergamaschi Altamirano.<\/p>\n","protected":false},"excerpt":{"rendered":"<p>La Justicia Electoral de Entre R\u00edos present\u00f3 este martes el modelo de Boleta \u00danica de Papel que se usar\u00e1 en la provincia en las elecciones legislativas del 26 de octubre, con las respectivas ubicaciones de las siete listas que competir\u00e1n con candidatos a senadores y diputados nacionales. El orden de las listas en la Boleta [&hellip;]<\/p>\n","protected":false},"author":4,"featured_media":4324,"comment_status":"open","ping_status":"open","sticky":false,"template":"","format":"standard","meta":{"footnotes":""},"categories":[22,17],"tags":[],"class_list":{"0":"post-4323","1":"post","2":"type-post","3":"status-publish","4":"format-standard","5":"has-post-thumbnail","7":"category-politica","8":"category-provinciales"},"yoast_head":"<!-- This site is optimized with the Yoast SEO plugin v27.4 - https:\/\/yoast.com\/product\/yoast-seo-wordpress\/ -->\n<title>Presentaron la Boleta \u00danica de Papel que se utilizar\u00e1 para votar en Entre R\u00edos - Diario del Sur<\/title>\n<meta name=\"robots\" content=\"index, follow, max-snippet:-1, max-image-preview:large, max-video-preview:-1\" \/>\n<link rel=\"canonical\" href=\"https:\/\/diariodelsurdigital.com.ar\/?p=4323\" \/>\n<meta property=\"og:locale\" content=\"es_ES\" \/>\n<meta property=\"og:type\" content=\"article\" \/>\n<meta property=\"og:title\" content=\"Presentaron la Boleta \u00danica de Papel que se utilizar\u00e1 para votar en Entre R\u00edos - Diario del Sur\" \/>\n<meta property=\"og:description\" content=\"La Justicia Electoral de Entre R\u00edos present\u00f3 este martes el modelo de Boleta \u00danica de Papel que se usar\u00e1 en la provincia en las elecciones legislativas del 26 de octubre, con las respectivas ubicaciones de las siete listas que competir\u00e1n con candidatos a senadores y diputados nacionales. El orden de las listas en la Boleta [&hellip;]\" \/>\n<meta property=\"og:url\" content=\"https:\/\/diariodelsurdigital.com.ar\/?p=4323\" \/>\n<meta property=\"og:site_name\" content=\"Diario del Sur\" \/>\n<meta property=\"article:published_time\" content=\"2025-08-27T13:24:33+00:00\" \/>\n<meta property=\"article:modified_time\" content=\"2025-08-27T13:24:34+00:00\" \/>\n<meta property=\"og:image\" content=\"https:\/\/diariodelsurdigital.com.ar\/wp-content\/uploads\/2025\/08\/md-8-2.webp\" \/>\n\t<meta property=\"og:image:width\" content=\"992\" \/>\n\t<meta property=\"og:image:height\" content=\"548\" \/>\n\t<meta property=\"og:image:type\" content=\"image\/webp\" \/>\n<meta name=\"author\" content=\"Diario del Sur Digital\" \/>\n<meta name=\"twitter:card\" content=\"summary_large_image\" \/>\n<meta name=\"twitter:label1\" content=\"Escrito por\" \/>\n\t<meta name=\"twitter:data1\" content=\"Diario del Sur Digital\" \/>\n\t<meta name=\"twitter:label2\" content=\"Tiempo de lectura\" \/>\n\t<meta name=\"twitter:data2\" content=\"3 minutos\" \/>\n<script type=\"application\/ld+json\" class=\"yoast-schema-graph\">{\"@context\":\"https:\\\/\\\/schema.org\",\"@graph\":[{\"@type\":\"Article\",\"@id\":\"https:\\\/\\\/diariodelsurdigital.com.ar\\\/?p=4323#article\",\"isPartOf\":{\"@id\":\"https:\\\/\\\/diariodelsurdigital.com.ar\\\/?p=4323\"},\"author\":{\"name\":\"Diario del Sur Digital\",\"@id\":\"https:\\\/\\\/diariodelsurdigital.com.ar\\\/#\\\/schema\\\/person\\\/1a4992532ed62965c968031b49195c81\"},\"headline\":\"Presentaron la Boleta \u00danica de Papel que se utilizar\u00e1 para votar en Entre R\u00edos\",\"datePublished\":\"2025-08-27T13:24:33+00:00\",\"dateModified\":\"2025-08-27T13:24:34+00:00\",\"mainEntityOfPage\":{\"@id\":\"https:\\\/\\\/diariodelsurdigital.com.ar\\\/?p=4323\"},\"wordCount\":440,\"commentCount\":0,\"image\":{\"@id\":\"https:\\\/\\\/diariodelsurdigital.com.ar\\\/?p=4323#primaryimage\"},\"thumbnailUrl\":\"https:\\\/\\\/diariodelsurdigital.com.ar\\\/wp-content\\\/uploads\\\/2025\\\/08\\\/md-8-2.webp\",\"articleSection\":[\"Pol\u00edtica\",\"Provinciales\"],\"inLanguage\":\"es\",\"potentialAction\":[{\"@type\":\"CommentAction\",\"name\":\"Comment\",\"target\":[\"https:\\\/\\\/diariodelsurdigital.com.ar\\\/?p=4323#respond\"]}]},{\"@type\":\"WebPage\",\"@id\":\"https:\\\/\\\/diariodelsurdigital.com.ar\\\/?p=4323\",\"url\":\"https:\\\/\\\/diariodelsurdigital.com.ar\\\/?p=4323\",\"name\":\"Presentaron la Boleta \u00danica de Papel que se utilizar\u00e1 para votar en Entre R\u00edos - Diario del Sur\",\"isPartOf\":{\"@id\":\"https:\\\/\\\/diariodelsurdigital.com.ar\\\/#website\"},\"primaryImageOfPage\":{\"@id\":\"https:\\\/\\\/diariodelsurdigital.com.ar\\\/?p=4323#primaryimage\"},\"image\":{\"@id\":\"https:\\\/\\\/diariodelsurdigital.com.ar\\\/?p=4323#primaryimage\"},\"thumbnailUrl\":\"https:\\\/\\\/diariodelsurdigital.com.ar\\\/wp-content\\\/uploads\\\/2025\\\/08\\\/md-8-2.webp\",\"datePublished\":\"2025-08-27T13:24:33+00:00\",\"dateModified\":\"2025-08-27T13:24:34+00:00\",\"author\":{\"@id\":\"https:\\\/\\\/diariodelsurdigital.com.ar\\\/#\\\/schema\\\/person\\\/1a4992532ed62965c968031b49195c81\"},\"breadcrumb\":{\"@id\":\"https:\\\/\\\/diariodelsurdigital.com.ar\\\/?p=4323#breadcrumb\"},\"inLanguage\":\"es\",\"potentialAction\":[{\"@type\":\"ReadAction\",\"target\":[\"https:\\\/\\\/diariodelsurdigital.com.ar\\\/?p=4323\"]}]},{\"@type\":\"ImageObject\",\"inLanguage\":\"es\",\"@id\":\"https:\\\/\\\/diariodelsurdigital.com.ar\\\/?p=4323#primaryimage\",\"url\":\"https:\\\/\\\/diariodelsurdigital.com.ar\\\/wp-content\\\/uploads\\\/2025\\\/08\\\/md-8-2.webp\",\"contentUrl\":\"https:\\\/\\\/diariodelsurdigital.com.ar\\\/wp-content\\\/uploads\\\/2025\\\/08\\\/md-8-2.webp\",\"width\":992,\"height\":548},{\"@type\":\"BreadcrumbList\",\"@id\":\"https:\\\/\\\/diariodelsurdigital.com.ar\\\/?p=4323#breadcrumb\",\"itemListElement\":[{\"@type\":\"ListItem\",\"position\":1,\"name\":\"Portada\",\"item\":\"https:\\\/\\\/diariodelsurdigital.com.ar\\\/\"},{\"@type\":\"ListItem\",\"position\":2,\"name\":\"Presentaron la Boleta \u00danica de Papel que se utilizar\u00e1 para votar en Entre R\u00edos\"}]},{\"@type\":\"WebSite\",\"@id\":\"https:\\\/\\\/diariodelsurdigital.com.ar\\\/#website\",\"url\":\"https:\\\/\\\/diariodelsurdigital.com.ar\\\/\",\"name\":\"Diario del Sur\",\"description\":\"Digital\",\"potentialAction\":[{\"@type\":\"SearchAction\",\"target\":{\"@type\":\"EntryPoint\",\"urlTemplate\":\"https:\\\/\\\/diariodelsurdigital.com.ar\\\/?s={search_term_string}\"},\"query-input\":{\"@type\":\"PropertyValueSpecification\",\"valueRequired\":true,\"valueName\":\"search_term_string\"}}],\"inLanguage\":\"es\"},{\"@type\":\"Person\",\"@id\":\"https:\\\/\\\/diariodelsurdigital.com.ar\\\/#\\\/schema\\\/person\\\/1a4992532ed62965c968031b49195c81\",\"name\":\"Diario del Sur Digital\",\"image\":{\"@type\":\"ImageObject\",\"inLanguage\":\"es\",\"@id\":\"https:\\\/\\\/secure.gravatar.com\\\/avatar\\\/f0c7c47fc7146d19828273b9b8eda651c9c7ab583767e6338d3d3bee825adf76?s=96&d=mm&r=g\",\"url\":\"https:\\\/\\\/secure.gravatar.com\\\/avatar\\\/f0c7c47fc7146d19828273b9b8eda651c9c7ab583767e6338d3d3bee825adf76?s=96&d=mm&r=g\",\"contentUrl\":\"https:\\\/\\\/secure.gravatar.com\\\/avatar\\\/f0c7c47fc7146d19828273b9b8eda651c9c7ab583767e6338d3d3bee825adf76?s=96&d=mm&r=g\",\"caption\":\"Diario del Sur Digital\"},\"url\":\"https:\\\/\\\/diariodelsurdigital.com.ar\\\/?author=4\"}]}<\/script>\n<!-- \/ Yoast SEO plugin. -->","yoast_head_json":{"title":"Presentaron la Boleta \u00danica de Papel que se utilizar\u00e1 para votar en Entre R\u00edos - Diario del Sur","robots":{"index":"index","follow":"follow","max-snippet":"max-snippet:-1","max-image-preview":"max-image-preview:large","max-video-preview":"max-video-preview:-1"},"canonical":"https:\/\/diariodelsurdigital.com.ar\/?p=4323","og_locale":"es_ES","og_type":"article","og_title":"Presentaron la Boleta \u00danica de Papel que se utilizar\u00e1 para votar en Entre R\u00edos - Diario del Sur","og_description":"La Justicia Electoral de Entre R\u00edos present\u00f3 este martes el modelo de Boleta \u00danica de Papel que se usar\u00e1 en la provincia en las elecciones legislativas del 26 de octubre, con las respectivas ubicaciones de las siete listas que competir\u00e1n con candidatos a senadores y diputados nacionales. El orden de las listas en la Boleta [&hellip;]","og_url":"https:\/\/diariodelsurdigital.com.ar\/?p=4323","og_site_name":"Diario del Sur","article_published_time":"2025-08-27T13:24:33+00:00","article_modified_time":"2025-08-27T13:24:34+00:00","og_image":[{"width":992,"height":548,"url":"https:\/\/diariodelsurdigital.com.ar\/wp-content\/uploads\/2025\/08\/md-8-2.webp","type":"image\/webp"}],"author":"Diario del Sur Digital","twitter_card":"summary_large_image","twitter_misc":{"Escrito por":"Diario del Sur Digital","Tiempo de lectura":"3 minutos"},"schema":{"@context":"https:\/\/schema.org","@graph":[{"@type":"Article","@id":"https:\/\/diariodelsurdigital.com.ar\/?p=4323#article","isPartOf":{"@id":"https:\/\/diariodelsurdigital.com.ar\/?p=4323"},"author":{"name":"Diario del Sur Digital","@id":"https:\/\/diariodelsurdigital.com.ar\/#\/schema\/person\/1a4992532ed62965c968031b49195c81"},"headline":"Presentaron la Boleta \u00danica de Papel que se utilizar\u00e1 para votar en Entre R\u00edos","datePublished":"2025-08-27T13:24:33+00:00","dateModified":"2025-08-27T13:24:34+00:00","mainEntityOfPage":{"@id":"https:\/\/diariodelsurdigital.com.ar\/?p=4323"},"wordCount":440,"commentCount":0,"image":{"@id":"https:\/\/diariodelsurdigital.com.ar\/?p=4323#primaryimage"},"thumbnailUrl":"https:\/\/diariodelsurdigital.com.ar\/wp-content\/uploads\/2025\/08\/md-8-2.webp","articleSection":["Pol\u00edtica","Provinciales"],"inLanguage":"es","potentialAction":[{"@type":"CommentAction","name":"Comment","target":["https:\/\/diariodelsurdigital.com.ar\/?p=4323#respond"]}]},{"@type":"WebPage","@id":"https:\/\/diariodelsurdigital.com.ar\/?p=4323","url":"https:\/\/diariodelsurdigital.com.ar\/?p=4323","name":"Presentaron la Boleta \u00danica de Papel que se utilizar\u00e1 para votar en Entre R\u00edos - Diario del Sur","isPartOf":{"@id":"https:\/\/diariodelsurdigital.com.ar\/#website"},"primaryImageOfPage":{"@id":"https:\/\/diariodelsurdigital.com.ar\/?p=4323#primaryimage"},"image":{"@id":"https:\/\/diariodelsurdigital.com.ar\/?p=4323#primaryimage"},"thumbnailUrl":"https:\/\/diariodelsurdigital.com.ar\/wp-content\/uploads\/2025\/08\/md-8-2.webp","datePublished":"2025-08-27T13:24:33+00:00","dateModified":"2025-08-27T13:24:34+00:00","author":{"@id":"https:\/\/diariodelsurdigital.com.ar\/#\/schema\/person\/1a4992532ed62965c968031b49195c81"},"breadcrumb":{"@id":"https:\/\/diariodelsurdigital.com.ar\/?p=4323#breadcrumb"},"inLanguage":"es","potentialAction":[{"@type":"ReadAction","target":["https:\/\/diariodelsurdigital.com.ar\/?p=4323"]}]},{"@type":"ImageObject","inLanguage":"es","@id":"https:\/\/diariodelsurdigital.com.ar\/?p=4323#primaryimage","url":"https:\/\/diariodelsurdigital.com.ar\/wp-content\/uploads\/2025\/08\/md-8-2.webp","contentUrl":"https:\/\/diariodelsurdigital.com.ar\/wp-content\/uploads\/2025\/08\/md-8-2.webp","width":992,"height":548},{"@type":"BreadcrumbList","@id":"https:\/\/diariodelsurdigital.com.ar\/?p=4323#breadcrumb","itemListElement":[{"@type":"ListItem","position":1,"name":"Portada","item":"https:\/\/diariodelsurdigital.com.ar\/"},{"@type":"ListItem","position":2,"name":"Presentaron la Boleta \u00danica de Papel que se utilizar\u00e1 para votar en Entre R\u00edos"}]},{"@type":"WebSite","@id":"https:\/\/diariodelsurdigital.com.ar\/#website","url":"https:\/\/diariodelsurdigital.com.ar\/","name":"Diario del Sur","description":"Digital","potentialAction":[{"@type":"SearchAction","target":{"@type":"EntryPoint","urlTemplate":"https:\/\/diariodelsurdigital.com.ar\/?s={search_term_string}"},"query-input":{"@type":"PropertyValueSpecification","valueRequired":true,"valueName":"search_term_string"}}],"inLanguage":"es"},{"@type":"Person","@id":"https:\/\/diariodelsurdigital.com.ar\/#\/schema\/person\/1a4992532ed62965c968031b49195c81","name":"Diario del Sur Digital","image":{"@type":"ImageObject","inLanguage":"es","@id":"https:\/\/secure.gravatar.com\/avatar\/f0c7c47fc7146d19828273b9b8eda651c9c7ab583767e6338d3d3bee825adf76?s=96&d=mm&r=g","url":"https:\/\/secure.gravatar.com\/avatar\/f0c7c47fc7146d19828273b9b8eda651c9c7ab583767e6338d3d3bee825adf76?s=96&d=mm&r=g","contentUrl":"https:\/\/secure.gravatar.com\/avatar\/f0c7c47fc7146d19828273b9b8eda651c9c7ab583767e6338d3d3bee825adf76?s=96&d=mm&r=g","caption":"Diario del Sur Digital"},"url":"https:\/\/diariodelsurdigital.com.ar\/?author=4"}]}},"_links":{"self":[{"href":"https:\/\/diariodelsurdigital.com.ar\/index.php?rest_route=\/wp\/v2\/posts\/4323","targetHints":{"allow":["GET"]}}],"collection":[{"href":"https:\/\/diariodelsurdigital.com.ar\/index.php?rest_route=\/wp\/v2\/posts"}],"about":[{"href":"https:\/\/diariodelsurdigital.com.ar\/index.php?rest_route=\/wp\/v2\/types\/post"}],"author":[{"embeddable":true,"href":"https:\/\/diariodelsurdigital.com.ar\/index.php?rest_route=\/wp\/v2\/users\/4"}],"replies":[{"embeddable":true,"href":"https:\/\/diariodelsurdigital.com.ar\/index.php?rest_route=%2Fwp%2Fv2%2Fcomments&post=4323"}],"version-history":[{"count":1,"href":"https:\/\/diariodelsurdigital.com.ar\/index.php?rest_route=\/wp\/v2\/posts\/4323\/revisions"}],"predecessor-version":[{"id":4325,"href":"https:\/\/diariodelsurdigital.com.ar\/index.php?rest_route=\/wp\/v2\/posts\/4323\/revisions\/4325"}],"wp:featuredmedia":[{"embeddable":true,"href":"https:\/\/diariodelsurdigital.com.ar\/index.php?rest_route=\/wp\/v2\/media\/4324"}],"wp:attachment":[{"href":"https:\/\/diariodelsurdigital.com.ar\/index.php?rest_route=%2Fwp%2Fv2%2Fmedia&parent=4323"}],"wp:term":[{"taxonomy":"category","embeddable":true,"href":"https:\/\/diariodelsurdigital.com.ar\/index.php?rest_route=%2Fwp%2Fv2%2Fcategories&post=4323"},{"taxonomy":"post_tag","embeddable":true,"href":"https:\/\/diariodelsurdigital.com.ar\/index.php?rest_route=%2Fwp%2Fv2%2Ftags&post=4323"}],"curies":[{"name":"wp","href":"https:\/\/api.w.org\/{rel}","templated":true}]}}