{"id":4326,"date":"2025-08-27T10:27:56","date_gmt":"2025-08-27T13:27:56","guid":{"rendered":"https:\/\/diariodelsurdigital.com.ar\/?p=4326"},"modified":"2025-08-27T10:27:57","modified_gmt":"2025-08-27T13:27:57","slug":"se-tensa-la-previa-de-la-definicion-de-la-nueva-cgt-hay-que-prepararse-para-el-conflicto-con-el-gobierno","status":"publish","type":"post","link":"https:\/\/diariodelsurdigital.com.ar\/?p=4326","title":{"rendered":"Se tensa la previa de la definici\u00f3n de la nueva CGT: \u00abHay que prepararse para el conflicto con el Gobierno\u00bb"},"content":{"rendered":"\n<p>Este mi\u00e9rcoles m\u00e1s de cien l\u00edderes sindicales compartir\u00e1n un almuerzo de \u00abcamarader\u00eda\u00bb. Sin un nombre fuerte, todo se encamina a un nuevo triunvirato, pero con caras m\u00e1s j\u00f3venes. Fuertes cr\u00edticas al Gobierno, al que acusan de no buscar consensos.<\/p>\n\n\n\n<p><\/p>\n\n\n\n<p>Se viven horas cruciales para el futuro de la Confederaci\u00f3n General del Trabajo (CGT). Este mi\u00e9rcoles habr\u00e1 una reuni\u00f3n clave en el predio de SETIA en Ezeiza con m\u00e1s de cien secretarios generales. Avanza el consenso para un nuevo triunvirato, pero integrado por una nueva generaci\u00f3n (dos hombres y una mujer). M\u00e1s all\u00e1 del formato y los nombres, prev\u00e9n un futuro dif\u00edcil, con \u00abm\u00e1s conflicto que di\u00e1logo\u00bb con el Gobierno. Auguran meses de dificultades econ\u00f3micas que obligar\u00e1n a la central a tomar posiciones m\u00e1s duras, hecho que le dar\u00e1 forma al perfil de los nuevos conductores.<\/p>\n\n\n\n<p>La elecci\u00f3n del 5 de noviembre ser\u00e1 la primera desde el comienzo de la presidencia de Javier Milei, hace casi dos a\u00f1os atr\u00e1s. El o los nombres que se elijan reflejar\u00e1n cu\u00e1l ser\u00e1 la postura y estrategia de la CGT en esta nueva etapa. \u00abHay que prepararse m\u00e1s para el conflicto que para otra cosa\u00bb, advirtieron a \u00c1mbito altas fuentes del sindicalismo nacional ante un escenario de poco di\u00e1logo y una realidad socio-econ\u00f3mica cada vez m\u00e1s dif\u00edcil.<\/p>\n\n\n\n<p>Todos los sectores, dialoguistas y duros, coinciden en que la situaci\u00f3n econ\u00f3mica y social empeorar\u00e1 en los pr\u00f3ximos meses y la relaci\u00f3n con el Gobierno ser\u00e1 mala o directamente nula. \u00abEl Gobierno no tiene capacidad de consenso, cuando intentaron buscar di\u00e1logo fracasaron y est\u00e1n reducidos a una elite muy particular, muy individualista\u00bb, afirman cerca de uno de los hombres clave que ir\u00e1 a la reuni\u00f3n en el Sindicato de Textiles de la Industria y Afines (SETIA).<\/p>\n\n\n\n<p>C\u00f3mo seguir ante este escenario es lo que se discutir\u00e1 el 27 de agosto en el almuerzo de \u00abcamarader\u00eda\u00bb en SETIA. All\u00ed esperan llegar a los consensos necesarios para llegar al 5 de noviembre con los nombres y el formato de conducci\u00f3n definidos. El paso siguiente ser\u00e1 el jueves 28 con la reuni\u00f3n del Consejo Directivo de la CGT, el cual llamar\u00e1 al Comit\u00e9 Central Confederal, necesario para luego convocar al Congreso que elegir\u00e1 a las nuevas autoridades.<\/p>\n\n\n\n<p>Triunvirato o unicato<br>Uno de los debates m\u00e1s importantes en SETIA ser\u00e1 el formato de la nueva conducci\u00f3n. El actual triunvirato integrado por H\u00e9ctor Daer (Sanidad), Carlos Acu\u00f1a (estaciones de servicio) y Octavio Arg\u00fcello (camionero) llega al final de su mandato con se\u00f1ales de agotamiento.<\/p>\n\n\n\n<p>Los gremios m\u00e1s duros como la Uni\u00f3n Obrera Metal\u00fargica (UOM), conducido por Abel Furlan, y la Confederaci\u00f3n Argentina de Trabajadores del Transporte (CATT), de Juan Carlos Schmid, piden por un unicato que se posicione con firmeza ante las reformas laborales del Gobierno y el techo del 1% mensual de paritaria que impulsa.<\/p>\n\n\n\n<p>Tambi\u00e9n entre los gremios dialoguistas abogan por un unicato. Uno de ellos es el actual secretario de Comunicaci\u00f3n de la CGT, Jorge Sola (Seguros), qui\u00e9n abiertamente se postula para llevar adelante \u00abesa responsabilidad\u00bb. Afirma que el formato est\u00e1 agotado por la dificultad de llegar a consensos de acci\u00f3n en una realidad muy din\u00e1mica y, sobre todo, porque ya no hay tres sectores tan definidos que puedan verse representados.<\/p>\n\n\n\n<p>Sin embargo, a falta de un hombre fuerte que pueda aglutinar consensos, todo indica que el triunvirato ser\u00e1 el formato elegido para conducir a la CGT los pr\u00f3ximos cuatro a\u00f1os. Los nombres que suenan con m\u00e1s fuerza son Cristian Jer\u00f3nimo (empleados del vidrio), Jorge Sola y Maia Volcovinsky (judiciales de Julio Piumato), pero podr\u00eda haber algunos cambios en pos de lograr los consensos necesarios.<\/p>\n\n\n\n<p>La postura frente al Gobierno<br>Hasta ahora, el v\u00ednculo con el Gobierno ha sido m\u00e1s bien conflictivo, a pesar de todos los intentos de la CGT por establecer un di\u00e1logo. El oficialismo tiene una agenda laboral diferente, m\u00e1s cercana a la de los empresarios, y no ha dudado en avanzar en reformas sin consultar a la central.<\/p>\n\n\n\n<p>Es por ello que los sectores m\u00e1s duros abogan por una conducci\u00f3n m\u00e1s firme. Desde el actual triunvirato defienden su gesti\u00f3n, con tres paros generales, movilizaciones masivas y presentaciones judiciales que han frenado algunas de las iniciativas oficiales.<\/p>\n\n\n\n<p>Desde los sectores que impulsan un nuevo triunvirato, aseguran que no implicar\u00e1 tibieza. \u00abLa CGT va a seguir accionando todo lo que sea necesario para defender los derechos del trabajador\u00bb, aseguraron a \u00c1mbito.<\/p>\n\n\n\n<p>Estos sectores insistir\u00e1n con volver a tener un di\u00e1logo con el Gobierno, pero lo ven muy dif\u00edcil. \u201cLa pr\u00f3xima etapa de la CGT tiene que ver con el deterioro econ\u00f3mico y social cada vez m\u00e1s acelerado, sumado al deterioro pol\u00edtico del oficialismo y al resultado electoral entre septiembre y octubre\u201d, pronostican.<\/p>\n\n\n\n<p>Falta poco para saber cu\u00e1l ser\u00e1 la nueva CGT para la etapa que se abrir\u00e1 en el pa\u00eds a partir de las elecciones del 7 de septiembre en la provincia de Buenos Aires y el 26 de octubre a nivel nacional. Sus resultados tambi\u00e9n definir\u00e1n cu\u00e1l ser\u00e1 la postura de la principal central obrera del pa\u00eds.<\/p>\n","protected":false},"excerpt":{"rendered":"<p>Este mi\u00e9rcoles m\u00e1s de cien l\u00edderes sindicales compartir\u00e1n un almuerzo de \u00abcamarader\u00eda\u00bb. Sin un nombre fuerte, todo se encamina a un nuevo triunvirato, pero con caras m\u00e1s j\u00f3venes. Fuertes cr\u00edticas al Gobierno, al que acusan de no buscar consensos. Se viven horas cruciales para el futuro de la Confederaci\u00f3n General del Trabajo (CGT). Este mi\u00e9rcoles [&hellip;]<\/p>\n","protected":false},"author":4,"featured_media":4327,"comment_status":"open","ping_status":"open","sticky":false,"template":"","format":"standard","meta":{"footnotes":""},"categories":[18],"tags":[],"class_list":{"0":"post-4326","1":"post","2":"type-post","3":"status-publish","4":"format-standard","5":"has-post-thumbnail","7":"category-nacionales"},"yoast_head":"<!-- This site is optimized with the Yoast SEO plugin v27.4 - https:\/\/yoast.com\/product\/yoast-seo-wordpress\/ -->\n<title>Se tensa la previa de la definici\u00f3n de la nueva CGT: &quot;Hay que prepararse para el conflicto con el Gobierno&quot; - Diario del Sur<\/title>\n<meta name=\"robots\" content=\"index, follow, max-snippet:-1, max-image-preview:large, max-video-preview:-1\" \/>\n<link rel=\"canonical\" href=\"https:\/\/diariodelsurdigital.com.ar\/?p=4326\" \/>\n<meta property=\"og:locale\" content=\"es_ES\" \/>\n<meta property=\"og:type\" content=\"article\" \/>\n<meta property=\"og:title\" content=\"Se tensa la previa de la definici\u00f3n de la nueva CGT: &quot;Hay que prepararse para el conflicto con el Gobierno&quot; - Diario del Sur\" \/>\n<meta property=\"og:description\" content=\"Este mi\u00e9rcoles m\u00e1s de cien l\u00edderes sindicales compartir\u00e1n un almuerzo de \u00abcamarader\u00eda\u00bb. Sin un nombre fuerte, todo se encamina a un nuevo triunvirato, pero con caras m\u00e1s j\u00f3venes. Fuertes cr\u00edticas al Gobierno, al que acusan de no buscar consensos. Se viven horas cruciales para el futuro de la Confederaci\u00f3n General del Trabajo (CGT). Este mi\u00e9rcoles [&hellip;]\" \/>\n<meta property=\"og:url\" content=\"https:\/\/diariodelsurdigital.com.ar\/?p=4326\" \/>\n<meta property=\"og:site_name\" content=\"Diario del Sur\" \/>\n<meta property=\"article:published_time\" content=\"2025-08-27T13:27:56+00:00\" \/>\n<meta property=\"article:modified_time\" content=\"2025-08-27T13:27:57+00:00\" \/>\n<meta property=\"og:image\" content=\"https:\/\/diariodelsurdigital.com.ar\/wp-content\/uploads\/2025\/08\/md-9-3.webp\" \/>\n\t<meta property=\"og:image:width\" content=\"992\" \/>\n\t<meta property=\"og:image:height\" content=\"659\" \/>\n\t<meta property=\"og:image:type\" content=\"image\/webp\" \/>\n<meta name=\"author\" content=\"Diario del Sur Digital\" \/>\n<meta name=\"twitter:card\" content=\"summary_large_image\" \/>\n<meta name=\"twitter:label1\" content=\"Escrito por\" \/>\n\t<meta name=\"twitter:data1\" content=\"Diario del Sur Digital\" \/>\n\t<meta name=\"twitter:label2\" content=\"Tiempo de lectura\" \/>\n\t<meta name=\"twitter:data2\" content=\"5 minutos\" \/>\n<script type=\"application\/ld+json\" class=\"yoast-schema-graph\">{\"@context\":\"https:\\\/\\\/schema.org\",\"@graph\":[{\"@type\":\"Article\",\"@id\":\"https:\\\/\\\/diariodelsurdigital.com.ar\\\/?p=4326#article\",\"isPartOf\":{\"@id\":\"https:\\\/\\\/diariodelsurdigital.com.ar\\\/?p=4326\"},\"author\":{\"name\":\"Diario del Sur Digital\",\"@id\":\"https:\\\/\\\/diariodelsurdigital.com.ar\\\/#\\\/schema\\\/person\\\/1a4992532ed62965c968031b49195c81\"},\"headline\":\"Se tensa la previa de la definici\u00f3n de la nueva CGT: \u00abHay que prepararse para el conflicto con el Gobierno\u00bb\",\"datePublished\":\"2025-08-27T13:27:56+00:00\",\"dateModified\":\"2025-08-27T13:27:57+00:00\",\"mainEntityOfPage\":{\"@id\":\"https:\\\/\\\/diariodelsurdigital.com.ar\\\/?p=4326\"},\"wordCount\":925,\"commentCount\":0,\"image\":{\"@id\":\"https:\\\/\\\/diariodelsurdigital.com.ar\\\/?p=4326#primaryimage\"},\"thumbnailUrl\":\"https:\\\/\\\/diariodelsurdigital.com.ar\\\/wp-content\\\/uploads\\\/2025\\\/08\\\/md-9-3.webp\",\"articleSection\":[\"Nacionales\"],\"inLanguage\":\"es\",\"potentialAction\":[{\"@type\":\"CommentAction\",\"name\":\"Comment\",\"target\":[\"https:\\\/\\\/diariodelsurdigital.com.ar\\\/?p=4326#respond\"]}]},{\"@type\":\"WebPage\",\"@id\":\"https:\\\/\\\/diariodelsurdigital.com.ar\\\/?p=4326\",\"url\":\"https:\\\/\\\/diariodelsurdigital.com.ar\\\/?p=4326\",\"name\":\"Se tensa la previa de la definici\u00f3n de la nueva CGT: \\\"Hay que prepararse para el conflicto con el Gobierno\\\" - Diario del Sur\",\"isPartOf\":{\"@id\":\"https:\\\/\\\/diariodelsurdigital.com.ar\\\/#website\"},\"primaryImageOfPage\":{\"@id\":\"https:\\\/\\\/diariodelsurdigital.com.ar\\\/?p=4326#primaryimage\"},\"image\":{\"@id\":\"https:\\\/\\\/diariodelsurdigital.com.ar\\\/?p=4326#primaryimage\"},\"thumbnailUrl\":\"https:\\\/\\\/diariodelsurdigital.com.ar\\\/wp-content\\\/uploads\\\/2025\\\/08\\\/md-9-3.webp\",\"datePublished\":\"2025-08-27T13:27:56+00:00\",\"dateModified\":\"2025-08-27T13:27:57+00:00\",\"author\":{\"@id\":\"https:\\\/\\\/diariodelsurdigital.com.ar\\\/#\\\/schema\\\/person\\\/1a4992532ed62965c968031b49195c81\"},\"breadcrumb\":{\"@id\":\"https:\\\/\\\/diariodelsurdigital.com.ar\\\/?p=4326#breadcrumb\"},\"inLanguage\":\"es\",\"potentialAction\":[{\"@type\":\"ReadAction\",\"target\":[\"https:\\\/\\\/diariodelsurdigital.com.ar\\\/?p=4326\"]}]},{\"@type\":\"ImageObject\",\"inLanguage\":\"es\",\"@id\":\"https:\\\/\\\/diariodelsurdigital.com.ar\\\/?p=4326#primaryimage\",\"url\":\"https:\\\/\\\/diariodelsurdigital.com.ar\\\/wp-content\\\/uploads\\\/2025\\\/08\\\/md-9-3.webp\",\"contentUrl\":\"https:\\\/\\\/diariodelsurdigital.com.ar\\\/wp-content\\\/uploads\\\/2025\\\/08\\\/md-9-3.webp\",\"width\":992,\"height\":659},{\"@type\":\"BreadcrumbList\",\"@id\":\"https:\\\/\\\/diariodelsurdigital.com.ar\\\/?p=4326#breadcrumb\",\"itemListElement\":[{\"@type\":\"ListItem\",\"position\":1,\"name\":\"Portada\",\"item\":\"https:\\\/\\\/diariodelsurdigital.com.ar\\\/\"},{\"@type\":\"ListItem\",\"position\":2,\"name\":\"Se tensa la previa de la definici\u00f3n de la nueva CGT: \u00abHay que prepararse para el conflicto con el Gobierno\u00bb\"}]},{\"@type\":\"WebSite\",\"@id\":\"https:\\\/\\\/diariodelsurdigital.com.ar\\\/#website\",\"url\":\"https:\\\/\\\/diariodelsurdigital.com.ar\\\/\",\"name\":\"Diario del Sur\",\"description\":\"Digital\",\"potentialAction\":[{\"@type\":\"SearchAction\",\"target\":{\"@type\":\"EntryPoint\",\"urlTemplate\":\"https:\\\/\\\/diariodelsurdigital.com.ar\\\/?s={search_term_string}\"},\"query-input\":{\"@type\":\"PropertyValueSpecification\",\"valueRequired\":true,\"valueName\":\"search_term_string\"}}],\"inLanguage\":\"es\"},{\"@type\":\"Person\",\"@id\":\"https:\\\/\\\/diariodelsurdigital.com.ar\\\/#\\\/schema\\\/person\\\/1a4992532ed62965c968031b49195c81\",\"name\":\"Diario del Sur Digital\",\"image\":{\"@type\":\"ImageObject\",\"inLanguage\":\"es\",\"@id\":\"https:\\\/\\\/secure.gravatar.com\\\/avatar\\\/f0c7c47fc7146d19828273b9b8eda651c9c7ab583767e6338d3d3bee825adf76?s=96&d=mm&r=g\",\"url\":\"https:\\\/\\\/secure.gravatar.com\\\/avatar\\\/f0c7c47fc7146d19828273b9b8eda651c9c7ab583767e6338d3d3bee825adf76?s=96&d=mm&r=g\",\"contentUrl\":\"https:\\\/\\\/secure.gravatar.com\\\/avatar\\\/f0c7c47fc7146d19828273b9b8eda651c9c7ab583767e6338d3d3bee825adf76?s=96&d=mm&r=g\",\"caption\":\"Diario del Sur Digital\"},\"url\":\"https:\\\/\\\/diariodelsurdigital.com.ar\\\/?author=4\"}]}<\/script>\n<!-- \/ Yoast SEO plugin. -->","yoast_head_json":{"title":"Se tensa la previa de la definici\u00f3n de la nueva CGT: \"Hay que prepararse para el conflicto con el Gobierno\" - Diario del Sur","robots":{"index":"index","follow":"follow","max-snippet":"max-snippet:-1","max-image-preview":"max-image-preview:large","max-video-preview":"max-video-preview:-1"},"canonical":"https:\/\/diariodelsurdigital.com.ar\/?p=4326","og_locale":"es_ES","og_type":"article","og_title":"Se tensa la previa de la definici\u00f3n de la nueva CGT: \"Hay que prepararse para el conflicto con el Gobierno\" - Diario del Sur","og_description":"Este mi\u00e9rcoles m\u00e1s de cien l\u00edderes sindicales compartir\u00e1n un almuerzo de \u00abcamarader\u00eda\u00bb. Sin un nombre fuerte, todo se encamina a un nuevo triunvirato, pero con caras m\u00e1s j\u00f3venes. Fuertes cr\u00edticas al Gobierno, al que acusan de no buscar consensos. Se viven horas cruciales para el futuro de la Confederaci\u00f3n General del Trabajo (CGT). Este mi\u00e9rcoles [&hellip;]","og_url":"https:\/\/diariodelsurdigital.com.ar\/?p=4326","og_site_name":"Diario del Sur","article_published_time":"2025-08-27T13:27:56+00:00","article_modified_time":"2025-08-27T13:27:57+00:00","og_image":[{"width":992,"height":659,"url":"https:\/\/diariodelsurdigital.com.ar\/wp-content\/uploads\/2025\/08\/md-9-3.webp","type":"image\/webp"}],"author":"Diario del Sur Digital","twitter_card":"summary_large_image","twitter_misc":{"Escrito por":"Diario del Sur Digital","Tiempo de lectura":"5 minutos"},"schema":{"@context":"https:\/\/schema.org","@graph":[{"@type":"Article","@id":"https:\/\/diariodelsurdigital.com.ar\/?p=4326#article","isPartOf":{"@id":"https:\/\/diariodelsurdigital.com.ar\/?p=4326"},"author":{"name":"Diario del Sur Digital","@id":"https:\/\/diariodelsurdigital.com.ar\/#\/schema\/person\/1a4992532ed62965c968031b49195c81"},"headline":"Se tensa la previa de la definici\u00f3n de la nueva CGT: \u00abHay que prepararse para el conflicto con el Gobierno\u00bb","datePublished":"2025-08-27T13:27:56+00:00","dateModified":"2025-08-27T13:27:57+00:00","mainEntityOfPage":{"@id":"https:\/\/diariodelsurdigital.com.ar\/?p=4326"},"wordCount":925,"commentCount":0,"image":{"@id":"https:\/\/diariodelsurdigital.com.ar\/?p=4326#primaryimage"},"thumbnailUrl":"https:\/\/diariodelsurdigital.com.ar\/wp-content\/uploads\/2025\/08\/md-9-3.webp","articleSection":["Nacionales"],"inLanguage":"es","potentialAction":[{"@type":"CommentAction","name":"Comment","target":["https:\/\/diariodelsurdigital.com.ar\/?p=4326#respond"]}]},{"@type":"WebPage","@id":"https:\/\/diariodelsurdigital.com.ar\/?p=4326","url":"https:\/\/diariodelsurdigital.com.ar\/?p=4326","name":"Se tensa la previa de la definici\u00f3n de la nueva CGT: \"Hay que prepararse para el conflicto con el Gobierno\" - Diario del Sur","isPartOf":{"@id":"https:\/\/diariodelsurdigital.com.ar\/#website"},"primaryImageOfPage":{"@id":"https:\/\/diariodelsurdigital.com.ar\/?p=4326#primaryimage"},"image":{"@id":"https:\/\/diariodelsurdigital.com.ar\/?p=4326#primaryimage"},"thumbnailUrl":"https:\/\/diariodelsurdigital.com.ar\/wp-content\/uploads\/2025\/08\/md-9-3.webp","datePublished":"2025-08-27T13:27:56+00:00","dateModified":"2025-08-27T13:27:57+00:00","author":{"@id":"https:\/\/diariodelsurdigital.com.ar\/#\/schema\/person\/1a4992532ed62965c968031b49195c81"},"breadcrumb":{"@id":"https:\/\/diariodelsurdigital.com.ar\/?p=4326#breadcrumb"},"inLanguage":"es","potentialAction":[{"@type":"ReadAction","target":["https:\/\/diariodelsurdigital.com.ar\/?p=4326"]}]},{"@type":"ImageObject","inLanguage":"es","@id":"https:\/\/diariodelsurdigital.com.ar\/?p=4326#primaryimage","url":"https:\/\/diariodelsurdigital.com.ar\/wp-content\/uploads\/2025\/08\/md-9-3.webp","contentUrl":"https:\/\/diariodelsurdigital.com.ar\/wp-content\/uploads\/2025\/08\/md-9-3.webp","width":992,"height":659},{"@type":"BreadcrumbList","@id":"https:\/\/diariodelsurdigital.com.ar\/?p=4326#breadcrumb","itemListElement":[{"@type":"ListItem","position":1,"name":"Portada","item":"https:\/\/diariodelsurdigital.com.ar\/"},{"@type":"ListItem","position":2,"name":"Se tensa la previa de la definici\u00f3n de la nueva CGT: \u00abHay que prepararse para el conflicto con el Gobierno\u00bb"}]},{"@type":"WebSite","@id":"https:\/\/diariodelsurdigital.com.ar\/#website","url":"https:\/\/diariodelsurdigital.com.ar\/","name":"Diario del Sur","description":"Digital","potentialAction":[{"@type":"SearchAction","target":{"@type":"EntryPoint","urlTemplate":"https:\/\/diariodelsurdigital.com.ar\/?s={search_term_string}"},"query-input":{"@type":"PropertyValueSpecification","valueRequired":true,"valueName":"search_term_string"}}],"inLanguage":"es"},{"@type":"Person","@id":"https:\/\/diariodelsurdigital.com.ar\/#\/schema\/person\/1a4992532ed62965c968031b49195c81","name":"Diario del Sur Digital","image":{"@type":"ImageObject","inLanguage":"es","@id":"https:\/\/secure.gravatar.com\/avatar\/f0c7c47fc7146d19828273b9b8eda651c9c7ab583767e6338d3d3bee825adf76?s=96&d=mm&r=g","url":"https:\/\/secure.gravatar.com\/avatar\/f0c7c47fc7146d19828273b9b8eda651c9c7ab583767e6338d3d3bee825adf76?s=96&d=mm&r=g","contentUrl":"https:\/\/secure.gravatar.com\/avatar\/f0c7c47fc7146d19828273b9b8eda651c9c7ab583767e6338d3d3bee825adf76?s=96&d=mm&r=g","caption":"Diario del Sur Digital"},"url":"https:\/\/diariodelsurdigital.com.ar\/?author=4"}]}},"_links":{"self":[{"href":"https:\/\/diariodelsurdigital.com.ar\/index.php?rest_route=\/wp\/v2\/posts\/4326","targetHints":{"allow":["GET"]}}],"collection":[{"href":"https:\/\/diariodelsurdigital.com.ar\/index.php?rest_route=\/wp\/v2\/posts"}],"about":[{"href":"https:\/\/diariodelsurdigital.com.ar\/index.php?rest_route=\/wp\/v2\/types\/post"}],"author":[{"embeddable":true,"href":"https:\/\/diariodelsurdigital.com.ar\/index.php?rest_route=\/wp\/v2\/users\/4"}],"replies":[{"embeddable":true,"href":"https:\/\/diariodelsurdigital.com.ar\/index.php?rest_route=%2Fwp%2Fv2%2Fcomments&post=4326"}],"version-history":[{"count":1,"href":"https:\/\/diariodelsurdigital.com.ar\/index.php?rest_route=\/wp\/v2\/posts\/4326\/revisions"}],"predecessor-version":[{"id":4328,"href":"https:\/\/diariodelsurdigital.com.ar\/index.php?rest_route=\/wp\/v2\/posts\/4326\/revisions\/4328"}],"wp:featuredmedia":[{"embeddable":true,"href":"https:\/\/diariodelsurdigital.com.ar\/index.php?rest_route=\/wp\/v2\/media\/4327"}],"wp:attachment":[{"href":"https:\/\/diariodelsurdigital.com.ar\/index.php?rest_route=%2Fwp%2Fv2%2Fmedia&parent=4326"}],"wp:term":[{"taxonomy":"category","embeddable":true,"href":"https:\/\/diariodelsurdigital.com.ar\/index.php?rest_route=%2Fwp%2Fv2%2Fcategories&post=4326"},{"taxonomy":"post_tag","embeddable":true,"href":"https:\/\/diariodelsurdigital.com.ar\/index.php?rest_route=%2Fwp%2Fv2%2Ftags&post=4326"}],"curies":[{"name":"wp","href":"https:\/\/api.w.org\/{rel}","templated":true}]}}