{"id":4335,"date":"2025-08-28T13:00:10","date_gmt":"2025-08-28T16:00:10","guid":{"rendered":"https:\/\/diariodelsurdigital.com.ar\/?p=4335"},"modified":"2025-08-28T14:42:57","modified_gmt":"2025-08-28T17:42:57","slug":"expo-navidad-expositores-y-organizadores-se-reunieron-en-puerto-yerua","status":"publish","type":"post","link":"https:\/\/diariodelsurdigital.com.ar\/?p=4335","title":{"rendered":"EXPO NAVIDAD: Expositores y organizadores se reunieron en Puerto Yeru\u00e1"},"content":{"rendered":"\n<p>En horas de la tarde de este mi\u00e9rcoles, las organizadoras de la Expo Navidad se reunieron con expositores de las localidades de Concordia y Puerto Yeru\u00e1 en el Club Social de la localidad. Durante la jornada, Andrea Catalini, Natalia Sandri, Micaela Penco, Valeria Packoski y Julieta Ferrer intercambiaron ideas e inquietudes con expositores y vecinos con vistas a lo que ser\u00e1 uno de los eventos regionales de mayor inter\u00e9s para Puerto Yeru\u00e1 y la regi\u00f3n.<\/p>\n\n\n\n<figure class=\"wp-block-image size-full\"><img loading=\"lazy\" decoding=\"async\" width=\"483\" height=\"352\" src=\"https:\/\/diariodelsurdigital.com.ar\/wp-content\/uploads\/2025\/08\/Imagen-de-WhatsApp-2025-08-27-a-las-19.34.43_8a30051c.jpg\" alt=\"\" class=\"wp-image-4337\" srcset=\"https:\/\/diariodelsurdigital.com.ar\/wp-content\/uploads\/2025\/08\/Imagen-de-WhatsApp-2025-08-27-a-las-19.34.43_8a30051c.jpg 483w, https:\/\/diariodelsurdigital.com.ar\/wp-content\/uploads\/2025\/08\/Imagen-de-WhatsApp-2025-08-27-a-las-19.34.43_8a30051c-300x219.jpg 300w, https:\/\/diariodelsurdigital.com.ar\/wp-content\/uploads\/2025\/08\/Imagen-de-WhatsApp-2025-08-27-a-las-19.34.43_8a30051c-324x235.jpg 324w\" sizes=\"auto, (max-width: 483px) 100vw, 483px\" \/><\/figure>\n\n\n\n<figure class=\"wp-block-image size-full\"><img loading=\"lazy\" decoding=\"async\" width=\"496\" height=\"325\" src=\"https:\/\/diariodelsurdigital.com.ar\/wp-content\/uploads\/2025\/08\/Imagen-de-WhatsApp-2025-08-27-a-las-19.34.43_884f5d6f.jpg\" alt=\"\" class=\"wp-image-4338\" srcset=\"https:\/\/diariodelsurdigital.com.ar\/wp-content\/uploads\/2025\/08\/Imagen-de-WhatsApp-2025-08-27-a-las-19.34.43_884f5d6f.jpg 496w, https:\/\/diariodelsurdigital.com.ar\/wp-content\/uploads\/2025\/08\/Imagen-de-WhatsApp-2025-08-27-a-las-19.34.43_884f5d6f-300x197.jpg 300w\" sizes=\"auto, (max-width: 496px) 100vw, 496px\" \/><\/figure>\n\n\n\n<p>En la misma, Andrea Catalini, explic\u00f3 a los presentes de c\u00f3mo ser\u00e1 el desarrollo de la Edici\u00f3n 2025. El cronograma est\u00e1 compuesto por tres d\u00edas, en donde habr\u00e1, Charlas y talleres, espacios para aprender, inspirarse y compartir. Shows y cultura, folklore, m\u00fasica urbana, artistas locales y regionales.<\/p>\n\n\n\n<p><a href=\"https:\/\/www.youtube.com\/shorts\/qfHeGbSb_Jc\">https:\/\/www.youtube.com\/shorts\/qfHeGbSb_Jc<\/a><\/p>\n\n\n\n<p><strong>Viernes, 7 de noviembre<\/strong><\/p>\n\n\n\n<p> <strong>\u00abNavidad con Tradici\u00f3n y Cultura\u00bb.<\/strong> Una jornada dedicada a nuestras ra\u00edces y lo popular: Espect\u00e1culos folkl\u00f3ricos, ballet y artistas locales, talleres y charlas de arte.<\/p>\n\n\n\n<p><strong>S\u00e1bado, 8 de noviembre<\/strong><\/p>\n\n\n\n<p><strong>\u00abNavidad con Brillo y Estilo\u00bb.<\/strong> D\u00eda enfocado en la moda, la est\u00e9tica y el bienestar: Gran desfile de moda con dise\u00f1adores y emprendedores, talleres de belleza, maquillaje y cuidao personal, charlas con influerces.<\/p>\n\n\n\n<p><strong>Domingo, 9 de noviembre<\/strong><\/p>\n\n\n\n<p><strong>\u00abFantas\u00eda y Esp\u00edritu Navide\u00f1o\u00bb.<\/strong> Un cierre m\u00e1gico con todo el esp\u00edritu navide\u00f1o en su m\u00e1xima expresi\u00f3n: Talleres infantiles, desfiles navide\u00f1os con personajes y agrupaciones locales, bailes y la presencia de Pap\u00e1 Noel.<\/p>\n\n\n\n<figure class=\"wp-block-image size-full\"><img loading=\"lazy\" decoding=\"async\" width=\"432\" height=\"527\" src=\"https:\/\/diariodelsurdigital.com.ar\/wp-content\/uploads\/2025\/08\/Imagen-de-WhatsApp-2025-08-27-a-las-19.34.42_823bd949.jpg\" alt=\"\" class=\"wp-image-4339\" srcset=\"https:\/\/diariodelsurdigital.com.ar\/wp-content\/uploads\/2025\/08\/Imagen-de-WhatsApp-2025-08-27-a-las-19.34.42_823bd949.jpg 432w, https:\/\/diariodelsurdigital.com.ar\/wp-content\/uploads\/2025\/08\/Imagen-de-WhatsApp-2025-08-27-a-las-19.34.42_823bd949-246x300.jpg 246w, https:\/\/diariodelsurdigital.com.ar\/wp-content\/uploads\/2025\/08\/Imagen-de-WhatsApp-2025-08-27-a-las-19.34.42_823bd949-344x420.jpg 344w\" sizes=\"auto, (max-width: 432px) 100vw, 432px\" \/><\/figure>\n","protected":false},"excerpt":{"rendered":"<p>En horas de la tarde de este mi\u00e9rcoles, las organizadoras de la Expo Navidad se reunieron con expositores de las localidades de Concordia y Puerto Yeru\u00e1 en el Club Social de la localidad. Durante la jornada, Andrea Catalini, Natalia Sandri, Micaela Penco, Valeria Packoski y Julieta Ferrer intercambiaron ideas e inquietudes con expositores y vecinos [&hellip;]<\/p>\n","protected":false},"author":2,"featured_media":4336,"comment_status":"open","ping_status":"open","sticky":false,"template":"","format":"standard","meta":{"footnotes":""},"categories":[16],"tags":[],"class_list":{"0":"post-4335","1":"post","2":"type-post","3":"status-publish","4":"format-standard","5":"has-post-thumbnail","7":"category-locales"},"yoast_head":"<!-- This site is optimized with the Yoast SEO plugin v27.4 - https:\/\/yoast.com\/product\/yoast-seo-wordpress\/ -->\n<title>EXPO NAVIDAD: Expositores y organizadores se reunieron en Puerto Yeru\u00e1 - Diario del Sur<\/title>\n<meta name=\"robots\" content=\"index, follow, max-snippet:-1, max-image-preview:large, max-video-preview:-1\" \/>\n<link rel=\"canonical\" href=\"https:\/\/diariodelsurdigital.com.ar\/?p=4335\" \/>\n<meta property=\"og:locale\" content=\"es_ES\" \/>\n<meta property=\"og:type\" content=\"article\" \/>\n<meta property=\"og:title\" content=\"EXPO NAVIDAD: Expositores y organizadores se reunieron en Puerto Yeru\u00e1 - Diario del Sur\" \/>\n<meta property=\"og:description\" content=\"En horas de la tarde de este mi\u00e9rcoles, las organizadoras de la Expo Navidad se reunieron con expositores de las localidades de Concordia y Puerto Yeru\u00e1 en el Club Social de la localidad. Durante la jornada, Andrea Catalini, Natalia Sandri, Micaela Penco, Valeria Packoski y Julieta Ferrer intercambiaron ideas e inquietudes con expositores y vecinos [&hellip;]\" \/>\n<meta property=\"og:url\" content=\"https:\/\/diariodelsurdigital.com.ar\/?p=4335\" \/>\n<meta property=\"og:site_name\" content=\"Diario del Sur\" \/>\n<meta property=\"article:published_time\" content=\"2025-08-28T16:00:10+00:00\" \/>\n<meta property=\"article:modified_time\" content=\"2025-08-28T17:42:57+00:00\" \/>\n<meta property=\"og:image\" content=\"https:\/\/diariodelsurdigital.com.ar\/wp-content\/uploads\/2025\/08\/Imagen-de-WhatsApp-2025-08-27-a-las-19.34.43_0099c410.jpg\" \/>\n\t<meta property=\"og:image:width\" content=\"485\" \/>\n\t<meta property=\"og:image:height\" content=\"308\" \/>\n\t<meta property=\"og:image:type\" content=\"image\/jpeg\" \/>\n<meta name=\"author\" content=\"Diario del Sur Digital\" \/>\n<meta name=\"twitter:card\" content=\"summary_large_image\" \/>\n<meta name=\"twitter:label1\" content=\"Escrito por\" \/>\n\t<meta name=\"twitter:data1\" content=\"Diario del Sur Digital\" \/>\n\t<meta name=\"twitter:label2\" content=\"Tiempo de lectura\" \/>\n\t<meta name=\"twitter:data2\" content=\"2 minutos\" \/>\n<script type=\"application\/ld+json\" class=\"yoast-schema-graph\">{\"@context\":\"https:\\\/\\\/schema.org\",\"@graph\":[{\"@type\":\"Article\",\"@id\":\"https:\\\/\\\/diariodelsurdigital.com.ar\\\/?p=4335#article\",\"isPartOf\":{\"@id\":\"https:\\\/\\\/diariodelsurdigital.com.ar\\\/?p=4335\"},\"author\":{\"name\":\"Diario del Sur Digital\",\"@id\":\"https:\\\/\\\/diariodelsurdigital.com.ar\\\/#\\\/schema\\\/person\\\/6136a32571657f7dba980b88b04c5465\"},\"headline\":\"EXPO NAVIDAD: Expositores y organizadores se reunieron en Puerto Yeru\u00e1\",\"datePublished\":\"2025-08-28T16:00:10+00:00\",\"dateModified\":\"2025-08-28T17:42:57+00:00\",\"mainEntityOfPage\":{\"@id\":\"https:\\\/\\\/diariodelsurdigital.com.ar\\\/?p=4335\"},\"wordCount\":261,\"commentCount\":0,\"image\":{\"@id\":\"https:\\\/\\\/diariodelsurdigital.com.ar\\\/?p=4335#primaryimage\"},\"thumbnailUrl\":\"https:\\\/\\\/diariodelsurdigital.com.ar\\\/wp-content\\\/uploads\\\/2025\\\/08\\\/Imagen-de-WhatsApp-2025-08-27-a-las-19.34.43_0099c410.jpg\",\"articleSection\":[\"Locales\"],\"inLanguage\":\"es\",\"potentialAction\":[{\"@type\":\"CommentAction\",\"name\":\"Comment\",\"target\":[\"https:\\\/\\\/diariodelsurdigital.com.ar\\\/?p=4335#respond\"]}]},{\"@type\":\"WebPage\",\"@id\":\"https:\\\/\\\/diariodelsurdigital.com.ar\\\/?p=4335\",\"url\":\"https:\\\/\\\/diariodelsurdigital.com.ar\\\/?p=4335\",\"name\":\"EXPO NAVIDAD: Expositores y organizadores se reunieron en Puerto Yeru\u00e1 - Diario del Sur\",\"isPartOf\":{\"@id\":\"https:\\\/\\\/diariodelsurdigital.com.ar\\\/#website\"},\"primaryImageOfPage\":{\"@id\":\"https:\\\/\\\/diariodelsurdigital.com.ar\\\/?p=4335#primaryimage\"},\"image\":{\"@id\":\"https:\\\/\\\/diariodelsurdigital.com.ar\\\/?p=4335#primaryimage\"},\"thumbnailUrl\":\"https:\\\/\\\/diariodelsurdigital.com.ar\\\/wp-content\\\/uploads\\\/2025\\\/08\\\/Imagen-de-WhatsApp-2025-08-27-a-las-19.34.43_0099c410.jpg\",\"datePublished\":\"2025-08-28T16:00:10+00:00\",\"dateModified\":\"2025-08-28T17:42:57+00:00\",\"author\":{\"@id\":\"https:\\\/\\\/diariodelsurdigital.com.ar\\\/#\\\/schema\\\/person\\\/6136a32571657f7dba980b88b04c5465\"},\"breadcrumb\":{\"@id\":\"https:\\\/\\\/diariodelsurdigital.com.ar\\\/?p=4335#breadcrumb\"},\"inLanguage\":\"es\",\"potentialAction\":[{\"@type\":\"ReadAction\",\"target\":[\"https:\\\/\\\/diariodelsurdigital.com.ar\\\/?p=4335\"]}]},{\"@type\":\"ImageObject\",\"inLanguage\":\"es\",\"@id\":\"https:\\\/\\\/diariodelsurdigital.com.ar\\\/?p=4335#primaryimage\",\"url\":\"https:\\\/\\\/diariodelsurdigital.com.ar\\\/wp-content\\\/uploads\\\/2025\\\/08\\\/Imagen-de-WhatsApp-2025-08-27-a-las-19.34.43_0099c410.jpg\",\"contentUrl\":\"https:\\\/\\\/diariodelsurdigital.com.ar\\\/wp-content\\\/uploads\\\/2025\\\/08\\\/Imagen-de-WhatsApp-2025-08-27-a-las-19.34.43_0099c410.jpg\",\"width\":485,\"height\":308},{\"@type\":\"BreadcrumbList\",\"@id\":\"https:\\\/\\\/diariodelsurdigital.com.ar\\\/?p=4335#breadcrumb\",\"itemListElement\":[{\"@type\":\"ListItem\",\"position\":1,\"name\":\"Portada\",\"item\":\"https:\\\/\\\/diariodelsurdigital.com.ar\\\/\"},{\"@type\":\"ListItem\",\"position\":2,\"name\":\"EXPO NAVIDAD: Expositores y organizadores se reunieron en Puerto Yeru\u00e1\"}]},{\"@type\":\"WebSite\",\"@id\":\"https:\\\/\\\/diariodelsurdigital.com.ar\\\/#website\",\"url\":\"https:\\\/\\\/diariodelsurdigital.com.ar\\\/\",\"name\":\"Diario del Sur\",\"description\":\"Digital\",\"potentialAction\":[{\"@type\":\"SearchAction\",\"target\":{\"@type\":\"EntryPoint\",\"urlTemplate\":\"https:\\\/\\\/diariodelsurdigital.com.ar\\\/?s={search_term_string}\"},\"query-input\":{\"@type\":\"PropertyValueSpecification\",\"valueRequired\":true,\"valueName\":\"search_term_string\"}}],\"inLanguage\":\"es\"},{\"@type\":\"Person\",\"@id\":\"https:\\\/\\\/diariodelsurdigital.com.ar\\\/#\\\/schema\\\/person\\\/6136a32571657f7dba980b88b04c5465\",\"name\":\"Diario del Sur Digital\",\"image\":{\"@type\":\"ImageObject\",\"inLanguage\":\"es\",\"@id\":\"https:\\\/\\\/secure.gravatar.com\\\/avatar\\\/4c29ceac98541dd42460b2474aaa5dd37594d6ce6cb3cf2c101d09b48ee287ba?s=96&d=mm&r=g\",\"url\":\"https:\\\/\\\/secure.gravatar.com\\\/avatar\\\/4c29ceac98541dd42460b2474aaa5dd37594d6ce6cb3cf2c101d09b48ee287ba?s=96&d=mm&r=g\",\"contentUrl\":\"https:\\\/\\\/secure.gravatar.com\\\/avatar\\\/4c29ceac98541dd42460b2474aaa5dd37594d6ce6cb3cf2c101d09b48ee287ba?s=96&d=mm&r=g\",\"caption\":\"Diario del Sur Digital\"},\"url\":\"https:\\\/\\\/diariodelsurdigital.com.ar\\\/?author=2\"}]}<\/script>\n<!-- \/ Yoast SEO plugin. -->","yoast_head_json":{"title":"EXPO NAVIDAD: Expositores y organizadores se reunieron en Puerto Yeru\u00e1 - Diario del Sur","robots":{"index":"index","follow":"follow","max-snippet":"max-snippet:-1","max-image-preview":"max-image-preview:large","max-video-preview":"max-video-preview:-1"},"canonical":"https:\/\/diariodelsurdigital.com.ar\/?p=4335","og_locale":"es_ES","og_type":"article","og_title":"EXPO NAVIDAD: Expositores y organizadores se reunieron en Puerto Yeru\u00e1 - Diario del Sur","og_description":"En horas de la tarde de este mi\u00e9rcoles, las organizadoras de la Expo Navidad se reunieron con expositores de las localidades de Concordia y Puerto Yeru\u00e1 en el Club Social de la localidad. Durante la jornada, Andrea Catalini, Natalia Sandri, Micaela Penco, Valeria Packoski y Julieta Ferrer intercambiaron ideas e inquietudes con expositores y vecinos [&hellip;]","og_url":"https:\/\/diariodelsurdigital.com.ar\/?p=4335","og_site_name":"Diario del Sur","article_published_time":"2025-08-28T16:00:10+00:00","article_modified_time":"2025-08-28T17:42:57+00:00","og_image":[{"width":485,"height":308,"url":"https:\/\/diariodelsurdigital.com.ar\/wp-content\/uploads\/2025\/08\/Imagen-de-WhatsApp-2025-08-27-a-las-19.34.43_0099c410.jpg","type":"image\/jpeg"}],"author":"Diario del Sur Digital","twitter_card":"summary_large_image","twitter_misc":{"Escrito por":"Diario del Sur Digital","Tiempo de lectura":"2 minutos"},"schema":{"@context":"https:\/\/schema.org","@graph":[{"@type":"Article","@id":"https:\/\/diariodelsurdigital.com.ar\/?p=4335#article","isPartOf":{"@id":"https:\/\/diariodelsurdigital.com.ar\/?p=4335"},"author":{"name":"Diario del Sur Digital","@id":"https:\/\/diariodelsurdigital.com.ar\/#\/schema\/person\/6136a32571657f7dba980b88b04c5465"},"headline":"EXPO NAVIDAD: Expositores y organizadores se reunieron en Puerto Yeru\u00e1","datePublished":"2025-08-28T16:00:10+00:00","dateModified":"2025-08-28T17:42:57+00:00","mainEntityOfPage":{"@id":"https:\/\/diariodelsurdigital.com.ar\/?p=4335"},"wordCount":261,"commentCount":0,"image":{"@id":"https:\/\/diariodelsurdigital.com.ar\/?p=4335#primaryimage"},"thumbnailUrl":"https:\/\/diariodelsurdigital.com.ar\/wp-content\/uploads\/2025\/08\/Imagen-de-WhatsApp-2025-08-27-a-las-19.34.43_0099c410.jpg","articleSection":["Locales"],"inLanguage":"es","potentialAction":[{"@type":"CommentAction","name":"Comment","target":["https:\/\/diariodelsurdigital.com.ar\/?p=4335#respond"]}]},{"@type":"WebPage","@id":"https:\/\/diariodelsurdigital.com.ar\/?p=4335","url":"https:\/\/diariodelsurdigital.com.ar\/?p=4335","name":"EXPO NAVIDAD: Expositores y organizadores se reunieron en Puerto Yeru\u00e1 - Diario del Sur","isPartOf":{"@id":"https:\/\/diariodelsurdigital.com.ar\/#website"},"primaryImageOfPage":{"@id":"https:\/\/diariodelsurdigital.com.ar\/?p=4335#primaryimage"},"image":{"@id":"https:\/\/diariodelsurdigital.com.ar\/?p=4335#primaryimage"},"thumbnailUrl":"https:\/\/diariodelsurdigital.com.ar\/wp-content\/uploads\/2025\/08\/Imagen-de-WhatsApp-2025-08-27-a-las-19.34.43_0099c410.jpg","datePublished":"2025-08-28T16:00:10+00:00","dateModified":"2025-08-28T17:42:57+00:00","author":{"@id":"https:\/\/diariodelsurdigital.com.ar\/#\/schema\/person\/6136a32571657f7dba980b88b04c5465"},"breadcrumb":{"@id":"https:\/\/diariodelsurdigital.com.ar\/?p=4335#breadcrumb"},"inLanguage":"es","potentialAction":[{"@type":"ReadAction","target":["https:\/\/diariodelsurdigital.com.ar\/?p=4335"]}]},{"@type":"ImageObject","inLanguage":"es","@id":"https:\/\/diariodelsurdigital.com.ar\/?p=4335#primaryimage","url":"https:\/\/diariodelsurdigital.com.ar\/wp-content\/uploads\/2025\/08\/Imagen-de-WhatsApp-2025-08-27-a-las-19.34.43_0099c410.jpg","contentUrl":"https:\/\/diariodelsurdigital.com.ar\/wp-content\/uploads\/2025\/08\/Imagen-de-WhatsApp-2025-08-27-a-las-19.34.43_0099c410.jpg","width":485,"height":308},{"@type":"BreadcrumbList","@id":"https:\/\/diariodelsurdigital.com.ar\/?p=4335#breadcrumb","itemListElement":[{"@type":"ListItem","position":1,"name":"Portada","item":"https:\/\/diariodelsurdigital.com.ar\/"},{"@type":"ListItem","position":2,"name":"EXPO NAVIDAD: Expositores y organizadores se reunieron en Puerto Yeru\u00e1"}]},{"@type":"WebSite","@id":"https:\/\/diariodelsurdigital.com.ar\/#website","url":"https:\/\/diariodelsurdigital.com.ar\/","name":"Diario del Sur","description":"Digital","potentialAction":[{"@type":"SearchAction","target":{"@type":"EntryPoint","urlTemplate":"https:\/\/diariodelsurdigital.com.ar\/?s={search_term_string}"},"query-input":{"@type":"PropertyValueSpecification","valueRequired":true,"valueName":"search_term_string"}}],"inLanguage":"es"},{"@type":"Person","@id":"https:\/\/diariodelsurdigital.com.ar\/#\/schema\/person\/6136a32571657f7dba980b88b04c5465","name":"Diario del Sur Digital","image":{"@type":"ImageObject","inLanguage":"es","@id":"https:\/\/secure.gravatar.com\/avatar\/4c29ceac98541dd42460b2474aaa5dd37594d6ce6cb3cf2c101d09b48ee287ba?s=96&d=mm&r=g","url":"https:\/\/secure.gravatar.com\/avatar\/4c29ceac98541dd42460b2474aaa5dd37594d6ce6cb3cf2c101d09b48ee287ba?s=96&d=mm&r=g","contentUrl":"https:\/\/secure.gravatar.com\/avatar\/4c29ceac98541dd42460b2474aaa5dd37594d6ce6cb3cf2c101d09b48ee287ba?s=96&d=mm&r=g","caption":"Diario del Sur Digital"},"url":"https:\/\/diariodelsurdigital.com.ar\/?author=2"}]}},"_links":{"self":[{"href":"https:\/\/diariodelsurdigital.com.ar\/index.php?rest_route=\/wp\/v2\/posts\/4335","targetHints":{"allow":["GET"]}}],"collection":[{"href":"https:\/\/diariodelsurdigital.com.ar\/index.php?rest_route=\/wp\/v2\/posts"}],"about":[{"href":"https:\/\/diariodelsurdigital.com.ar\/index.php?rest_route=\/wp\/v2\/types\/post"}],"author":[{"embeddable":true,"href":"https:\/\/diariodelsurdigital.com.ar\/index.php?rest_route=\/wp\/v2\/users\/2"}],"replies":[{"embeddable":true,"href":"https:\/\/diariodelsurdigital.com.ar\/index.php?rest_route=%2Fwp%2Fv2%2Fcomments&post=4335"}],"version-history":[{"count":3,"href":"https:\/\/diariodelsurdigital.com.ar\/index.php?rest_route=\/wp\/v2\/posts\/4335\/revisions"}],"predecessor-version":[{"id":4345,"href":"https:\/\/diariodelsurdigital.com.ar\/index.php?rest_route=\/wp\/v2\/posts\/4335\/revisions\/4345"}],"wp:featuredmedia":[{"embeddable":true,"href":"https:\/\/diariodelsurdigital.com.ar\/index.php?rest_route=\/wp\/v2\/media\/4336"}],"wp:attachment":[{"href":"https:\/\/diariodelsurdigital.com.ar\/index.php?rest_route=%2Fwp%2Fv2%2Fmedia&parent=4335"}],"wp:term":[{"taxonomy":"category","embeddable":true,"href":"https:\/\/diariodelsurdigital.com.ar\/index.php?rest_route=%2Fwp%2Fv2%2Fcategories&post=4335"},{"taxonomy":"post_tag","embeddable":true,"href":"https:\/\/diariodelsurdigital.com.ar\/index.php?rest_route=%2Fwp%2Fv2%2Ftags&post=4335"}],"curies":[{"name":"wp","href":"https:\/\/api.w.org\/{rel}","templated":true}]}}