{"id":4351,"date":"2025-08-28T15:04:21","date_gmt":"2025-08-28T18:04:21","guid":{"rendered":"https:\/\/diariodelsurdigital.com.ar\/?p=4351"},"modified":"2025-08-28T15:04:21","modified_gmt":"2025-08-28T18:04:21","slug":"fueron-casi-diez-mil-denuncias-por-violencia-de-genero-en-entre-rios-en-la-primera-mitad-del-ano","status":"publish","type":"post","link":"https:\/\/diariodelsurdigital.com.ar\/?p=4351","title":{"rendered":"Fueron casi diez mil denuncias por violencia de g\u00e9nero en Entre R\u00edos en la primera mitad del a\u00f1o"},"content":{"rendered":"\n<p>La cifra fue difundida por el Superior Tribunal de Justicia y contabiliza el per\u00edodo de enero a junio de 2025. Paran\u00e1 (2.877), Concordia (1.429) y Gualeguaych\u00fa (734) son los departamentos con mayor cantidad de casos.<\/p>\n\n\n\n<p>El Superior Tribunal de Justicia de Entre R\u00edos (STJ) difundi\u00f3 datos de la Secretar\u00eda de la Oficina de Violencia de G\u00e9nero sobre el n\u00famero de denuncias y redenuncias que hubo en la provincia de enero a junio de 2025.<\/p>\n\n\n\n<p>A continuaci\u00f3n, las cifras:<\/p>\n\n\n\n<p>Chajar\u00ed 299<\/p>\n\n\n\n<p>Col\u00f3n: 406<\/p>\n\n\n\n<p>Concordia: 1429<\/p>\n\n\n\n<p>Diamante: 219<\/p>\n\n\n\n<p>Federaci\u00f3n: 151<\/p>\n\n\n\n<p>Federal: 101<\/p>\n\n\n\n<p>Feliciano: 69<\/p>\n\n\n\n<p>Gualeguay: 582<\/p>\n\n\n\n<p>Gualeguaych\u00fa: 734<\/p>\n\n\n\n<p>Ibicuy: 112<\/p>\n\n\n\n<p>La Paz: 473<\/p>\n\n\n\n<p>Nogoy\u00e1: 194<\/p>\n\n\n\n<p>Paran\u00e1: 2.877<\/p>\n\n\n\n<p>San Salvador: 163<\/p>\n\n\n\n<p>Tala: 196<\/p>\n\n\n\n<p>Uruguay: 600<\/p>\n\n\n\n<p>Victoria: 485<\/p>\n\n\n\n<p>Villaguay: 331<\/p>\n\n\n\n<p>Total: 9.421.<\/p>\n","protected":false},"excerpt":{"rendered":"<p>La cifra fue difundida por el Superior Tribunal de Justicia y contabiliza el per\u00edodo de enero a junio de 2025. Paran\u00e1 (2.877), Concordia (1.429) y Gualeguaych\u00fa (734) son los departamentos con mayor cantidad de casos. El Superior Tribunal de Justicia de Entre R\u00edos (STJ) difundi\u00f3 datos de la Secretar\u00eda de la Oficina de Violencia de [&hellip;]<\/p>\n","protected":false},"author":4,"featured_media":4352,"comment_status":"open","ping_status":"open","sticky":false,"template":"","format":"standard","meta":{"footnotes":""},"categories":[17],"tags":[],"class_list":{"0":"post-4351","1":"post","2":"type-post","3":"status-publish","4":"format-standard","5":"has-post-thumbnail","7":"category-provinciales"},"yoast_head":"<!-- This site is optimized with the Yoast SEO plugin v27.4 - https:\/\/yoast.com\/product\/yoast-seo-wordpress\/ -->\n<title>Fueron casi diez mil denuncias por violencia de g\u00e9nero en Entre R\u00edos en la primera mitad del a\u00f1o - Diario del Sur<\/title>\n<meta name=\"robots\" content=\"index, follow, max-snippet:-1, max-image-preview:large, max-video-preview:-1\" \/>\n<link rel=\"canonical\" href=\"https:\/\/diariodelsurdigital.com.ar\/?p=4351\" \/>\n<meta property=\"og:locale\" content=\"es_ES\" \/>\n<meta property=\"og:type\" content=\"article\" \/>\n<meta property=\"og:title\" content=\"Fueron casi diez mil denuncias por violencia de g\u00e9nero en Entre R\u00edos en la primera mitad del a\u00f1o - Diario del Sur\" \/>\n<meta property=\"og:description\" content=\"La cifra fue difundida por el Superior Tribunal de Justicia y contabiliza el per\u00edodo de enero a junio de 2025. Paran\u00e1 (2.877), Concordia (1.429) y Gualeguaych\u00fa (734) son los departamentos con mayor cantidad de casos. El Superior Tribunal de Justicia de Entre R\u00edos (STJ) difundi\u00f3 datos de la Secretar\u00eda de la Oficina de Violencia de [&hellip;]\" \/>\n<meta property=\"og:url\" content=\"https:\/\/diariodelsurdigital.com.ar\/?p=4351\" \/>\n<meta property=\"og:site_name\" content=\"Diario del Sur\" \/>\n<meta property=\"article:published_time\" content=\"2025-08-28T18:04:21+00:00\" \/>\n<meta property=\"og:image\" content=\"https:\/\/diariodelsurdigital.com.ar\/wp-content\/uploads\/2025\/08\/md-2-3.webp\" \/>\n\t<meta property=\"og:image:width\" content=\"992\" \/>\n\t<meta property=\"og:image:height\" content=\"562\" \/>\n\t<meta property=\"og:image:type\" content=\"image\/webp\" \/>\n<meta name=\"author\" content=\"Diario del Sur Digital\" \/>\n<meta name=\"twitter:card\" content=\"summary_large_image\" \/>\n<meta name=\"twitter:label1\" content=\"Escrito por\" \/>\n\t<meta name=\"twitter:data1\" content=\"Diario del Sur Digital\" \/>\n\t<meta name=\"twitter:label2\" content=\"Tiempo de lectura\" \/>\n\t<meta name=\"twitter:data2\" content=\"1 minuto\" \/>\n<script type=\"application\/ld+json\" class=\"yoast-schema-graph\">{\"@context\":\"https:\\\/\\\/schema.org\",\"@graph\":[{\"@type\":\"Article\",\"@id\":\"https:\\\/\\\/diariodelsurdigital.com.ar\\\/?p=4351#article\",\"isPartOf\":{\"@id\":\"https:\\\/\\\/diariodelsurdigital.com.ar\\\/?p=4351\"},\"author\":{\"name\":\"Diario del Sur Digital\",\"@id\":\"https:\\\/\\\/diariodelsurdigital.com.ar\\\/#\\\/schema\\\/person\\\/1a4992532ed62965c968031b49195c81\"},\"headline\":\"Fueron casi diez mil denuncias por violencia de g\u00e9nero en Entre R\u00edos en la primera mitad del a\u00f1o\",\"datePublished\":\"2025-08-28T18:04:21+00:00\",\"mainEntityOfPage\":{\"@id\":\"https:\\\/\\\/diariodelsurdigital.com.ar\\\/?p=4351\"},\"wordCount\":123,\"commentCount\":0,\"image\":{\"@id\":\"https:\\\/\\\/diariodelsurdigital.com.ar\\\/?p=4351#primaryimage\"},\"thumbnailUrl\":\"https:\\\/\\\/diariodelsurdigital.com.ar\\\/wp-content\\\/uploads\\\/2025\\\/08\\\/md-2-3.webp\",\"articleSection\":[\"Provinciales\"],\"inLanguage\":\"es\",\"potentialAction\":[{\"@type\":\"CommentAction\",\"name\":\"Comment\",\"target\":[\"https:\\\/\\\/diariodelsurdigital.com.ar\\\/?p=4351#respond\"]}]},{\"@type\":\"WebPage\",\"@id\":\"https:\\\/\\\/diariodelsurdigital.com.ar\\\/?p=4351\",\"url\":\"https:\\\/\\\/diariodelsurdigital.com.ar\\\/?p=4351\",\"name\":\"Fueron casi diez mil denuncias por violencia de g\u00e9nero en Entre R\u00edos en la primera mitad del a\u00f1o - Diario del Sur\",\"isPartOf\":{\"@id\":\"https:\\\/\\\/diariodelsurdigital.com.ar\\\/#website\"},\"primaryImageOfPage\":{\"@id\":\"https:\\\/\\\/diariodelsurdigital.com.ar\\\/?p=4351#primaryimage\"},\"image\":{\"@id\":\"https:\\\/\\\/diariodelsurdigital.com.ar\\\/?p=4351#primaryimage\"},\"thumbnailUrl\":\"https:\\\/\\\/diariodelsurdigital.com.ar\\\/wp-content\\\/uploads\\\/2025\\\/08\\\/md-2-3.webp\",\"datePublished\":\"2025-08-28T18:04:21+00:00\",\"author\":{\"@id\":\"https:\\\/\\\/diariodelsurdigital.com.ar\\\/#\\\/schema\\\/person\\\/1a4992532ed62965c968031b49195c81\"},\"breadcrumb\":{\"@id\":\"https:\\\/\\\/diariodelsurdigital.com.ar\\\/?p=4351#breadcrumb\"},\"inLanguage\":\"es\",\"potentialAction\":[{\"@type\":\"ReadAction\",\"target\":[\"https:\\\/\\\/diariodelsurdigital.com.ar\\\/?p=4351\"]}]},{\"@type\":\"ImageObject\",\"inLanguage\":\"es\",\"@id\":\"https:\\\/\\\/diariodelsurdigital.com.ar\\\/?p=4351#primaryimage\",\"url\":\"https:\\\/\\\/diariodelsurdigital.com.ar\\\/wp-content\\\/uploads\\\/2025\\\/08\\\/md-2-3.webp\",\"contentUrl\":\"https:\\\/\\\/diariodelsurdigital.com.ar\\\/wp-content\\\/uploads\\\/2025\\\/08\\\/md-2-3.webp\",\"width\":992,\"height\":562},{\"@type\":\"BreadcrumbList\",\"@id\":\"https:\\\/\\\/diariodelsurdigital.com.ar\\\/?p=4351#breadcrumb\",\"itemListElement\":[{\"@type\":\"ListItem\",\"position\":1,\"name\":\"Portada\",\"item\":\"https:\\\/\\\/diariodelsurdigital.com.ar\\\/\"},{\"@type\":\"ListItem\",\"position\":2,\"name\":\"Fueron casi diez mil denuncias por violencia de g\u00e9nero en Entre R\u00edos en la primera mitad del a\u00f1o\"}]},{\"@type\":\"WebSite\",\"@id\":\"https:\\\/\\\/diariodelsurdigital.com.ar\\\/#website\",\"url\":\"https:\\\/\\\/diariodelsurdigital.com.ar\\\/\",\"name\":\"Diario del Sur\",\"description\":\"Digital\",\"potentialAction\":[{\"@type\":\"SearchAction\",\"target\":{\"@type\":\"EntryPoint\",\"urlTemplate\":\"https:\\\/\\\/diariodelsurdigital.com.ar\\\/?s={search_term_string}\"},\"query-input\":{\"@type\":\"PropertyValueSpecification\",\"valueRequired\":true,\"valueName\":\"search_term_string\"}}],\"inLanguage\":\"es\"},{\"@type\":\"Person\",\"@id\":\"https:\\\/\\\/diariodelsurdigital.com.ar\\\/#\\\/schema\\\/person\\\/1a4992532ed62965c968031b49195c81\",\"name\":\"Diario del Sur Digital\",\"image\":{\"@type\":\"ImageObject\",\"inLanguage\":\"es\",\"@id\":\"https:\\\/\\\/secure.gravatar.com\\\/avatar\\\/f0c7c47fc7146d19828273b9b8eda651c9c7ab583767e6338d3d3bee825adf76?s=96&d=mm&r=g\",\"url\":\"https:\\\/\\\/secure.gravatar.com\\\/avatar\\\/f0c7c47fc7146d19828273b9b8eda651c9c7ab583767e6338d3d3bee825adf76?s=96&d=mm&r=g\",\"contentUrl\":\"https:\\\/\\\/secure.gravatar.com\\\/avatar\\\/f0c7c47fc7146d19828273b9b8eda651c9c7ab583767e6338d3d3bee825adf76?s=96&d=mm&r=g\",\"caption\":\"Diario del Sur Digital\"},\"url\":\"https:\\\/\\\/diariodelsurdigital.com.ar\\\/?author=4\"}]}<\/script>\n<!-- \/ Yoast SEO plugin. -->","yoast_head_json":{"title":"Fueron casi diez mil denuncias por violencia de g\u00e9nero en Entre R\u00edos en la primera mitad del a\u00f1o - Diario del Sur","robots":{"index":"index","follow":"follow","max-snippet":"max-snippet:-1","max-image-preview":"max-image-preview:large","max-video-preview":"max-video-preview:-1"},"canonical":"https:\/\/diariodelsurdigital.com.ar\/?p=4351","og_locale":"es_ES","og_type":"article","og_title":"Fueron casi diez mil denuncias por violencia de g\u00e9nero en Entre R\u00edos en la primera mitad del a\u00f1o - Diario del Sur","og_description":"La cifra fue difundida por el Superior Tribunal de Justicia y contabiliza el per\u00edodo de enero a junio de 2025. Paran\u00e1 (2.877), Concordia (1.429) y Gualeguaych\u00fa (734) son los departamentos con mayor cantidad de casos. El Superior Tribunal de Justicia de Entre R\u00edos (STJ) difundi\u00f3 datos de la Secretar\u00eda de la Oficina de Violencia de [&hellip;]","og_url":"https:\/\/diariodelsurdigital.com.ar\/?p=4351","og_site_name":"Diario del Sur","article_published_time":"2025-08-28T18:04:21+00:00","og_image":[{"width":992,"height":562,"url":"https:\/\/diariodelsurdigital.com.ar\/wp-content\/uploads\/2025\/08\/md-2-3.webp","type":"image\/webp"}],"author":"Diario del Sur Digital","twitter_card":"summary_large_image","twitter_misc":{"Escrito por":"Diario del Sur Digital","Tiempo de lectura":"1 minuto"},"schema":{"@context":"https:\/\/schema.org","@graph":[{"@type":"Article","@id":"https:\/\/diariodelsurdigital.com.ar\/?p=4351#article","isPartOf":{"@id":"https:\/\/diariodelsurdigital.com.ar\/?p=4351"},"author":{"name":"Diario del Sur Digital","@id":"https:\/\/diariodelsurdigital.com.ar\/#\/schema\/person\/1a4992532ed62965c968031b49195c81"},"headline":"Fueron casi diez mil denuncias por violencia de g\u00e9nero en Entre R\u00edos en la primera mitad del a\u00f1o","datePublished":"2025-08-28T18:04:21+00:00","mainEntityOfPage":{"@id":"https:\/\/diariodelsurdigital.com.ar\/?p=4351"},"wordCount":123,"commentCount":0,"image":{"@id":"https:\/\/diariodelsurdigital.com.ar\/?p=4351#primaryimage"},"thumbnailUrl":"https:\/\/diariodelsurdigital.com.ar\/wp-content\/uploads\/2025\/08\/md-2-3.webp","articleSection":["Provinciales"],"inLanguage":"es","potentialAction":[{"@type":"CommentAction","name":"Comment","target":["https:\/\/diariodelsurdigital.com.ar\/?p=4351#respond"]}]},{"@type":"WebPage","@id":"https:\/\/diariodelsurdigital.com.ar\/?p=4351","url":"https:\/\/diariodelsurdigital.com.ar\/?p=4351","name":"Fueron casi diez mil denuncias por violencia de g\u00e9nero en Entre R\u00edos en la primera mitad del a\u00f1o - Diario del Sur","isPartOf":{"@id":"https:\/\/diariodelsurdigital.com.ar\/#website"},"primaryImageOfPage":{"@id":"https:\/\/diariodelsurdigital.com.ar\/?p=4351#primaryimage"},"image":{"@id":"https:\/\/diariodelsurdigital.com.ar\/?p=4351#primaryimage"},"thumbnailUrl":"https:\/\/diariodelsurdigital.com.ar\/wp-content\/uploads\/2025\/08\/md-2-3.webp","datePublished":"2025-08-28T18:04:21+00:00","author":{"@id":"https:\/\/diariodelsurdigital.com.ar\/#\/schema\/person\/1a4992532ed62965c968031b49195c81"},"breadcrumb":{"@id":"https:\/\/diariodelsurdigital.com.ar\/?p=4351#breadcrumb"},"inLanguage":"es","potentialAction":[{"@type":"ReadAction","target":["https:\/\/diariodelsurdigital.com.ar\/?p=4351"]}]},{"@type":"ImageObject","inLanguage":"es","@id":"https:\/\/diariodelsurdigital.com.ar\/?p=4351#primaryimage","url":"https:\/\/diariodelsurdigital.com.ar\/wp-content\/uploads\/2025\/08\/md-2-3.webp","contentUrl":"https:\/\/diariodelsurdigital.com.ar\/wp-content\/uploads\/2025\/08\/md-2-3.webp","width":992,"height":562},{"@type":"BreadcrumbList","@id":"https:\/\/diariodelsurdigital.com.ar\/?p=4351#breadcrumb","itemListElement":[{"@type":"ListItem","position":1,"name":"Portada","item":"https:\/\/diariodelsurdigital.com.ar\/"},{"@type":"ListItem","position":2,"name":"Fueron casi diez mil denuncias por violencia de g\u00e9nero en Entre R\u00edos en la primera mitad del a\u00f1o"}]},{"@type":"WebSite","@id":"https:\/\/diariodelsurdigital.com.ar\/#website","url":"https:\/\/diariodelsurdigital.com.ar\/","name":"Diario del Sur","description":"Digital","potentialAction":[{"@type":"SearchAction","target":{"@type":"EntryPoint","urlTemplate":"https:\/\/diariodelsurdigital.com.ar\/?s={search_term_string}"},"query-input":{"@type":"PropertyValueSpecification","valueRequired":true,"valueName":"search_term_string"}}],"inLanguage":"es"},{"@type":"Person","@id":"https:\/\/diariodelsurdigital.com.ar\/#\/schema\/person\/1a4992532ed62965c968031b49195c81","name":"Diario del Sur Digital","image":{"@type":"ImageObject","inLanguage":"es","@id":"https:\/\/secure.gravatar.com\/avatar\/f0c7c47fc7146d19828273b9b8eda651c9c7ab583767e6338d3d3bee825adf76?s=96&d=mm&r=g","url":"https:\/\/secure.gravatar.com\/avatar\/f0c7c47fc7146d19828273b9b8eda651c9c7ab583767e6338d3d3bee825adf76?s=96&d=mm&r=g","contentUrl":"https:\/\/secure.gravatar.com\/avatar\/f0c7c47fc7146d19828273b9b8eda651c9c7ab583767e6338d3d3bee825adf76?s=96&d=mm&r=g","caption":"Diario del Sur Digital"},"url":"https:\/\/diariodelsurdigital.com.ar\/?author=4"}]}},"_links":{"self":[{"href":"https:\/\/diariodelsurdigital.com.ar\/index.php?rest_route=\/wp\/v2\/posts\/4351","targetHints":{"allow":["GET"]}}],"collection":[{"href":"https:\/\/diariodelsurdigital.com.ar\/index.php?rest_route=\/wp\/v2\/posts"}],"about":[{"href":"https:\/\/diariodelsurdigital.com.ar\/index.php?rest_route=\/wp\/v2\/types\/post"}],"author":[{"embeddable":true,"href":"https:\/\/diariodelsurdigital.com.ar\/index.php?rest_route=\/wp\/v2\/users\/4"}],"replies":[{"embeddable":true,"href":"https:\/\/diariodelsurdigital.com.ar\/index.php?rest_route=%2Fwp%2Fv2%2Fcomments&post=4351"}],"version-history":[{"count":1,"href":"https:\/\/diariodelsurdigital.com.ar\/index.php?rest_route=\/wp\/v2\/posts\/4351\/revisions"}],"predecessor-version":[{"id":4353,"href":"https:\/\/diariodelsurdigital.com.ar\/index.php?rest_route=\/wp\/v2\/posts\/4351\/revisions\/4353"}],"wp:featuredmedia":[{"embeddable":true,"href":"https:\/\/diariodelsurdigital.com.ar\/index.php?rest_route=\/wp\/v2\/media\/4352"}],"wp:attachment":[{"href":"https:\/\/diariodelsurdigital.com.ar\/index.php?rest_route=%2Fwp%2Fv2%2Fmedia&parent=4351"}],"wp:term":[{"taxonomy":"category","embeddable":true,"href":"https:\/\/diariodelsurdigital.com.ar\/index.php?rest_route=%2Fwp%2Fv2%2Fcategories&post=4351"},{"taxonomy":"post_tag","embeddable":true,"href":"https:\/\/diariodelsurdigital.com.ar\/index.php?rest_route=%2Fwp%2Fv2%2Ftags&post=4351"}],"curies":[{"name":"wp","href":"https:\/\/api.w.org\/{rel}","templated":true}]}}