{"id":4360,"date":"2025-08-28T19:34:51","date_gmt":"2025-08-28T22:34:51","guid":{"rendered":"https:\/\/diariodelsurdigital.com.ar\/?p=4360"},"modified":"2025-08-28T19:34:52","modified_gmt":"2025-08-28T22:34:52","slug":"el-patrimonio-de-los-legisladores-nacionales-uno-por-uno-de-entre-rios","status":"publish","type":"post","link":"https:\/\/diariodelsurdigital.com.ar\/?p=4360","title":{"rendered":"El patrimonio de los legisladores nacionales uno por uno de Entre R\u00edos"},"content":{"rendered":"\n<h1 class=\"wp-block-heading\"><\/h1>\n\n\n\n<p><a href=\"https:\/\/www.facebook.com\/sharer\/sharer.php?u=https:\/\/www.analisisdigital.com.ar\/interes-general\/2025\/08\/27\/informe-especial-el-patrimonio-de-los-legisladores-nacionales-por-entre&amp;title=Informe%20especial:%20el%20patrimonio%20de%20los%20legisladores%20nacionales%20por%20Entre%20R%C3%ADos\" target=\"_blank\" rel=\"noreferrer noopener\"><\/a><a href=\"https:\/\/twitter.com\/intent\/tweet?text=Informe%20especial:%20el%20patrimonio%20de%20los%20legisladores%20nacionales%20por%20Entre%20R%C3%ADos+https:\/\/www.analisisdigital.com.ar\/interes-general\/2025\/08\/27\/informe-especial-el-patrimonio-de-los-legisladores-nacionales-por-entre\" target=\"_blank\" rel=\"noreferrer noopener\"><\/a><a href=\"https:\/\/wa.me\/?text=https:\/\/www.analisisdigital.com.ar\/interes-general\/2025\/08\/27\/informe-especial-el-patrimonio-de-los-legisladores-nacionales-por-entre\" target=\"_blank\" rel=\"noreferrer noopener\"><\/a><a href=\"https:\/\/www.linkedin.com\/sharing\/share-offsite\/?url=https:\/\/www.analisisdigital.com.ar\/interes-general\/2025\/08\/27\/informe-especial-el-patrimonio-de-los-legisladores-nacionales-por-entre\" target=\"_blank\" rel=\"noreferrer noopener\"><\/a><a href=\"mailto:?subject=Informe%20especial:%20el%20patrimonio%20de%20los%20legisladores%20nacionales%20por%20Entre%20R%C3%ADos&amp;body=https:\/\/www.analisisdigital.com.ar\/interes-general\/2025\/08\/27\/informe-especial-el-patrimonio-de-los-legisladores-nacionales-por-entre\" target=\"_blank\" rel=\"noreferrer noopener\"><\/a><a href=\"https:\/\/www.analisisdigital.com.ar\/interes-general\/2025\/08\/27\/informe-especial-el-patrimonio-de-los-legisladores-nacionales-por-entre#\"><\/a><a href=\"javascript:window.print()\"><\/a>El 30 de julio venci\u00f3 el plazo dispuesto por la Oficina Anticorrupci\u00f3n para la presentaci\u00f3n de las Declaraciones Juradas Patrimoniales Integrales (DJPI) correspondientes a 2024. Como cada a\u00f1o,\u00a0el programa <em>Cuesti\u00f3n de Fondo<\/em>\u00a0que conduce el periodista Daniel Enz, analiza esta noche la evoluci\u00f3n patrimonial de los legisladores nacionales entrerrianos y muestra qu\u00e9 bienes reconocen como propios.<\/p>\n\n\n\n<p>El R\u00e9gimen de Declaraciones Juradas Patrimoniales Integrales es clave, porque obliga a los funcionarios p\u00fablicos a presentar una declaraci\u00f3n jurada al inicio y al final de su funci\u00f3n, as\u00ed como actualizaciones anuales. Tambi\u00e9n dispone que las declaraciones juradas (DDJJ) p\u00fablicas deben ser iguales a las presentadas ante la Agencia de Recaudaci\u00f3n y Control Aduanero (ARCA), ex AFIP.<\/p>\n\n\n\n<p>Vale mencionar que el plazo para presentar la DDJJ ante la C\u00e1mara de Diputados vence el 30 de agosto, con lo cual algunos legisladores equivocaron la fecha para la presentaci\u00f3n ante la Oficina Anticorrupci\u00f3n.<\/p>\n\n\n\n<p>Al momento de calcular la evoluci\u00f3n patrimonial, hay que restar las deudas al inicio y final del a\u00f1o, y considerar un \u00edtem llamado \u201cDiferencia de valuaci\u00f3n\u201d que corresponde a los mismos bienes, al inicio y final del a\u00f1o. Este \u00edtem sirve para deducir si el crecimiento patrimonial que se evidencia, corresponde o no a un reval\u00fao fiscal. En todo caso hay que preguntarse cu\u00e1nto el crecimiento patrimonial de un funcionario puede corresponder a un reval\u00fao fiscal.<\/p>\n\n\n\n<p>En el Congreso nacional hay 12 legisladores entrerrianos que est\u00e1n obligados a presentar las declaraciones juradas anuales, mientras desempe\u00f1an su mandato, nueve diputados y tres senadores.<\/p>\n\n\n\n<p>En el sondeo realizado por&nbsp;<em><strong>Cuesti\u00f3n de Fondo (Canal 9 Litoral)<\/strong><\/em>, se encontr\u00f3 \u2013como suele suceder todos los a\u00f1os- que hay declaraciones juradas que a\u00fan no est\u00e1n disponibles en el sitio web de la Oficina Anticorrupci\u00f3n, y hubo que solicitar la informaci\u00f3n a los propios legisladores.<\/p>\n\n\n\n<p>Entre las pocas declaraciones juradas publicadas en la web de la OA est\u00e1 la de&nbsp;<strong>Nancy Ballejos (JxC)<\/strong>, quien asumi\u00f3 en septiembre de 2024 en reemplazo de Pedro Galimberti que dej\u00f3 su banca para asumir como delegado de la Comisi\u00f3n T\u00e9cnica Mixta (CTM) de Salto Grande. Ballejos dejar\u00e1 la banca en diciembre.<\/p>\n\n\n\n<p>La diputada nacional&nbsp;<strong>Marcela \u00c1ntola (JxC<\/strong>) que finaliza su mandato este a\u00f1o no present\u00f3 su DDJJ 2024 \u201cpor un problema personal\u201d de su contadora. No obstante, en esta ocasi\u00f3n envi\u00f3 la informaci\u00f3n a&nbsp;<em><strong>Cuesti\u00f3n de Fondo.<\/strong><\/em><\/p>\n\n\n\n<p>Tambi\u00e9n&nbsp;<strong>Francisco Morchio (JxC)<\/strong>&nbsp;justific\u00f3 que no present\u00f3 su DDJJ 2024 porque su contadora \u201cestuvo internada con neumon\u00eda\u201d y no pudo enviar la informaci\u00f3n.<\/p>\n\n\n\n<p><strong>Beltr\u00e1n Benedit (LLA)<\/strong>&nbsp;asumi\u00f3 en diciembre de 2023 y el a\u00f1o pasado conoc\u00edamos su DDJJ Inicial, al momento de ingresar al Congreso nacional. La DDJJ 2024 no est\u00e1 publicada en la web de la OA, pero envi\u00f3 la informaci\u00f3n.&nbsp;<\/p>\n\n\n\n<p><strong>Gustavo Bordet (PJ)<\/strong>&nbsp;tambi\u00e9n asumi\u00f3 en diciembre de 2023, y si bien no est\u00e1 publicada la de 2024, envi\u00f3 la informaci\u00f3n aclarando que \u201cel \u00fanico cambio respecto de la anterior es la venta de dos propiedades, una sobre la cual ten\u00eda el 50% de la propiedad y otra el 100%, y hubo intereses ganados por plazos fijos\u201d.<\/p>\n\n\n\n<p><strong>Atilio Benedetti (JxC<\/strong>), termin\u00f3 su mandato como diputado nacional en 2021, pero reasumi\u00f3 en ese mismo cargo en julio 2023 en reemplazo de Rogelio Frigerio, que asumi\u00f3 como gobernador de Entre R\u00edos. Finaliza su mandato en diciembre.<\/p>\n\n\n\n<p>En cuanto a los senadores nacionales, Los tres representantes Entre R\u00edos dejar\u00e1n sus bancas a fin de a\u00f1o. En el caso de Alfredo De Angeli despu\u00e9s de tres periodos consecutivos, ya que ingres\u00f3 a la banca en 2013. En tanto, la peronista Stefan\u00eda Cora reemplaz\u00f3 en febrero de este a\u00f1o a Edgardo Kueider.<\/p>\n\n\n\n<p>A la fecha s\u00f3lo<strong>&nbsp;<\/strong>est\u00e1 publicada en la web de la Oficina Anticorrupci\u00f3n la DDJJ de Alfredo De Angeli (JxC). Stella Olalla (JxC) envi\u00f3 la informaci\u00f3n, pero a\u00fan no aparece publicada.<\/p>\n\n\n\n<p>Una situaci\u00f3n particular a mencionar es la de Stefan\u00eda Cora, quien asumi\u00f3 en febrero de 2025 en reemplazo de Edgardo Kueider, detenido en Paraguay. Por ello, debi\u00f3 presentar una DDJJ inicial correspondiente a su funci\u00f3n como diputada provincial en el a\u00f1o precedente (2024), y a\u00fan no est\u00e1 cargada en el sitio web de la OA. De todos modos, la legisladora envi\u00f3 el documento a&nbsp;<em><strong>Cuesti\u00f3n de Fondo<\/strong><\/em>.<\/p>\n\n\n\n<p>El ranking de los legisladores con m\u00e1s patrimonio est\u00e1 compuesto por Atilio Benedetti con $5.797.073.869,05, seguido por Gustavo Bordet con $395.809.334,04 y Alfredo De Angeli con<strong>&nbsp;<\/strong>$113.211.828,33.<\/p>\n\n\n\n<p>A continuaci\u00f3n, el detalle de la evoluci\u00f3n patrimonial y los bienes que reconocen los diputados nacionales entrerrianos.<\/p>\n\n\n\n<p><strong>Nancy Ballejos (JxC)<\/strong><\/p>\n\n\n\n<p>Declara:<\/p>\n\n\n\n<p>&#8211; caja de ahorro en pesos por $<strong>9.512.224,47<\/strong><\/p>\n\n\n\n<p>&#8211; plazo fijo en pesos por $<strong>2.059.178,08<\/strong><\/p>\n\n\n\n<p>&#8211; caja de ahorro en pesos por $<strong>9.057,43<\/strong><\/p>\n\n\n\n<p>&#8211; Muebles del hogar y electrodom\u00e9sticos: $5.000.000<\/p>\n\n\n\n<p>&#8211; acciones Cedears: $<strong>847.585<\/strong><\/p>\n\n\n\n<p>&#8211; dinero en efectivo: $4.000.000<\/p>\n\n\n\n<p><strong>Evoluci\u00f3n Patrimonial<\/strong><\/p>\n\n\n\n<p>&#8211; Bienes, dep\u00f3sitos y dinero al Inicio del a\u00f1o: $ 9.124.018<\/p>\n\n\n\n<p>&#8211; Bienes, dep\u00f3sitos y dinero al final del a\u00f1o: $21.428.044,98<\/p>\n\n\n\n<p>&#8211; Deudas al final del a\u00f1o: $967.066,44<\/p>\n\n\n\n<p><strong>Beltr\u00e1n Benedit (LLA)<\/strong><\/p>\n\n\n\n<p>Declara:<\/p>\n\n\n\n<p>&#8211; Un inmueble de tipo rural con vivienda destinado a Casa habitaci\u00f3n en Diamante. Superficie: 110.000 m2. Posee el 50% del mismo y est\u00e1 valuado en 38.700.000<\/p>\n\n\n\n<p>Aclara:<\/p>\n\n\n\n<p>&#8211; base imponible neta fijada a los efectos del pago de los impuestos inmobiliarios o tributos similares: 9.030.201,34<\/p>\n\n\n\n<p>&#8211; valor de compra actualizado: $77.400.000<\/p>\n\n\n\n<p>&#8211; Caja de ahorro en pesos $4.395.152<\/p>\n\n\n\n<p>En las observaciones finales aclaraba que dispone de una isla de 190 hect\u00e1reas en el Departamento Diamante- Distrito Salto, comprada en el a\u00f1o 1994 cuyo t\u00edtulo se ha extraviado. Valor aproximado 50.000 USD.<\/p>\n\n\n\n<p><strong>Evoluci\u00f3n Patrimonial<\/strong><\/p>\n\n\n\n<p>&#8211; Bienes, dep\u00f3sitos y dinero al Inicio del a\u00f1o: $ 32.609.375<\/p>\n\n\n\n<p>&#8211; Bienes, dep\u00f3sitos y dinero al final del a\u00f1o: $ 43.095.152<\/p>\n\n\n\n<p><strong>Gustavo Bordet (PJ)&nbsp; &nbsp;<\/strong><\/p>\n\n\n\n<p>Declara<\/p>\n\n\n\n<p>&#8211; una casa en Concordia. Superficie: 347 m2 de la cual posee el 100% Valuada en $9.004.919,64 al inicio del a\u00f1o. Al final del a\u00f1o valuada en $19.609.439,81<\/p>\n\n\n\n<p>&#8211; un departamento en Concordia de 25 m2. Posee el 100% de la propiedad producto de una donaci\u00f3n, valuada en$2.857.269,26 a inicio del a\u00f1o. Al final del a\u00f1o, valuado en $6.222.093,23<\/p>\n\n\n\n<p>&#8211; un departamento para alquiler\/contraprestaci\u00f3n en Concordia de 284 m2. Valuado en $16.282.816,62 al inicio del a\u00f1o. Al final del a\u00f1o valuado en $35.458.052,40<\/p>\n\n\n\n<p>&#8211; una cochera en Concordia valuada en $157.846,68 a inicios de a\u00f1o. Al final del a\u00f1o valuada en $343.732,66<\/p>\n\n\n\n<p>&#8211; otro inmueble de 3 m2 en Concordia valuado en $175.387,84 a inicio de a\u00f1o. Valuado al final de a\u00f1o en $381.930,93<\/p>\n\n\n\n<p>&#8211; un departamento en Concordia de 44 m2 para alquiler\/contraprestaci\u00f3n valuado en $2.172.374,02 a inicios de a\u00f1o. Al final del a\u00f1o valuado en $ 4.730.640,51<\/p>\n\n\n\n<p>&#8211; un departamento en Concordia de 75 m2 valuado a inicio del a\u00f1o en $5.687.857,16. Al final del a\u00f1o valuado en 12.386.084,17<\/p>\n\n\n\n<p>&#8211; un lote de terreno en Pronunciamiento de 353 m2 valuado en $548.874,43 a inicio de a\u00f1o. Al final del a\u00f1o valuado en $1.195.248,87<\/p>\n\n\n\n<p>&#8211; un lote de terreno en Concordia de 1225 m2 valuado en $10.258.562,60 a inicio de a\u00f1o. Al final del a\u00f1o valuado en $25.304.272,38<\/p>\n\n\n\n<p>&#8211; lote de terreno en Concordia de 1184 m2 valuado en 1.443.190,31 a inicios de a\u00f1o. Al final del a\u00f1o valuado en $3.142.743,59<\/p>\n\n\n\n<p>&#8211; un departamento en Paran\u00e1 de 77 m2 del que posee el 50% valuado en 5.629.507,89 a inicios de a\u00f1o. Al final del a\u00f1o valuado en $12.259.020,67<\/p>\n\n\n\n<p>&#8211; inmueble tipo rural sin vivienda en San Justo (Entre R\u00edos) de 325.300 m2 producto de una donaci\u00f3n. Valuado a final de a\u00f1o en $13.974.989,11<\/p>\n\n\n\n<p>&#8211; dos inmuebles rurales sin vivienda que fueron heredados. Uno en Pronunciamiento de 970.000 m2 del cual posee el 33,33% valuado en $106.691.509,20, y otro en la misma localidad de 100.000 m2 del cual posee el 16,66% valuado en $11.355.597,67<\/p>\n\n\n\n<p>&#8211; un auto Toyota Corolla XEI 1.8 M Sedan 4 puertas de 2009 valuado en $5.265.800<\/p>\n\n\n\n<p>&#8211; bienes del hogar por $4.146.769,72<\/p>\n\n\n\n<p>&#8211; dep\u00f3sitos varios<\/p>\n\n\n\n<p>&#8211; cajas de ahorro en pesos y d\u00f3lares<\/p>\n\n\n\n<p>&#8211; plazos fijos varios<\/p>\n\n\n\n<p>Tambi\u00e9n informa deudas varias al Cierre del Per\u00edodo con bancos por tarjetas de cr\u00e9dito y por pr\u00e9stamos<\/p>\n\n\n\n<p><strong>Evoluci\u00f3n Patrimonial<\/strong><\/p>\n\n\n\n<p>En su DDJJ anual declar\u00f3:<\/p>\n\n\n\n<p>&#8211; Bienes, dep\u00f3sitos y dinero al Inicio del a\u00f1o: $202.780.443,21<\/p>\n\n\n\n<p>&#8211; Bienes, dep\u00f3sitos y dinero al final del a\u00f1o: $395.809.334,04<\/p>\n\n\n\n<p>&#8211; Deudas al Inicio del a\u00f1o: $1.035.984,64<\/p>\n\n\n\n<p>&#8211; Deudas al final del a\u00f1o: $222.387,78<\/p>\n\n\n\n<p>&#8211; Diferencia de Valuaci\u00f3n de los mismos bienes al inicio y al final del a\u00f1o: $66.128.808,10<\/p>\n\n\n\n<p><strong>Tom\u00e1s Ledesma (PJ)<\/strong><\/p>\n\n\n\n<p>Declara:<\/p>\n\n\n\n<p>&#8211; departamento de 86 m2 en Paran\u00e1. Del cual posee el 50% de la titularidad. Adquirido con pr\u00e9stamos y ahorros propios. Valor de compra actualizado en $20.000.000<\/p>\n\n\n\n<p>-auto Ford Focus 2.0L Sedan 5 puertas modelo 2019. Valuado en $15.732.000<\/p>\n\n\n\n<p>&#8211; caja de ahorro en d\u00f3lares por $1.111.247,97<\/p>\n\n\n\n<p>&#8211; caja de ahorro en pesos por $4.415.033<\/p>\n\n\n\n<p>&#8211; dinero en efectivo por $2.700.000<\/p>\n\n\n\n<p><strong>Evoluci\u00f3n patrimonial<\/strong><\/p>\n\n\n\n<p>Bienes, dep\u00f3sitos y dinero al inicio del a\u00f1o: $ 16.098.520<\/p>\n\n\n\n<p>Bienes, dep\u00f3sitos y dinero al final del a\u00f1o: $ 33.958.280,97<\/p>\n\n\n\n<p>Deudas al inicio del a\u00f1o: $ 1.089.315,63<\/p>\n\n\n\n<p>Deudas al final del a\u00f1o: $ 3.516.169,80<\/p>\n\n\n\n<p><strong>Carolina Gaillard (PJ)<\/strong><\/p>\n\n\n\n<p>Declara:<\/p>\n\n\n\n<p>&#8211; departamento en Capital Federal de 69 m2. Adquirido de la siguiente manera: Cr\u00e9d. Hip.: $ 500.000, Venta Inm.: $ 359.000, resto ingresos propios. Al final del periodo valuado en $31.652.112,53<\/p>\n\n\n\n<p>&#8211; departamento en Paran\u00e1 de 51 m2. Ingres\u00f3 al patrimonio en diciembre de 2024. Valuado en $7.520.865,28<\/p>\n\n\n\n<p>&#8211; caja de ahorro en pesos por $528.232,12<\/p>\n\n\n\n<p>&#8211; caja de ahorro en d\u00f3lares por 4,95 (equivalente a 5.093,55)<\/p>\n\n\n\n<p>&#8211; diversos cr\u00e9ditos impositivos<\/p>\n\n\n\n<p>&#8211; dieta, gastos de representaci\u00f3n y desarraigo<\/p>\n\n\n\n<p><strong>Evoluci\u00f3n Patrimonial<\/strong><\/p>\n\n\n\n<p>&#8211; Bienes, dep\u00f3sitos y dinero al inicio del a\u00f1o: $23.913.697,30<\/p>\n\n\n\n<p>&#8211; Bienes, dep\u00f3sitos y dinero al final del a\u00f1o: $49.667.489,97<\/p>\n\n\n\n<p>&#8211; Deudas al inicio del a\u00f1o: $3.990.611,89<\/p>\n\n\n\n<p>&#8211; Deudas al final del a\u00f1o: $3.336.053,95<\/p>\n\n\n\n<p>&#8211; Diferencia de Valuaci\u00f3n de los mismos bienes al inicio y al final del a\u00f1o: $23.892.096,47<\/p>\n\n\n\n<p><strong>Atilio Benedetti (JxC)<\/strong><\/p>\n\n\n\n<p>Declara:<\/p>\n\n\n\n<p>&#8211; casa de 1.877 m2 en Larroque valuada en $27.565.216,81<\/p>\n\n\n\n<p>&#8211; lote de terreno para inversi\u00f3n en Larroque de 450 m2 valuado en $ 1.685.413,28<\/p>\n\n\n\n<p>&#8211; otro inmueble en Larroque de 26.384 m2 valuado en $38.210.384,09<\/p>\n\n\n\n<p>&#8211; terreno para inversi\u00f3n en Larroque de 847 m2 valuado en $1.640.468,95<\/p>\n\n\n\n<p>&#8211; terreno para inversi\u00f3n en Larroque de 8.752 m2 valuado en $6.602.361,50<\/p>\n\n\n\n<p>&#8211; terreno para inversi\u00f3n en Larroque de 1.565 m2 valuado en $5.861.492,96<\/p>\n\n\n\n<p>&#8211; terreno para inversi\u00f3n en Larroque de 19.309 m2 valuado en $43.709.610,92<\/p>\n\n\n\n<p>&#8211; departamento de 201,68 m2 con cochera en Capital Federal del cual posee el 75%. Valuado en $174.042.756,60<\/p>\n\n\n\n<p>&#8211; un veh\u00edculo Audi Todo Terreno Q5 2.0 TFSI S Tronic Quattro (252 CV) modelo 2018. Valuado en $29.430.000<\/p>\n\n\n\n<p>&#8211; un veh\u00edculo Audi Todo Terreno Q5 45 TFSI Advance Tronic modelo 2023. Valor de adquision: 39.506.000 \u2013 Valor seg\u00fan DNRPA 66.980.000<\/p>\n\n\n\n<p>&#8211; cajas de ahorro en pesos<\/p>\n\n\n\n<p>&#8211; cr\u00e9ditos fiscales AFIP<\/p>\n\n\n\n<p>&#8211; acciones en Tierra Greda SA en Argentina, posee el 51%. Acciones en Tierra Greda en Uruguay, posee el 75%<\/p>\n\n\n\n<p>&#8211; acciones en Tabar\u00e9 Inversiones SA, posee el 51%. Valuadas al inicio en $196.042.726,30. Al final del periodo valuadas en 417.134.558,62<\/p>\n\n\n\n<p>&#8211; pesos uruguayos<\/p>\n\n\n\n<p>&#8211; dinero en efectivo en pesos<\/p>\n\n\n\n<p>Tambi\u00e9n informa diversos cr\u00e9ditos y deudas con:<\/p>\n\n\n\n<p>&#8211; Tierra Greda SA, Tabar\u00e9 Inversiones SA y Nuevo Banco de Entre R\u00edos<\/p>\n\n\n\n<p><strong>Evoluci\u00f3n Patrimonial<\/strong><\/p>\n\n\n\n<p>&#8211; Bienes, dep\u00f3sitos y dinero al inicio del a\u00f1o $2.254.321.014,92<\/p>\n\n\n\n<p>&#8211; Bienes, dep\u00f3sitos y dinero al final del a\u00f1o: $ 5.797.073.869,05<\/p>\n\n\n\n<p>&#8211; Deudas al inicio del a\u00f1o: $7.786.849,65<\/p>\n\n\n\n<p>&#8211; Deudas al final del a\u00f1o: $52.115.247,86<\/p>\n\n\n\n<p>&#8211;&nbsp; Diferencia de Valuaci\u00f3n de los mismos bienes existentes al Inicio y al Final del A\u00f1o: $3.513.433.908,09<\/p>\n\n\n\n<p><strong>Marcela \u00c1ntola (JxC)<\/strong><\/p>\n\n\n\n<p>Declara:<\/p>\n\n\n\n<p>&#8211; casa en Gualeguay de 1201 m2 valuada en 12.612.694,86<\/p>\n\n\n\n<p>&#8211; auto Fiat L\u00ednea 1.9 Modelo 2010 &#8211; Valor seg\u00fan DNRPA $3.233.100<\/p>\n\n\n\n<p>&#8211; auto Toyota Corolla Modelo 2018 &#8211; Valor seg\u00fan DNRPA $18.179.800<\/p>\n\n\n\n<p>&#8211; cuenta corriente en pesos por 82.888<\/p>\n\n\n\n<p>&#8211; caja de ahorro en pesos<\/p>\n\n\n\n<p>&#8211; caja de ahorro en d\u00f3lares<\/p>\n\n\n\n<p>&#8211;&nbsp; patrimonio en empresas \/explotaci\u00f3n unipersonal<\/p>\n\n\n\n<p>&#8211; deudas con ATER por $ 2.628.038,10<\/p>\n\n\n\n<p><strong>Evoluci\u00f3n patrimonial<\/strong><\/p>\n\n\n\n<p>&#8211; Bienes, dep\u00f3sitos y dinero al inicio del a\u00f1o: $25.368.080,47<\/p>\n\n\n\n<p>&#8211; Bienes, dep\u00f3sitos y dinero al final del a\u00f1o: $52.113.304,11<\/p>\n\n\n\n<p>&#8211; Deudas al inicio del a\u00f1o: $628.502,20<\/p>\n\n\n\n<p>&#8211; Deudas al final del a\u00f1o: $2.628.038,10<\/p>\n\n\n\n<p>&#8211; Diferencia de valuaci\u00f3n de los mismos bienes existentes al inicio y al final del a\u00f1o: $1.698.893,34<\/p>\n\n\n\n<p><strong>Blanca Osuna (PJ)<\/strong><\/p>\n\n\n\n<p>&#8211; una casa en Paran\u00e1 de 745 m2, de la cual posee el 50% valuada en $14.025.241,89<\/p>\n\n\n\n<p>&#8211; una casa en Paran\u00e1 de 469 m2, de la cual posee el 50% valuada en $632.315,92<\/p>\n\n\n\n<p>&#8211; un Volkswagen T-Cross 1.6 Modelo 2021, del cual posee el 50% valuado en $10.500.000<\/p>\n\n\n\n<p>&#8211; caja de ahorro en pesos por $2.300.596<\/p>\n\n\n\n<p>&#8211; plazo fijo en pesos por $5.300.000<\/p>\n\n\n\n<p>&#8211; caja de ahorro en d\u00f3lares por el equivalente a $3.191.962,50<\/p>\n\n\n\n<p>&#8211; Bienes del hogar: electr\u00f3nico-celular: $900.000<\/p>\n\n\n\n<p><strong>Evoluci\u00f3n patrimonial<\/strong><\/p>\n\n\n\n<p>&#8211; Bienes, dep\u00f3sitos y dinero al inicio del a\u00f1o 31.399.174,06<\/p>\n\n\n\n<p>&#8211; Bienes, dep\u00f3sitos y dinero al final del a\u00f1o 36.850.116,31<\/p>\n\n\n\n<p>&#8211; Ingresos del trabajo, de alquileres y otras rentas neto de gastos: $5.016.263.673,01<\/p>\n\n\n\n<p>No informa deudas<\/p>\n\n\n\n<p><strong>SENADORES<\/strong><\/p>\n\n\n\n<p><strong>SENADORES<\/strong><\/p>\n\n\n\n<p><strong>Stefan\u00eda Cora (PJ)<\/strong><\/p>\n\n\n\n<p>Declara:<\/p>\n\n\n\n<p>&#8211; un Toyota Etios modelo 2018 valuado en $12.578.800<\/p>\n\n\n\n<p>&#8211; un Toyota Yaris modelo 2024 valuado en $20.620.000<\/p>\n\n\n\n<p>&#8211; deposito en caja de ahorro en pesos por $5.928.793<\/p>\n\n\n\n<p>&#8211; deposito en caja de ahorro en d\u00f3lares por el equivalente a $3.087.000<\/p>\n\n\n\n<p>&#8211; dinero en efectivo por $500.000<\/p>\n\n\n\n<p>Bienes, dep\u00f3sitos y dinero: $42.714.593<\/p>\n\n\n\n<p><strong>Stella Olalla (JxC)<\/strong><\/p>\n\n\n\n<p>Declara<\/p>\n\n\n\n<p>&#8211; una casa en Paran\u00e1 de 157 m2, producto de una herencia de la cual posee el 25%, valuada en $2.100.000<\/p>\n\n\n\n<p>&#8211; un departamento con cochera en Paran\u00e1 de 120 m2, producto de herencia e ingresos propios de la cual posee el 100%, valuada en 11.000.000<\/p>\n\n\n\n<p>&#8211; una casa en Paran\u00e1 de 199 m2 producto de herencia y de la cual posee el 25% valuada en $2.484.000<\/p>\n\n\n\n<p>&#8211; un Toyota Etios XLS modelo 2020, valuado en 8.000.000<\/p>\n\n\n\n<p>&#8211; cuenta corriente en pesos por 25.851.034,36<\/p>\n\n\n\n<p>&#8211; caja de ahorro en d\u00f3lares por 2.438,64<\/p>\n\n\n\n<p><strong>Evoluci\u00f3n patrimonial<\/strong><\/p>\n\n\n\n<p>&#8211; Bienes, dep\u00f3sitos y dinero al inicio del a\u00f1o: $46.008.060,43<\/p>\n\n\n\n<p>&#8211; Bienes, dep\u00f3sitos y dinero al final del a\u00f1o: $51.008.060,43<\/p>\n\n\n\n<p>&#8211; Ingresos del trabajo, de alquileres y otras rentas neto de Gastos: $68.985.153,39<\/p>\n\n\n\n<p>No declara deudas<\/p>\n\n\n\n<p>En este caso vale mencionar que los bienes, dep\u00f3sitos y dinero declarados al final del periodo en la DDJJ de 2023 sumaban $24.176.478,63<\/p>\n\n\n\n<p><strong>Alfredo De Angeli (JxC)<\/strong><\/p>\n\n\n\n<p>Declara:<\/p>\n\n\n\n<p>&#8211; una casa en Gualeguaych\u00fa de 337 m2 valuada en $3.269.382,80. Adquirida con cr\u00e9ditos.<\/p>\n\n\n\n<p>&#8211; lote de terreno en Gualeguaych\u00fa de 488,50 m2 valuado en 1.531.789,84. Adquirido con cr\u00e9ditos.<\/p>\n\n\n\n<p>&#8211; inmueble tipo rural sin vivienda para alquiler en Mar\u00eda Grande de 160.000 m2, producto de una herencia y del cual posee el 50%, valuado en 767.887,46<\/p>\n\n\n\n<p>&#8211; inmueble tipo rural sin vivienda para alquilar en Mar\u00eda Grande de 250.000 m2, producto de herencia, del cual posee el 50%, valuado en $751.638,92<\/p>\n\n\n\n<p>&#8211; inmueble tipo rural sin vivienda para alquilar en Mar\u00eda Grande de 150.000 m2, producto de herencia, del cual posee el 50%, valuado en 450.983,35<\/p>\n\n\n\n<p>&#8211; lote de terreno en Gualeguaych\u00fa de 264 m2 en cero pesos.<\/p>\n\n\n\n<p>&#8211; lote de terreno en Gualeguaych\u00fa de 456 m2 valuado en $4.324.000. Adquirido con cr\u00e9ditos.<\/p>\n\n\n\n<p>&#8211; camioneta Volskwagen Amarok Comfortline 4X4 AUT V6 3.0L 258 CVPICK-UP, modelo 2022, valuada en $33.210.000<\/p>\n\n\n\n<p>&#8211; maquinaria agropecuaria (algunas en cero pesos)<\/p>\n\n\n\n<p>&#8211; herramientas varias: $700.000<\/p>\n\n\n\n<p>&#8211; cuenta corriente en pesos por $8.497.823,12<\/p>\n\n\n\n<p>&#8211; dinero en efectivo en pesos por 20.000.000<\/p>\n\n\n\n<p>&#8211; caja de ahorro en d\u00f3lares por U$S 411.600<\/p>\n\n\n\n<p>&#8211; patrimonio de empresas o explotaci\u00f3n unipersonal: 50% por $60.152,20<\/p>\n\n\n\n<p>&#8211; bienes del hogar por $3.849.034,22<\/p>\n\n\n\n<p><strong>Evoluci\u00f3n Patrimonial<\/strong><\/p>\n\n\n\n<p>&#8211; Bienes, dep\u00f3sitos y dinero al inicio del a\u00f1o: $70.159.437,77<\/p>\n\n\n\n<p>&#8211; Bienes, dep\u00f3sitos y dinero al final del a\u00f1o: $113.211.828,33<\/p>\n\n\n\n<p>&#8211; Deudas al inicio del a\u00f1o: $2.498.823,46<\/p>\n\n\n\n<p>&#8211; Deudas al final del a\u00f1o: $2.615.103,34<\/p>\n\n\n\n<p>&#8211; Diferencia de Valuaci\u00f3n de los mismos bienes al inicio y al final del a\u00f1o: $36.908.798,73<\/p>\n\n\n\n<p>&#8211; Ingresos del trabajo, de alquileres y otras rentas neto de gastos: $89.497.119,14<\/p>\n\n\n\n<p><strong>Fuente:<\/strong> Cuesti\u00f3n de Fondo &#8211; An\u00e1lisis Digital<\/p>\n","protected":false},"excerpt":{"rendered":"<p>El 30 de julio venci\u00f3 el plazo dispuesto por la Oficina Anticorrupci\u00f3n para la presentaci\u00f3n de las Declaraciones Juradas Patrimoniales Integrales (DJPI) correspondientes a 2024. Como cada a\u00f1o,\u00a0el programa Cuesti\u00f3n de Fondo\u00a0que conduce el periodista Daniel Enz, analiza esta noche la evoluci\u00f3n patrimonial de los legisladores nacionales entrerrianos y muestra qu\u00e9 bienes reconocen como propios. [&hellip;]<\/p>\n","protected":false},"author":2,"featured_media":4361,"comment_status":"open","ping_status":"open","sticky":false,"template":"","format":"standard","meta":{"footnotes":""},"categories":[1],"tags":[],"class_list":{"0":"post-4360","1":"post","2":"type-post","3":"status-publish","4":"format-standard","5":"has-post-thumbnail","7":"category-uncategorized"},"yoast_head":"<!-- This site is optimized with the Yoast SEO plugin v27.4 - https:\/\/yoast.com\/product\/yoast-seo-wordpress\/ -->\n<title>El patrimonio de los legisladores nacionales uno por uno de Entre R\u00edos - Diario del Sur<\/title>\n<meta name=\"robots\" content=\"index, follow, max-snippet:-1, max-image-preview:large, max-video-preview:-1\" \/>\n<link rel=\"canonical\" href=\"https:\/\/diariodelsurdigital.com.ar\/?p=4360\" \/>\n<meta property=\"og:locale\" content=\"es_ES\" \/>\n<meta property=\"og:type\" content=\"article\" \/>\n<meta property=\"og:title\" content=\"El patrimonio de los legisladores nacionales uno por uno de Entre R\u00edos - Diario del Sur\" \/>\n<meta property=\"og:description\" content=\"El 30 de julio venci\u00f3 el plazo dispuesto por la Oficina Anticorrupci\u00f3n para la presentaci\u00f3n de las Declaraciones Juradas Patrimoniales Integrales (DJPI) correspondientes a 2024. Como cada a\u00f1o,\u00a0el programa Cuesti\u00f3n de Fondo\u00a0que conduce el periodista Daniel Enz, analiza esta noche la evoluci\u00f3n patrimonial de los legisladores nacionales entrerrianos y muestra qu\u00e9 bienes reconocen como propios. [&hellip;]\" \/>\n<meta property=\"og:url\" content=\"https:\/\/diariodelsurdigital.com.ar\/?p=4360\" \/>\n<meta property=\"og:site_name\" content=\"Diario del Sur\" \/>\n<meta property=\"article:published_time\" content=\"2025-08-28T22:34:51+00:00\" \/>\n<meta property=\"article:modified_time\" content=\"2025-08-28T22:34:52+00:00\" \/>\n<meta property=\"og:image\" content=\"https:\/\/diariodelsurdigital.com.ar\/wp-content\/uploads\/2025\/08\/diputados-y-senadores-entrerrianos.jpg.webp\" \/>\n\t<meta property=\"og:image:width\" content=\"900\" \/>\n\t<meta property=\"og:image:height\" content=\"507\" \/>\n\t<meta property=\"og:image:type\" content=\"image\/webp\" \/>\n<meta name=\"author\" content=\"Diario del Sur Digital\" \/>\n<meta name=\"twitter:card\" content=\"summary_large_image\" \/>\n<meta name=\"twitter:label1\" content=\"Escrito por\" \/>\n\t<meta name=\"twitter:data1\" content=\"Diario del Sur Digital\" \/>\n\t<meta name=\"twitter:label2\" content=\"Tiempo de lectura\" \/>\n\t<meta name=\"twitter:data2\" content=\"12 minutos\" \/>\n<script type=\"application\/ld+json\" class=\"yoast-schema-graph\">{\"@context\":\"https:\\\/\\\/schema.org\",\"@graph\":[{\"@type\":\"Article\",\"@id\":\"https:\\\/\\\/diariodelsurdigital.com.ar\\\/?p=4360#article\",\"isPartOf\":{\"@id\":\"https:\\\/\\\/diariodelsurdigital.com.ar\\\/?p=4360\"},\"author\":{\"name\":\"Diario del Sur Digital\",\"@id\":\"https:\\\/\\\/diariodelsurdigital.com.ar\\\/#\\\/schema\\\/person\\\/6136a32571657f7dba980b88b04c5465\"},\"headline\":\"El patrimonio de los legisladores nacionales uno por uno de Entre R\u00edos\",\"datePublished\":\"2025-08-28T22:34:51+00:00\",\"dateModified\":\"2025-08-28T22:34:52+00:00\",\"mainEntityOfPage\":{\"@id\":\"https:\\\/\\\/diariodelsurdigital.com.ar\\\/?p=4360\"},\"wordCount\":2622,\"commentCount\":0,\"image\":{\"@id\":\"https:\\\/\\\/diariodelsurdigital.com.ar\\\/?p=4360#primaryimage\"},\"thumbnailUrl\":\"https:\\\/\\\/diariodelsurdigital.com.ar\\\/wp-content\\\/uploads\\\/2025\\\/08\\\/diputados-y-senadores-entrerrianos.jpg.webp\",\"articleSection\":[\"Uncategorized\"],\"inLanguage\":\"es\",\"potentialAction\":[{\"@type\":\"CommentAction\",\"name\":\"Comment\",\"target\":[\"https:\\\/\\\/diariodelsurdigital.com.ar\\\/?p=4360#respond\"]}]},{\"@type\":\"WebPage\",\"@id\":\"https:\\\/\\\/diariodelsurdigital.com.ar\\\/?p=4360\",\"url\":\"https:\\\/\\\/diariodelsurdigital.com.ar\\\/?p=4360\",\"name\":\"El patrimonio de los legisladores nacionales uno por uno de Entre R\u00edos - Diario del Sur\",\"isPartOf\":{\"@id\":\"https:\\\/\\\/diariodelsurdigital.com.ar\\\/#website\"},\"primaryImageOfPage\":{\"@id\":\"https:\\\/\\\/diariodelsurdigital.com.ar\\\/?p=4360#primaryimage\"},\"image\":{\"@id\":\"https:\\\/\\\/diariodelsurdigital.com.ar\\\/?p=4360#primaryimage\"},\"thumbnailUrl\":\"https:\\\/\\\/diariodelsurdigital.com.ar\\\/wp-content\\\/uploads\\\/2025\\\/08\\\/diputados-y-senadores-entrerrianos.jpg.webp\",\"datePublished\":\"2025-08-28T22:34:51+00:00\",\"dateModified\":\"2025-08-28T22:34:52+00:00\",\"author\":{\"@id\":\"https:\\\/\\\/diariodelsurdigital.com.ar\\\/#\\\/schema\\\/person\\\/6136a32571657f7dba980b88b04c5465\"},\"breadcrumb\":{\"@id\":\"https:\\\/\\\/diariodelsurdigital.com.ar\\\/?p=4360#breadcrumb\"},\"inLanguage\":\"es\",\"potentialAction\":[{\"@type\":\"ReadAction\",\"target\":[\"https:\\\/\\\/diariodelsurdigital.com.ar\\\/?p=4360\"]}]},{\"@type\":\"ImageObject\",\"inLanguage\":\"es\",\"@id\":\"https:\\\/\\\/diariodelsurdigital.com.ar\\\/?p=4360#primaryimage\",\"url\":\"https:\\\/\\\/diariodelsurdigital.com.ar\\\/wp-content\\\/uploads\\\/2025\\\/08\\\/diputados-y-senadores-entrerrianos.jpg.webp\",\"contentUrl\":\"https:\\\/\\\/diariodelsurdigital.com.ar\\\/wp-content\\\/uploads\\\/2025\\\/08\\\/diputados-y-senadores-entrerrianos.jpg.webp\",\"width\":900,\"height\":507},{\"@type\":\"BreadcrumbList\",\"@id\":\"https:\\\/\\\/diariodelsurdigital.com.ar\\\/?p=4360#breadcrumb\",\"itemListElement\":[{\"@type\":\"ListItem\",\"position\":1,\"name\":\"Portada\",\"item\":\"https:\\\/\\\/diariodelsurdigital.com.ar\\\/\"},{\"@type\":\"ListItem\",\"position\":2,\"name\":\"El patrimonio de los legisladores nacionales uno por uno de Entre R\u00edos\"}]},{\"@type\":\"WebSite\",\"@id\":\"https:\\\/\\\/diariodelsurdigital.com.ar\\\/#website\",\"url\":\"https:\\\/\\\/diariodelsurdigital.com.ar\\\/\",\"name\":\"Diario del Sur\",\"description\":\"Digital\",\"potentialAction\":[{\"@type\":\"SearchAction\",\"target\":{\"@type\":\"EntryPoint\",\"urlTemplate\":\"https:\\\/\\\/diariodelsurdigital.com.ar\\\/?s={search_term_string}\"},\"query-input\":{\"@type\":\"PropertyValueSpecification\",\"valueRequired\":true,\"valueName\":\"search_term_string\"}}],\"inLanguage\":\"es\"},{\"@type\":\"Person\",\"@id\":\"https:\\\/\\\/diariodelsurdigital.com.ar\\\/#\\\/schema\\\/person\\\/6136a32571657f7dba980b88b04c5465\",\"name\":\"Diario del Sur Digital\",\"image\":{\"@type\":\"ImageObject\",\"inLanguage\":\"es\",\"@id\":\"https:\\\/\\\/secure.gravatar.com\\\/avatar\\\/4c29ceac98541dd42460b2474aaa5dd37594d6ce6cb3cf2c101d09b48ee287ba?s=96&d=mm&r=g\",\"url\":\"https:\\\/\\\/secure.gravatar.com\\\/avatar\\\/4c29ceac98541dd42460b2474aaa5dd37594d6ce6cb3cf2c101d09b48ee287ba?s=96&d=mm&r=g\",\"contentUrl\":\"https:\\\/\\\/secure.gravatar.com\\\/avatar\\\/4c29ceac98541dd42460b2474aaa5dd37594d6ce6cb3cf2c101d09b48ee287ba?s=96&d=mm&r=g\",\"caption\":\"Diario del Sur Digital\"},\"url\":\"https:\\\/\\\/diariodelsurdigital.com.ar\\\/?author=2\"}]}<\/script>\n<!-- \/ Yoast SEO plugin. -->","yoast_head_json":{"title":"El patrimonio de los legisladores nacionales uno por uno de Entre R\u00edos - Diario del Sur","robots":{"index":"index","follow":"follow","max-snippet":"max-snippet:-1","max-image-preview":"max-image-preview:large","max-video-preview":"max-video-preview:-1"},"canonical":"https:\/\/diariodelsurdigital.com.ar\/?p=4360","og_locale":"es_ES","og_type":"article","og_title":"El patrimonio de los legisladores nacionales uno por uno de Entre R\u00edos - Diario del Sur","og_description":"El 30 de julio venci\u00f3 el plazo dispuesto por la Oficina Anticorrupci\u00f3n para la presentaci\u00f3n de las Declaraciones Juradas Patrimoniales Integrales (DJPI) correspondientes a 2024. Como cada a\u00f1o,\u00a0el programa Cuesti\u00f3n de Fondo\u00a0que conduce el periodista Daniel Enz, analiza esta noche la evoluci\u00f3n patrimonial de los legisladores nacionales entrerrianos y muestra qu\u00e9 bienes reconocen como propios. [&hellip;]","og_url":"https:\/\/diariodelsurdigital.com.ar\/?p=4360","og_site_name":"Diario del Sur","article_published_time":"2025-08-28T22:34:51+00:00","article_modified_time":"2025-08-28T22:34:52+00:00","og_image":[{"width":900,"height":507,"url":"https:\/\/diariodelsurdigital.com.ar\/wp-content\/uploads\/2025\/08\/diputados-y-senadores-entrerrianos.jpg.webp","type":"image\/webp"}],"author":"Diario del Sur Digital","twitter_card":"summary_large_image","twitter_misc":{"Escrito por":"Diario del Sur Digital","Tiempo de lectura":"12 minutos"},"schema":{"@context":"https:\/\/schema.org","@graph":[{"@type":"Article","@id":"https:\/\/diariodelsurdigital.com.ar\/?p=4360#article","isPartOf":{"@id":"https:\/\/diariodelsurdigital.com.ar\/?p=4360"},"author":{"name":"Diario del Sur Digital","@id":"https:\/\/diariodelsurdigital.com.ar\/#\/schema\/person\/6136a32571657f7dba980b88b04c5465"},"headline":"El patrimonio de los legisladores nacionales uno por uno de Entre R\u00edos","datePublished":"2025-08-28T22:34:51+00:00","dateModified":"2025-08-28T22:34:52+00:00","mainEntityOfPage":{"@id":"https:\/\/diariodelsurdigital.com.ar\/?p=4360"},"wordCount":2622,"commentCount":0,"image":{"@id":"https:\/\/diariodelsurdigital.com.ar\/?p=4360#primaryimage"},"thumbnailUrl":"https:\/\/diariodelsurdigital.com.ar\/wp-content\/uploads\/2025\/08\/diputados-y-senadores-entrerrianos.jpg.webp","articleSection":["Uncategorized"],"inLanguage":"es","potentialAction":[{"@type":"CommentAction","name":"Comment","target":["https:\/\/diariodelsurdigital.com.ar\/?p=4360#respond"]}]},{"@type":"WebPage","@id":"https:\/\/diariodelsurdigital.com.ar\/?p=4360","url":"https:\/\/diariodelsurdigital.com.ar\/?p=4360","name":"El patrimonio de los legisladores nacionales uno por uno de Entre R\u00edos - Diario del Sur","isPartOf":{"@id":"https:\/\/diariodelsurdigital.com.ar\/#website"},"primaryImageOfPage":{"@id":"https:\/\/diariodelsurdigital.com.ar\/?p=4360#primaryimage"},"image":{"@id":"https:\/\/diariodelsurdigital.com.ar\/?p=4360#primaryimage"},"thumbnailUrl":"https:\/\/diariodelsurdigital.com.ar\/wp-content\/uploads\/2025\/08\/diputados-y-senadores-entrerrianos.jpg.webp","datePublished":"2025-08-28T22:34:51+00:00","dateModified":"2025-08-28T22:34:52+00:00","author":{"@id":"https:\/\/diariodelsurdigital.com.ar\/#\/schema\/person\/6136a32571657f7dba980b88b04c5465"},"breadcrumb":{"@id":"https:\/\/diariodelsurdigital.com.ar\/?p=4360#breadcrumb"},"inLanguage":"es","potentialAction":[{"@type":"ReadAction","target":["https:\/\/diariodelsurdigital.com.ar\/?p=4360"]}]},{"@type":"ImageObject","inLanguage":"es","@id":"https:\/\/diariodelsurdigital.com.ar\/?p=4360#primaryimage","url":"https:\/\/diariodelsurdigital.com.ar\/wp-content\/uploads\/2025\/08\/diputados-y-senadores-entrerrianos.jpg.webp","contentUrl":"https:\/\/diariodelsurdigital.com.ar\/wp-content\/uploads\/2025\/08\/diputados-y-senadores-entrerrianos.jpg.webp","width":900,"height":507},{"@type":"BreadcrumbList","@id":"https:\/\/diariodelsurdigital.com.ar\/?p=4360#breadcrumb","itemListElement":[{"@type":"ListItem","position":1,"name":"Portada","item":"https:\/\/diariodelsurdigital.com.ar\/"},{"@type":"ListItem","position":2,"name":"El patrimonio de los legisladores nacionales uno por uno de Entre R\u00edos"}]},{"@type":"WebSite","@id":"https:\/\/diariodelsurdigital.com.ar\/#website","url":"https:\/\/diariodelsurdigital.com.ar\/","name":"Diario del Sur","description":"Digital","potentialAction":[{"@type":"SearchAction","target":{"@type":"EntryPoint","urlTemplate":"https:\/\/diariodelsurdigital.com.ar\/?s={search_term_string}"},"query-input":{"@type":"PropertyValueSpecification","valueRequired":true,"valueName":"search_term_string"}}],"inLanguage":"es"},{"@type":"Person","@id":"https:\/\/diariodelsurdigital.com.ar\/#\/schema\/person\/6136a32571657f7dba980b88b04c5465","name":"Diario del Sur Digital","image":{"@type":"ImageObject","inLanguage":"es","@id":"https:\/\/secure.gravatar.com\/avatar\/4c29ceac98541dd42460b2474aaa5dd37594d6ce6cb3cf2c101d09b48ee287ba?s=96&d=mm&r=g","url":"https:\/\/secure.gravatar.com\/avatar\/4c29ceac98541dd42460b2474aaa5dd37594d6ce6cb3cf2c101d09b48ee287ba?s=96&d=mm&r=g","contentUrl":"https:\/\/secure.gravatar.com\/avatar\/4c29ceac98541dd42460b2474aaa5dd37594d6ce6cb3cf2c101d09b48ee287ba?s=96&d=mm&r=g","caption":"Diario del Sur Digital"},"url":"https:\/\/diariodelsurdigital.com.ar\/?author=2"}]}},"_links":{"self":[{"href":"https:\/\/diariodelsurdigital.com.ar\/index.php?rest_route=\/wp\/v2\/posts\/4360","targetHints":{"allow":["GET"]}}],"collection":[{"href":"https:\/\/diariodelsurdigital.com.ar\/index.php?rest_route=\/wp\/v2\/posts"}],"about":[{"href":"https:\/\/diariodelsurdigital.com.ar\/index.php?rest_route=\/wp\/v2\/types\/post"}],"author":[{"embeddable":true,"href":"https:\/\/diariodelsurdigital.com.ar\/index.php?rest_route=\/wp\/v2\/users\/2"}],"replies":[{"embeddable":true,"href":"https:\/\/diariodelsurdigital.com.ar\/index.php?rest_route=%2Fwp%2Fv2%2Fcomments&post=4360"}],"version-history":[{"count":1,"href":"https:\/\/diariodelsurdigital.com.ar\/index.php?rest_route=\/wp\/v2\/posts\/4360\/revisions"}],"predecessor-version":[{"id":4362,"href":"https:\/\/diariodelsurdigital.com.ar\/index.php?rest_route=\/wp\/v2\/posts\/4360\/revisions\/4362"}],"wp:featuredmedia":[{"embeddable":true,"href":"https:\/\/diariodelsurdigital.com.ar\/index.php?rest_route=\/wp\/v2\/media\/4361"}],"wp:attachment":[{"href":"https:\/\/diariodelsurdigital.com.ar\/index.php?rest_route=%2Fwp%2Fv2%2Fmedia&parent=4360"}],"wp:term":[{"taxonomy":"category","embeddable":true,"href":"https:\/\/diariodelsurdigital.com.ar\/index.php?rest_route=%2Fwp%2Fv2%2Fcategories&post=4360"},{"taxonomy":"post_tag","embeddable":true,"href":"https:\/\/diariodelsurdigital.com.ar\/index.php?rest_route=%2Fwp%2Fv2%2Ftags&post=4360"}],"curies":[{"name":"wp","href":"https:\/\/api.w.org\/{rel}","templated":true}]}}