{"id":4364,"date":"2025-08-28T22:19:26","date_gmt":"2025-08-29T01:19:26","guid":{"rendered":"https:\/\/diariodelsurdigital.com.ar\/?p=4364"},"modified":"2025-08-28T22:41:04","modified_gmt":"2025-08-29T01:41:04","slug":"historia-macabra-desde-el-hospital-masvernat-informaron-que-el-cuerpo-de-valentina-esta-en-el-nosocomio","status":"publish","type":"post","link":"https:\/\/diariodelsurdigital.com.ar\/?p=4364","title":{"rendered":"\u201cHISTORIA MACABRA\u201d: desde el Hospital Masvernat informaron que el \u201ccuerpo de Valentina\u201d est\u00e1 en el nosocomio"},"content":{"rendered":"\n<p><\/p>\n\n\n\n<p>Como si esto fuera un nuevo cap\u00edtulo de una historia macabra, producto de una mente fantasiosa de alg\u00fan escritor de novelas de terror, en horas de la tarde, se pudo confirmar que apareci\u00f3 el cuerpo de la beba reclamada por una denuncia de su mam\u00e1 realizada en la Fiscal\u00eda de Feliciano y luego transferida a tribunales concordienses.<\/p>\n\n\n\n<p><br>De acuerdo a los datos aportados por el Dr. Nicol\u00e1s Baldini, abogado de la familia, los padres estuvieron en el Hospital Masvernat en la ma\u00f1ana de este jueves y la experiencia, al decir del profesional \u201cfue para olvidar\u201d.<br>A tal punto que fueron recibidos y destratados por el Director del Hospital Masvernat, y otros profesionales pertenecientes al nosocomio, negando rotundamente la denuncia y afirmando que efectivamente el cuerpo entregado era el de Valentina, la beb\u00e9 reclamada.<br>La discusi\u00f3n lleg\u00f3 a tal punto que tuvo que intervenir personal policial apostado en el lugar, ya que la discusi\u00f3n tomaba por caminos violentos.<\/p>\n\n\n\n<p><br>La \u201chistoria oficial del Hospital\u201d cay\u00f3 como un castillo de naipes cuando por la tarde fueron nuevamente citados a Concordia confirmando que el cuerpo de Valentina se encontraba en el hospital. Independientemente del hallazgo se espera con mucha expectativa la \u201cexplicaci\u00f3n\u201d de las autoridades ante tanta mentira desarrollada hasta el momento.<br>Otro dato que nos hac\u00eda ver el Dr. Baldini es el cuerpo que permanece en Feliciano, que est\u00e1 identificado como Sara y que, hasta ahora, y seg\u00fan el Hospital Masvernat, nadie ha reclamado el cuerpo de dicha menor.<br>Se esperan noticias oficiales y particularmente el reconocimiento que ahora debe realizarse con los padres y el cuerpo encontrado en el Hospital, para definitivamente confirmar que se trata efectivamente del cuerpo de la menor buscada.<\/p>\n\n\n\n<p><strong>Declaraciones del Abogado Nicol\u00e1s Baldini<\/strong><\/p>\n\n\n\n<p>\u201cGrave denuncia\u201d: \u201cHay informaci\u00f3n confusa. Queremos saber que pas\u00f3\u201d dijo el Dr. Baldini<\/p>\n\n\n\n<p><br>Ante la grave denuncia presentada en la localidad de San Jos\u00e9 de Feliciano donde una familia, oriunda de all\u00ed, denunci\u00f3 que su bebe, que se le hab\u00eda informado de su fallecimiento, no era el que este mi\u00e9rcoles por la tarde estaban velando para darle cristiana sepultura.<\/p>\n\n\n\n<p><br>La madre aport\u00f3 datos en los cuales fundamentaba su postura de que el cuerpo entregado no pertenec\u00eda a su beb\u00e9, por lo cual decidi\u00f3 junto a su familia presentar la denuncia primeramente en sede policial, aunque la misma ya tom\u00f3 estado judicial.<br>En este sentido<em> Tal Cual Chajar\u00ed<\/em> en di\u00e1logo con el abogado representante de la familia Dr. Nicol\u00e1s Baldini, dio las primeras precisiones del caso.<\/p>\n\n\n\n<p><br>\u201cLa primera intenci\u00f3n es que el Fiscal que entiende en la causa nos permita la preservaci\u00f3n de los elementos que nos puedan dar cierta certeza y certidumbre sobre lo que realmente sucedi\u00f3 \u201cobtener las im\u00e1genes de las c\u00e1maras del Hospital Masvernat, los Libros de Guardia, los Registros existentes, los profesionales que participaron de esta circunstancia\u201d afirm\u00f3.<br>Baldini adem\u00e1s nos relat\u00f3 que los primeros minutos, luego de la denuncia donde el Fiscal y el m\u00e9dico forense se hicieron presentes y explic\u00f3 \u201cuna de las cuestiones a tener presente, es que el beb\u00e9 cuando fallece pesaba 910 gramos seg\u00fan la partida de defunci\u00f3n y nosotros ayer ac\u00e1 con el M\u00e9dico Forense y la Fiscal, cuando examinamos a la beb\u00e9 pesaba 475 gramos\u201d.<\/p>\n\n\n\n<p><br>Adem\u00e1s, el letrado dio algunas precisiones con respecto al estado de los restos examinado \u201cel cuerpito estaba congelado y daba la sensaci\u00f3n de que era un feto\u201d y agrega \u201cno se puede haber congelado en cuatro horas desde que falleci\u00f3 hasta ese momento\u201d.<br>\u201cLo que me interesa a m\u00ed que la fiscal\u00eda que interviene me preserve el lugar del hecho, es decir, el hospital, que secuestre las c\u00e1maras, que llamen a todos, desde el chofer de la ambulancia hasta la persona de limpieza, porque algo pas\u00f3, porque lo m\u00e1s raro es que en el hospital nos dicen que no hay otro beb\u00e9, es decir, era el \u00fanico que hab\u00eda y ah\u00ed s\u00ed ya no sabemos qu\u00e9 pensar\u201d.<br>\u201cEs decir, si no hay otro beb\u00e9, no pudo haber habido confusi\u00f3n\u201d.<\/p>\n\n\n\n<p>Fuente: Tal Cual Chajar\u00ed<\/p>\n","protected":false},"excerpt":{"rendered":"<p>Como si esto fuera un nuevo cap\u00edtulo de una historia macabra, producto de una mente fantasiosa de alg\u00fan escritor de novelas de terror, en horas de la tarde, se pudo confirmar que apareci\u00f3 el cuerpo de la beba reclamada por una denuncia de su mam\u00e1 realizada en la Fiscal\u00eda de Feliciano y luego transferida a [&hellip;]<\/p>\n","protected":false},"author":2,"featured_media":4365,"comment_status":"open","ping_status":"open","sticky":false,"template":"","format":"standard","meta":{"footnotes":""},"categories":[17],"tags":[],"class_list":{"0":"post-4364","1":"post","2":"type-post","3":"status-publish","4":"format-standard","5":"has-post-thumbnail","7":"category-provinciales"},"yoast_head":"<!-- This site is optimized with the Yoast SEO plugin v27.4 - https:\/\/yoast.com\/product\/yoast-seo-wordpress\/ -->\n<title>\u201cHISTORIA MACABRA\u201d: desde el Hospital Masvernat informaron que el \u201ccuerpo de Valentina\u201d est\u00e1 en el nosocomio - Diario del Sur<\/title>\n<meta name=\"robots\" content=\"index, follow, max-snippet:-1, max-image-preview:large, max-video-preview:-1\" \/>\n<link rel=\"canonical\" href=\"https:\/\/diariodelsurdigital.com.ar\/?p=4364\" \/>\n<meta property=\"og:locale\" content=\"es_ES\" \/>\n<meta property=\"og:type\" content=\"article\" \/>\n<meta property=\"og:title\" content=\"\u201cHISTORIA MACABRA\u201d: desde el Hospital Masvernat informaron que el \u201ccuerpo de Valentina\u201d est\u00e1 en el nosocomio - Diario del Sur\" \/>\n<meta property=\"og:description\" content=\"Como si esto fuera un nuevo cap\u00edtulo de una historia macabra, producto de una mente fantasiosa de alg\u00fan escritor de novelas de terror, en horas de la tarde, se pudo confirmar que apareci\u00f3 el cuerpo de la beba reclamada por una denuncia de su mam\u00e1 realizada en la Fiscal\u00eda de Feliciano y luego transferida a [&hellip;]\" \/>\n<meta property=\"og:url\" content=\"https:\/\/diariodelsurdigital.com.ar\/?p=4364\" \/>\n<meta property=\"og:site_name\" content=\"Diario del Sur\" \/>\n<meta property=\"article:published_time\" content=\"2025-08-29T01:19:26+00:00\" \/>\n<meta property=\"article:modified_time\" content=\"2025-08-29T01:41:04+00:00\" \/>\n<meta property=\"og:image\" content=\"https:\/\/diariodelsurdigital.com.ar\/wp-content\/uploads\/2025\/08\/images-14.jpeg\" \/>\n\t<meta property=\"og:image:width\" content=\"464\" \/>\n\t<meta property=\"og:image:height\" content=\"308\" \/>\n\t<meta property=\"og:image:type\" content=\"image\/jpeg\" \/>\n<meta name=\"author\" content=\"Diario del Sur Digital\" \/>\n<meta name=\"twitter:card\" content=\"summary_large_image\" \/>\n<meta name=\"twitter:label1\" content=\"Escrito por\" \/>\n\t<meta name=\"twitter:data1\" content=\"Diario del Sur Digital\" \/>\n\t<meta name=\"twitter:label2\" content=\"Tiempo de lectura\" \/>\n\t<meta name=\"twitter:data2\" content=\"4 minutos\" \/>\n<script type=\"application\/ld+json\" class=\"yoast-schema-graph\">{\"@context\":\"https:\\\/\\\/schema.org\",\"@graph\":[{\"@type\":\"Article\",\"@id\":\"https:\\\/\\\/diariodelsurdigital.com.ar\\\/?p=4364#article\",\"isPartOf\":{\"@id\":\"https:\\\/\\\/diariodelsurdigital.com.ar\\\/?p=4364\"},\"author\":{\"name\":\"Diario del Sur Digital\",\"@id\":\"https:\\\/\\\/diariodelsurdigital.com.ar\\\/#\\\/schema\\\/person\\\/6136a32571657f7dba980b88b04c5465\"},\"headline\":\"\u201cHISTORIA MACABRA\u201d: desde el Hospital Masvernat informaron que el \u201ccuerpo de Valentina\u201d est\u00e1 en el nosocomio\",\"datePublished\":\"2025-08-29T01:19:26+00:00\",\"dateModified\":\"2025-08-29T01:41:04+00:00\",\"mainEntityOfPage\":{\"@id\":\"https:\\\/\\\/diariodelsurdigital.com.ar\\\/?p=4364\"},\"wordCount\":711,\"commentCount\":0,\"image\":{\"@id\":\"https:\\\/\\\/diariodelsurdigital.com.ar\\\/?p=4364#primaryimage\"},\"thumbnailUrl\":\"https:\\\/\\\/diariodelsurdigital.com.ar\\\/wp-content\\\/uploads\\\/2025\\\/08\\\/images-14.jpeg\",\"articleSection\":[\"Provinciales\"],\"inLanguage\":\"es\",\"potentialAction\":[{\"@type\":\"CommentAction\",\"name\":\"Comment\",\"target\":[\"https:\\\/\\\/diariodelsurdigital.com.ar\\\/?p=4364#respond\"]}]},{\"@type\":\"WebPage\",\"@id\":\"https:\\\/\\\/diariodelsurdigital.com.ar\\\/?p=4364\",\"url\":\"https:\\\/\\\/diariodelsurdigital.com.ar\\\/?p=4364\",\"name\":\"\u201cHISTORIA MACABRA\u201d: desde el Hospital Masvernat informaron que el \u201ccuerpo de Valentina\u201d est\u00e1 en el nosocomio - Diario del Sur\",\"isPartOf\":{\"@id\":\"https:\\\/\\\/diariodelsurdigital.com.ar\\\/#website\"},\"primaryImageOfPage\":{\"@id\":\"https:\\\/\\\/diariodelsurdigital.com.ar\\\/?p=4364#primaryimage\"},\"image\":{\"@id\":\"https:\\\/\\\/diariodelsurdigital.com.ar\\\/?p=4364#primaryimage\"},\"thumbnailUrl\":\"https:\\\/\\\/diariodelsurdigital.com.ar\\\/wp-content\\\/uploads\\\/2025\\\/08\\\/images-14.jpeg\",\"datePublished\":\"2025-08-29T01:19:26+00:00\",\"dateModified\":\"2025-08-29T01:41:04+00:00\",\"author\":{\"@id\":\"https:\\\/\\\/diariodelsurdigital.com.ar\\\/#\\\/schema\\\/person\\\/6136a32571657f7dba980b88b04c5465\"},\"breadcrumb\":{\"@id\":\"https:\\\/\\\/diariodelsurdigital.com.ar\\\/?p=4364#breadcrumb\"},\"inLanguage\":\"es\",\"potentialAction\":[{\"@type\":\"ReadAction\",\"target\":[\"https:\\\/\\\/diariodelsurdigital.com.ar\\\/?p=4364\"]}]},{\"@type\":\"ImageObject\",\"inLanguage\":\"es\",\"@id\":\"https:\\\/\\\/diariodelsurdigital.com.ar\\\/?p=4364#primaryimage\",\"url\":\"https:\\\/\\\/diariodelsurdigital.com.ar\\\/wp-content\\\/uploads\\\/2025\\\/08\\\/images-14.jpeg\",\"contentUrl\":\"https:\\\/\\\/diariodelsurdigital.com.ar\\\/wp-content\\\/uploads\\\/2025\\\/08\\\/images-14.jpeg\",\"width\":464,\"height\":308},{\"@type\":\"BreadcrumbList\",\"@id\":\"https:\\\/\\\/diariodelsurdigital.com.ar\\\/?p=4364#breadcrumb\",\"itemListElement\":[{\"@type\":\"ListItem\",\"position\":1,\"name\":\"Portada\",\"item\":\"https:\\\/\\\/diariodelsurdigital.com.ar\\\/\"},{\"@type\":\"ListItem\",\"position\":2,\"name\":\"\u201cHISTORIA MACABRA\u201d: desde el Hospital Masvernat informaron que el \u201ccuerpo de Valentina\u201d est\u00e1 en el nosocomio\"}]},{\"@type\":\"WebSite\",\"@id\":\"https:\\\/\\\/diariodelsurdigital.com.ar\\\/#website\",\"url\":\"https:\\\/\\\/diariodelsurdigital.com.ar\\\/\",\"name\":\"Diario del Sur\",\"description\":\"Digital\",\"potentialAction\":[{\"@type\":\"SearchAction\",\"target\":{\"@type\":\"EntryPoint\",\"urlTemplate\":\"https:\\\/\\\/diariodelsurdigital.com.ar\\\/?s={search_term_string}\"},\"query-input\":{\"@type\":\"PropertyValueSpecification\",\"valueRequired\":true,\"valueName\":\"search_term_string\"}}],\"inLanguage\":\"es\"},{\"@type\":\"Person\",\"@id\":\"https:\\\/\\\/diariodelsurdigital.com.ar\\\/#\\\/schema\\\/person\\\/6136a32571657f7dba980b88b04c5465\",\"name\":\"Diario del Sur Digital\",\"image\":{\"@type\":\"ImageObject\",\"inLanguage\":\"es\",\"@id\":\"https:\\\/\\\/secure.gravatar.com\\\/avatar\\\/4c29ceac98541dd42460b2474aaa5dd37594d6ce6cb3cf2c101d09b48ee287ba?s=96&d=mm&r=g\",\"url\":\"https:\\\/\\\/secure.gravatar.com\\\/avatar\\\/4c29ceac98541dd42460b2474aaa5dd37594d6ce6cb3cf2c101d09b48ee287ba?s=96&d=mm&r=g\",\"contentUrl\":\"https:\\\/\\\/secure.gravatar.com\\\/avatar\\\/4c29ceac98541dd42460b2474aaa5dd37594d6ce6cb3cf2c101d09b48ee287ba?s=96&d=mm&r=g\",\"caption\":\"Diario del Sur Digital\"},\"url\":\"https:\\\/\\\/diariodelsurdigital.com.ar\\\/?author=2\"}]}<\/script>\n<!-- \/ Yoast SEO plugin. -->","yoast_head_json":{"title":"\u201cHISTORIA MACABRA\u201d: desde el Hospital Masvernat informaron que el \u201ccuerpo de Valentina\u201d est\u00e1 en el nosocomio - Diario del Sur","robots":{"index":"index","follow":"follow","max-snippet":"max-snippet:-1","max-image-preview":"max-image-preview:large","max-video-preview":"max-video-preview:-1"},"canonical":"https:\/\/diariodelsurdigital.com.ar\/?p=4364","og_locale":"es_ES","og_type":"article","og_title":"\u201cHISTORIA MACABRA\u201d: desde el Hospital Masvernat informaron que el \u201ccuerpo de Valentina\u201d est\u00e1 en el nosocomio - Diario del Sur","og_description":"Como si esto fuera un nuevo cap\u00edtulo de una historia macabra, producto de una mente fantasiosa de alg\u00fan escritor de novelas de terror, en horas de la tarde, se pudo confirmar que apareci\u00f3 el cuerpo de la beba reclamada por una denuncia de su mam\u00e1 realizada en la Fiscal\u00eda de Feliciano y luego transferida a [&hellip;]","og_url":"https:\/\/diariodelsurdigital.com.ar\/?p=4364","og_site_name":"Diario del Sur","article_published_time":"2025-08-29T01:19:26+00:00","article_modified_time":"2025-08-29T01:41:04+00:00","og_image":[{"width":464,"height":308,"url":"https:\/\/diariodelsurdigital.com.ar\/wp-content\/uploads\/2025\/08\/images-14.jpeg","type":"image\/jpeg"}],"author":"Diario del Sur Digital","twitter_card":"summary_large_image","twitter_misc":{"Escrito por":"Diario del Sur Digital","Tiempo de lectura":"4 minutos"},"schema":{"@context":"https:\/\/schema.org","@graph":[{"@type":"Article","@id":"https:\/\/diariodelsurdigital.com.ar\/?p=4364#article","isPartOf":{"@id":"https:\/\/diariodelsurdigital.com.ar\/?p=4364"},"author":{"name":"Diario del Sur Digital","@id":"https:\/\/diariodelsurdigital.com.ar\/#\/schema\/person\/6136a32571657f7dba980b88b04c5465"},"headline":"\u201cHISTORIA MACABRA\u201d: desde el Hospital Masvernat informaron que el \u201ccuerpo de Valentina\u201d est\u00e1 en el nosocomio","datePublished":"2025-08-29T01:19:26+00:00","dateModified":"2025-08-29T01:41:04+00:00","mainEntityOfPage":{"@id":"https:\/\/diariodelsurdigital.com.ar\/?p=4364"},"wordCount":711,"commentCount":0,"image":{"@id":"https:\/\/diariodelsurdigital.com.ar\/?p=4364#primaryimage"},"thumbnailUrl":"https:\/\/diariodelsurdigital.com.ar\/wp-content\/uploads\/2025\/08\/images-14.jpeg","articleSection":["Provinciales"],"inLanguage":"es","potentialAction":[{"@type":"CommentAction","name":"Comment","target":["https:\/\/diariodelsurdigital.com.ar\/?p=4364#respond"]}]},{"@type":"WebPage","@id":"https:\/\/diariodelsurdigital.com.ar\/?p=4364","url":"https:\/\/diariodelsurdigital.com.ar\/?p=4364","name":"\u201cHISTORIA MACABRA\u201d: desde el Hospital Masvernat informaron que el \u201ccuerpo de Valentina\u201d est\u00e1 en el nosocomio - Diario del Sur","isPartOf":{"@id":"https:\/\/diariodelsurdigital.com.ar\/#website"},"primaryImageOfPage":{"@id":"https:\/\/diariodelsurdigital.com.ar\/?p=4364#primaryimage"},"image":{"@id":"https:\/\/diariodelsurdigital.com.ar\/?p=4364#primaryimage"},"thumbnailUrl":"https:\/\/diariodelsurdigital.com.ar\/wp-content\/uploads\/2025\/08\/images-14.jpeg","datePublished":"2025-08-29T01:19:26+00:00","dateModified":"2025-08-29T01:41:04+00:00","author":{"@id":"https:\/\/diariodelsurdigital.com.ar\/#\/schema\/person\/6136a32571657f7dba980b88b04c5465"},"breadcrumb":{"@id":"https:\/\/diariodelsurdigital.com.ar\/?p=4364#breadcrumb"},"inLanguage":"es","potentialAction":[{"@type":"ReadAction","target":["https:\/\/diariodelsurdigital.com.ar\/?p=4364"]}]},{"@type":"ImageObject","inLanguage":"es","@id":"https:\/\/diariodelsurdigital.com.ar\/?p=4364#primaryimage","url":"https:\/\/diariodelsurdigital.com.ar\/wp-content\/uploads\/2025\/08\/images-14.jpeg","contentUrl":"https:\/\/diariodelsurdigital.com.ar\/wp-content\/uploads\/2025\/08\/images-14.jpeg","width":464,"height":308},{"@type":"BreadcrumbList","@id":"https:\/\/diariodelsurdigital.com.ar\/?p=4364#breadcrumb","itemListElement":[{"@type":"ListItem","position":1,"name":"Portada","item":"https:\/\/diariodelsurdigital.com.ar\/"},{"@type":"ListItem","position":2,"name":"\u201cHISTORIA MACABRA\u201d: desde el Hospital Masvernat informaron que el \u201ccuerpo de Valentina\u201d est\u00e1 en el nosocomio"}]},{"@type":"WebSite","@id":"https:\/\/diariodelsurdigital.com.ar\/#website","url":"https:\/\/diariodelsurdigital.com.ar\/","name":"Diario del Sur","description":"Digital","potentialAction":[{"@type":"SearchAction","target":{"@type":"EntryPoint","urlTemplate":"https:\/\/diariodelsurdigital.com.ar\/?s={search_term_string}"},"query-input":{"@type":"PropertyValueSpecification","valueRequired":true,"valueName":"search_term_string"}}],"inLanguage":"es"},{"@type":"Person","@id":"https:\/\/diariodelsurdigital.com.ar\/#\/schema\/person\/6136a32571657f7dba980b88b04c5465","name":"Diario del Sur Digital","image":{"@type":"ImageObject","inLanguage":"es","@id":"https:\/\/secure.gravatar.com\/avatar\/4c29ceac98541dd42460b2474aaa5dd37594d6ce6cb3cf2c101d09b48ee287ba?s=96&d=mm&r=g","url":"https:\/\/secure.gravatar.com\/avatar\/4c29ceac98541dd42460b2474aaa5dd37594d6ce6cb3cf2c101d09b48ee287ba?s=96&d=mm&r=g","contentUrl":"https:\/\/secure.gravatar.com\/avatar\/4c29ceac98541dd42460b2474aaa5dd37594d6ce6cb3cf2c101d09b48ee287ba?s=96&d=mm&r=g","caption":"Diario del Sur Digital"},"url":"https:\/\/diariodelsurdigital.com.ar\/?author=2"}]}},"_links":{"self":[{"href":"https:\/\/diariodelsurdigital.com.ar\/index.php?rest_route=\/wp\/v2\/posts\/4364","targetHints":{"allow":["GET"]}}],"collection":[{"href":"https:\/\/diariodelsurdigital.com.ar\/index.php?rest_route=\/wp\/v2\/posts"}],"about":[{"href":"https:\/\/diariodelsurdigital.com.ar\/index.php?rest_route=\/wp\/v2\/types\/post"}],"author":[{"embeddable":true,"href":"https:\/\/diariodelsurdigital.com.ar\/index.php?rest_route=\/wp\/v2\/users\/2"}],"replies":[{"embeddable":true,"href":"https:\/\/diariodelsurdigital.com.ar\/index.php?rest_route=%2Fwp%2Fv2%2Fcomments&post=4364"}],"version-history":[{"count":7,"href":"https:\/\/diariodelsurdigital.com.ar\/index.php?rest_route=\/wp\/v2\/posts\/4364\/revisions"}],"predecessor-version":[{"id":4376,"href":"https:\/\/diariodelsurdigital.com.ar\/index.php?rest_route=\/wp\/v2\/posts\/4364\/revisions\/4376"}],"wp:featuredmedia":[{"embeddable":true,"href":"https:\/\/diariodelsurdigital.com.ar\/index.php?rest_route=\/wp\/v2\/media\/4365"}],"wp:attachment":[{"href":"https:\/\/diariodelsurdigital.com.ar\/index.php?rest_route=%2Fwp%2Fv2%2Fmedia&parent=4364"}],"wp:term":[{"taxonomy":"category","embeddable":true,"href":"https:\/\/diariodelsurdigital.com.ar\/index.php?rest_route=%2Fwp%2Fv2%2Fcategories&post=4364"},{"taxonomy":"post_tag","embeddable":true,"href":"https:\/\/diariodelsurdigital.com.ar\/index.php?rest_route=%2Fwp%2Fv2%2Ftags&post=4364"}],"curies":[{"name":"wp","href":"https:\/\/api.w.org\/{rel}","templated":true}]}}