{"id":4383,"date":"2025-08-29T10:08:32","date_gmt":"2025-08-29T13:08:32","guid":{"rendered":"https:\/\/diariodelsurdigital.com.ar\/?p=4383"},"modified":"2025-08-29T10:08:33","modified_gmt":"2025-08-29T13:08:33","slug":"otra-vez-caos-en-un-acto-libertario-karina-milei-y-martin-menem-sufrieron-agresiones-y-hay-2-detenidos","status":"publish","type":"post","link":"https:\/\/diariodelsurdigital.com.ar\/?p=4383","title":{"rendered":"Otra vez caos en un acto libertario: Karina Milei y Mart\u00edn Menem sufrieron agresiones y hay 2 detenidos"},"content":{"rendered":"\n<p>Ocurri\u00f3 durante este jueves en Corrientes, en el marco de una recorrida por el cierre de la campa\u00f1a electoral en la provincia donde se va elegir gobernador. Tal como sucedi\u00f3 ayer en Lomas de Zamora, debieron ser evacuados.<\/p>\n\n\n\n<p>De acuerdo con las im\u00e1genes que divulgaron medios de televisi\u00f3n, los funcionarios y el diputado -y candidato- Lisandro Almir\u00f3n estaban caminando, en medio de un grupo de militantes libertarios, hasta que en un momento recibieron insultos y empujones, lo que motiv\u00f3 que fueran evacuados por sus custodios.<\/p>\n\n\n\n<p>Tras retirarlos del lugar, fueron transportados en los veh\u00edculos oficiales y se cancel\u00f3 la actividad. Hay dos detenidos por los incidentes.<\/p>\n\n\n\n<p>Almir\u00f3n, dijo que cuando llegaron a la peatonal se encontraron \u00abcon un cuadro de agresi\u00f3n e insultos que no tienen sentido. Los violentos son violentos, no importa de la agrupaci\u00f3n pol\u00edtica que sea. Es gente que vino con una mala intenci\u00f3n y que quiere que al pa\u00eds le vaya mal. Es la misma gente que destruy\u00f3 todo, no solamente el pa\u00eds, sino las instituciones\u201d, coment\u00f3 a LN+.<\/p>\n\n\n\n<p>El presidente Javier Milei us\u00f3 su cuenta de X para repudiar lo ocurrido. No hizo posteos propios, sino que opt\u00f3 por darle RT a comentarios de otros usuarios. \u00abViolentos militantes kirchneristas intentaron atacar a Karina Milei, Mart\u00edn Menem y Lisandro Almir\u00f3n cuando estaban realizando una caminata de La Libertad Avanza en Corrientes a d\u00edas de las elecciones en la provincia\u00bb, viraliz\u00f3 Milei, haciendo menci\u00f3n de una cuenta partidaria de La Libertad Avanza.<\/p>\n","protected":false},"excerpt":{"rendered":"<p>Ocurri\u00f3 durante este jueves en Corrientes, en el marco de una recorrida por el cierre de la campa\u00f1a electoral en la provincia donde se va elegir gobernador. Tal como sucedi\u00f3 ayer en Lomas de Zamora, debieron ser evacuados. De acuerdo con las im\u00e1genes que divulgaron medios de televisi\u00f3n, los funcionarios y el diputado -y candidato- [&hellip;]<\/p>\n","protected":false},"author":4,"featured_media":4384,"comment_status":"open","ping_status":"open","sticky":false,"template":"","format":"standard","meta":{"footnotes":""},"categories":[18,22],"tags":[],"class_list":{"0":"post-4383","1":"post","2":"type-post","3":"status-publish","4":"format-standard","5":"has-post-thumbnail","7":"category-nacionales","8":"category-politica"},"yoast_head":"<!-- This site is optimized with the Yoast SEO plugin v27.4 - https:\/\/yoast.com\/product\/yoast-seo-wordpress\/ -->\n<title>Otra vez caos en un acto libertario: Karina Milei y Mart\u00edn Menem sufrieron agresiones y hay 2 detenidos - Diario del Sur<\/title>\n<meta name=\"robots\" content=\"index, follow, max-snippet:-1, max-image-preview:large, max-video-preview:-1\" \/>\n<link rel=\"canonical\" href=\"https:\/\/diariodelsurdigital.com.ar\/?p=4383\" \/>\n<meta property=\"og:locale\" content=\"es_ES\" \/>\n<meta property=\"og:type\" content=\"article\" \/>\n<meta property=\"og:title\" content=\"Otra vez caos en un acto libertario: Karina Milei y Mart\u00edn Menem sufrieron agresiones y hay 2 detenidos - Diario del Sur\" \/>\n<meta property=\"og:description\" content=\"Ocurri\u00f3 durante este jueves en Corrientes, en el marco de una recorrida por el cierre de la campa\u00f1a electoral en la provincia donde se va elegir gobernador. Tal como sucedi\u00f3 ayer en Lomas de Zamora, debieron ser evacuados. De acuerdo con las im\u00e1genes que divulgaron medios de televisi\u00f3n, los funcionarios y el diputado -y candidato- [&hellip;]\" \/>\n<meta property=\"og:url\" content=\"https:\/\/diariodelsurdigital.com.ar\/?p=4383\" \/>\n<meta property=\"og:site_name\" content=\"Diario del Sur\" \/>\n<meta property=\"article:published_time\" content=\"2025-08-29T13:08:32+00:00\" \/>\n<meta property=\"article:modified_time\" content=\"2025-08-29T13:08:33+00:00\" \/>\n<meta property=\"og:image\" content=\"https:\/\/diariodelsurdigital.com.ar\/wp-content\/uploads\/2025\/08\/md-1-4.webp\" \/>\n\t<meta property=\"og:image:width\" content=\"992\" \/>\n\t<meta property=\"og:image:height\" content=\"557\" \/>\n\t<meta property=\"og:image:type\" content=\"image\/webp\" \/>\n<meta name=\"author\" content=\"Diario del Sur Digital\" \/>\n<meta name=\"twitter:card\" content=\"summary_large_image\" \/>\n<meta name=\"twitter:label1\" content=\"Escrito por\" \/>\n\t<meta name=\"twitter:data1\" content=\"Diario del Sur Digital\" \/>\n\t<meta name=\"twitter:label2\" content=\"Tiempo de lectura\" \/>\n\t<meta name=\"twitter:data2\" content=\"2 minutos\" \/>\n<script type=\"application\/ld+json\" class=\"yoast-schema-graph\">{\"@context\":\"https:\\\/\\\/schema.org\",\"@graph\":[{\"@type\":\"Article\",\"@id\":\"https:\\\/\\\/diariodelsurdigital.com.ar\\\/?p=4383#article\",\"isPartOf\":{\"@id\":\"https:\\\/\\\/diariodelsurdigital.com.ar\\\/?p=4383\"},\"author\":{\"name\":\"Diario del Sur Digital\",\"@id\":\"https:\\\/\\\/diariodelsurdigital.com.ar\\\/#\\\/schema\\\/person\\\/1a4992532ed62965c968031b49195c81\"},\"headline\":\"Otra vez caos en un acto libertario: Karina Milei y Mart\u00edn Menem sufrieron agresiones y hay 2 detenidos\",\"datePublished\":\"2025-08-29T13:08:32+00:00\",\"dateModified\":\"2025-08-29T13:08:33+00:00\",\"mainEntityOfPage\":{\"@id\":\"https:\\\/\\\/diariodelsurdigital.com.ar\\\/?p=4383\"},\"wordCount\":279,\"commentCount\":0,\"image\":{\"@id\":\"https:\\\/\\\/diariodelsurdigital.com.ar\\\/?p=4383#primaryimage\"},\"thumbnailUrl\":\"https:\\\/\\\/diariodelsurdigital.com.ar\\\/wp-content\\\/uploads\\\/2025\\\/08\\\/md-1-4.webp\",\"articleSection\":[\"Nacionales\",\"Pol\u00edtica\"],\"inLanguage\":\"es\",\"potentialAction\":[{\"@type\":\"CommentAction\",\"name\":\"Comment\",\"target\":[\"https:\\\/\\\/diariodelsurdigital.com.ar\\\/?p=4383#respond\"]}]},{\"@type\":\"WebPage\",\"@id\":\"https:\\\/\\\/diariodelsurdigital.com.ar\\\/?p=4383\",\"url\":\"https:\\\/\\\/diariodelsurdigital.com.ar\\\/?p=4383\",\"name\":\"Otra vez caos en un acto libertario: Karina Milei y Mart\u00edn Menem sufrieron agresiones y hay 2 detenidos - Diario del Sur\",\"isPartOf\":{\"@id\":\"https:\\\/\\\/diariodelsurdigital.com.ar\\\/#website\"},\"primaryImageOfPage\":{\"@id\":\"https:\\\/\\\/diariodelsurdigital.com.ar\\\/?p=4383#primaryimage\"},\"image\":{\"@id\":\"https:\\\/\\\/diariodelsurdigital.com.ar\\\/?p=4383#primaryimage\"},\"thumbnailUrl\":\"https:\\\/\\\/diariodelsurdigital.com.ar\\\/wp-content\\\/uploads\\\/2025\\\/08\\\/md-1-4.webp\",\"datePublished\":\"2025-08-29T13:08:32+00:00\",\"dateModified\":\"2025-08-29T13:08:33+00:00\",\"author\":{\"@id\":\"https:\\\/\\\/diariodelsurdigital.com.ar\\\/#\\\/schema\\\/person\\\/1a4992532ed62965c968031b49195c81\"},\"breadcrumb\":{\"@id\":\"https:\\\/\\\/diariodelsurdigital.com.ar\\\/?p=4383#breadcrumb\"},\"inLanguage\":\"es\",\"potentialAction\":[{\"@type\":\"ReadAction\",\"target\":[\"https:\\\/\\\/diariodelsurdigital.com.ar\\\/?p=4383\"]}]},{\"@type\":\"ImageObject\",\"inLanguage\":\"es\",\"@id\":\"https:\\\/\\\/diariodelsurdigital.com.ar\\\/?p=4383#primaryimage\",\"url\":\"https:\\\/\\\/diariodelsurdigital.com.ar\\\/wp-content\\\/uploads\\\/2025\\\/08\\\/md-1-4.webp\",\"contentUrl\":\"https:\\\/\\\/diariodelsurdigital.com.ar\\\/wp-content\\\/uploads\\\/2025\\\/08\\\/md-1-4.webp\",\"width\":992,\"height\":557},{\"@type\":\"BreadcrumbList\",\"@id\":\"https:\\\/\\\/diariodelsurdigital.com.ar\\\/?p=4383#breadcrumb\",\"itemListElement\":[{\"@type\":\"ListItem\",\"position\":1,\"name\":\"Portada\",\"item\":\"https:\\\/\\\/diariodelsurdigital.com.ar\\\/\"},{\"@type\":\"ListItem\",\"position\":2,\"name\":\"Otra vez caos en un acto libertario: Karina Milei y Mart\u00edn Menem sufrieron agresiones y hay 2 detenidos\"}]},{\"@type\":\"WebSite\",\"@id\":\"https:\\\/\\\/diariodelsurdigital.com.ar\\\/#website\",\"url\":\"https:\\\/\\\/diariodelsurdigital.com.ar\\\/\",\"name\":\"Diario del Sur\",\"description\":\"Digital\",\"potentialAction\":[{\"@type\":\"SearchAction\",\"target\":{\"@type\":\"EntryPoint\",\"urlTemplate\":\"https:\\\/\\\/diariodelsurdigital.com.ar\\\/?s={search_term_string}\"},\"query-input\":{\"@type\":\"PropertyValueSpecification\",\"valueRequired\":true,\"valueName\":\"search_term_string\"}}],\"inLanguage\":\"es\"},{\"@type\":\"Person\",\"@id\":\"https:\\\/\\\/diariodelsurdigital.com.ar\\\/#\\\/schema\\\/person\\\/1a4992532ed62965c968031b49195c81\",\"name\":\"Diario del Sur Digital\",\"image\":{\"@type\":\"ImageObject\",\"inLanguage\":\"es\",\"@id\":\"https:\\\/\\\/secure.gravatar.com\\\/avatar\\\/f0c7c47fc7146d19828273b9b8eda651c9c7ab583767e6338d3d3bee825adf76?s=96&d=mm&r=g\",\"url\":\"https:\\\/\\\/secure.gravatar.com\\\/avatar\\\/f0c7c47fc7146d19828273b9b8eda651c9c7ab583767e6338d3d3bee825adf76?s=96&d=mm&r=g\",\"contentUrl\":\"https:\\\/\\\/secure.gravatar.com\\\/avatar\\\/f0c7c47fc7146d19828273b9b8eda651c9c7ab583767e6338d3d3bee825adf76?s=96&d=mm&r=g\",\"caption\":\"Diario del Sur Digital\"},\"url\":\"https:\\\/\\\/diariodelsurdigital.com.ar\\\/?author=4\"}]}<\/script>\n<!-- \/ Yoast SEO plugin. -->","yoast_head_json":{"title":"Otra vez caos en un acto libertario: Karina Milei y Mart\u00edn Menem sufrieron agresiones y hay 2 detenidos - Diario del Sur","robots":{"index":"index","follow":"follow","max-snippet":"max-snippet:-1","max-image-preview":"max-image-preview:large","max-video-preview":"max-video-preview:-1"},"canonical":"https:\/\/diariodelsurdigital.com.ar\/?p=4383","og_locale":"es_ES","og_type":"article","og_title":"Otra vez caos en un acto libertario: Karina Milei y Mart\u00edn Menem sufrieron agresiones y hay 2 detenidos - Diario del Sur","og_description":"Ocurri\u00f3 durante este jueves en Corrientes, en el marco de una recorrida por el cierre de la campa\u00f1a electoral en la provincia donde se va elegir gobernador. Tal como sucedi\u00f3 ayer en Lomas de Zamora, debieron ser evacuados. De acuerdo con las im\u00e1genes que divulgaron medios de televisi\u00f3n, los funcionarios y el diputado -y candidato- [&hellip;]","og_url":"https:\/\/diariodelsurdigital.com.ar\/?p=4383","og_site_name":"Diario del Sur","article_published_time":"2025-08-29T13:08:32+00:00","article_modified_time":"2025-08-29T13:08:33+00:00","og_image":[{"width":992,"height":557,"url":"https:\/\/diariodelsurdigital.com.ar\/wp-content\/uploads\/2025\/08\/md-1-4.webp","type":"image\/webp"}],"author":"Diario del Sur Digital","twitter_card":"summary_large_image","twitter_misc":{"Escrito por":"Diario del Sur Digital","Tiempo de lectura":"2 minutos"},"schema":{"@context":"https:\/\/schema.org","@graph":[{"@type":"Article","@id":"https:\/\/diariodelsurdigital.com.ar\/?p=4383#article","isPartOf":{"@id":"https:\/\/diariodelsurdigital.com.ar\/?p=4383"},"author":{"name":"Diario del Sur Digital","@id":"https:\/\/diariodelsurdigital.com.ar\/#\/schema\/person\/1a4992532ed62965c968031b49195c81"},"headline":"Otra vez caos en un acto libertario: Karina Milei y Mart\u00edn Menem sufrieron agresiones y hay 2 detenidos","datePublished":"2025-08-29T13:08:32+00:00","dateModified":"2025-08-29T13:08:33+00:00","mainEntityOfPage":{"@id":"https:\/\/diariodelsurdigital.com.ar\/?p=4383"},"wordCount":279,"commentCount":0,"image":{"@id":"https:\/\/diariodelsurdigital.com.ar\/?p=4383#primaryimage"},"thumbnailUrl":"https:\/\/diariodelsurdigital.com.ar\/wp-content\/uploads\/2025\/08\/md-1-4.webp","articleSection":["Nacionales","Pol\u00edtica"],"inLanguage":"es","potentialAction":[{"@type":"CommentAction","name":"Comment","target":["https:\/\/diariodelsurdigital.com.ar\/?p=4383#respond"]}]},{"@type":"WebPage","@id":"https:\/\/diariodelsurdigital.com.ar\/?p=4383","url":"https:\/\/diariodelsurdigital.com.ar\/?p=4383","name":"Otra vez caos en un acto libertario: Karina Milei y Mart\u00edn Menem sufrieron agresiones y hay 2 detenidos - Diario del Sur","isPartOf":{"@id":"https:\/\/diariodelsurdigital.com.ar\/#website"},"primaryImageOfPage":{"@id":"https:\/\/diariodelsurdigital.com.ar\/?p=4383#primaryimage"},"image":{"@id":"https:\/\/diariodelsurdigital.com.ar\/?p=4383#primaryimage"},"thumbnailUrl":"https:\/\/diariodelsurdigital.com.ar\/wp-content\/uploads\/2025\/08\/md-1-4.webp","datePublished":"2025-08-29T13:08:32+00:00","dateModified":"2025-08-29T13:08:33+00:00","author":{"@id":"https:\/\/diariodelsurdigital.com.ar\/#\/schema\/person\/1a4992532ed62965c968031b49195c81"},"breadcrumb":{"@id":"https:\/\/diariodelsurdigital.com.ar\/?p=4383#breadcrumb"},"inLanguage":"es","potentialAction":[{"@type":"ReadAction","target":["https:\/\/diariodelsurdigital.com.ar\/?p=4383"]}]},{"@type":"ImageObject","inLanguage":"es","@id":"https:\/\/diariodelsurdigital.com.ar\/?p=4383#primaryimage","url":"https:\/\/diariodelsurdigital.com.ar\/wp-content\/uploads\/2025\/08\/md-1-4.webp","contentUrl":"https:\/\/diariodelsurdigital.com.ar\/wp-content\/uploads\/2025\/08\/md-1-4.webp","width":992,"height":557},{"@type":"BreadcrumbList","@id":"https:\/\/diariodelsurdigital.com.ar\/?p=4383#breadcrumb","itemListElement":[{"@type":"ListItem","position":1,"name":"Portada","item":"https:\/\/diariodelsurdigital.com.ar\/"},{"@type":"ListItem","position":2,"name":"Otra vez caos en un acto libertario: Karina Milei y Mart\u00edn Menem sufrieron agresiones y hay 2 detenidos"}]},{"@type":"WebSite","@id":"https:\/\/diariodelsurdigital.com.ar\/#website","url":"https:\/\/diariodelsurdigital.com.ar\/","name":"Diario del Sur","description":"Digital","potentialAction":[{"@type":"SearchAction","target":{"@type":"EntryPoint","urlTemplate":"https:\/\/diariodelsurdigital.com.ar\/?s={search_term_string}"},"query-input":{"@type":"PropertyValueSpecification","valueRequired":true,"valueName":"search_term_string"}}],"inLanguage":"es"},{"@type":"Person","@id":"https:\/\/diariodelsurdigital.com.ar\/#\/schema\/person\/1a4992532ed62965c968031b49195c81","name":"Diario del Sur Digital","image":{"@type":"ImageObject","inLanguage":"es","@id":"https:\/\/secure.gravatar.com\/avatar\/f0c7c47fc7146d19828273b9b8eda651c9c7ab583767e6338d3d3bee825adf76?s=96&d=mm&r=g","url":"https:\/\/secure.gravatar.com\/avatar\/f0c7c47fc7146d19828273b9b8eda651c9c7ab583767e6338d3d3bee825adf76?s=96&d=mm&r=g","contentUrl":"https:\/\/secure.gravatar.com\/avatar\/f0c7c47fc7146d19828273b9b8eda651c9c7ab583767e6338d3d3bee825adf76?s=96&d=mm&r=g","caption":"Diario del Sur Digital"},"url":"https:\/\/diariodelsurdigital.com.ar\/?author=4"}]}},"_links":{"self":[{"href":"https:\/\/diariodelsurdigital.com.ar\/index.php?rest_route=\/wp\/v2\/posts\/4383","targetHints":{"allow":["GET"]}}],"collection":[{"href":"https:\/\/diariodelsurdigital.com.ar\/index.php?rest_route=\/wp\/v2\/posts"}],"about":[{"href":"https:\/\/diariodelsurdigital.com.ar\/index.php?rest_route=\/wp\/v2\/types\/post"}],"author":[{"embeddable":true,"href":"https:\/\/diariodelsurdigital.com.ar\/index.php?rest_route=\/wp\/v2\/users\/4"}],"replies":[{"embeddable":true,"href":"https:\/\/diariodelsurdigital.com.ar\/index.php?rest_route=%2Fwp%2Fv2%2Fcomments&post=4383"}],"version-history":[{"count":1,"href":"https:\/\/diariodelsurdigital.com.ar\/index.php?rest_route=\/wp\/v2\/posts\/4383\/revisions"}],"predecessor-version":[{"id":4385,"href":"https:\/\/diariodelsurdigital.com.ar\/index.php?rest_route=\/wp\/v2\/posts\/4383\/revisions\/4385"}],"wp:featuredmedia":[{"embeddable":true,"href":"https:\/\/diariodelsurdigital.com.ar\/index.php?rest_route=\/wp\/v2\/media\/4384"}],"wp:attachment":[{"href":"https:\/\/diariodelsurdigital.com.ar\/index.php?rest_route=%2Fwp%2Fv2%2Fmedia&parent=4383"}],"wp:term":[{"taxonomy":"category","embeddable":true,"href":"https:\/\/diariodelsurdigital.com.ar\/index.php?rest_route=%2Fwp%2Fv2%2Fcategories&post=4383"},{"taxonomy":"post_tag","embeddable":true,"href":"https:\/\/diariodelsurdigital.com.ar\/index.php?rest_route=%2Fwp%2Fv2%2Ftags&post=4383"}],"curies":[{"name":"wp","href":"https:\/\/api.w.org\/{rel}","templated":true}]}}