{"id":4386,"date":"2025-08-29T10:11:36","date_gmt":"2025-08-29T13:11:36","guid":{"rendered":"https:\/\/diariodelsurdigital.com.ar\/?p=4386"},"modified":"2025-08-29T10:11:37","modified_gmt":"2025-08-29T13:11:37","slug":"jubilados-anses-confirmo-minimo-aumento-y-bono-de-70-000-en-septiembre","status":"publish","type":"post","link":"https:\/\/diariodelsurdigital.com.ar\/?p=4386","title":{"rendered":"Jubilados: ANSES confirm\u00f3 m\u00ednimo aumento y bono de $70.000 en septiembre"},"content":{"rendered":"\n<p>La Administraci\u00f3n Nacional de la Seguridad Social oficializ\u00f3 que en septiembre los jubilados y pensionados que perciben la m\u00ednima recibir\u00e1n un bono extraordinario de hasta $70.000, que se sumar\u00e1 al incremento por inflaci\u00f3n y llevar\u00e1 el haber b\u00e1sico a $390.277,17.<\/p>\n\n\n\n<p>La medida fue establecida a trav\u00e9s del Decreto 613, publicado este jueves en el Bolet\u00edn Oficial. El refuerzo alcanzar\u00e1 tambi\u00e9n a los titulares de la Pensi\u00f3n Universal para el Adulto Mayor (PUAM) y a las pensiones no contributivas por vejez, invalidez y madres de siete hijos o m\u00e1s.<\/p>\n\n\n\n<p>El haber m\u00ednimo garantizado se hab\u00eda fijado en $320.277,17 tras el aumento del 1,9% correspondiente a julio. Con el bono, los ingresos m\u00ednimos ascender\u00e1n a $390.277,17. Para quienes superen apenas la m\u00ednima, el refuerzo ser\u00e1 proporcional, de modo que nadie cobre menos que ese piso.<\/p>\n\n\n\n<p>El beneficio impactar\u00e1 en m\u00e1s de 5 millones de jubilados y pensionados en todo el pa\u00eds. Seg\u00fan el Gobierno, la decisi\u00f3n busca compensar la p\u00e9rdida de poder adquisitivo de los sectores m\u00e1s vulnerables del sistema previsional.<\/p>\n\n\n\n<p>Se trata de la primera actualizaci\u00f3n del bono desde marzo de 2024, y su pago se acreditar\u00e1 junto con los haberes de septiembre, seg\u00fan el cronograma habitual de Anses<\/p>\n","protected":false},"excerpt":{"rendered":"<p>La Administraci\u00f3n Nacional de la Seguridad Social oficializ\u00f3 que en septiembre los jubilados y pensionados que perciben la m\u00ednima recibir\u00e1n un bono extraordinario de hasta $70.000, que se sumar\u00e1 al incremento por inflaci\u00f3n y llevar\u00e1 el haber b\u00e1sico a $390.277,17. La medida fue establecida a trav\u00e9s del Decreto 613, publicado este jueves en el Bolet\u00edn [&hellip;]<\/p>\n","protected":false},"author":4,"featured_media":4387,"comment_status":"open","ping_status":"open","sticky":false,"template":"","format":"standard","meta":{"footnotes":""},"categories":[18],"tags":[],"class_list":{"0":"post-4386","1":"post","2":"type-post","3":"status-publish","4":"format-standard","5":"has-post-thumbnail","7":"category-nacionales"},"yoast_head":"<!-- This site is optimized with the Yoast SEO plugin v27.4 - https:\/\/yoast.com\/product\/yoast-seo-wordpress\/ -->\n<title>Jubilados: ANSES confirm\u00f3 m\u00ednimo aumento y bono de $70.000 en septiembre - Diario del Sur<\/title>\n<meta name=\"robots\" content=\"index, follow, max-snippet:-1, max-image-preview:large, max-video-preview:-1\" \/>\n<link rel=\"canonical\" href=\"https:\/\/diariodelsurdigital.com.ar\/?p=4386\" \/>\n<meta property=\"og:locale\" content=\"es_ES\" \/>\n<meta property=\"og:type\" content=\"article\" \/>\n<meta property=\"og:title\" content=\"Jubilados: ANSES confirm\u00f3 m\u00ednimo aumento y bono de $70.000 en septiembre - Diario del Sur\" \/>\n<meta property=\"og:description\" content=\"La Administraci\u00f3n Nacional de la Seguridad Social oficializ\u00f3 que en septiembre los jubilados y pensionados que perciben la m\u00ednima recibir\u00e1n un bono extraordinario de hasta $70.000, que se sumar\u00e1 al incremento por inflaci\u00f3n y llevar\u00e1 el haber b\u00e1sico a $390.277,17. La medida fue establecida a trav\u00e9s del Decreto 613, publicado este jueves en el Bolet\u00edn [&hellip;]\" \/>\n<meta property=\"og:url\" content=\"https:\/\/diariodelsurdigital.com.ar\/?p=4386\" \/>\n<meta property=\"og:site_name\" content=\"Diario del Sur\" \/>\n<meta property=\"article:published_time\" content=\"2025-08-29T13:11:36+00:00\" \/>\n<meta property=\"article:modified_time\" content=\"2025-08-29T13:11:37+00:00\" \/>\n<meta property=\"og:image\" content=\"https:\/\/diariodelsurdigital.com.ar\/wp-content\/uploads\/2025\/08\/md-2-4.webp\" \/>\n\t<meta property=\"og:image:width\" content=\"992\" \/>\n\t<meta property=\"og:image:height\" content=\"555\" \/>\n\t<meta property=\"og:image:type\" content=\"image\/webp\" \/>\n<meta name=\"author\" content=\"Diario del Sur Digital\" \/>\n<meta name=\"twitter:card\" content=\"summary_large_image\" \/>\n<meta name=\"twitter:label1\" content=\"Escrito por\" \/>\n\t<meta name=\"twitter:data1\" content=\"Diario del Sur Digital\" \/>\n\t<meta name=\"twitter:label2\" content=\"Tiempo de lectura\" \/>\n\t<meta name=\"twitter:data2\" content=\"2 minutos\" \/>\n<script type=\"application\/ld+json\" class=\"yoast-schema-graph\">{\"@context\":\"https:\\\/\\\/schema.org\",\"@graph\":[{\"@type\":\"Article\",\"@id\":\"https:\\\/\\\/diariodelsurdigital.com.ar\\\/?p=4386#article\",\"isPartOf\":{\"@id\":\"https:\\\/\\\/diariodelsurdigital.com.ar\\\/?p=4386\"},\"author\":{\"name\":\"Diario del Sur Digital\",\"@id\":\"https:\\\/\\\/diariodelsurdigital.com.ar\\\/#\\\/schema\\\/person\\\/1a4992532ed62965c968031b49195c81\"},\"headline\":\"Jubilados: ANSES confirm\u00f3 m\u00ednimo aumento y bono de $70.000 en septiembre\",\"datePublished\":\"2025-08-29T13:11:36+00:00\",\"dateModified\":\"2025-08-29T13:11:37+00:00\",\"mainEntityOfPage\":{\"@id\":\"https:\\\/\\\/diariodelsurdigital.com.ar\\\/?p=4386\"},\"wordCount\":224,\"commentCount\":0,\"image\":{\"@id\":\"https:\\\/\\\/diariodelsurdigital.com.ar\\\/?p=4386#primaryimage\"},\"thumbnailUrl\":\"https:\\\/\\\/diariodelsurdigital.com.ar\\\/wp-content\\\/uploads\\\/2025\\\/08\\\/md-2-4.webp\",\"articleSection\":[\"Nacionales\"],\"inLanguage\":\"es\",\"potentialAction\":[{\"@type\":\"CommentAction\",\"name\":\"Comment\",\"target\":[\"https:\\\/\\\/diariodelsurdigital.com.ar\\\/?p=4386#respond\"]}]},{\"@type\":\"WebPage\",\"@id\":\"https:\\\/\\\/diariodelsurdigital.com.ar\\\/?p=4386\",\"url\":\"https:\\\/\\\/diariodelsurdigital.com.ar\\\/?p=4386\",\"name\":\"Jubilados: ANSES confirm\u00f3 m\u00ednimo aumento y bono de $70.000 en septiembre - Diario del Sur\",\"isPartOf\":{\"@id\":\"https:\\\/\\\/diariodelsurdigital.com.ar\\\/#website\"},\"primaryImageOfPage\":{\"@id\":\"https:\\\/\\\/diariodelsurdigital.com.ar\\\/?p=4386#primaryimage\"},\"image\":{\"@id\":\"https:\\\/\\\/diariodelsurdigital.com.ar\\\/?p=4386#primaryimage\"},\"thumbnailUrl\":\"https:\\\/\\\/diariodelsurdigital.com.ar\\\/wp-content\\\/uploads\\\/2025\\\/08\\\/md-2-4.webp\",\"datePublished\":\"2025-08-29T13:11:36+00:00\",\"dateModified\":\"2025-08-29T13:11:37+00:00\",\"author\":{\"@id\":\"https:\\\/\\\/diariodelsurdigital.com.ar\\\/#\\\/schema\\\/person\\\/1a4992532ed62965c968031b49195c81\"},\"breadcrumb\":{\"@id\":\"https:\\\/\\\/diariodelsurdigital.com.ar\\\/?p=4386#breadcrumb\"},\"inLanguage\":\"es\",\"potentialAction\":[{\"@type\":\"ReadAction\",\"target\":[\"https:\\\/\\\/diariodelsurdigital.com.ar\\\/?p=4386\"]}]},{\"@type\":\"ImageObject\",\"inLanguage\":\"es\",\"@id\":\"https:\\\/\\\/diariodelsurdigital.com.ar\\\/?p=4386#primaryimage\",\"url\":\"https:\\\/\\\/diariodelsurdigital.com.ar\\\/wp-content\\\/uploads\\\/2025\\\/08\\\/md-2-4.webp\",\"contentUrl\":\"https:\\\/\\\/diariodelsurdigital.com.ar\\\/wp-content\\\/uploads\\\/2025\\\/08\\\/md-2-4.webp\",\"width\":992,\"height\":555},{\"@type\":\"BreadcrumbList\",\"@id\":\"https:\\\/\\\/diariodelsurdigital.com.ar\\\/?p=4386#breadcrumb\",\"itemListElement\":[{\"@type\":\"ListItem\",\"position\":1,\"name\":\"Portada\",\"item\":\"https:\\\/\\\/diariodelsurdigital.com.ar\\\/\"},{\"@type\":\"ListItem\",\"position\":2,\"name\":\"Jubilados: ANSES confirm\u00f3 m\u00ednimo aumento y bono de $70.000 en septiembre\"}]},{\"@type\":\"WebSite\",\"@id\":\"https:\\\/\\\/diariodelsurdigital.com.ar\\\/#website\",\"url\":\"https:\\\/\\\/diariodelsurdigital.com.ar\\\/\",\"name\":\"Diario del Sur\",\"description\":\"Digital\",\"potentialAction\":[{\"@type\":\"SearchAction\",\"target\":{\"@type\":\"EntryPoint\",\"urlTemplate\":\"https:\\\/\\\/diariodelsurdigital.com.ar\\\/?s={search_term_string}\"},\"query-input\":{\"@type\":\"PropertyValueSpecification\",\"valueRequired\":true,\"valueName\":\"search_term_string\"}}],\"inLanguage\":\"es\"},{\"@type\":\"Person\",\"@id\":\"https:\\\/\\\/diariodelsurdigital.com.ar\\\/#\\\/schema\\\/person\\\/1a4992532ed62965c968031b49195c81\",\"name\":\"Diario del Sur Digital\",\"image\":{\"@type\":\"ImageObject\",\"inLanguage\":\"es\",\"@id\":\"https:\\\/\\\/secure.gravatar.com\\\/avatar\\\/f0c7c47fc7146d19828273b9b8eda651c9c7ab583767e6338d3d3bee825adf76?s=96&d=mm&r=g\",\"url\":\"https:\\\/\\\/secure.gravatar.com\\\/avatar\\\/f0c7c47fc7146d19828273b9b8eda651c9c7ab583767e6338d3d3bee825adf76?s=96&d=mm&r=g\",\"contentUrl\":\"https:\\\/\\\/secure.gravatar.com\\\/avatar\\\/f0c7c47fc7146d19828273b9b8eda651c9c7ab583767e6338d3d3bee825adf76?s=96&d=mm&r=g\",\"caption\":\"Diario del Sur Digital\"},\"url\":\"https:\\\/\\\/diariodelsurdigital.com.ar\\\/?author=4\"}]}<\/script>\n<!-- \/ Yoast SEO plugin. -->","yoast_head_json":{"title":"Jubilados: ANSES confirm\u00f3 m\u00ednimo aumento y bono de $70.000 en septiembre - Diario del Sur","robots":{"index":"index","follow":"follow","max-snippet":"max-snippet:-1","max-image-preview":"max-image-preview:large","max-video-preview":"max-video-preview:-1"},"canonical":"https:\/\/diariodelsurdigital.com.ar\/?p=4386","og_locale":"es_ES","og_type":"article","og_title":"Jubilados: ANSES confirm\u00f3 m\u00ednimo aumento y bono de $70.000 en septiembre - Diario del Sur","og_description":"La Administraci\u00f3n Nacional de la Seguridad Social oficializ\u00f3 que en septiembre los jubilados y pensionados que perciben la m\u00ednima recibir\u00e1n un bono extraordinario de hasta $70.000, que se sumar\u00e1 al incremento por inflaci\u00f3n y llevar\u00e1 el haber b\u00e1sico a $390.277,17. La medida fue establecida a trav\u00e9s del Decreto 613, publicado este jueves en el Bolet\u00edn [&hellip;]","og_url":"https:\/\/diariodelsurdigital.com.ar\/?p=4386","og_site_name":"Diario del Sur","article_published_time":"2025-08-29T13:11:36+00:00","article_modified_time":"2025-08-29T13:11:37+00:00","og_image":[{"width":992,"height":555,"url":"https:\/\/diariodelsurdigital.com.ar\/wp-content\/uploads\/2025\/08\/md-2-4.webp","type":"image\/webp"}],"author":"Diario del Sur Digital","twitter_card":"summary_large_image","twitter_misc":{"Escrito por":"Diario del Sur Digital","Tiempo de lectura":"2 minutos"},"schema":{"@context":"https:\/\/schema.org","@graph":[{"@type":"Article","@id":"https:\/\/diariodelsurdigital.com.ar\/?p=4386#article","isPartOf":{"@id":"https:\/\/diariodelsurdigital.com.ar\/?p=4386"},"author":{"name":"Diario del Sur Digital","@id":"https:\/\/diariodelsurdigital.com.ar\/#\/schema\/person\/1a4992532ed62965c968031b49195c81"},"headline":"Jubilados: ANSES confirm\u00f3 m\u00ednimo aumento y bono de $70.000 en septiembre","datePublished":"2025-08-29T13:11:36+00:00","dateModified":"2025-08-29T13:11:37+00:00","mainEntityOfPage":{"@id":"https:\/\/diariodelsurdigital.com.ar\/?p=4386"},"wordCount":224,"commentCount":0,"image":{"@id":"https:\/\/diariodelsurdigital.com.ar\/?p=4386#primaryimage"},"thumbnailUrl":"https:\/\/diariodelsurdigital.com.ar\/wp-content\/uploads\/2025\/08\/md-2-4.webp","articleSection":["Nacionales"],"inLanguage":"es","potentialAction":[{"@type":"CommentAction","name":"Comment","target":["https:\/\/diariodelsurdigital.com.ar\/?p=4386#respond"]}]},{"@type":"WebPage","@id":"https:\/\/diariodelsurdigital.com.ar\/?p=4386","url":"https:\/\/diariodelsurdigital.com.ar\/?p=4386","name":"Jubilados: ANSES confirm\u00f3 m\u00ednimo aumento y bono de $70.000 en septiembre - Diario del Sur","isPartOf":{"@id":"https:\/\/diariodelsurdigital.com.ar\/#website"},"primaryImageOfPage":{"@id":"https:\/\/diariodelsurdigital.com.ar\/?p=4386#primaryimage"},"image":{"@id":"https:\/\/diariodelsurdigital.com.ar\/?p=4386#primaryimage"},"thumbnailUrl":"https:\/\/diariodelsurdigital.com.ar\/wp-content\/uploads\/2025\/08\/md-2-4.webp","datePublished":"2025-08-29T13:11:36+00:00","dateModified":"2025-08-29T13:11:37+00:00","author":{"@id":"https:\/\/diariodelsurdigital.com.ar\/#\/schema\/person\/1a4992532ed62965c968031b49195c81"},"breadcrumb":{"@id":"https:\/\/diariodelsurdigital.com.ar\/?p=4386#breadcrumb"},"inLanguage":"es","potentialAction":[{"@type":"ReadAction","target":["https:\/\/diariodelsurdigital.com.ar\/?p=4386"]}]},{"@type":"ImageObject","inLanguage":"es","@id":"https:\/\/diariodelsurdigital.com.ar\/?p=4386#primaryimage","url":"https:\/\/diariodelsurdigital.com.ar\/wp-content\/uploads\/2025\/08\/md-2-4.webp","contentUrl":"https:\/\/diariodelsurdigital.com.ar\/wp-content\/uploads\/2025\/08\/md-2-4.webp","width":992,"height":555},{"@type":"BreadcrumbList","@id":"https:\/\/diariodelsurdigital.com.ar\/?p=4386#breadcrumb","itemListElement":[{"@type":"ListItem","position":1,"name":"Portada","item":"https:\/\/diariodelsurdigital.com.ar\/"},{"@type":"ListItem","position":2,"name":"Jubilados: ANSES confirm\u00f3 m\u00ednimo aumento y bono de $70.000 en septiembre"}]},{"@type":"WebSite","@id":"https:\/\/diariodelsurdigital.com.ar\/#website","url":"https:\/\/diariodelsurdigital.com.ar\/","name":"Diario del Sur","description":"Digital","potentialAction":[{"@type":"SearchAction","target":{"@type":"EntryPoint","urlTemplate":"https:\/\/diariodelsurdigital.com.ar\/?s={search_term_string}"},"query-input":{"@type":"PropertyValueSpecification","valueRequired":true,"valueName":"search_term_string"}}],"inLanguage":"es"},{"@type":"Person","@id":"https:\/\/diariodelsurdigital.com.ar\/#\/schema\/person\/1a4992532ed62965c968031b49195c81","name":"Diario del Sur Digital","image":{"@type":"ImageObject","inLanguage":"es","@id":"https:\/\/secure.gravatar.com\/avatar\/f0c7c47fc7146d19828273b9b8eda651c9c7ab583767e6338d3d3bee825adf76?s=96&d=mm&r=g","url":"https:\/\/secure.gravatar.com\/avatar\/f0c7c47fc7146d19828273b9b8eda651c9c7ab583767e6338d3d3bee825adf76?s=96&d=mm&r=g","contentUrl":"https:\/\/secure.gravatar.com\/avatar\/f0c7c47fc7146d19828273b9b8eda651c9c7ab583767e6338d3d3bee825adf76?s=96&d=mm&r=g","caption":"Diario del Sur Digital"},"url":"https:\/\/diariodelsurdigital.com.ar\/?author=4"}]}},"_links":{"self":[{"href":"https:\/\/diariodelsurdigital.com.ar\/index.php?rest_route=\/wp\/v2\/posts\/4386","targetHints":{"allow":["GET"]}}],"collection":[{"href":"https:\/\/diariodelsurdigital.com.ar\/index.php?rest_route=\/wp\/v2\/posts"}],"about":[{"href":"https:\/\/diariodelsurdigital.com.ar\/index.php?rest_route=\/wp\/v2\/types\/post"}],"author":[{"embeddable":true,"href":"https:\/\/diariodelsurdigital.com.ar\/index.php?rest_route=\/wp\/v2\/users\/4"}],"replies":[{"embeddable":true,"href":"https:\/\/diariodelsurdigital.com.ar\/index.php?rest_route=%2Fwp%2Fv2%2Fcomments&post=4386"}],"version-history":[{"count":1,"href":"https:\/\/diariodelsurdigital.com.ar\/index.php?rest_route=\/wp\/v2\/posts\/4386\/revisions"}],"predecessor-version":[{"id":4388,"href":"https:\/\/diariodelsurdigital.com.ar\/index.php?rest_route=\/wp\/v2\/posts\/4386\/revisions\/4388"}],"wp:featuredmedia":[{"embeddable":true,"href":"https:\/\/diariodelsurdigital.com.ar\/index.php?rest_route=\/wp\/v2\/media\/4387"}],"wp:attachment":[{"href":"https:\/\/diariodelsurdigital.com.ar\/index.php?rest_route=%2Fwp%2Fv2%2Fmedia&parent=4386"}],"wp:term":[{"taxonomy":"category","embeddable":true,"href":"https:\/\/diariodelsurdigital.com.ar\/index.php?rest_route=%2Fwp%2Fv2%2Fcategories&post=4386"},{"taxonomy":"post_tag","embeddable":true,"href":"https:\/\/diariodelsurdigital.com.ar\/index.php?rest_route=%2Fwp%2Fv2%2Ftags&post=4386"}],"curies":[{"name":"wp","href":"https:\/\/api.w.org\/{rel}","templated":true}]}}