{"id":4389,"date":"2025-08-29T10:16:17","date_gmt":"2025-08-29T13:16:17","guid":{"rendered":"https:\/\/diariodelsurdigital.com.ar\/?p=4389"},"modified":"2025-08-29T10:16:18","modified_gmt":"2025-08-29T13:16:18","slug":"industria-farmaceutica-argentina-en-alerta-por-efecto-de-aranceles-especiales-de-trump","status":"publish","type":"post","link":"https:\/\/diariodelsurdigital.com.ar\/?p=4389","title":{"rendered":"Industria farmac\u00e9utica argentina en alerta por efecto de aranceles especiales de Trump"},"content":{"rendered":"\n<p>La C\u00e1mara Industrial de Laboratorios Farmac\u00e9uticos Argentinos (Cilfa) se\u00f1al\u00f3 que industria farmac\u00e9utica contin\u00faa siendo afectada por el impacto global de los elevados niveles arancelarios. Y tambi\u00e9n por las implicancias de la pol\u00edtica de American First del gobierno estadounidense.<\/p>\n\n\n\n<p><\/p>\n\n\n\n<p>La industria farmac\u00e9utica local se encuentra en estado de aleta tras las nuevas amenazas del presidente de EEUU, Donald Trump, de implantar aranceles especiales a los medicamentos. Estos aranceles a los f\u00e1rmacos podr\u00edan alcanzar al 250%. Las consecuencias para industria farmac\u00e9utica argentina no pasar\u00edan por las exportaciones, sino porque se encarecer\u00edan suministros esenciales que provienen del exterior. Y tambi\u00e9n se producir\u00edan demoras en las entregas de los mismos.<\/p>\n\n\n\n<p>\u201cLa industria farmac\u00e9utica contin\u00faa siendo afectada por el impacto global de los elevados niveles arancelarios. Y tambi\u00e9n por las implicancias de la pol\u00edtica de American First del gobierno estadounidense\u201d. As\u00ed lo se\u00f1al\u00f3 la C\u00e1mara Industrial de Laboratorios Farmac\u00e9uticos Argentinos (Cilfa).<\/p>\n\n\n\n<p>\u201cSe espera que en un breve plazo el gobierno estadounidense anuncie aranceles especiales adicionales a los medicamentos de todos los pa\u00edses. Agravando as\u00ed los desequilibrios existentes. La consecuencia que se espera es un previsible encarecimiento de los suministros esenciales y un per\u00edodo de transici\u00f3n hasta la normalizaci\u00f3n de las entregas\u201d.<\/p>\n\n\n\n<p>Sin embargo, Cilfa remarc\u00f3 que \u201cla variaci\u00f3n de los precios de los medicamentos revela que hasta el momento fueron poco afectados por el amplio escenario de incertidumbre descrito. Y contin\u00faan siendo uno de los rubros con menor variaci\u00f3n de precios de la econom\u00eda\u201d.<\/p>\n\n\n\n<p>\u201cLos laboratorios farmac\u00e9uticos argentinos se destacan por ser el \u00fanico sector industrial del pa\u00eds que en 16 de los \u00faltimos 19 meses, desde enero de 2024, sostuvieron sus precios por debajo de la inflaci\u00f3n. Continuando esta tendencia durante los primeros siete meses de 2025. En los \u00faltimos 19 meses los precios de los medicamentos llevan acumulados 43 puntos porcentuales por debajo de la inflaci\u00f3n\u201d.<\/p>\n\n\n\n<p>Guerra de patentes farmac\u00e9uticas<\/p>\n\n\n\n<p>\u201cPuede haber corte de algunos suministros en t\u00e9rminos de la guerra de patentes. Puede llegar a cortarse la llegada de algunos insumos b\u00e1sicos que no se puedan suplantar. Pero ac\u00e1 la discusi\u00f3n de fondo son las patentes. El gobierno estadounidense est\u00e1 pidiendo a la Argentina una mayor protecci\u00f3n para la propiedad intelectual en el sector farmac\u00e9utico\u201d. As\u00ed lo indic\u00f3 a Mundo Gremial, H\u00e9ctor Daer, secretario general de la Federaci\u00f3n de Asociaciones de Trabajadores de la Sanidad de Argentina y de la Confederaci\u00f3n General del Trabajo (CGT).<\/p>\n\n\n\n<p>A comienzos de este a\u00f1o, Estados Unidos endureci\u00f3 su reclamo sobre las patentes farmac\u00e9uticas argentinas. En un informe que hace todos los a\u00f1os, volvi\u00f3 a incluir al pa\u00eds en la lista de socios comerciales que ofrecen mayores barreras para la propiedad intelectual. Y agreg\u00f3 una queja que omiti\u00f3 en 2024: que en la Argentina hay limitaciones para registrar medicamentos.<\/p>\n\n\n\n<p>La Oficina de Comercio de los EEUU remarc\u00f3 que \u201cuna deficiencia clave en el marco legal siguen siendo las limitaciones excesivamente amplias sobre la materia elegible para patentes. Incluyendo directrices de examen de patentes que rechazan autom\u00e1ticamente las solicitudes para categor\u00edas de invenciones farmac\u00e9uticas que son elegibles para patentabilidad en otras jurisdicciones\u201d.<\/p>\n\n\n\n<p>Precios de medicamentos debajo de la inflaci\u00f3n<\/p>\n\n\n\n<p>Cilfa destac\u00f3 que \u201ccon la variaci\u00f3n de precios de los medicamentos de julio, en los primeros siete meses del a\u00f1o hubo se acumul\u00f3 una suba del 11,3%. Esta cifra est\u00e1 muy por debajo del IPC que registra en el mismo per\u00edodo un avance de 17,3%\u201d.<\/p>\n\n\n\n<p>\u201cDurante julio la variaci\u00f3n de precios de los medicamentos fue de apenas 0,5% de acuerdo al Indec. Muy por debajo de la inflaci\u00f3n que en esta oportunidad se ubic\u00f3 en 1,9%. As\u00ed, los medicamentos se ubicaron entre los dos rubros de la econom\u00eda con menor variaci\u00f3n de precios durante julio\u201d.<\/p>\n\n\n\n<p>Tambi\u00e9n indic\u00f3 que \u201cla decisi\u00f3n de las autoridades econ\u00f3micas de modificar la pol\u00edtica cambiaria durante abril, gener\u00f3 un episodio inicial de incertidumbre respecto de la zona en la que el d\u00f3lar lograr\u00eda el equilibrio\u201d.<\/p>\n\n\n\n<p>Sin embargo, destac\u00f3 que \u201cel nuevo esquema comenz\u00f3 con un funcionamiento mejor a lo que se esperaba y con un precio que oscil\u00f3 moderadamente en el centro de la banda\u201d. No obstante, \u201cjulio fue testigo de una importante inestabilidad que dio por resultado una depreciaci\u00f3n del tipo de cambio oficial del 13,2%\u201d.<\/p>\n\n\n\n<p>De todos modos, subray\u00f3 que \u201cesta variaci\u00f3n cambiaria se suma a la ocurrida desde medianos de abril hasta el 30 de junio, cuando la depreciaci\u00f3n del tipo de cambio oficial fue de 10,7%. Sin embargo, los precios de los bienes y servicios de la econom\u00eda, entre ellos los medicamentos, no fueron afectados ya que de hecho continuaron con una trayectoria descendente\u201d, public\u00f3 Mundo Gremial.<\/p>\n","protected":false},"excerpt":{"rendered":"<p>La C\u00e1mara Industrial de Laboratorios Farmac\u00e9uticos Argentinos (Cilfa) se\u00f1al\u00f3 que industria farmac\u00e9utica contin\u00faa siendo afectada por el impacto global de los elevados niveles arancelarios. Y tambi\u00e9n por las implicancias de la pol\u00edtica de American First del gobierno estadounidense. La industria farmac\u00e9utica local se encuentra en estado de aleta tras las nuevas amenazas del presidente de [&hellip;]<\/p>\n","protected":false},"author":4,"featured_media":4390,"comment_status":"open","ping_status":"open","sticky":false,"template":"","format":"standard","meta":{"footnotes":""},"categories":[18],"tags":[],"class_list":{"0":"post-4389","1":"post","2":"type-post","3":"status-publish","4":"format-standard","5":"has-post-thumbnail","7":"category-nacionales"},"yoast_head":"<!-- This site is optimized with the Yoast SEO plugin v27.4 - https:\/\/yoast.com\/product\/yoast-seo-wordpress\/ -->\n<title>Industria farmac\u00e9utica argentina en alerta por efecto de aranceles especiales de Trump - Diario del Sur<\/title>\n<meta name=\"robots\" content=\"index, follow, max-snippet:-1, max-image-preview:large, max-video-preview:-1\" \/>\n<link rel=\"canonical\" href=\"https:\/\/diariodelsurdigital.com.ar\/?p=4389\" \/>\n<meta property=\"og:locale\" content=\"es_ES\" \/>\n<meta property=\"og:type\" content=\"article\" \/>\n<meta property=\"og:title\" content=\"Industria farmac\u00e9utica argentina en alerta por efecto de aranceles especiales de Trump - Diario del Sur\" \/>\n<meta property=\"og:description\" content=\"La C\u00e1mara Industrial de Laboratorios Farmac\u00e9uticos Argentinos (Cilfa) se\u00f1al\u00f3 que industria farmac\u00e9utica contin\u00faa siendo afectada por el impacto global de los elevados niveles arancelarios. Y tambi\u00e9n por las implicancias de la pol\u00edtica de American First del gobierno estadounidense. La industria farmac\u00e9utica local se encuentra en estado de aleta tras las nuevas amenazas del presidente de [&hellip;]\" \/>\n<meta property=\"og:url\" content=\"https:\/\/diariodelsurdigital.com.ar\/?p=4389\" \/>\n<meta property=\"og:site_name\" content=\"Diario del Sur\" \/>\n<meta property=\"article:published_time\" content=\"2025-08-29T13:16:17+00:00\" \/>\n<meta property=\"article:modified_time\" content=\"2025-08-29T13:16:18+00:00\" \/>\n<meta property=\"og:image\" content=\"https:\/\/diariodelsurdigital.com.ar\/wp-content\/uploads\/2025\/08\/md-3-4.webp\" \/>\n\t<meta property=\"og:image:width\" content=\"992\" \/>\n\t<meta property=\"og:image:height\" content=\"573\" \/>\n\t<meta property=\"og:image:type\" content=\"image\/webp\" \/>\n<meta name=\"author\" content=\"Diario del Sur Digital\" \/>\n<meta name=\"twitter:card\" content=\"summary_large_image\" \/>\n<meta name=\"twitter:label1\" content=\"Escrito por\" \/>\n\t<meta name=\"twitter:data1\" content=\"Diario del Sur Digital\" \/>\n\t<meta name=\"twitter:label2\" content=\"Tiempo de lectura\" \/>\n\t<meta name=\"twitter:data2\" content=\"4 minutos\" \/>\n<script type=\"application\/ld+json\" class=\"yoast-schema-graph\">{\"@context\":\"https:\\\/\\\/schema.org\",\"@graph\":[{\"@type\":\"Article\",\"@id\":\"https:\\\/\\\/diariodelsurdigital.com.ar\\\/?p=4389#article\",\"isPartOf\":{\"@id\":\"https:\\\/\\\/diariodelsurdigital.com.ar\\\/?p=4389\"},\"author\":{\"name\":\"Diario del Sur Digital\",\"@id\":\"https:\\\/\\\/diariodelsurdigital.com.ar\\\/#\\\/schema\\\/person\\\/1a4992532ed62965c968031b49195c81\"},\"headline\":\"Industria farmac\u00e9utica argentina en alerta por efecto de aranceles especiales de Trump\",\"datePublished\":\"2025-08-29T13:16:17+00:00\",\"dateModified\":\"2025-08-29T13:16:18+00:00\",\"mainEntityOfPage\":{\"@id\":\"https:\\\/\\\/diariodelsurdigital.com.ar\\\/?p=4389\"},\"wordCount\":822,\"commentCount\":0,\"image\":{\"@id\":\"https:\\\/\\\/diariodelsurdigital.com.ar\\\/?p=4389#primaryimage\"},\"thumbnailUrl\":\"https:\\\/\\\/diariodelsurdigital.com.ar\\\/wp-content\\\/uploads\\\/2025\\\/08\\\/md-3-4.webp\",\"articleSection\":[\"Nacionales\"],\"inLanguage\":\"es\",\"potentialAction\":[{\"@type\":\"CommentAction\",\"name\":\"Comment\",\"target\":[\"https:\\\/\\\/diariodelsurdigital.com.ar\\\/?p=4389#respond\"]}]},{\"@type\":\"WebPage\",\"@id\":\"https:\\\/\\\/diariodelsurdigital.com.ar\\\/?p=4389\",\"url\":\"https:\\\/\\\/diariodelsurdigital.com.ar\\\/?p=4389\",\"name\":\"Industria farmac\u00e9utica argentina en alerta por efecto de aranceles especiales de Trump - Diario del Sur\",\"isPartOf\":{\"@id\":\"https:\\\/\\\/diariodelsurdigital.com.ar\\\/#website\"},\"primaryImageOfPage\":{\"@id\":\"https:\\\/\\\/diariodelsurdigital.com.ar\\\/?p=4389#primaryimage\"},\"image\":{\"@id\":\"https:\\\/\\\/diariodelsurdigital.com.ar\\\/?p=4389#primaryimage\"},\"thumbnailUrl\":\"https:\\\/\\\/diariodelsurdigital.com.ar\\\/wp-content\\\/uploads\\\/2025\\\/08\\\/md-3-4.webp\",\"datePublished\":\"2025-08-29T13:16:17+00:00\",\"dateModified\":\"2025-08-29T13:16:18+00:00\",\"author\":{\"@id\":\"https:\\\/\\\/diariodelsurdigital.com.ar\\\/#\\\/schema\\\/person\\\/1a4992532ed62965c968031b49195c81\"},\"breadcrumb\":{\"@id\":\"https:\\\/\\\/diariodelsurdigital.com.ar\\\/?p=4389#breadcrumb\"},\"inLanguage\":\"es\",\"potentialAction\":[{\"@type\":\"ReadAction\",\"target\":[\"https:\\\/\\\/diariodelsurdigital.com.ar\\\/?p=4389\"]}]},{\"@type\":\"ImageObject\",\"inLanguage\":\"es\",\"@id\":\"https:\\\/\\\/diariodelsurdigital.com.ar\\\/?p=4389#primaryimage\",\"url\":\"https:\\\/\\\/diariodelsurdigital.com.ar\\\/wp-content\\\/uploads\\\/2025\\\/08\\\/md-3-4.webp\",\"contentUrl\":\"https:\\\/\\\/diariodelsurdigital.com.ar\\\/wp-content\\\/uploads\\\/2025\\\/08\\\/md-3-4.webp\",\"width\":992,\"height\":573},{\"@type\":\"BreadcrumbList\",\"@id\":\"https:\\\/\\\/diariodelsurdigital.com.ar\\\/?p=4389#breadcrumb\",\"itemListElement\":[{\"@type\":\"ListItem\",\"position\":1,\"name\":\"Portada\",\"item\":\"https:\\\/\\\/diariodelsurdigital.com.ar\\\/\"},{\"@type\":\"ListItem\",\"position\":2,\"name\":\"Industria farmac\u00e9utica argentina en alerta por efecto de aranceles especiales de Trump\"}]},{\"@type\":\"WebSite\",\"@id\":\"https:\\\/\\\/diariodelsurdigital.com.ar\\\/#website\",\"url\":\"https:\\\/\\\/diariodelsurdigital.com.ar\\\/\",\"name\":\"Diario del Sur\",\"description\":\"Digital\",\"potentialAction\":[{\"@type\":\"SearchAction\",\"target\":{\"@type\":\"EntryPoint\",\"urlTemplate\":\"https:\\\/\\\/diariodelsurdigital.com.ar\\\/?s={search_term_string}\"},\"query-input\":{\"@type\":\"PropertyValueSpecification\",\"valueRequired\":true,\"valueName\":\"search_term_string\"}}],\"inLanguage\":\"es\"},{\"@type\":\"Person\",\"@id\":\"https:\\\/\\\/diariodelsurdigital.com.ar\\\/#\\\/schema\\\/person\\\/1a4992532ed62965c968031b49195c81\",\"name\":\"Diario del Sur Digital\",\"image\":{\"@type\":\"ImageObject\",\"inLanguage\":\"es\",\"@id\":\"https:\\\/\\\/secure.gravatar.com\\\/avatar\\\/f0c7c47fc7146d19828273b9b8eda651c9c7ab583767e6338d3d3bee825adf76?s=96&d=mm&r=g\",\"url\":\"https:\\\/\\\/secure.gravatar.com\\\/avatar\\\/f0c7c47fc7146d19828273b9b8eda651c9c7ab583767e6338d3d3bee825adf76?s=96&d=mm&r=g\",\"contentUrl\":\"https:\\\/\\\/secure.gravatar.com\\\/avatar\\\/f0c7c47fc7146d19828273b9b8eda651c9c7ab583767e6338d3d3bee825adf76?s=96&d=mm&r=g\",\"caption\":\"Diario del Sur Digital\"},\"url\":\"https:\\\/\\\/diariodelsurdigital.com.ar\\\/?author=4\"}]}<\/script>\n<!-- \/ Yoast SEO plugin. -->","yoast_head_json":{"title":"Industria farmac\u00e9utica argentina en alerta por efecto de aranceles especiales de Trump - Diario del Sur","robots":{"index":"index","follow":"follow","max-snippet":"max-snippet:-1","max-image-preview":"max-image-preview:large","max-video-preview":"max-video-preview:-1"},"canonical":"https:\/\/diariodelsurdigital.com.ar\/?p=4389","og_locale":"es_ES","og_type":"article","og_title":"Industria farmac\u00e9utica argentina en alerta por efecto de aranceles especiales de Trump - Diario del Sur","og_description":"La C\u00e1mara Industrial de Laboratorios Farmac\u00e9uticos Argentinos (Cilfa) se\u00f1al\u00f3 que industria farmac\u00e9utica contin\u00faa siendo afectada por el impacto global de los elevados niveles arancelarios. Y tambi\u00e9n por las implicancias de la pol\u00edtica de American First del gobierno estadounidense. La industria farmac\u00e9utica local se encuentra en estado de aleta tras las nuevas amenazas del presidente de [&hellip;]","og_url":"https:\/\/diariodelsurdigital.com.ar\/?p=4389","og_site_name":"Diario del Sur","article_published_time":"2025-08-29T13:16:17+00:00","article_modified_time":"2025-08-29T13:16:18+00:00","og_image":[{"width":992,"height":573,"url":"https:\/\/diariodelsurdigital.com.ar\/wp-content\/uploads\/2025\/08\/md-3-4.webp","type":"image\/webp"}],"author":"Diario del Sur Digital","twitter_card":"summary_large_image","twitter_misc":{"Escrito por":"Diario del Sur Digital","Tiempo de lectura":"4 minutos"},"schema":{"@context":"https:\/\/schema.org","@graph":[{"@type":"Article","@id":"https:\/\/diariodelsurdigital.com.ar\/?p=4389#article","isPartOf":{"@id":"https:\/\/diariodelsurdigital.com.ar\/?p=4389"},"author":{"name":"Diario del Sur Digital","@id":"https:\/\/diariodelsurdigital.com.ar\/#\/schema\/person\/1a4992532ed62965c968031b49195c81"},"headline":"Industria farmac\u00e9utica argentina en alerta por efecto de aranceles especiales de Trump","datePublished":"2025-08-29T13:16:17+00:00","dateModified":"2025-08-29T13:16:18+00:00","mainEntityOfPage":{"@id":"https:\/\/diariodelsurdigital.com.ar\/?p=4389"},"wordCount":822,"commentCount":0,"image":{"@id":"https:\/\/diariodelsurdigital.com.ar\/?p=4389#primaryimage"},"thumbnailUrl":"https:\/\/diariodelsurdigital.com.ar\/wp-content\/uploads\/2025\/08\/md-3-4.webp","articleSection":["Nacionales"],"inLanguage":"es","potentialAction":[{"@type":"CommentAction","name":"Comment","target":["https:\/\/diariodelsurdigital.com.ar\/?p=4389#respond"]}]},{"@type":"WebPage","@id":"https:\/\/diariodelsurdigital.com.ar\/?p=4389","url":"https:\/\/diariodelsurdigital.com.ar\/?p=4389","name":"Industria farmac\u00e9utica argentina en alerta por efecto de aranceles especiales de Trump - Diario del Sur","isPartOf":{"@id":"https:\/\/diariodelsurdigital.com.ar\/#website"},"primaryImageOfPage":{"@id":"https:\/\/diariodelsurdigital.com.ar\/?p=4389#primaryimage"},"image":{"@id":"https:\/\/diariodelsurdigital.com.ar\/?p=4389#primaryimage"},"thumbnailUrl":"https:\/\/diariodelsurdigital.com.ar\/wp-content\/uploads\/2025\/08\/md-3-4.webp","datePublished":"2025-08-29T13:16:17+00:00","dateModified":"2025-08-29T13:16:18+00:00","author":{"@id":"https:\/\/diariodelsurdigital.com.ar\/#\/schema\/person\/1a4992532ed62965c968031b49195c81"},"breadcrumb":{"@id":"https:\/\/diariodelsurdigital.com.ar\/?p=4389#breadcrumb"},"inLanguage":"es","potentialAction":[{"@type":"ReadAction","target":["https:\/\/diariodelsurdigital.com.ar\/?p=4389"]}]},{"@type":"ImageObject","inLanguage":"es","@id":"https:\/\/diariodelsurdigital.com.ar\/?p=4389#primaryimage","url":"https:\/\/diariodelsurdigital.com.ar\/wp-content\/uploads\/2025\/08\/md-3-4.webp","contentUrl":"https:\/\/diariodelsurdigital.com.ar\/wp-content\/uploads\/2025\/08\/md-3-4.webp","width":992,"height":573},{"@type":"BreadcrumbList","@id":"https:\/\/diariodelsurdigital.com.ar\/?p=4389#breadcrumb","itemListElement":[{"@type":"ListItem","position":1,"name":"Portada","item":"https:\/\/diariodelsurdigital.com.ar\/"},{"@type":"ListItem","position":2,"name":"Industria farmac\u00e9utica argentina en alerta por efecto de aranceles especiales de Trump"}]},{"@type":"WebSite","@id":"https:\/\/diariodelsurdigital.com.ar\/#website","url":"https:\/\/diariodelsurdigital.com.ar\/","name":"Diario del Sur","description":"Digital","potentialAction":[{"@type":"SearchAction","target":{"@type":"EntryPoint","urlTemplate":"https:\/\/diariodelsurdigital.com.ar\/?s={search_term_string}"},"query-input":{"@type":"PropertyValueSpecification","valueRequired":true,"valueName":"search_term_string"}}],"inLanguage":"es"},{"@type":"Person","@id":"https:\/\/diariodelsurdigital.com.ar\/#\/schema\/person\/1a4992532ed62965c968031b49195c81","name":"Diario del Sur Digital","image":{"@type":"ImageObject","inLanguage":"es","@id":"https:\/\/secure.gravatar.com\/avatar\/f0c7c47fc7146d19828273b9b8eda651c9c7ab583767e6338d3d3bee825adf76?s=96&d=mm&r=g","url":"https:\/\/secure.gravatar.com\/avatar\/f0c7c47fc7146d19828273b9b8eda651c9c7ab583767e6338d3d3bee825adf76?s=96&d=mm&r=g","contentUrl":"https:\/\/secure.gravatar.com\/avatar\/f0c7c47fc7146d19828273b9b8eda651c9c7ab583767e6338d3d3bee825adf76?s=96&d=mm&r=g","caption":"Diario del Sur Digital"},"url":"https:\/\/diariodelsurdigital.com.ar\/?author=4"}]}},"_links":{"self":[{"href":"https:\/\/diariodelsurdigital.com.ar\/index.php?rest_route=\/wp\/v2\/posts\/4389","targetHints":{"allow":["GET"]}}],"collection":[{"href":"https:\/\/diariodelsurdigital.com.ar\/index.php?rest_route=\/wp\/v2\/posts"}],"about":[{"href":"https:\/\/diariodelsurdigital.com.ar\/index.php?rest_route=\/wp\/v2\/types\/post"}],"author":[{"embeddable":true,"href":"https:\/\/diariodelsurdigital.com.ar\/index.php?rest_route=\/wp\/v2\/users\/4"}],"replies":[{"embeddable":true,"href":"https:\/\/diariodelsurdigital.com.ar\/index.php?rest_route=%2Fwp%2Fv2%2Fcomments&post=4389"}],"version-history":[{"count":1,"href":"https:\/\/diariodelsurdigital.com.ar\/index.php?rest_route=\/wp\/v2\/posts\/4389\/revisions"}],"predecessor-version":[{"id":4391,"href":"https:\/\/diariodelsurdigital.com.ar\/index.php?rest_route=\/wp\/v2\/posts\/4389\/revisions\/4391"}],"wp:featuredmedia":[{"embeddable":true,"href":"https:\/\/diariodelsurdigital.com.ar\/index.php?rest_route=\/wp\/v2\/media\/4390"}],"wp:attachment":[{"href":"https:\/\/diariodelsurdigital.com.ar\/index.php?rest_route=%2Fwp%2Fv2%2Fmedia&parent=4389"}],"wp:term":[{"taxonomy":"category","embeddable":true,"href":"https:\/\/diariodelsurdigital.com.ar\/index.php?rest_route=%2Fwp%2Fv2%2Fcategories&post=4389"},{"taxonomy":"post_tag","embeddable":true,"href":"https:\/\/diariodelsurdigital.com.ar\/index.php?rest_route=%2Fwp%2Fv2%2Ftags&post=4389"}],"curies":[{"name":"wp","href":"https:\/\/api.w.org\/{rel}","templated":true}]}}