{"id":4392,"date":"2025-08-29T15:19:58","date_gmt":"2025-08-29T18:19:58","guid":{"rendered":"https:\/\/diariodelsurdigital.com.ar\/?p=4392"},"modified":"2025-08-29T15:22:50","modified_gmt":"2025-08-29T18:22:50","slug":"maya-recargado-en-su-visita-a-concordia-dijo-que-bahl-busca-fueros-y-es-parte-de-una-lista-trucha","status":"publish","type":"post","link":"https:\/\/diariodelsurdigital.com.ar\/?p=4392","title":{"rendered":"Maya recargado: En su visita a Concordia dijo que \u201cBahl busca fueros y es parte de una lista trucha\u201d"},"content":{"rendered":"\n<p><\/p>\n\n\n\n<p>El veterano dirigente del peronismo no para de recorrer la provincia. En su gira por la costa del r\u00edo Uruguay el candidato a senador nacional que compite por fuera de las estructuras del PJ, realiz\u00f3 declaraciones a Radio FM Lourdes de Concordia, en el programa \u201cMa\u00f1anas del Sur\u201d, que conduce Pablo Ben\u00edtez. En la nota Maya habl\u00f3 sobre la historia de Salto Grande y la deuda con la regi\u00f3n. Tir\u00f3 algunas ideas y proyectos. Dijo que el candidato de la Libertad Avanza, Benegas Linch no conoce ni sabe d\u00f3nde se encuentra la represa de Salto Grande. Sobre el candidato a senador por el pejotismo se\u00f1al\u00f3, \u201cBahl busca fueros y es parte de una lista trucha\u201d.<\/p>\n\n\n\n<p>\u201cEl primer impacto es cuando aparece un padre y dice que ha perdido su trabajo\u201d, comenz\u00f3 diciendo Maya. \u201cTenemos que trabajar en proyectos estrat\u00e9gicos para crear fuentes de trabajo. Es lo m\u00e1s urgente en estos momentos que estamos viviendo. Los proyectos tienen que ser colectivos. Hay que ponerse de acuerdo y ponerse a trabajar\u201d, esboz\u00f3 el candidato de la lista N\u00b050-<\/p>\n\n\n\n<p>Durante uno de los pasajes de la extensa nota, Maya no tuvo miramientos al dirigirse al sector que impidi\u00f3 que se realicen las elecciones internas en el Partido Justicialista, \u201cBahl busca fueros y es parte de una lista trucha\u201d, asever\u00f3. \u201cEllos buscan otra cosa, vienen de hacer una patra\u00f1a como el de hacer renunciar a un legislador para que entre la mujer de Bahl como senadora. Toda una serie de irregularidades y descalificaciones que gener\u00f3 un estampido en el peronismo y por ende una bronca con rebeld\u00eda\u201d, asest\u00f3.<\/p>\n\n\n\n<p>Sobre su lista, Maya indic\u00f3 que \u201clo nuestro es una nueva expresi\u00f3n en donde hay socialistas, radicales cansados de la defecci\u00f3n de su dirigencia, peronistas de coraz\u00f3n, que, ante la indignaci\u00f3n colectiva, tratamos de recuperar la esperanza y que queremos que no se queden en sus casas, por el contrario, que vayan a votar. Que no permitan que otros resuelvan por ellos. &nbsp;La gente est\u00e1 cansada de perfiles como el de Bahl que buscan fueros y que son socios de una justicia sucia\u201d, arremeti\u00f3 el dirigente peronista.<\/p>\n\n\n\n<p>En otro orden, Maya apunt\u00f3 contra el oficialismo. Dijo que hay un repudio generalizado contra dirigentes con cargos de rango institucional como Azcu\u00e9 en Concordia, Frigerio en Entre R\u00edos y sobre todo Milei en naci\u00f3n. Y que en la misma vereda se encuentran dirigentes de la lista trucha como Bahl y Mitchel, apoyados por la intendente de Paran\u00e1 Rosario Romero, que me hace sospechar de sobremanera, si no hay o hubo en arreglo con el mileifrigerismo al no dejar que los peronistas en una elecci\u00f3n democr\u00e1tica eligi\u00e9ramos a nuestros aut\u00e9nticos representantes. Romero, Bahl y compa\u00f1\u00eda pensaron que al no dejarnos participar nos \u00edbamos a nuestras casas sin chistar. Pero lo que lograron, es despertar al peronista rebelde que todos tenemos adentro, us\u00e1ramos el bast\u00f3n de mariscal y decidi\u00e9ramos muchos competir por fuera del Partido Justicialista. De hecho somos varias las listas peronistas que competiremos en octubre\u201d, aclar\u00f3 Maya.<\/p>\n","protected":false},"excerpt":{"rendered":"<p>El veterano dirigente del peronismo no para de recorrer la provincia. En su gira por la costa del r\u00edo Uruguay el candidato a senador nacional que compite por fuera de las estructuras del PJ, realiz\u00f3 declaraciones a Radio FM Lourdes de Concordia, en el programa \u201cMa\u00f1anas del Sur\u201d, que conduce Pablo Ben\u00edtez. En la nota [&hellip;]<\/p>\n","protected":false},"author":2,"featured_media":4393,"comment_status":"open","ping_status":"open","sticky":false,"template":"","format":"standard","meta":{"footnotes":""},"categories":[22],"tags":[],"class_list":{"0":"post-4392","1":"post","2":"type-post","3":"status-publish","4":"format-standard","5":"has-post-thumbnail","7":"category-politica"},"yoast_head":"<!-- This site is optimized with the Yoast SEO plugin v27.4 - https:\/\/yoast.com\/product\/yoast-seo-wordpress\/ -->\n<title>Maya recargado: En su visita a Concordia dijo que \u201cBahl busca fueros y es parte de una lista trucha\u201d - Diario del Sur<\/title>\n<meta name=\"robots\" content=\"index, follow, max-snippet:-1, max-image-preview:large, max-video-preview:-1\" \/>\n<link rel=\"canonical\" href=\"https:\/\/diariodelsurdigital.com.ar\/?p=4392\" \/>\n<meta property=\"og:locale\" content=\"es_ES\" \/>\n<meta property=\"og:type\" content=\"article\" \/>\n<meta property=\"og:title\" content=\"Maya recargado: En su visita a Concordia dijo que \u201cBahl busca fueros y es parte de una lista trucha\u201d - Diario del Sur\" \/>\n<meta property=\"og:description\" content=\"El veterano dirigente del peronismo no para de recorrer la provincia. En su gira por la costa del r\u00edo Uruguay el candidato a senador nacional que compite por fuera de las estructuras del PJ, realiz\u00f3 declaraciones a Radio FM Lourdes de Concordia, en el programa \u201cMa\u00f1anas del Sur\u201d, que conduce Pablo Ben\u00edtez. En la nota [&hellip;]\" \/>\n<meta property=\"og:url\" content=\"https:\/\/diariodelsurdigital.com.ar\/?p=4392\" \/>\n<meta property=\"og:site_name\" content=\"Diario del Sur\" \/>\n<meta property=\"article:published_time\" content=\"2025-08-29T18:19:58+00:00\" \/>\n<meta property=\"article:modified_time\" content=\"2025-08-29T18:22:50+00:00\" \/>\n<meta property=\"og:image\" content=\"https:\/\/diariodelsurdigital.com.ar\/wp-content\/uploads\/2025\/08\/hector_maya.png\" \/>\n\t<meta property=\"og:image:width\" content=\"513\" \/>\n\t<meta property=\"og:image:height\" content=\"305\" \/>\n\t<meta property=\"og:image:type\" content=\"image\/png\" \/>\n<meta name=\"author\" content=\"Diario del Sur Digital\" \/>\n<meta name=\"twitter:card\" content=\"summary_large_image\" \/>\n<meta name=\"twitter:label1\" content=\"Escrito por\" \/>\n\t<meta name=\"twitter:data1\" content=\"Diario del Sur Digital\" \/>\n\t<meta name=\"twitter:label2\" content=\"Tiempo de lectura\" \/>\n\t<meta name=\"twitter:data2\" content=\"3 minutos\" \/>\n<script type=\"application\/ld+json\" class=\"yoast-schema-graph\">{\"@context\":\"https:\\\/\\\/schema.org\",\"@graph\":[{\"@type\":\"Article\",\"@id\":\"https:\\\/\\\/diariodelsurdigital.com.ar\\\/?p=4392#article\",\"isPartOf\":{\"@id\":\"https:\\\/\\\/diariodelsurdigital.com.ar\\\/?p=4392\"},\"author\":{\"name\":\"Diario del Sur Digital\",\"@id\":\"https:\\\/\\\/diariodelsurdigital.com.ar\\\/#\\\/schema\\\/person\\\/6136a32571657f7dba980b88b04c5465\"},\"headline\":\"Maya recargado: En su visita a Concordia dijo que \u201cBahl busca fueros y es parte de una lista trucha\u201d\",\"datePublished\":\"2025-08-29T18:19:58+00:00\",\"dateModified\":\"2025-08-29T18:22:50+00:00\",\"mainEntityOfPage\":{\"@id\":\"https:\\\/\\\/diariodelsurdigital.com.ar\\\/?p=4392\"},\"wordCount\":544,\"commentCount\":0,\"image\":{\"@id\":\"https:\\\/\\\/diariodelsurdigital.com.ar\\\/?p=4392#primaryimage\"},\"thumbnailUrl\":\"https:\\\/\\\/diariodelsurdigital.com.ar\\\/wp-content\\\/uploads\\\/2025\\\/08\\\/hector_maya.png\",\"articleSection\":[\"Pol\u00edtica\"],\"inLanguage\":\"es\",\"potentialAction\":[{\"@type\":\"CommentAction\",\"name\":\"Comment\",\"target\":[\"https:\\\/\\\/diariodelsurdigital.com.ar\\\/?p=4392#respond\"]}]},{\"@type\":\"WebPage\",\"@id\":\"https:\\\/\\\/diariodelsurdigital.com.ar\\\/?p=4392\",\"url\":\"https:\\\/\\\/diariodelsurdigital.com.ar\\\/?p=4392\",\"name\":\"Maya recargado: En su visita a Concordia dijo que \u201cBahl busca fueros y es parte de una lista trucha\u201d - Diario del Sur\",\"isPartOf\":{\"@id\":\"https:\\\/\\\/diariodelsurdigital.com.ar\\\/#website\"},\"primaryImageOfPage\":{\"@id\":\"https:\\\/\\\/diariodelsurdigital.com.ar\\\/?p=4392#primaryimage\"},\"image\":{\"@id\":\"https:\\\/\\\/diariodelsurdigital.com.ar\\\/?p=4392#primaryimage\"},\"thumbnailUrl\":\"https:\\\/\\\/diariodelsurdigital.com.ar\\\/wp-content\\\/uploads\\\/2025\\\/08\\\/hector_maya.png\",\"datePublished\":\"2025-08-29T18:19:58+00:00\",\"dateModified\":\"2025-08-29T18:22:50+00:00\",\"author\":{\"@id\":\"https:\\\/\\\/diariodelsurdigital.com.ar\\\/#\\\/schema\\\/person\\\/6136a32571657f7dba980b88b04c5465\"},\"breadcrumb\":{\"@id\":\"https:\\\/\\\/diariodelsurdigital.com.ar\\\/?p=4392#breadcrumb\"},\"inLanguage\":\"es\",\"potentialAction\":[{\"@type\":\"ReadAction\",\"target\":[\"https:\\\/\\\/diariodelsurdigital.com.ar\\\/?p=4392\"]}]},{\"@type\":\"ImageObject\",\"inLanguage\":\"es\",\"@id\":\"https:\\\/\\\/diariodelsurdigital.com.ar\\\/?p=4392#primaryimage\",\"url\":\"https:\\\/\\\/diariodelsurdigital.com.ar\\\/wp-content\\\/uploads\\\/2025\\\/08\\\/hector_maya.png\",\"contentUrl\":\"https:\\\/\\\/diariodelsurdigital.com.ar\\\/wp-content\\\/uploads\\\/2025\\\/08\\\/hector_maya.png\",\"width\":513,\"height\":305},{\"@type\":\"BreadcrumbList\",\"@id\":\"https:\\\/\\\/diariodelsurdigital.com.ar\\\/?p=4392#breadcrumb\",\"itemListElement\":[{\"@type\":\"ListItem\",\"position\":1,\"name\":\"Portada\",\"item\":\"https:\\\/\\\/diariodelsurdigital.com.ar\\\/\"},{\"@type\":\"ListItem\",\"position\":2,\"name\":\"Maya recargado: En su visita a Concordia dijo que \u201cBahl busca fueros y es parte de una lista trucha\u201d\"}]},{\"@type\":\"WebSite\",\"@id\":\"https:\\\/\\\/diariodelsurdigital.com.ar\\\/#website\",\"url\":\"https:\\\/\\\/diariodelsurdigital.com.ar\\\/\",\"name\":\"Diario del Sur\",\"description\":\"Digital\",\"potentialAction\":[{\"@type\":\"SearchAction\",\"target\":{\"@type\":\"EntryPoint\",\"urlTemplate\":\"https:\\\/\\\/diariodelsurdigital.com.ar\\\/?s={search_term_string}\"},\"query-input\":{\"@type\":\"PropertyValueSpecification\",\"valueRequired\":true,\"valueName\":\"search_term_string\"}}],\"inLanguage\":\"es\"},{\"@type\":\"Person\",\"@id\":\"https:\\\/\\\/diariodelsurdigital.com.ar\\\/#\\\/schema\\\/person\\\/6136a32571657f7dba980b88b04c5465\",\"name\":\"Diario del Sur Digital\",\"image\":{\"@type\":\"ImageObject\",\"inLanguage\":\"es\",\"@id\":\"https:\\\/\\\/secure.gravatar.com\\\/avatar\\\/4c29ceac98541dd42460b2474aaa5dd37594d6ce6cb3cf2c101d09b48ee287ba?s=96&d=mm&r=g\",\"url\":\"https:\\\/\\\/secure.gravatar.com\\\/avatar\\\/4c29ceac98541dd42460b2474aaa5dd37594d6ce6cb3cf2c101d09b48ee287ba?s=96&d=mm&r=g\",\"contentUrl\":\"https:\\\/\\\/secure.gravatar.com\\\/avatar\\\/4c29ceac98541dd42460b2474aaa5dd37594d6ce6cb3cf2c101d09b48ee287ba?s=96&d=mm&r=g\",\"caption\":\"Diario del Sur Digital\"},\"url\":\"https:\\\/\\\/diariodelsurdigital.com.ar\\\/?author=2\"}]}<\/script>\n<!-- \/ Yoast SEO plugin. -->","yoast_head_json":{"title":"Maya recargado: En su visita a Concordia dijo que \u201cBahl busca fueros y es parte de una lista trucha\u201d - Diario del Sur","robots":{"index":"index","follow":"follow","max-snippet":"max-snippet:-1","max-image-preview":"max-image-preview:large","max-video-preview":"max-video-preview:-1"},"canonical":"https:\/\/diariodelsurdigital.com.ar\/?p=4392","og_locale":"es_ES","og_type":"article","og_title":"Maya recargado: En su visita a Concordia dijo que \u201cBahl busca fueros y es parte de una lista trucha\u201d - Diario del Sur","og_description":"El veterano dirigente del peronismo no para de recorrer la provincia. En su gira por la costa del r\u00edo Uruguay el candidato a senador nacional que compite por fuera de las estructuras del PJ, realiz\u00f3 declaraciones a Radio FM Lourdes de Concordia, en el programa \u201cMa\u00f1anas del Sur\u201d, que conduce Pablo Ben\u00edtez. En la nota [&hellip;]","og_url":"https:\/\/diariodelsurdigital.com.ar\/?p=4392","og_site_name":"Diario del Sur","article_published_time":"2025-08-29T18:19:58+00:00","article_modified_time":"2025-08-29T18:22:50+00:00","og_image":[{"width":513,"height":305,"url":"https:\/\/diariodelsurdigital.com.ar\/wp-content\/uploads\/2025\/08\/hector_maya.png","type":"image\/png"}],"author":"Diario del Sur Digital","twitter_card":"summary_large_image","twitter_misc":{"Escrito por":"Diario del Sur Digital","Tiempo de lectura":"3 minutos"},"schema":{"@context":"https:\/\/schema.org","@graph":[{"@type":"Article","@id":"https:\/\/diariodelsurdigital.com.ar\/?p=4392#article","isPartOf":{"@id":"https:\/\/diariodelsurdigital.com.ar\/?p=4392"},"author":{"name":"Diario del Sur Digital","@id":"https:\/\/diariodelsurdigital.com.ar\/#\/schema\/person\/6136a32571657f7dba980b88b04c5465"},"headline":"Maya recargado: En su visita a Concordia dijo que \u201cBahl busca fueros y es parte de una lista trucha\u201d","datePublished":"2025-08-29T18:19:58+00:00","dateModified":"2025-08-29T18:22:50+00:00","mainEntityOfPage":{"@id":"https:\/\/diariodelsurdigital.com.ar\/?p=4392"},"wordCount":544,"commentCount":0,"image":{"@id":"https:\/\/diariodelsurdigital.com.ar\/?p=4392#primaryimage"},"thumbnailUrl":"https:\/\/diariodelsurdigital.com.ar\/wp-content\/uploads\/2025\/08\/hector_maya.png","articleSection":["Pol\u00edtica"],"inLanguage":"es","potentialAction":[{"@type":"CommentAction","name":"Comment","target":["https:\/\/diariodelsurdigital.com.ar\/?p=4392#respond"]}]},{"@type":"WebPage","@id":"https:\/\/diariodelsurdigital.com.ar\/?p=4392","url":"https:\/\/diariodelsurdigital.com.ar\/?p=4392","name":"Maya recargado: En su visita a Concordia dijo que \u201cBahl busca fueros y es parte de una lista trucha\u201d - Diario del Sur","isPartOf":{"@id":"https:\/\/diariodelsurdigital.com.ar\/#website"},"primaryImageOfPage":{"@id":"https:\/\/diariodelsurdigital.com.ar\/?p=4392#primaryimage"},"image":{"@id":"https:\/\/diariodelsurdigital.com.ar\/?p=4392#primaryimage"},"thumbnailUrl":"https:\/\/diariodelsurdigital.com.ar\/wp-content\/uploads\/2025\/08\/hector_maya.png","datePublished":"2025-08-29T18:19:58+00:00","dateModified":"2025-08-29T18:22:50+00:00","author":{"@id":"https:\/\/diariodelsurdigital.com.ar\/#\/schema\/person\/6136a32571657f7dba980b88b04c5465"},"breadcrumb":{"@id":"https:\/\/diariodelsurdigital.com.ar\/?p=4392#breadcrumb"},"inLanguage":"es","potentialAction":[{"@type":"ReadAction","target":["https:\/\/diariodelsurdigital.com.ar\/?p=4392"]}]},{"@type":"ImageObject","inLanguage":"es","@id":"https:\/\/diariodelsurdigital.com.ar\/?p=4392#primaryimage","url":"https:\/\/diariodelsurdigital.com.ar\/wp-content\/uploads\/2025\/08\/hector_maya.png","contentUrl":"https:\/\/diariodelsurdigital.com.ar\/wp-content\/uploads\/2025\/08\/hector_maya.png","width":513,"height":305},{"@type":"BreadcrumbList","@id":"https:\/\/diariodelsurdigital.com.ar\/?p=4392#breadcrumb","itemListElement":[{"@type":"ListItem","position":1,"name":"Portada","item":"https:\/\/diariodelsurdigital.com.ar\/"},{"@type":"ListItem","position":2,"name":"Maya recargado: En su visita a Concordia dijo que \u201cBahl busca fueros y es parte de una lista trucha\u201d"}]},{"@type":"WebSite","@id":"https:\/\/diariodelsurdigital.com.ar\/#website","url":"https:\/\/diariodelsurdigital.com.ar\/","name":"Diario del Sur","description":"Digital","potentialAction":[{"@type":"SearchAction","target":{"@type":"EntryPoint","urlTemplate":"https:\/\/diariodelsurdigital.com.ar\/?s={search_term_string}"},"query-input":{"@type":"PropertyValueSpecification","valueRequired":true,"valueName":"search_term_string"}}],"inLanguage":"es"},{"@type":"Person","@id":"https:\/\/diariodelsurdigital.com.ar\/#\/schema\/person\/6136a32571657f7dba980b88b04c5465","name":"Diario del Sur Digital","image":{"@type":"ImageObject","inLanguage":"es","@id":"https:\/\/secure.gravatar.com\/avatar\/4c29ceac98541dd42460b2474aaa5dd37594d6ce6cb3cf2c101d09b48ee287ba?s=96&d=mm&r=g","url":"https:\/\/secure.gravatar.com\/avatar\/4c29ceac98541dd42460b2474aaa5dd37594d6ce6cb3cf2c101d09b48ee287ba?s=96&d=mm&r=g","contentUrl":"https:\/\/secure.gravatar.com\/avatar\/4c29ceac98541dd42460b2474aaa5dd37594d6ce6cb3cf2c101d09b48ee287ba?s=96&d=mm&r=g","caption":"Diario del Sur Digital"},"url":"https:\/\/diariodelsurdigital.com.ar\/?author=2"}]}},"_links":{"self":[{"href":"https:\/\/diariodelsurdigital.com.ar\/index.php?rest_route=\/wp\/v2\/posts\/4392","targetHints":{"allow":["GET"]}}],"collection":[{"href":"https:\/\/diariodelsurdigital.com.ar\/index.php?rest_route=\/wp\/v2\/posts"}],"about":[{"href":"https:\/\/diariodelsurdigital.com.ar\/index.php?rest_route=\/wp\/v2\/types\/post"}],"author":[{"embeddable":true,"href":"https:\/\/diariodelsurdigital.com.ar\/index.php?rest_route=\/wp\/v2\/users\/2"}],"replies":[{"embeddable":true,"href":"https:\/\/diariodelsurdigital.com.ar\/index.php?rest_route=%2Fwp%2Fv2%2Fcomments&post=4392"}],"version-history":[{"count":2,"href":"https:\/\/diariodelsurdigital.com.ar\/index.php?rest_route=\/wp\/v2\/posts\/4392\/revisions"}],"predecessor-version":[{"id":4396,"href":"https:\/\/diariodelsurdigital.com.ar\/index.php?rest_route=\/wp\/v2\/posts\/4392\/revisions\/4396"}],"wp:featuredmedia":[{"embeddable":true,"href":"https:\/\/diariodelsurdigital.com.ar\/index.php?rest_route=\/wp\/v2\/media\/4393"}],"wp:attachment":[{"href":"https:\/\/diariodelsurdigital.com.ar\/index.php?rest_route=%2Fwp%2Fv2%2Fmedia&parent=4392"}],"wp:term":[{"taxonomy":"category","embeddable":true,"href":"https:\/\/diariodelsurdigital.com.ar\/index.php?rest_route=%2Fwp%2Fv2%2Fcategories&post=4392"},{"taxonomy":"post_tag","embeddable":true,"href":"https:\/\/diariodelsurdigital.com.ar\/index.php?rest_route=%2Fwp%2Fv2%2Ftags&post=4392"}],"curies":[{"name":"wp","href":"https:\/\/api.w.org\/{rel}","templated":true}]}}