{"id":4397,"date":"2025-08-30T22:01:40","date_gmt":"2025-08-31T01:01:40","guid":{"rendered":"https:\/\/diariodelsurdigital.com.ar\/?p=4397"},"modified":"2025-08-30T22:01:41","modified_gmt":"2025-08-31T01:01:41","slug":"un-motociclista-fue-internado-de-urgencia-a-concordia-tras-impactar-de-frente-contra-un-camion","status":"publish","type":"post","link":"https:\/\/diariodelsurdigital.com.ar\/?p=4397","title":{"rendered":"Un motociclista fue internado de urgencia a Concordia tras impactar de frente contra un cami\u00f3n"},"content":{"rendered":"\n<h1 class=\"wp-block-heading\"><\/h1>\n\n\n\n<h4 class=\"wp-block-heading\">El siniestro vial se registr\u00f3 en las primeras horas de este s\u00e1bado sobre la ruta 44, en el acceso a la ciudad de Federaci\u00f3n. Como saldo, un joven motociclista de 26 a\u00f1os, result\u00f3 con lesiones grav\u00edsimas, como la amputaci\u00f3n de su pierna.<a href=\"https:\/\/api.whatsapp.com\/send?text=Un%20motociclista%20fue%20derivado%20de%20urgencia%20a%20Concordia%20tras%20impactar%20de%20frente%20contra%20un%20cami%C3%B3n%20-%20https:\/\/diarioriouruguay.com\/policiales\/\/un-motociclista-fue-derivado-de-urgencia-a-concordia-tras-impactar-de-frente-contra-un-camion.htm\" target=\"_blank\" rel=\"noreferrer noopener\"><\/a><a href=\"https:\/\/diarioriouruguay.com\/policiales\/un-motociclista-fue-derivado-de-urgencia-a-concordia-tras-impactar-de-frente-contra-un-camion.htm#\"><\/a><a href=\"javascript:copyLink('aviso', 'URL Copiada');\"><\/a><a href=\"https:\/\/diarioriouruguay.com\/policiales\/un-motociclista-fue-derivado-de-urgencia-a-concordia-tras-impactar-de-frente-contra-un-camion.htm#\"><\/a><a href=\"tg:\/\/msg?text=Un%20motociclista%20fue%20derivado%20de%20urgencia%20a%20Concordia%20tras%20impactar%20de%20frente%20contra%20un%20cami%C3%B3n-https:\/\/diarioriouruguay.com\/policiales\/\/un-motociclista-fue-derivado-de-urgencia-a-concordia-tras-impactar-de-frente-contra-un-camion.htm\" target=\"_blank\" rel=\"noreferrer noopener\"><\/a><a href=\"https:\/\/diarioriouruguay.com\/policiales\/un-motociclista-fue-derivado-de-urgencia-a-concordia-tras-impactar-de-frente-contra-un-camion.htm#comentarios\"><\/a><\/h4>\n\n\n\n<p>Moto impact\u00f3 contra un cami\u00f3n. De acuerdo a la informaci\u00f3n oficial dada a conocer a\u00a0<em>Diario R\u00edo Uruguay<\/em><strong>,<\/strong>\u00a0el hecho ocurri\u00f3 cerca de las seis de la ma\u00f1ana de este s\u00e1bado, cuando un cami\u00f3n marca Fiat modelo Iveco con acoplado, circulaba desde la ciudad de Chajar\u00ed hacia el Parque Industrial de Federaci\u00f3n, transportando una carga de madera de pino. La unidad era conducida por un hombre de 58 a\u00f1os, domiciliado en la localidad de Chajar\u00ed.<\/p>\n\n\n\n<p>Por causas que se investigan, el rodado de alto porte fue colisionado frontalmente por una motocicleta marca Honda CG Titan, conducida por un joven de 26 a\u00f1os, con probable residencia en la ciudad de Concordia. El hecho ocurri\u00f3 sobre la ruta 44, en el acceso a la ciudad termal, en inmediaciones de Estancia San Mart\u00edn.<\/p>\n\n\n\n<h3 class=\"wp-block-heading\">Violento impacto<\/h3>\n\n\n\n<p>El impacto fue de tal magnitud que la v\u00edctima sufri\u00f3 la amputaci\u00f3n parcial de su pierna izquierda, lo que motiv\u00f3 un inmediato operativo de asistencia y su traslado de urgencia al hospital Delicia Concepci\u00f3n Masvernat de la ciudad de Concordia, donde permanece internado en estado reservado.<\/p>\n\n\n\n<h3 class=\"wp-block-heading\">Intervenci\u00f3n<\/h3>\n\n\n\n<p>En el lugar trabaj\u00f3 personal de Accidentolog\u00eda Vial, que realiz\u00f3 las primeras pericias para establecer con precisi\u00f3n la mec\u00e1nica del hecho. Asimismo, se dispuso la extracci\u00f3n de sangre a ambos conductores para los ex\u00e1menes correspondientes y se procedi\u00f3 al secuestro de los veh\u00edculos involucrados.<\/p>\n\n\n\n<p>Intervino tambi\u00e9n, personal de la Divisi\u00f3n Polic\u00eda Cient\u00edfica, encargado de la toma de registros fotogr\u00e1ficos y planimetr\u00eda de la escena; mientras que la investigaci\u00f3n qued\u00f3 en manos de la fiscal en turno, la doctora Mussuliotis.<\/p>\n\n\n\n<p>El episodio sin dudas caus\u00f3 conmoci\u00f3n entre los primeros testigos, dada la gravedad de las lesiones sufridas por el joven motociclista y gener\u00f3 demoras en el tr\u00e1nsito en el acceso a la ciudad de Federaci\u00f3n, hasta que se culminaron las tareas periciales y el retiro de los rodados.<\/p>\n","protected":false},"excerpt":{"rendered":"<p>El siniestro vial se registr\u00f3 en las primeras horas de este s\u00e1bado sobre la ruta 44, en el acceso a la ciudad de Federaci\u00f3n. Como saldo, un joven motociclista de 26 a\u00f1os, result\u00f3 con lesiones grav\u00edsimas, como la amputaci\u00f3n de su pierna. Moto impact\u00f3 contra un cami\u00f3n. De acuerdo a la informaci\u00f3n oficial dada a [&hellip;]<\/p>\n","protected":false},"author":2,"featured_media":4398,"comment_status":"open","ping_status":"open","sticky":false,"template":"","format":"standard","meta":{"footnotes":""},"categories":[17],"tags":[],"class_list":{"0":"post-4397","1":"post","2":"type-post","3":"status-publish","4":"format-standard","5":"has-post-thumbnail","7":"category-provinciales"},"yoast_head":"<!-- This site is optimized with the Yoast SEO plugin v27.4 - https:\/\/yoast.com\/product\/yoast-seo-wordpress\/ -->\n<title>Un motociclista fue internado de urgencia a Concordia tras impactar de frente contra un cami\u00f3n - Diario del Sur<\/title>\n<meta name=\"robots\" content=\"index, follow, max-snippet:-1, max-image-preview:large, max-video-preview:-1\" \/>\n<link rel=\"canonical\" href=\"https:\/\/diariodelsurdigital.com.ar\/?p=4397\" \/>\n<meta property=\"og:locale\" content=\"es_ES\" \/>\n<meta property=\"og:type\" content=\"article\" \/>\n<meta property=\"og:title\" content=\"Un motociclista fue internado de urgencia a Concordia tras impactar de frente contra un cami\u00f3n - Diario del Sur\" \/>\n<meta property=\"og:description\" content=\"El siniestro vial se registr\u00f3 en las primeras horas de este s\u00e1bado sobre la ruta 44, en el acceso a la ciudad de Federaci\u00f3n. Como saldo, un joven motociclista de 26 a\u00f1os, result\u00f3 con lesiones grav\u00edsimas, como la amputaci\u00f3n de su pierna. Moto impact\u00f3 contra un cami\u00f3n. De acuerdo a la informaci\u00f3n oficial dada a [&hellip;]\" \/>\n<meta property=\"og:url\" content=\"https:\/\/diariodelsurdigital.com.ar\/?p=4397\" \/>\n<meta property=\"og:site_name\" content=\"Diario del Sur\" \/>\n<meta property=\"article:published_time\" content=\"2025-08-31T01:01:40+00:00\" \/>\n<meta property=\"article:modified_time\" content=\"2025-08-31T01:01:41+00:00\" \/>\n<meta property=\"og:image\" content=\"https:\/\/diariodelsurdigital.com.ar\/wp-content\/uploads\/2025\/08\/l_1756558766_53716.png\" \/>\n\t<meta property=\"og:image:width\" content=\"458\" \/>\n\t<meta property=\"og:image:height\" content=\"260\" \/>\n\t<meta property=\"og:image:type\" content=\"image\/png\" \/>\n<meta name=\"author\" content=\"Diario del Sur Digital\" \/>\n<meta name=\"twitter:card\" content=\"summary_large_image\" \/>\n<meta name=\"twitter:label1\" content=\"Escrito por\" \/>\n\t<meta name=\"twitter:data1\" content=\"Diario del Sur Digital\" \/>\n\t<meta name=\"twitter:label2\" content=\"Tiempo de lectura\" \/>\n\t<meta name=\"twitter:data2\" content=\"2 minutos\" \/>\n<script type=\"application\/ld+json\" class=\"yoast-schema-graph\">{\"@context\":\"https:\\\/\\\/schema.org\",\"@graph\":[{\"@type\":\"Article\",\"@id\":\"https:\\\/\\\/diariodelsurdigital.com.ar\\\/?p=4397#article\",\"isPartOf\":{\"@id\":\"https:\\\/\\\/diariodelsurdigital.com.ar\\\/?p=4397\"},\"author\":{\"name\":\"Diario del Sur Digital\",\"@id\":\"https:\\\/\\\/diariodelsurdigital.com.ar\\\/#\\\/schema\\\/person\\\/6136a32571657f7dba980b88b04c5465\"},\"headline\":\"Un motociclista fue internado de urgencia a Concordia tras impactar de frente contra un cami\u00f3n\",\"datePublished\":\"2025-08-31T01:01:40+00:00\",\"dateModified\":\"2025-08-31T01:01:41+00:00\",\"mainEntityOfPage\":{\"@id\":\"https:\\\/\\\/diariodelsurdigital.com.ar\\\/?p=4397\"},\"wordCount\":394,\"commentCount\":0,\"image\":{\"@id\":\"https:\\\/\\\/diariodelsurdigital.com.ar\\\/?p=4397#primaryimage\"},\"thumbnailUrl\":\"https:\\\/\\\/diariodelsurdigital.com.ar\\\/wp-content\\\/uploads\\\/2025\\\/08\\\/l_1756558766_53716.png\",\"articleSection\":[\"Provinciales\"],\"inLanguage\":\"es\",\"potentialAction\":[{\"@type\":\"CommentAction\",\"name\":\"Comment\",\"target\":[\"https:\\\/\\\/diariodelsurdigital.com.ar\\\/?p=4397#respond\"]}]},{\"@type\":\"WebPage\",\"@id\":\"https:\\\/\\\/diariodelsurdigital.com.ar\\\/?p=4397\",\"url\":\"https:\\\/\\\/diariodelsurdigital.com.ar\\\/?p=4397\",\"name\":\"Un motociclista fue internado de urgencia a Concordia tras impactar de frente contra un cami\u00f3n - Diario del Sur\",\"isPartOf\":{\"@id\":\"https:\\\/\\\/diariodelsurdigital.com.ar\\\/#website\"},\"primaryImageOfPage\":{\"@id\":\"https:\\\/\\\/diariodelsurdigital.com.ar\\\/?p=4397#primaryimage\"},\"image\":{\"@id\":\"https:\\\/\\\/diariodelsurdigital.com.ar\\\/?p=4397#primaryimage\"},\"thumbnailUrl\":\"https:\\\/\\\/diariodelsurdigital.com.ar\\\/wp-content\\\/uploads\\\/2025\\\/08\\\/l_1756558766_53716.png\",\"datePublished\":\"2025-08-31T01:01:40+00:00\",\"dateModified\":\"2025-08-31T01:01:41+00:00\",\"author\":{\"@id\":\"https:\\\/\\\/diariodelsurdigital.com.ar\\\/#\\\/schema\\\/person\\\/6136a32571657f7dba980b88b04c5465\"},\"breadcrumb\":{\"@id\":\"https:\\\/\\\/diariodelsurdigital.com.ar\\\/?p=4397#breadcrumb\"},\"inLanguage\":\"es\",\"potentialAction\":[{\"@type\":\"ReadAction\",\"target\":[\"https:\\\/\\\/diariodelsurdigital.com.ar\\\/?p=4397\"]}]},{\"@type\":\"ImageObject\",\"inLanguage\":\"es\",\"@id\":\"https:\\\/\\\/diariodelsurdigital.com.ar\\\/?p=4397#primaryimage\",\"url\":\"https:\\\/\\\/diariodelsurdigital.com.ar\\\/wp-content\\\/uploads\\\/2025\\\/08\\\/l_1756558766_53716.png\",\"contentUrl\":\"https:\\\/\\\/diariodelsurdigital.com.ar\\\/wp-content\\\/uploads\\\/2025\\\/08\\\/l_1756558766_53716.png\",\"width\":458,\"height\":260},{\"@type\":\"BreadcrumbList\",\"@id\":\"https:\\\/\\\/diariodelsurdigital.com.ar\\\/?p=4397#breadcrumb\",\"itemListElement\":[{\"@type\":\"ListItem\",\"position\":1,\"name\":\"Portada\",\"item\":\"https:\\\/\\\/diariodelsurdigital.com.ar\\\/\"},{\"@type\":\"ListItem\",\"position\":2,\"name\":\"Un motociclista fue internado de urgencia a Concordia tras impactar de frente contra un cami\u00f3n\"}]},{\"@type\":\"WebSite\",\"@id\":\"https:\\\/\\\/diariodelsurdigital.com.ar\\\/#website\",\"url\":\"https:\\\/\\\/diariodelsurdigital.com.ar\\\/\",\"name\":\"Diario del Sur\",\"description\":\"Digital\",\"potentialAction\":[{\"@type\":\"SearchAction\",\"target\":{\"@type\":\"EntryPoint\",\"urlTemplate\":\"https:\\\/\\\/diariodelsurdigital.com.ar\\\/?s={search_term_string}\"},\"query-input\":{\"@type\":\"PropertyValueSpecification\",\"valueRequired\":true,\"valueName\":\"search_term_string\"}}],\"inLanguage\":\"es\"},{\"@type\":\"Person\",\"@id\":\"https:\\\/\\\/diariodelsurdigital.com.ar\\\/#\\\/schema\\\/person\\\/6136a32571657f7dba980b88b04c5465\",\"name\":\"Diario del Sur Digital\",\"image\":{\"@type\":\"ImageObject\",\"inLanguage\":\"es\",\"@id\":\"https:\\\/\\\/secure.gravatar.com\\\/avatar\\\/4c29ceac98541dd42460b2474aaa5dd37594d6ce6cb3cf2c101d09b48ee287ba?s=96&d=mm&r=g\",\"url\":\"https:\\\/\\\/secure.gravatar.com\\\/avatar\\\/4c29ceac98541dd42460b2474aaa5dd37594d6ce6cb3cf2c101d09b48ee287ba?s=96&d=mm&r=g\",\"contentUrl\":\"https:\\\/\\\/secure.gravatar.com\\\/avatar\\\/4c29ceac98541dd42460b2474aaa5dd37594d6ce6cb3cf2c101d09b48ee287ba?s=96&d=mm&r=g\",\"caption\":\"Diario del Sur Digital\"},\"url\":\"https:\\\/\\\/diariodelsurdigital.com.ar\\\/?author=2\"}]}<\/script>\n<!-- \/ Yoast SEO plugin. -->","yoast_head_json":{"title":"Un motociclista fue internado de urgencia a Concordia tras impactar de frente contra un cami\u00f3n - Diario del Sur","robots":{"index":"index","follow":"follow","max-snippet":"max-snippet:-1","max-image-preview":"max-image-preview:large","max-video-preview":"max-video-preview:-1"},"canonical":"https:\/\/diariodelsurdigital.com.ar\/?p=4397","og_locale":"es_ES","og_type":"article","og_title":"Un motociclista fue internado de urgencia a Concordia tras impactar de frente contra un cami\u00f3n - Diario del Sur","og_description":"El siniestro vial se registr\u00f3 en las primeras horas de este s\u00e1bado sobre la ruta 44, en el acceso a la ciudad de Federaci\u00f3n. Como saldo, un joven motociclista de 26 a\u00f1os, result\u00f3 con lesiones grav\u00edsimas, como la amputaci\u00f3n de su pierna. Moto impact\u00f3 contra un cami\u00f3n. De acuerdo a la informaci\u00f3n oficial dada a [&hellip;]","og_url":"https:\/\/diariodelsurdigital.com.ar\/?p=4397","og_site_name":"Diario del Sur","article_published_time":"2025-08-31T01:01:40+00:00","article_modified_time":"2025-08-31T01:01:41+00:00","og_image":[{"width":458,"height":260,"url":"https:\/\/diariodelsurdigital.com.ar\/wp-content\/uploads\/2025\/08\/l_1756558766_53716.png","type":"image\/png"}],"author":"Diario del Sur Digital","twitter_card":"summary_large_image","twitter_misc":{"Escrito por":"Diario del Sur Digital","Tiempo de lectura":"2 minutos"},"schema":{"@context":"https:\/\/schema.org","@graph":[{"@type":"Article","@id":"https:\/\/diariodelsurdigital.com.ar\/?p=4397#article","isPartOf":{"@id":"https:\/\/diariodelsurdigital.com.ar\/?p=4397"},"author":{"name":"Diario del Sur Digital","@id":"https:\/\/diariodelsurdigital.com.ar\/#\/schema\/person\/6136a32571657f7dba980b88b04c5465"},"headline":"Un motociclista fue internado de urgencia a Concordia tras impactar de frente contra un cami\u00f3n","datePublished":"2025-08-31T01:01:40+00:00","dateModified":"2025-08-31T01:01:41+00:00","mainEntityOfPage":{"@id":"https:\/\/diariodelsurdigital.com.ar\/?p=4397"},"wordCount":394,"commentCount":0,"image":{"@id":"https:\/\/diariodelsurdigital.com.ar\/?p=4397#primaryimage"},"thumbnailUrl":"https:\/\/diariodelsurdigital.com.ar\/wp-content\/uploads\/2025\/08\/l_1756558766_53716.png","articleSection":["Provinciales"],"inLanguage":"es","potentialAction":[{"@type":"CommentAction","name":"Comment","target":["https:\/\/diariodelsurdigital.com.ar\/?p=4397#respond"]}]},{"@type":"WebPage","@id":"https:\/\/diariodelsurdigital.com.ar\/?p=4397","url":"https:\/\/diariodelsurdigital.com.ar\/?p=4397","name":"Un motociclista fue internado de urgencia a Concordia tras impactar de frente contra un cami\u00f3n - Diario del Sur","isPartOf":{"@id":"https:\/\/diariodelsurdigital.com.ar\/#website"},"primaryImageOfPage":{"@id":"https:\/\/diariodelsurdigital.com.ar\/?p=4397#primaryimage"},"image":{"@id":"https:\/\/diariodelsurdigital.com.ar\/?p=4397#primaryimage"},"thumbnailUrl":"https:\/\/diariodelsurdigital.com.ar\/wp-content\/uploads\/2025\/08\/l_1756558766_53716.png","datePublished":"2025-08-31T01:01:40+00:00","dateModified":"2025-08-31T01:01:41+00:00","author":{"@id":"https:\/\/diariodelsurdigital.com.ar\/#\/schema\/person\/6136a32571657f7dba980b88b04c5465"},"breadcrumb":{"@id":"https:\/\/diariodelsurdigital.com.ar\/?p=4397#breadcrumb"},"inLanguage":"es","potentialAction":[{"@type":"ReadAction","target":["https:\/\/diariodelsurdigital.com.ar\/?p=4397"]}]},{"@type":"ImageObject","inLanguage":"es","@id":"https:\/\/diariodelsurdigital.com.ar\/?p=4397#primaryimage","url":"https:\/\/diariodelsurdigital.com.ar\/wp-content\/uploads\/2025\/08\/l_1756558766_53716.png","contentUrl":"https:\/\/diariodelsurdigital.com.ar\/wp-content\/uploads\/2025\/08\/l_1756558766_53716.png","width":458,"height":260},{"@type":"BreadcrumbList","@id":"https:\/\/diariodelsurdigital.com.ar\/?p=4397#breadcrumb","itemListElement":[{"@type":"ListItem","position":1,"name":"Portada","item":"https:\/\/diariodelsurdigital.com.ar\/"},{"@type":"ListItem","position":2,"name":"Un motociclista fue internado de urgencia a Concordia tras impactar de frente contra un cami\u00f3n"}]},{"@type":"WebSite","@id":"https:\/\/diariodelsurdigital.com.ar\/#website","url":"https:\/\/diariodelsurdigital.com.ar\/","name":"Diario del Sur","description":"Digital","potentialAction":[{"@type":"SearchAction","target":{"@type":"EntryPoint","urlTemplate":"https:\/\/diariodelsurdigital.com.ar\/?s={search_term_string}"},"query-input":{"@type":"PropertyValueSpecification","valueRequired":true,"valueName":"search_term_string"}}],"inLanguage":"es"},{"@type":"Person","@id":"https:\/\/diariodelsurdigital.com.ar\/#\/schema\/person\/6136a32571657f7dba980b88b04c5465","name":"Diario del Sur Digital","image":{"@type":"ImageObject","inLanguage":"es","@id":"https:\/\/secure.gravatar.com\/avatar\/4c29ceac98541dd42460b2474aaa5dd37594d6ce6cb3cf2c101d09b48ee287ba?s=96&d=mm&r=g","url":"https:\/\/secure.gravatar.com\/avatar\/4c29ceac98541dd42460b2474aaa5dd37594d6ce6cb3cf2c101d09b48ee287ba?s=96&d=mm&r=g","contentUrl":"https:\/\/secure.gravatar.com\/avatar\/4c29ceac98541dd42460b2474aaa5dd37594d6ce6cb3cf2c101d09b48ee287ba?s=96&d=mm&r=g","caption":"Diario del Sur Digital"},"url":"https:\/\/diariodelsurdigital.com.ar\/?author=2"}]}},"_links":{"self":[{"href":"https:\/\/diariodelsurdigital.com.ar\/index.php?rest_route=\/wp\/v2\/posts\/4397","targetHints":{"allow":["GET"]}}],"collection":[{"href":"https:\/\/diariodelsurdigital.com.ar\/index.php?rest_route=\/wp\/v2\/posts"}],"about":[{"href":"https:\/\/diariodelsurdigital.com.ar\/index.php?rest_route=\/wp\/v2\/types\/post"}],"author":[{"embeddable":true,"href":"https:\/\/diariodelsurdigital.com.ar\/index.php?rest_route=\/wp\/v2\/users\/2"}],"replies":[{"embeddable":true,"href":"https:\/\/diariodelsurdigital.com.ar\/index.php?rest_route=%2Fwp%2Fv2%2Fcomments&post=4397"}],"version-history":[{"count":1,"href":"https:\/\/diariodelsurdigital.com.ar\/index.php?rest_route=\/wp\/v2\/posts\/4397\/revisions"}],"predecessor-version":[{"id":4399,"href":"https:\/\/diariodelsurdigital.com.ar\/index.php?rest_route=\/wp\/v2\/posts\/4397\/revisions\/4399"}],"wp:featuredmedia":[{"embeddable":true,"href":"https:\/\/diariodelsurdigital.com.ar\/index.php?rest_route=\/wp\/v2\/media\/4398"}],"wp:attachment":[{"href":"https:\/\/diariodelsurdigital.com.ar\/index.php?rest_route=%2Fwp%2Fv2%2Fmedia&parent=4397"}],"wp:term":[{"taxonomy":"category","embeddable":true,"href":"https:\/\/diariodelsurdigital.com.ar\/index.php?rest_route=%2Fwp%2Fv2%2Fcategories&post=4397"},{"taxonomy":"post_tag","embeddable":true,"href":"https:\/\/diariodelsurdigital.com.ar\/index.php?rest_route=%2Fwp%2Fv2%2Ftags&post=4397"}],"curies":[{"name":"wp","href":"https:\/\/api.w.org\/{rel}","templated":true}]}}