{"id":4404,"date":"2025-08-31T14:16:09","date_gmt":"2025-08-31T17:16:09","guid":{"rendered":"https:\/\/diariodelsurdigital.com.ar\/?p=4404"},"modified":"2025-08-31T14:16:10","modified_gmt":"2025-08-31T17:16:10","slug":"javier-schnitman-michel-y-bahl-son-funcionales-a-frigerio-y-milei","status":"publish","type":"post","link":"https:\/\/diariodelsurdigital.com.ar\/?p=4404","title":{"rendered":"Javier Schnitman: \u201cMichel y Bahl son funcionales a Frigerio y Milei\u201d"},"content":{"rendered":"\n<h4 class=\"wp-block-heading\">El candidato a senador nacional en segundo t\u00e9rmino por la lista \u00abAhora 503\u00bb, el santaelenense Javier Schnitman, critic\u00f3 duramente a la conducci\u00f3n oficial del PJ entrerriano y al Frente La Libertad Avanza en Entre R\u00edos. En di\u00e1logo con\u00a0<em>La Sexta,<\/em> habl\u00f3 sobre las diferencias con Michel y Bahl, la toma de deuda provincial, y la pol\u00e9mica postura del libertario Benegas Lynch sobre privatizar Salto Grande.<\/h4>\n\n\n\n<p><strong>\u2014 \u00bfQu\u00e9 los diferencia de la lista oficial que encabezan Guillermo Michel y Ad\u00e1n Bahl?<\/strong><\/p>\n\n\n\n<p>\u2014 Nosotros, desde el Frente Grande y el Movimiento Por Todos, impulsamos la unidad de los espacios del campo popular, del peronismo expulsado de las internas del PJ. Logramos un consenso con Carolina Gaillard, diputada nacional con una trayectoria firme en defensa de los intereses nacionales y provinciales, y con Paola Rubattino, ex diputada y ex viceintendenta de Gualeguay. Acompa\u00f1o en la lista de senadores a Carolina, y en la de diputados acompa\u00f1a Federico Olano, quien viene del peronismo, pero es del Frente Grande actualmente. Es un comerciante preocupado por la situaci\u00f3n econ\u00f3mica que decidi\u00f3 participar del \u00e1mbito pol\u00edtico y poder aportar desde su experiencia a una propuesta que tenga que ver en la defensa de la educaci\u00f3n, la salud, las instituciones prestigiosas como el INTA, el INTI y la direcci\u00f3n de Vialidad. Nuestra lista incluye al PC, Nuevo Encuentro, sectores del espacio de Juan Grabois, independientes de la cultura, entre otros. No somos una estructura cerrada de c\u00fapulas: esto es construcci\u00f3n colectiva.<\/p>\n\n\n\n<p><strong>\u2014 \u00bfPor qu\u00e9 el peronismo no logr\u00f3 confluir en una lista de unidad para estas elecciones?<\/strong><\/p>\n\n\n\n<p>\u2014 Porque el PJ oficial que lideran Michel y Bahl fue funcional a Frigerio y Milei. Impidieron cualquier debate interno, desconocieron a la mayor\u00eda de los partidos que durante 20 a\u00f1os construimos un frente que supo retener la gobernaci\u00f3n. Decidieron ir solos y despu\u00e9s, de forma desesperada, incorporar alg\u00fan sello. Nosotros lo que hicimos fue reunir las voluntades que en a\u00f1os ven\u00edamos trabajando juntos, que no somos peronistas, pero s\u00ed hay un mont\u00f3n de compa\u00f1eros peronistas.. Es la primera vez en la historia democr\u00e1tica de Entre R\u00edos que dos mujeres encabezan una lista nacional, impulsadas por fuerzas pol\u00edticas que representan al pueblo entrerriano con coherencia y compromiso.<\/p>\n\n\n\n<p><strong>\u2014 \u00bfQu\u00e9 opinan de la reciente aprobaci\u00f3n de la toma de deuda en d\u00f3lares por parte del gobierno provincial?<\/strong><\/p>\n\n\n\n<p>\u2014 Nosotros fuimos opositores tanto a Milei como a Frigerio desde el inicio. Nos movilizamos junto a organizaciones sociales para denunciar el vaciamiento de la salud p\u00fablica, la educaci\u00f3n, los recortes a los jubilados, a la ciencia y la t\u00e9cnica. El gobierno de Frigerio toma deuda mientras el PJ act\u00faa de manera inorg\u00e1nica, sin un liderazgo que construya una alternativa real para 2027. Vemos legisladores del PJ que votan en contra de los intereses del pueblo. Por eso la insistencia tanto nuestra como de much\u00edsimos compa\u00f1eros del propio peronismo de tener esta debate interno sano y democr\u00e1tico que podr\u00eda haber dejado un resultado de unidad poderosa para dar. Nuestra lista garantiza candidatos que defiendan los intereses de los entrerrianos y que ayuden a construir una fuerza para recuperar la provincia y el pa\u00eds en 2027.&nbsp;<\/p>\n\n\n\n<p><strong>\u2014 \u00bfC\u00f3mo est\u00e1 siendo el recorrido de campa\u00f1a? \u00bfQu\u00e9 sienten que transmite la gente? La experiencia en las elecciones en otras provincias muestra una apat\u00eda general.<\/strong><\/p>\n\n\n\n<p>\u2014 Hay un desencanto porque sienten que la dirigencia est\u00e1 lejos de sus problemas. Pero tambi\u00e9n hay un rechazo a las medidas del gobierno nacional. La baja participaci\u00f3n electoral es un llamado de atenci\u00f3n al campo popular. Por eso nosotros salimos a convocar: para que el pueblo entrerriano tenga una herramienta clara, sin tapados ni sorpresas. En nuestra lista no hay operadores que luego entreguen los intereses del pa\u00eds.<\/p>\n\n\n\n<p><strong>\u2014 El candidato a senador de La Libertad Avanza en Entre R\u00edos, Joaqu\u00edn Benegas Lynch, habl\u00f3 a favor de privatizar Salto Grande y Enersa. \u00bfQu\u00e9 opin\u00e1s?<\/strong><\/p>\n\n\n\n<p>\u2014 Benegas Lynch tiene un domicilio dudoso en La Paz, dice que es entrerriano porque tiene propiedades. Es un amigo de negocios de Milei. Dice barbaridades como la privatizaci\u00f3n de Salto Grande, algo que es impracticable, gracias a Dios. Enersa fue privatizada en los 90, destrozada por los privados y luego recuperada por el Estado. Cada entrerriano aporta con sus impuestos para sostener esa empresa. Este se\u00f1or viene a Entre R\u00edos a decir que es el delegado de Milei. Nada le interesa de la provincia. Defiende ideas que significan entregar el pa\u00eds. Y encima, tienen un candidato que se presenta como Batman (por Andr\u00e9s Laumann). Si quieren jugar a las historietas, all\u00e1 ellos. Pero esos juegos nos est\u00e1n costando derechos, producci\u00f3n, soberan\u00eda y desarrollo. Benegas Lynch que vaya a hacerle los deberes a Milei o que se vaya con Karina a ver d\u00f3nde tiene el 3%.<\/p>\n\n\n\n<p><strong>\u2014 \u00bfCu\u00e1l es el mensaje que quieren dejarle a la sociedad entrerriana?<\/strong><\/p>\n\n\n\n<p>\u2014 Que en \u201cAhora 503\u201d hay un espacio serio, plural, democr\u00e1tico, sin candidatos escondidos, sin pactos de c\u00fapula. Ac\u00e1 hay compromiso real con el pueblo entrerriano y argentino. Invitamos a todos los ciudadanos que sienten que el PJ oficialista ya no los representa, que ac\u00e1 tiene un canal para expresarse.&nbsp;Los ciudadanos entrerrianos que quieran aportar a un pensamiento m\u00e1s responsable, m\u00e1s serio y m\u00e1s comprometido, ac\u00e1 tienen la herramienta para poder hacerlo.<\/p>\n\n\n\n<p>Fuente: La Sexta<\/p>\n","protected":false},"excerpt":{"rendered":"<p>El candidato a senador nacional en segundo t\u00e9rmino por la lista \u00abAhora 503\u00bb, el santaelenense Javier Schnitman, critic\u00f3 duramente a la conducci\u00f3n oficial del PJ entrerriano y al Frente La Libertad Avanza en Entre R\u00edos. En di\u00e1logo con\u00a0La Sexta, habl\u00f3 sobre las diferencias con Michel y Bahl, la toma de deuda provincial, y la pol\u00e9mica [&hellip;]<\/p>\n","protected":false},"author":2,"featured_media":4405,"comment_status":"open","ping_status":"open","sticky":false,"template":"","format":"standard","meta":{"footnotes":""},"categories":[22],"tags":[],"class_list":{"0":"post-4404","1":"post","2":"type-post","3":"status-publish","4":"format-standard","5":"has-post-thumbnail","7":"category-politica"},"yoast_head":"<!-- This site is optimized with the Yoast SEO plugin v27.4 - https:\/\/yoast.com\/product\/yoast-seo-wordpress\/ -->\n<title>Javier Schnitman: \u201cMichel y Bahl son funcionales a Frigerio y Milei\u201d - Diario del Sur<\/title>\n<meta name=\"robots\" content=\"index, follow, max-snippet:-1, max-image-preview:large, max-video-preview:-1\" \/>\n<link rel=\"canonical\" href=\"https:\/\/diariodelsurdigital.com.ar\/?p=4404\" \/>\n<meta property=\"og:locale\" content=\"es_ES\" \/>\n<meta property=\"og:type\" content=\"article\" \/>\n<meta property=\"og:title\" content=\"Javier Schnitman: \u201cMichel y Bahl son funcionales a Frigerio y Milei\u201d - Diario del Sur\" \/>\n<meta property=\"og:description\" content=\"El candidato a senador nacional en segundo t\u00e9rmino por la lista \u00abAhora 503\u00bb, el santaelenense Javier Schnitman, critic\u00f3 duramente a la conducci\u00f3n oficial del PJ entrerriano y al Frente La Libertad Avanza en Entre R\u00edos. En di\u00e1logo con\u00a0La Sexta, habl\u00f3 sobre las diferencias con Michel y Bahl, la toma de deuda provincial, y la pol\u00e9mica [&hellip;]\" \/>\n<meta property=\"og:url\" content=\"https:\/\/diariodelsurdigital.com.ar\/?p=4404\" \/>\n<meta property=\"og:site_name\" content=\"Diario del Sur\" \/>\n<meta property=\"article:published_time\" content=\"2025-08-31T17:16:09+00:00\" \/>\n<meta property=\"article:modified_time\" content=\"2025-08-31T17:16:10+00:00\" \/>\n<meta property=\"og:image\" content=\"https:\/\/diariodelsurdigital.com.ar\/wp-content\/uploads\/2025\/08\/WhatsApp_Image_2025-08-29_at_19.48.55.jpeg\" \/>\n\t<meta property=\"og:image:width\" content=\"424\" \/>\n\t<meta property=\"og:image:height\" content=\"292\" \/>\n\t<meta property=\"og:image:type\" content=\"image\/jpeg\" \/>\n<meta name=\"author\" content=\"Diario del Sur Digital\" \/>\n<meta name=\"twitter:card\" content=\"summary_large_image\" \/>\n<meta name=\"twitter:label1\" content=\"Escrito por\" \/>\n\t<meta name=\"twitter:data1\" content=\"Diario del Sur Digital\" \/>\n\t<meta name=\"twitter:label2\" content=\"Tiempo de lectura\" \/>\n\t<meta name=\"twitter:data2\" content=\"5 minutos\" \/>\n<script type=\"application\/ld+json\" class=\"yoast-schema-graph\">{\"@context\":\"https:\\\/\\\/schema.org\",\"@graph\":[{\"@type\":\"Article\",\"@id\":\"https:\\\/\\\/diariodelsurdigital.com.ar\\\/?p=4404#article\",\"isPartOf\":{\"@id\":\"https:\\\/\\\/diariodelsurdigital.com.ar\\\/?p=4404\"},\"author\":{\"name\":\"Diario del Sur Digital\",\"@id\":\"https:\\\/\\\/diariodelsurdigital.com.ar\\\/#\\\/schema\\\/person\\\/6136a32571657f7dba980b88b04c5465\"},\"headline\":\"Javier Schnitman: \u201cMichel y Bahl son funcionales a Frigerio y Milei\u201d\",\"datePublished\":\"2025-08-31T17:16:09+00:00\",\"dateModified\":\"2025-08-31T17:16:10+00:00\",\"mainEntityOfPage\":{\"@id\":\"https:\\\/\\\/diariodelsurdigital.com.ar\\\/?p=4404\"},\"wordCount\":933,\"commentCount\":1,\"image\":{\"@id\":\"https:\\\/\\\/diariodelsurdigital.com.ar\\\/?p=4404#primaryimage\"},\"thumbnailUrl\":\"https:\\\/\\\/diariodelsurdigital.com.ar\\\/wp-content\\\/uploads\\\/2025\\\/08\\\/WhatsApp_Image_2025-08-29_at_19.48.55.jpeg\",\"articleSection\":[\"Pol\u00edtica\"],\"inLanguage\":\"es\",\"potentialAction\":[{\"@type\":\"CommentAction\",\"name\":\"Comment\",\"target\":[\"https:\\\/\\\/diariodelsurdigital.com.ar\\\/?p=4404#respond\"]}]},{\"@type\":\"WebPage\",\"@id\":\"https:\\\/\\\/diariodelsurdigital.com.ar\\\/?p=4404\",\"url\":\"https:\\\/\\\/diariodelsurdigital.com.ar\\\/?p=4404\",\"name\":\"Javier Schnitman: \u201cMichel y Bahl son funcionales a Frigerio y Milei\u201d - Diario del Sur\",\"isPartOf\":{\"@id\":\"https:\\\/\\\/diariodelsurdigital.com.ar\\\/#website\"},\"primaryImageOfPage\":{\"@id\":\"https:\\\/\\\/diariodelsurdigital.com.ar\\\/?p=4404#primaryimage\"},\"image\":{\"@id\":\"https:\\\/\\\/diariodelsurdigital.com.ar\\\/?p=4404#primaryimage\"},\"thumbnailUrl\":\"https:\\\/\\\/diariodelsurdigital.com.ar\\\/wp-content\\\/uploads\\\/2025\\\/08\\\/WhatsApp_Image_2025-08-29_at_19.48.55.jpeg\",\"datePublished\":\"2025-08-31T17:16:09+00:00\",\"dateModified\":\"2025-08-31T17:16:10+00:00\",\"author\":{\"@id\":\"https:\\\/\\\/diariodelsurdigital.com.ar\\\/#\\\/schema\\\/person\\\/6136a32571657f7dba980b88b04c5465\"},\"breadcrumb\":{\"@id\":\"https:\\\/\\\/diariodelsurdigital.com.ar\\\/?p=4404#breadcrumb\"},\"inLanguage\":\"es\",\"potentialAction\":[{\"@type\":\"ReadAction\",\"target\":[\"https:\\\/\\\/diariodelsurdigital.com.ar\\\/?p=4404\"]}]},{\"@type\":\"ImageObject\",\"inLanguage\":\"es\",\"@id\":\"https:\\\/\\\/diariodelsurdigital.com.ar\\\/?p=4404#primaryimage\",\"url\":\"https:\\\/\\\/diariodelsurdigital.com.ar\\\/wp-content\\\/uploads\\\/2025\\\/08\\\/WhatsApp_Image_2025-08-29_at_19.48.55.jpeg\",\"contentUrl\":\"https:\\\/\\\/diariodelsurdigital.com.ar\\\/wp-content\\\/uploads\\\/2025\\\/08\\\/WhatsApp_Image_2025-08-29_at_19.48.55.jpeg\",\"width\":424,\"height\":292},{\"@type\":\"BreadcrumbList\",\"@id\":\"https:\\\/\\\/diariodelsurdigital.com.ar\\\/?p=4404#breadcrumb\",\"itemListElement\":[{\"@type\":\"ListItem\",\"position\":1,\"name\":\"Portada\",\"item\":\"https:\\\/\\\/diariodelsurdigital.com.ar\\\/\"},{\"@type\":\"ListItem\",\"position\":2,\"name\":\"Javier Schnitman: \u201cMichel y Bahl son funcionales a Frigerio y Milei\u201d\"}]},{\"@type\":\"WebSite\",\"@id\":\"https:\\\/\\\/diariodelsurdigital.com.ar\\\/#website\",\"url\":\"https:\\\/\\\/diariodelsurdigital.com.ar\\\/\",\"name\":\"Diario del Sur\",\"description\":\"Digital\",\"potentialAction\":[{\"@type\":\"SearchAction\",\"target\":{\"@type\":\"EntryPoint\",\"urlTemplate\":\"https:\\\/\\\/diariodelsurdigital.com.ar\\\/?s={search_term_string}\"},\"query-input\":{\"@type\":\"PropertyValueSpecification\",\"valueRequired\":true,\"valueName\":\"search_term_string\"}}],\"inLanguage\":\"es\"},{\"@type\":\"Person\",\"@id\":\"https:\\\/\\\/diariodelsurdigital.com.ar\\\/#\\\/schema\\\/person\\\/6136a32571657f7dba980b88b04c5465\",\"name\":\"Diario del Sur Digital\",\"image\":{\"@type\":\"ImageObject\",\"inLanguage\":\"es\",\"@id\":\"https:\\\/\\\/secure.gravatar.com\\\/avatar\\\/4c29ceac98541dd42460b2474aaa5dd37594d6ce6cb3cf2c101d09b48ee287ba?s=96&d=mm&r=g\",\"url\":\"https:\\\/\\\/secure.gravatar.com\\\/avatar\\\/4c29ceac98541dd42460b2474aaa5dd37594d6ce6cb3cf2c101d09b48ee287ba?s=96&d=mm&r=g\",\"contentUrl\":\"https:\\\/\\\/secure.gravatar.com\\\/avatar\\\/4c29ceac98541dd42460b2474aaa5dd37594d6ce6cb3cf2c101d09b48ee287ba?s=96&d=mm&r=g\",\"caption\":\"Diario del Sur Digital\"},\"url\":\"https:\\\/\\\/diariodelsurdigital.com.ar\\\/?author=2\"}]}<\/script>\n<!-- \/ Yoast SEO plugin. -->","yoast_head_json":{"title":"Javier Schnitman: \u201cMichel y Bahl son funcionales a Frigerio y Milei\u201d - Diario del Sur","robots":{"index":"index","follow":"follow","max-snippet":"max-snippet:-1","max-image-preview":"max-image-preview:large","max-video-preview":"max-video-preview:-1"},"canonical":"https:\/\/diariodelsurdigital.com.ar\/?p=4404","og_locale":"es_ES","og_type":"article","og_title":"Javier Schnitman: \u201cMichel y Bahl son funcionales a Frigerio y Milei\u201d - Diario del Sur","og_description":"El candidato a senador nacional en segundo t\u00e9rmino por la lista \u00abAhora 503\u00bb, el santaelenense Javier Schnitman, critic\u00f3 duramente a la conducci\u00f3n oficial del PJ entrerriano y al Frente La Libertad Avanza en Entre R\u00edos. En di\u00e1logo con\u00a0La Sexta, habl\u00f3 sobre las diferencias con Michel y Bahl, la toma de deuda provincial, y la pol\u00e9mica [&hellip;]","og_url":"https:\/\/diariodelsurdigital.com.ar\/?p=4404","og_site_name":"Diario del Sur","article_published_time":"2025-08-31T17:16:09+00:00","article_modified_time":"2025-08-31T17:16:10+00:00","og_image":[{"width":424,"height":292,"url":"https:\/\/diariodelsurdigital.com.ar\/wp-content\/uploads\/2025\/08\/WhatsApp_Image_2025-08-29_at_19.48.55.jpeg","type":"image\/jpeg"}],"author":"Diario del Sur Digital","twitter_card":"summary_large_image","twitter_misc":{"Escrito por":"Diario del Sur Digital","Tiempo de lectura":"5 minutos"},"schema":{"@context":"https:\/\/schema.org","@graph":[{"@type":"Article","@id":"https:\/\/diariodelsurdigital.com.ar\/?p=4404#article","isPartOf":{"@id":"https:\/\/diariodelsurdigital.com.ar\/?p=4404"},"author":{"name":"Diario del Sur Digital","@id":"https:\/\/diariodelsurdigital.com.ar\/#\/schema\/person\/6136a32571657f7dba980b88b04c5465"},"headline":"Javier Schnitman: \u201cMichel y Bahl son funcionales a Frigerio y Milei\u201d","datePublished":"2025-08-31T17:16:09+00:00","dateModified":"2025-08-31T17:16:10+00:00","mainEntityOfPage":{"@id":"https:\/\/diariodelsurdigital.com.ar\/?p=4404"},"wordCount":933,"commentCount":1,"image":{"@id":"https:\/\/diariodelsurdigital.com.ar\/?p=4404#primaryimage"},"thumbnailUrl":"https:\/\/diariodelsurdigital.com.ar\/wp-content\/uploads\/2025\/08\/WhatsApp_Image_2025-08-29_at_19.48.55.jpeg","articleSection":["Pol\u00edtica"],"inLanguage":"es","potentialAction":[{"@type":"CommentAction","name":"Comment","target":["https:\/\/diariodelsurdigital.com.ar\/?p=4404#respond"]}]},{"@type":"WebPage","@id":"https:\/\/diariodelsurdigital.com.ar\/?p=4404","url":"https:\/\/diariodelsurdigital.com.ar\/?p=4404","name":"Javier Schnitman: \u201cMichel y Bahl son funcionales a Frigerio y Milei\u201d - Diario del Sur","isPartOf":{"@id":"https:\/\/diariodelsurdigital.com.ar\/#website"},"primaryImageOfPage":{"@id":"https:\/\/diariodelsurdigital.com.ar\/?p=4404#primaryimage"},"image":{"@id":"https:\/\/diariodelsurdigital.com.ar\/?p=4404#primaryimage"},"thumbnailUrl":"https:\/\/diariodelsurdigital.com.ar\/wp-content\/uploads\/2025\/08\/WhatsApp_Image_2025-08-29_at_19.48.55.jpeg","datePublished":"2025-08-31T17:16:09+00:00","dateModified":"2025-08-31T17:16:10+00:00","author":{"@id":"https:\/\/diariodelsurdigital.com.ar\/#\/schema\/person\/6136a32571657f7dba980b88b04c5465"},"breadcrumb":{"@id":"https:\/\/diariodelsurdigital.com.ar\/?p=4404#breadcrumb"},"inLanguage":"es","potentialAction":[{"@type":"ReadAction","target":["https:\/\/diariodelsurdigital.com.ar\/?p=4404"]}]},{"@type":"ImageObject","inLanguage":"es","@id":"https:\/\/diariodelsurdigital.com.ar\/?p=4404#primaryimage","url":"https:\/\/diariodelsurdigital.com.ar\/wp-content\/uploads\/2025\/08\/WhatsApp_Image_2025-08-29_at_19.48.55.jpeg","contentUrl":"https:\/\/diariodelsurdigital.com.ar\/wp-content\/uploads\/2025\/08\/WhatsApp_Image_2025-08-29_at_19.48.55.jpeg","width":424,"height":292},{"@type":"BreadcrumbList","@id":"https:\/\/diariodelsurdigital.com.ar\/?p=4404#breadcrumb","itemListElement":[{"@type":"ListItem","position":1,"name":"Portada","item":"https:\/\/diariodelsurdigital.com.ar\/"},{"@type":"ListItem","position":2,"name":"Javier Schnitman: \u201cMichel y Bahl son funcionales a Frigerio y Milei\u201d"}]},{"@type":"WebSite","@id":"https:\/\/diariodelsurdigital.com.ar\/#website","url":"https:\/\/diariodelsurdigital.com.ar\/","name":"Diario del Sur","description":"Digital","potentialAction":[{"@type":"SearchAction","target":{"@type":"EntryPoint","urlTemplate":"https:\/\/diariodelsurdigital.com.ar\/?s={search_term_string}"},"query-input":{"@type":"PropertyValueSpecification","valueRequired":true,"valueName":"search_term_string"}}],"inLanguage":"es"},{"@type":"Person","@id":"https:\/\/diariodelsurdigital.com.ar\/#\/schema\/person\/6136a32571657f7dba980b88b04c5465","name":"Diario del Sur Digital","image":{"@type":"ImageObject","inLanguage":"es","@id":"https:\/\/secure.gravatar.com\/avatar\/4c29ceac98541dd42460b2474aaa5dd37594d6ce6cb3cf2c101d09b48ee287ba?s=96&d=mm&r=g","url":"https:\/\/secure.gravatar.com\/avatar\/4c29ceac98541dd42460b2474aaa5dd37594d6ce6cb3cf2c101d09b48ee287ba?s=96&d=mm&r=g","contentUrl":"https:\/\/secure.gravatar.com\/avatar\/4c29ceac98541dd42460b2474aaa5dd37594d6ce6cb3cf2c101d09b48ee287ba?s=96&d=mm&r=g","caption":"Diario del Sur Digital"},"url":"https:\/\/diariodelsurdigital.com.ar\/?author=2"}]}},"_links":{"self":[{"href":"https:\/\/diariodelsurdigital.com.ar\/index.php?rest_route=\/wp\/v2\/posts\/4404","targetHints":{"allow":["GET"]}}],"collection":[{"href":"https:\/\/diariodelsurdigital.com.ar\/index.php?rest_route=\/wp\/v2\/posts"}],"about":[{"href":"https:\/\/diariodelsurdigital.com.ar\/index.php?rest_route=\/wp\/v2\/types\/post"}],"author":[{"embeddable":true,"href":"https:\/\/diariodelsurdigital.com.ar\/index.php?rest_route=\/wp\/v2\/users\/2"}],"replies":[{"embeddable":true,"href":"https:\/\/diariodelsurdigital.com.ar\/index.php?rest_route=%2Fwp%2Fv2%2Fcomments&post=4404"}],"version-history":[{"count":1,"href":"https:\/\/diariodelsurdigital.com.ar\/index.php?rest_route=\/wp\/v2\/posts\/4404\/revisions"}],"predecessor-version":[{"id":4406,"href":"https:\/\/diariodelsurdigital.com.ar\/index.php?rest_route=\/wp\/v2\/posts\/4404\/revisions\/4406"}],"wp:featuredmedia":[{"embeddable":true,"href":"https:\/\/diariodelsurdigital.com.ar\/index.php?rest_route=\/wp\/v2\/media\/4405"}],"wp:attachment":[{"href":"https:\/\/diariodelsurdigital.com.ar\/index.php?rest_route=%2Fwp%2Fv2%2Fmedia&parent=4404"}],"wp:term":[{"taxonomy":"category","embeddable":true,"href":"https:\/\/diariodelsurdigital.com.ar\/index.php?rest_route=%2Fwp%2Fv2%2Fcategories&post=4404"},{"taxonomy":"post_tag","embeddable":true,"href":"https:\/\/diariodelsurdigital.com.ar\/index.php?rest_route=%2Fwp%2Fv2%2Ftags&post=4404"}],"curies":[{"name":"wp","href":"https:\/\/api.w.org\/{rel}","templated":true}]}}