{"id":4414,"date":"2025-08-31T18:51:16","date_gmt":"2025-08-31T21:51:16","guid":{"rendered":"https:\/\/diariodelsurdigital.com.ar\/?p=4414"},"modified":"2025-08-31T18:51:17","modified_gmt":"2025-08-31T21:51:17","slug":"la-justicia-notifico-al-policia-que-disparo-a-su-pareja-y-luego-se-autolesiono-quedo-imputado-por-tentativa-de-femicidio","status":"publish","type":"post","link":"https:\/\/diariodelsurdigital.com.ar\/?p=4414","title":{"rendered":"La Justicia notific\u00f3 al polic\u00eda que dispar\u00f3 a su pareja y luego se autolesion\u00f3: qued\u00f3 imputado por tentativa de femicidio"},"content":{"rendered":"\n<figure class=\"wp-block-image\"><img decoding=\"async\" src=\"https:\/\/media.elentrerios.com\/fotos-v2\/2025\/08\/31\/l_1756672311.jpg\" alt=\"\" title=\"\"\/><\/figure>\n\n\n\n<p>As\u00ed lo confirm\u00f3 el fiscal de la causa Jorge Guti\u00e9rrez.<\/p>\n\n\n\n<p>El fiscal relat\u00f3 que \u201clo vio el medico policial, se le notificaron sus derechos y se le design\u00f3 un defensor oficial\u201d. Esto fue posible porque le bajaron la sedaci\u00f3n y ya puede respirar y comer por sus propios medios.<\/p>\n\n\n\n<p>Mariano Corval\u00e1n es el agente de polic\u00eda de 38 a\u00f1os que le dispar\u00f3 a su pareja, Carolina Huck, en la madrugada del lunes, y luego intent\u00f3 suicidarse. Inmediatamente ambos fueron trasladados al Hospital Centenario, donde permanecen a\u00fan en terapia intensiva con pron\u00f3stico reservado.<\/p>\n\n\n\n<p>La causa est\u00e1 a cargo del fiscal Jorge Guti\u00e9rrez, quien inform\u00f3 que la car\u00e1tula es tentativa de femicidio y la pena ser\u00eda de 10 a 15 a\u00f1os de c\u00e1rcel para el agresor. Gracias a que le bajaron la sedaci\u00f3n, pudo ser notificado por la Justicia: \u201cLo vio el m\u00e9dico policial, se le notificaron sus derechos, se le comunic\u00f3 que queda aprehendido por tentativa de femicidio y se le design\u00f3 un defensor oficial\u201d, expres\u00f3 Guti\u00e9rrez.<\/p>\n\n\n\n<p>Seg\u00fan los partes m\u00e9dicos a los que accedi\u00f3 Ahora El D\u00eda, Corval\u00e1n despert\u00f3 y est\u00e1 sin respirador ni tubo traqueal desde el viernes. Adem\u00e1s, le indicaron comer una dieta blanda y est\u00e1 con sedantes moderados.<\/p>\n\n\n\n<p>Adem\u00e1s, los especialistas est\u00e1n expectantes sobre su situaci\u00f3n neuroquir\u00fargica y sigue con una bater\u00eda de antibi\u00f3ticos a la espera del resultado de los cultivos porque tuvo fiebre hace unos d\u00edas atr\u00e1s. Tambi\u00e9n est\u00e1 sometido a un tratamiento con gotas oculares para desinflamar la zona a fin de que puedan operarle el parpado derecho. Ma\u00f1ana o el martes podr\u00eda pasar a sala com\u00fan.<\/p>\n\n\n\n<p>Por su parte, Carolina Huck, la docente baleada, despert\u00f3 y est\u00e1 sin respirador ni tubo traqueal desde el jueves. Adem\u00e1s, le sacaron uno de los tubos plurales y los drenajes abdominales. Tiene medicaci\u00f3n para dormir y podr\u00eda pasar entre hoy y ma\u00f1ana a una sala com\u00fan. Sin embargo, el informe m\u00e9dico no es alentador para Huck en el futuro: el proyectil lesion\u00f3 la m\u00e9dula \u00f3sea y podr\u00eda tener alg\u00fan tipo de par\u00e1lisis en la parte inferior del cuerpo.<\/p>\n\n\n\n<h3 class=\"wp-block-heading\">El caso<\/h3>\n\n\n\n<p>De acuerdo a lo relatado por el jefe de la Polic\u00eda Departamental Luis B\u00e1ez: \u201cEn horas de la noche del lunes un funcionario policial llam\u00f3 a la Sala del Comando Radioel\u00e9ctrico y dio aviso de que le hab\u00eda efectuado un disparo a su pareja y que necesitaba una ambulancia en el lugar urgente\u201d.<\/p>\n\n\n\n<p>B\u00e1ez precis\u00f3 que desde el comando alertaron al Hospital Centenario y a personal de la Comisar\u00eda Cuarta, que se present\u00f3 en el lugar, en Rioja casi Gutemberg, de Gualeguaych\u00fa.<\/p>\n\n\n\n<p>\u201cLlam\u00f3 a una hermana para que retire a su hija de 5 a\u00f1os de edad, y cuando lleg\u00f3 el m\u00f3vil policial, \u00e9l estaba en la vereda. Cuando lo ve se efect\u00faa un disparo con su arma reglamentaria, en la parte baja de la mand\u00edbula con una trayectoria ascendente\u201d, detall\u00f3.<\/p>\n\n\n\n<p>En ese momento, \u201csus compa\u00f1eros lo asistieron inmediatamente y lo llevaron en el m\u00f3vil al hospital, as\u00ed que pr\u00e1cticamente llegaron los dos al mismo tiempo. Fueron atendidos e intervenidos quir\u00fargicamente\u201d.<\/p>\n\n\n\n<p>Acerca de qu\u00e9 motiv\u00f3 el hecho, B\u00e1ez se\u00f1al\u00f3: \u201cEn el llamado, que qued\u00f3 registrado y va a ser elevado a fiscal\u00eda, \u00e9l mismo adujo que le efectu\u00f3 el disparo, entendemos que hubo una discusi\u00f3n. Tambi\u00e9n sabemos que estaba la menor en el lugar. Le dispar\u00f3 en la parte del t\u00f3rax, del lateral izquierdo al derecho, en la zona de las costillas, involucr\u00f3 varios \u00f3rganos, y en relaci\u00f3n a eso fue la intervenci\u00f3n quir\u00fargica que tuvo\u201d.<\/p>\n\n\n\n<p>Con respecto a la hija de ambos, el jefe policial afirm\u00f3 que \u201cest\u00e1 al resguardo del hermano de la se\u00f1ora, ya por disposici\u00f3n judicial, y tambi\u00e9n intervino el Copnaf\u201d.<\/p>\n\n\n\n<p>Fuente: El Entre Rios<\/p>\n","protected":false},"excerpt":{"rendered":"<p>As\u00ed lo confirm\u00f3 el fiscal de la causa Jorge Guti\u00e9rrez. El fiscal relat\u00f3 que \u201clo vio el medico policial, se le notificaron sus derechos y se le design\u00f3 un defensor oficial\u201d. Esto fue posible porque le bajaron la sedaci\u00f3n y ya puede respirar y comer por sus propios medios. Mariano Corval\u00e1n es el agente de [&hellip;]<\/p>\n","protected":false},"author":3,"featured_media":4415,"comment_status":"open","ping_status":"open","sticky":false,"template":"","format":"standard","meta":{"footnotes":""},"categories":[21],"tags":[],"class_list":{"0":"post-4414","1":"post","2":"type-post","3":"status-publish","4":"format-standard","5":"has-post-thumbnail","7":"category-policiales"},"yoast_head":"<!-- This site is optimized with the Yoast SEO plugin v27.4 - https:\/\/yoast.com\/product\/yoast-seo-wordpress\/ -->\n<title>La Justicia notific\u00f3 al polic\u00eda que dispar\u00f3 a su pareja y luego se autolesion\u00f3: qued\u00f3 imputado por tentativa de femicidio - Diario del Sur<\/title>\n<meta name=\"robots\" content=\"index, follow, max-snippet:-1, max-image-preview:large, max-video-preview:-1\" \/>\n<link rel=\"canonical\" href=\"https:\/\/diariodelsurdigital.com.ar\/?p=4414\" \/>\n<meta property=\"og:locale\" content=\"es_ES\" \/>\n<meta property=\"og:type\" content=\"article\" \/>\n<meta property=\"og:title\" content=\"La Justicia notific\u00f3 al polic\u00eda que dispar\u00f3 a su pareja y luego se autolesion\u00f3: qued\u00f3 imputado por tentativa de femicidio - Diario del Sur\" \/>\n<meta property=\"og:description\" content=\"As\u00ed lo confirm\u00f3 el fiscal de la causa Jorge Guti\u00e9rrez. El fiscal relat\u00f3 que \u201clo vio el medico policial, se le notificaron sus derechos y se le design\u00f3 un defensor oficial\u201d. Esto fue posible porque le bajaron la sedaci\u00f3n y ya puede respirar y comer por sus propios medios. Mariano Corval\u00e1n es el agente de [&hellip;]\" \/>\n<meta property=\"og:url\" content=\"https:\/\/diariodelsurdigital.com.ar\/?p=4414\" \/>\n<meta property=\"og:site_name\" content=\"Diario del Sur\" \/>\n<meta property=\"article:published_time\" content=\"2025-08-31T21:51:16+00:00\" \/>\n<meta property=\"article:modified_time\" content=\"2025-08-31T21:51:17+00:00\" \/>\n<meta property=\"og:image\" content=\"https:\/\/diariodelsurdigital.com.ar\/wp-content\/uploads\/2025\/08\/l_1756672311.jpg\" \/>\n\t<meta property=\"og:image:width\" content=\"870\" \/>\n\t<meta property=\"og:image:height\" content=\"580\" \/>\n\t<meta property=\"og:image:type\" content=\"image\/jpeg\" \/>\n<meta name=\"author\" content=\"Diario del Sur Digital\" \/>\n<meta name=\"twitter:card\" content=\"summary_large_image\" \/>\n<meta name=\"twitter:label1\" content=\"Escrito por\" \/>\n\t<meta name=\"twitter:data1\" content=\"Diario del Sur Digital\" \/>\n\t<meta name=\"twitter:label2\" content=\"Tiempo de lectura\" \/>\n\t<meta name=\"twitter:data2\" content=\"4 minutos\" \/>\n<script type=\"application\/ld+json\" class=\"yoast-schema-graph\">{\"@context\":\"https:\\\/\\\/schema.org\",\"@graph\":[{\"@type\":\"Article\",\"@id\":\"https:\\\/\\\/diariodelsurdigital.com.ar\\\/?p=4414#article\",\"isPartOf\":{\"@id\":\"https:\\\/\\\/diariodelsurdigital.com.ar\\\/?p=4414\"},\"author\":{\"name\":\"Diario del Sur Digital\",\"@id\":\"https:\\\/\\\/diariodelsurdigital.com.ar\\\/#\\\/schema\\\/person\\\/d794acb23337e88c6e4004a39c32be62\"},\"headline\":\"La Justicia notific\u00f3 al polic\u00eda que dispar\u00f3 a su pareja y luego se autolesion\u00f3: qued\u00f3 imputado por tentativa de femicidio\",\"datePublished\":\"2025-08-31T21:51:16+00:00\",\"dateModified\":\"2025-08-31T21:51:17+00:00\",\"mainEntityOfPage\":{\"@id\":\"https:\\\/\\\/diariodelsurdigital.com.ar\\\/?p=4414\"},\"wordCount\":697,\"commentCount\":0,\"image\":{\"@id\":\"https:\\\/\\\/diariodelsurdigital.com.ar\\\/?p=4414#primaryimage\"},\"thumbnailUrl\":\"https:\\\/\\\/diariodelsurdigital.com.ar\\\/wp-content\\\/uploads\\\/2025\\\/08\\\/l_1756672311.jpg\",\"articleSection\":[\"Policiales\"],\"inLanguage\":\"es\",\"potentialAction\":[{\"@type\":\"CommentAction\",\"name\":\"Comment\",\"target\":[\"https:\\\/\\\/diariodelsurdigital.com.ar\\\/?p=4414#respond\"]}]},{\"@type\":\"WebPage\",\"@id\":\"https:\\\/\\\/diariodelsurdigital.com.ar\\\/?p=4414\",\"url\":\"https:\\\/\\\/diariodelsurdigital.com.ar\\\/?p=4414\",\"name\":\"La Justicia notific\u00f3 al polic\u00eda que dispar\u00f3 a su pareja y luego se autolesion\u00f3: qued\u00f3 imputado por tentativa de femicidio - Diario del Sur\",\"isPartOf\":{\"@id\":\"https:\\\/\\\/diariodelsurdigital.com.ar\\\/#website\"},\"primaryImageOfPage\":{\"@id\":\"https:\\\/\\\/diariodelsurdigital.com.ar\\\/?p=4414#primaryimage\"},\"image\":{\"@id\":\"https:\\\/\\\/diariodelsurdigital.com.ar\\\/?p=4414#primaryimage\"},\"thumbnailUrl\":\"https:\\\/\\\/diariodelsurdigital.com.ar\\\/wp-content\\\/uploads\\\/2025\\\/08\\\/l_1756672311.jpg\",\"datePublished\":\"2025-08-31T21:51:16+00:00\",\"dateModified\":\"2025-08-31T21:51:17+00:00\",\"author\":{\"@id\":\"https:\\\/\\\/diariodelsurdigital.com.ar\\\/#\\\/schema\\\/person\\\/d794acb23337e88c6e4004a39c32be62\"},\"breadcrumb\":{\"@id\":\"https:\\\/\\\/diariodelsurdigital.com.ar\\\/?p=4414#breadcrumb\"},\"inLanguage\":\"es\",\"potentialAction\":[{\"@type\":\"ReadAction\",\"target\":[\"https:\\\/\\\/diariodelsurdigital.com.ar\\\/?p=4414\"]}]},{\"@type\":\"ImageObject\",\"inLanguage\":\"es\",\"@id\":\"https:\\\/\\\/diariodelsurdigital.com.ar\\\/?p=4414#primaryimage\",\"url\":\"https:\\\/\\\/diariodelsurdigital.com.ar\\\/wp-content\\\/uploads\\\/2025\\\/08\\\/l_1756672311.jpg\",\"contentUrl\":\"https:\\\/\\\/diariodelsurdigital.com.ar\\\/wp-content\\\/uploads\\\/2025\\\/08\\\/l_1756672311.jpg\",\"width\":870,\"height\":580},{\"@type\":\"BreadcrumbList\",\"@id\":\"https:\\\/\\\/diariodelsurdigital.com.ar\\\/?p=4414#breadcrumb\",\"itemListElement\":[{\"@type\":\"ListItem\",\"position\":1,\"name\":\"Portada\",\"item\":\"https:\\\/\\\/diariodelsurdigital.com.ar\\\/\"},{\"@type\":\"ListItem\",\"position\":2,\"name\":\"La Justicia notific\u00f3 al polic\u00eda que dispar\u00f3 a su pareja y luego se autolesion\u00f3: qued\u00f3 imputado por tentativa de femicidio\"}]},{\"@type\":\"WebSite\",\"@id\":\"https:\\\/\\\/diariodelsurdigital.com.ar\\\/#website\",\"url\":\"https:\\\/\\\/diariodelsurdigital.com.ar\\\/\",\"name\":\"Diario del Sur\",\"description\":\"Digital\",\"potentialAction\":[{\"@type\":\"SearchAction\",\"target\":{\"@type\":\"EntryPoint\",\"urlTemplate\":\"https:\\\/\\\/diariodelsurdigital.com.ar\\\/?s={search_term_string}\"},\"query-input\":{\"@type\":\"PropertyValueSpecification\",\"valueRequired\":true,\"valueName\":\"search_term_string\"}}],\"inLanguage\":\"es\"},{\"@type\":\"Person\",\"@id\":\"https:\\\/\\\/diariodelsurdigital.com.ar\\\/#\\\/schema\\\/person\\\/d794acb23337e88c6e4004a39c32be62\",\"name\":\"Diario del Sur Digital\",\"image\":{\"@type\":\"ImageObject\",\"inLanguage\":\"es\",\"@id\":\"https:\\\/\\\/secure.gravatar.com\\\/avatar\\\/47679bcfa15734cfdefc176b6ad58adeeccac22b2e03e095ada6c622af2b463a?s=96&d=mm&r=g\",\"url\":\"https:\\\/\\\/secure.gravatar.com\\\/avatar\\\/47679bcfa15734cfdefc176b6ad58adeeccac22b2e03e095ada6c622af2b463a?s=96&d=mm&r=g\",\"contentUrl\":\"https:\\\/\\\/secure.gravatar.com\\\/avatar\\\/47679bcfa15734cfdefc176b6ad58adeeccac22b2e03e095ada6c622af2b463a?s=96&d=mm&r=g\",\"caption\":\"Diario del Sur Digital\"},\"url\":\"https:\\\/\\\/diariodelsurdigital.com.ar\\\/?author=3\"}]}<\/script>\n<!-- \/ Yoast SEO plugin. -->","yoast_head_json":{"title":"La Justicia notific\u00f3 al polic\u00eda que dispar\u00f3 a su pareja y luego se autolesion\u00f3: qued\u00f3 imputado por tentativa de femicidio - Diario del Sur","robots":{"index":"index","follow":"follow","max-snippet":"max-snippet:-1","max-image-preview":"max-image-preview:large","max-video-preview":"max-video-preview:-1"},"canonical":"https:\/\/diariodelsurdigital.com.ar\/?p=4414","og_locale":"es_ES","og_type":"article","og_title":"La Justicia notific\u00f3 al polic\u00eda que dispar\u00f3 a su pareja y luego se autolesion\u00f3: qued\u00f3 imputado por tentativa de femicidio - Diario del Sur","og_description":"As\u00ed lo confirm\u00f3 el fiscal de la causa Jorge Guti\u00e9rrez. El fiscal relat\u00f3 que \u201clo vio el medico policial, se le notificaron sus derechos y se le design\u00f3 un defensor oficial\u201d. Esto fue posible porque le bajaron la sedaci\u00f3n y ya puede respirar y comer por sus propios medios. Mariano Corval\u00e1n es el agente de [&hellip;]","og_url":"https:\/\/diariodelsurdigital.com.ar\/?p=4414","og_site_name":"Diario del Sur","article_published_time":"2025-08-31T21:51:16+00:00","article_modified_time":"2025-08-31T21:51:17+00:00","og_image":[{"width":870,"height":580,"url":"https:\/\/diariodelsurdigital.com.ar\/wp-content\/uploads\/2025\/08\/l_1756672311.jpg","type":"image\/jpeg"}],"author":"Diario del Sur Digital","twitter_card":"summary_large_image","twitter_misc":{"Escrito por":"Diario del Sur Digital","Tiempo de lectura":"4 minutos"},"schema":{"@context":"https:\/\/schema.org","@graph":[{"@type":"Article","@id":"https:\/\/diariodelsurdigital.com.ar\/?p=4414#article","isPartOf":{"@id":"https:\/\/diariodelsurdigital.com.ar\/?p=4414"},"author":{"name":"Diario del Sur Digital","@id":"https:\/\/diariodelsurdigital.com.ar\/#\/schema\/person\/d794acb23337e88c6e4004a39c32be62"},"headline":"La Justicia notific\u00f3 al polic\u00eda que dispar\u00f3 a su pareja y luego se autolesion\u00f3: qued\u00f3 imputado por tentativa de femicidio","datePublished":"2025-08-31T21:51:16+00:00","dateModified":"2025-08-31T21:51:17+00:00","mainEntityOfPage":{"@id":"https:\/\/diariodelsurdigital.com.ar\/?p=4414"},"wordCount":697,"commentCount":0,"image":{"@id":"https:\/\/diariodelsurdigital.com.ar\/?p=4414#primaryimage"},"thumbnailUrl":"https:\/\/diariodelsurdigital.com.ar\/wp-content\/uploads\/2025\/08\/l_1756672311.jpg","articleSection":["Policiales"],"inLanguage":"es","potentialAction":[{"@type":"CommentAction","name":"Comment","target":["https:\/\/diariodelsurdigital.com.ar\/?p=4414#respond"]}]},{"@type":"WebPage","@id":"https:\/\/diariodelsurdigital.com.ar\/?p=4414","url":"https:\/\/diariodelsurdigital.com.ar\/?p=4414","name":"La Justicia notific\u00f3 al polic\u00eda que dispar\u00f3 a su pareja y luego se autolesion\u00f3: qued\u00f3 imputado por tentativa de femicidio - Diario del Sur","isPartOf":{"@id":"https:\/\/diariodelsurdigital.com.ar\/#website"},"primaryImageOfPage":{"@id":"https:\/\/diariodelsurdigital.com.ar\/?p=4414#primaryimage"},"image":{"@id":"https:\/\/diariodelsurdigital.com.ar\/?p=4414#primaryimage"},"thumbnailUrl":"https:\/\/diariodelsurdigital.com.ar\/wp-content\/uploads\/2025\/08\/l_1756672311.jpg","datePublished":"2025-08-31T21:51:16+00:00","dateModified":"2025-08-31T21:51:17+00:00","author":{"@id":"https:\/\/diariodelsurdigital.com.ar\/#\/schema\/person\/d794acb23337e88c6e4004a39c32be62"},"breadcrumb":{"@id":"https:\/\/diariodelsurdigital.com.ar\/?p=4414#breadcrumb"},"inLanguage":"es","potentialAction":[{"@type":"ReadAction","target":["https:\/\/diariodelsurdigital.com.ar\/?p=4414"]}]},{"@type":"ImageObject","inLanguage":"es","@id":"https:\/\/diariodelsurdigital.com.ar\/?p=4414#primaryimage","url":"https:\/\/diariodelsurdigital.com.ar\/wp-content\/uploads\/2025\/08\/l_1756672311.jpg","contentUrl":"https:\/\/diariodelsurdigital.com.ar\/wp-content\/uploads\/2025\/08\/l_1756672311.jpg","width":870,"height":580},{"@type":"BreadcrumbList","@id":"https:\/\/diariodelsurdigital.com.ar\/?p=4414#breadcrumb","itemListElement":[{"@type":"ListItem","position":1,"name":"Portada","item":"https:\/\/diariodelsurdigital.com.ar\/"},{"@type":"ListItem","position":2,"name":"La Justicia notific\u00f3 al polic\u00eda que dispar\u00f3 a su pareja y luego se autolesion\u00f3: qued\u00f3 imputado por tentativa de femicidio"}]},{"@type":"WebSite","@id":"https:\/\/diariodelsurdigital.com.ar\/#website","url":"https:\/\/diariodelsurdigital.com.ar\/","name":"Diario del Sur","description":"Digital","potentialAction":[{"@type":"SearchAction","target":{"@type":"EntryPoint","urlTemplate":"https:\/\/diariodelsurdigital.com.ar\/?s={search_term_string}"},"query-input":{"@type":"PropertyValueSpecification","valueRequired":true,"valueName":"search_term_string"}}],"inLanguage":"es"},{"@type":"Person","@id":"https:\/\/diariodelsurdigital.com.ar\/#\/schema\/person\/d794acb23337e88c6e4004a39c32be62","name":"Diario del Sur Digital","image":{"@type":"ImageObject","inLanguage":"es","@id":"https:\/\/secure.gravatar.com\/avatar\/47679bcfa15734cfdefc176b6ad58adeeccac22b2e03e095ada6c622af2b463a?s=96&d=mm&r=g","url":"https:\/\/secure.gravatar.com\/avatar\/47679bcfa15734cfdefc176b6ad58adeeccac22b2e03e095ada6c622af2b463a?s=96&d=mm&r=g","contentUrl":"https:\/\/secure.gravatar.com\/avatar\/47679bcfa15734cfdefc176b6ad58adeeccac22b2e03e095ada6c622af2b463a?s=96&d=mm&r=g","caption":"Diario del Sur Digital"},"url":"https:\/\/diariodelsurdigital.com.ar\/?author=3"}]}},"_links":{"self":[{"href":"https:\/\/diariodelsurdigital.com.ar\/index.php?rest_route=\/wp\/v2\/posts\/4414","targetHints":{"allow":["GET"]}}],"collection":[{"href":"https:\/\/diariodelsurdigital.com.ar\/index.php?rest_route=\/wp\/v2\/posts"}],"about":[{"href":"https:\/\/diariodelsurdigital.com.ar\/index.php?rest_route=\/wp\/v2\/types\/post"}],"author":[{"embeddable":true,"href":"https:\/\/diariodelsurdigital.com.ar\/index.php?rest_route=\/wp\/v2\/users\/3"}],"replies":[{"embeddable":true,"href":"https:\/\/diariodelsurdigital.com.ar\/index.php?rest_route=%2Fwp%2Fv2%2Fcomments&post=4414"}],"version-history":[{"count":1,"href":"https:\/\/diariodelsurdigital.com.ar\/index.php?rest_route=\/wp\/v2\/posts\/4414\/revisions"}],"predecessor-version":[{"id":4416,"href":"https:\/\/diariodelsurdigital.com.ar\/index.php?rest_route=\/wp\/v2\/posts\/4414\/revisions\/4416"}],"wp:featuredmedia":[{"embeddable":true,"href":"https:\/\/diariodelsurdigital.com.ar\/index.php?rest_route=\/wp\/v2\/media\/4415"}],"wp:attachment":[{"href":"https:\/\/diariodelsurdigital.com.ar\/index.php?rest_route=%2Fwp%2Fv2%2Fmedia&parent=4414"}],"wp:term":[{"taxonomy":"category","embeddable":true,"href":"https:\/\/diariodelsurdigital.com.ar\/index.php?rest_route=%2Fwp%2Fv2%2Fcategories&post=4414"},{"taxonomy":"post_tag","embeddable":true,"href":"https:\/\/diariodelsurdigital.com.ar\/index.php?rest_route=%2Fwp%2Fv2%2Ftags&post=4414"}],"curies":[{"name":"wp","href":"https:\/\/api.w.org\/{rel}","templated":true}]}}