{"id":4421,"date":"2025-09-01T09:52:27","date_gmt":"2025-09-01T12:52:27","guid":{"rendered":"https:\/\/diariodelsurdigital.com.ar\/?p=4421"},"modified":"2025-09-01T09:52:28","modified_gmt":"2025-09-01T12:52:28","slug":"corrientes-el-radicalismo-supero-la-fragmentacion-y-retuvo-la-provincia-en-primera-vuelta","status":"publish","type":"post","link":"https:\/\/diariodelsurdigital.com.ar\/?p=4421","title":{"rendered":"Corrientes: el radicalismo super\u00f3 la fragmentaci\u00f3n y retuvo la provincia en primera vuelta"},"content":{"rendered":"\n<p>El candidato de Vamos Corrientes, Juan Pablo Vald\u00e9s, se impuso al peronismo, al exmandatario Ricardo Colombi y a La Libertad Avanza. El chaque\u00f1o Leandro Zdero y el mendocino Alfredo Cornejo participaron de los festejos. La lentitud del escrutinio gener\u00f3 denuncias opositoras.<\/p>\n\n\n\n<p><\/p>\n\n\n\n<p>El candidato del oficialismo local, Juan Pablo Vald\u00e9s, gan\u00f3 este domingo las elecciones y ser\u00e1 el pr\u00f3ximo gobernador de Corrientes. El intendente de Ituzaing\u00f3 y hermano del actual mandatario, Gustavo Vald\u00e9s, se alz\u00f3 con la victoria en primera vuelta y evit\u00f3 llevar la definici\u00f3n al balotaje. De esta manera, ampliar\u00e1 la hegemon\u00eda de la Uni\u00f3n C\u00edvica Radical (UCR) en la pol\u00edtica provincial por al menos cuatro a\u00f1os m\u00e1s.<\/p>\n\n\n\n<p>En un lento escrutinio y reci\u00e9n computados los primeros n\u00fameros Vald\u00e9s, al frente del sello Vamos Corrientes, obten\u00eda el 52% de los votos, frente al 21% que sum\u00f3 el peronista Mart\u00edn Asc\u00faa, de Limpiar Corrientes. Tercero se ubic\u00f3 Ricardo Colombi, de Encuentro por Corrientes, con el 16% de los sufragios, mientras que el cuarto puesto fue para Lisandro Almir\u00f3n, de La Libertad Avanza (LLA), quien cosech\u00f3 el 10%. La otras tres fuerzas que compitieron quedaron relegadas al furg\u00f3n de cola en la lista.<\/p>\n\n\n\n<p>Marull: \u00abEl mercado no ve un triunfo del Gobierno en septiembre\u00bb<br>En el b\u00fanker radical, hubo fiesta de antemano. Llegaron hasta all\u00ed los gobernadores radicales Alfredo Cornejo (Mendoza) y Leandro Zdero (Chaco). Adem\u00e1s, hubo felicitaciones v\u00eda web de miembros del flamante frente Provincias Unidas, como Maximiliano Pullaro y Juan Schiaretti, entre otros. Llam\u00f3 la atenci\u00f3n, sin embargo, que no hubiera presencia de ninguno de los l\u00edderes de ese espacio, como s\u00ed ocurri\u00f3 el jueves, cuando participaron del cierre de campa\u00f1a.<\/p>\n\n\n\n<p>Festejos radicales por la victoria en primera vuelta<br>Conforme avanzaron las horas e incluso con la incertidumbre por la falta de resultados , los boinablanca salieron a adjudicarse la victoria con los primeros n\u00fameros que llegaban desde sus mesas testigo. Cerca de las 22, los hermanos Vald\u00e9s, junto a Zdero y Cornejo, caminaron desde la Gobernaci\u00f3n hasta el Comit\u00e9 Provincial de la UCR, donde celebraron en unidad el triunfo. Luego, partieron en caravana hacia el puerto de la capital, en medio de una gran fiesta en las calles.<\/p>\n\n\n\n<p>La compulsa se preve\u00eda con final incierto. Aunque el radicalismo llevaba las de ganar, lo cierto es que el desgaste de una gesti\u00f3n longeva y la imposibilidad del actual l\u00edder para buscar la reelecci\u00f3n, dado que cursa su segundo mandato, abrieron una ventana para una oposici\u00f3n que, dispersa, no la pudo aprovechar. Peronistas, libertarios y el sector de Colombi, quien comand\u00f3 los destinos de la provincia en tres periodos, se repartieron el grueso de las boletas contrarias a la UCR.<\/p>\n\n\n\n<p>Fue, adem\u00e1s, reflejo de un fen\u00f3meno que viene repiti\u00e9ndose en las sucesivas elecciones del 2025: la victoria de los oficialismos provinciales. Santa Fe, Misiones, Chaco, San Luis, Salta, Formosa y Jujuy, por caso, con la \u00fanica excepci\u00f3n de CABA, donde se impuso LLA y el PRO de Jorge Macri cay\u00f3 al tercer puesto, incluso superado por el peronismo.<\/p>\n\n\n\n<p>La jornada hab\u00eda empezado con inconvenientes en escuelas de la capital provincial. Siendo las 8:30, algunas de ellas todav\u00eda no hab\u00edan abierto sus puertas, consecuencia de la falta de autoridades de mesa. Eso gener\u00f3 la protesta de los primeros votantes que se acercaron con las primeras luces de la ma\u00f1ana. Aunque hubo discusiones con la polic\u00eda, finalmente la situaci\u00f3n se normaliz\u00f3 y no hubo grandes sobresaltos.<\/p>\n\n\n\n<p>El gobernador Gustavo Vald\u00e9s emiti\u00f3 su voto pasadas las 10 en la escuela Domingo Faustino Sarmiento de la ciudad de Corrientes. En di\u00e1logo con la prensa, el dirigente, que ser\u00e1 senador provincial, denunci\u00f3 que esta fue la \u00abcampa\u00f1a m\u00e1s sucia que recuerde\u00bb. Habl\u00f3, tambi\u00e9n, sobre los contratiempos que demoraron el inicio del comicio, pero explic\u00f3 que se trat\u00f3 de \u00abdemoras naturales\u00bb. Consultado respecto a si contin\u00faa la b\u00fasqueda del ni\u00f1o Loan Pe\u00f1a, sorprendi\u00f3 con una respuesta peculiar. \u201cLa Justicia Federal y todos los correntinos seguimos buscando a Loan y a Nisman, lanz\u00f3.<\/p>\n\n\n\n<p>Acto seguido, se refiri\u00f3 a los incidentes que hubo en el cierre de campa\u00f1a de LLA, cuando Karina Milei y Mart\u00edn Menem visitaron la provincia, asegur\u00f3 que \u00abson lamentables los hechos de violencia que estamos viviendo en la Argentina\u00bb y afirm\u00f3 que \u00aben Corrientes nunca hab\u00edamos pasado estas situaciones\u00bb.<\/p>\n\n\n\n<p>Vale destacar que esta elecci\u00f3n fue la primera luego del esc\u00e1ndalo de corrupci\u00f3n en la Agencia Nacional de Discapacidad (ANDIS), revelado por su extitular Diego Spagnuolo, que salpica a la plana mayor de la gesti\u00f3n libertaria. Por eso, la performance de Lisandro Almir\u00f3n acapar\u00f3 la atenci\u00f3n de la opini\u00f3n p\u00fablica. Al diputado nacional no le alcanz\u00f3 pegarse a la marca Milei para trepar posiciones. Finaliz\u00f3 cuarto de siete y \u00faltimo entre los candidatos con mayor proyecci\u00f3n.<\/p>\n\n\n\n<p>Quedar\u00e1 la duda de si la trama ANDIS impact\u00f3 en su performance. Todas las encuestas previas anticipaban que el dirigente violeta se ubicaba como furg\u00f3n de cola del cuarteto central. Al emitir su voto en la capital correntina, el legislador regal\u00f3 ejemplares de la Constituci\u00f3n Nacional a los fiscales y autoridades de su mesa. Tambi\u00e9n ensalz\u00f3 a la figura de Juan Bautista Alberdi y dijo que \u00abel sistema electoral correntino no es transparente\u00bb.<\/p>\n\n\n\n<p>Almir\u00f3n vot\u00f3 en una escuela c\u00e9ntrica de la ciudad de Corrientes poco antes del mediod\u00eda. All\u00ed denunci\u00f3 que el sistema electoral de la provincia \u201cno es transparente\u201d y se quej\u00f3 porque no hubo una instancia de debate en la antesala de los comicios. Como dato de color, les regal\u00f3 ejemplares de la Constituci\u00f3n Nacional a todos los fiscales y autoridades de la mesa en la sufrag\u00f3.<\/p>\n\n\n\n<p>En el peronismo, echaron a rodar sospechas sobre un escrutinio que brill\u00f3 por su desprolijidad. Ya se hab\u00edan presentado previamente a la Justicia para pedir informaci\u00f3n al respecto, obteniendo respuesta nula por parte de los tribunales. Resta saber qu\u00e9 camino tomar\u00e1n en cuarteles celestes en los pr\u00f3ximos d\u00edas al respecto.<\/p>\n\n\n\n<p>Adem\u00e1s de ganar la compulsa provincial, el radicalismo y sus aliados tambi\u00e9n se impusieron en ciudades clave como Corrientes, Mercedes e incluso en Paso de los Libres, donde gobierna el retador Asc\u00faa. A partir de diciembre, Gustavo Vald\u00e9s iniciar\u00e1 su camino en el Senado provincial. Una de las inc\u00f3gnitas es si buscar\u00e1 comandar la UCR nacional, tal vez con miras a una aventura m\u00e1s ambiciosa en el futuro. Hoy en d\u00eda est\u00e1 enfrentado al titular del partido, el senador Mart\u00edn Lousteau, inform\u00f3 \u00c1mbito. (<\/p>\n","protected":false},"excerpt":{"rendered":"<p>El candidato de Vamos Corrientes, Juan Pablo Vald\u00e9s, se impuso al peronismo, al exmandatario Ricardo Colombi y a La Libertad Avanza. El chaque\u00f1o Leandro Zdero y el mendocino Alfredo Cornejo participaron de los festejos. La lentitud del escrutinio gener\u00f3 denuncias opositoras. El candidato del oficialismo local, Juan Pablo Vald\u00e9s, gan\u00f3 este domingo las elecciones y [&hellip;]<\/p>\n","protected":false},"author":4,"featured_media":4422,"comment_status":"open","ping_status":"open","sticky":false,"template":"","format":"standard","meta":{"footnotes":""},"categories":[18,22],"tags":[],"class_list":{"0":"post-4421","1":"post","2":"type-post","3":"status-publish","4":"format-standard","5":"has-post-thumbnail","7":"category-nacionales","8":"category-politica"},"yoast_head":"<!-- This site is optimized with the Yoast SEO plugin v27.4 - https:\/\/yoast.com\/product\/yoast-seo-wordpress\/ -->\n<title>Corrientes: el radicalismo super\u00f3 la fragmentaci\u00f3n y retuvo la provincia en primera vuelta - Diario del Sur<\/title>\n<meta name=\"robots\" content=\"index, follow, max-snippet:-1, max-image-preview:large, max-video-preview:-1\" \/>\n<link rel=\"canonical\" href=\"https:\/\/diariodelsurdigital.com.ar\/?p=4421\" \/>\n<meta property=\"og:locale\" content=\"es_ES\" \/>\n<meta property=\"og:type\" content=\"article\" \/>\n<meta property=\"og:title\" content=\"Corrientes: el radicalismo super\u00f3 la fragmentaci\u00f3n y retuvo la provincia en primera vuelta - Diario del Sur\" \/>\n<meta property=\"og:description\" content=\"El candidato de Vamos Corrientes, Juan Pablo Vald\u00e9s, se impuso al peronismo, al exmandatario Ricardo Colombi y a La Libertad Avanza. El chaque\u00f1o Leandro Zdero y el mendocino Alfredo Cornejo participaron de los festejos. La lentitud del escrutinio gener\u00f3 denuncias opositoras. El candidato del oficialismo local, Juan Pablo Vald\u00e9s, gan\u00f3 este domingo las elecciones y [&hellip;]\" \/>\n<meta property=\"og:url\" content=\"https:\/\/diariodelsurdigital.com.ar\/?p=4421\" \/>\n<meta property=\"og:site_name\" content=\"Diario del Sur\" \/>\n<meta property=\"article:published_time\" content=\"2025-09-01T12:52:27+00:00\" \/>\n<meta property=\"article:modified_time\" content=\"2025-09-01T12:52:28+00:00\" \/>\n<meta property=\"og:image\" content=\"https:\/\/diariodelsurdigital.com.ar\/wp-content\/uploads\/2025\/09\/md-5.webp\" \/>\n\t<meta property=\"og:image:width\" content=\"992\" \/>\n\t<meta property=\"og:image:height\" content=\"644\" \/>\n\t<meta property=\"og:image:type\" content=\"image\/webp\" \/>\n<meta name=\"author\" content=\"Diario del Sur Digital\" \/>\n<meta name=\"twitter:card\" content=\"summary_large_image\" \/>\n<meta name=\"twitter:label1\" content=\"Escrito por\" \/>\n\t<meta name=\"twitter:data1\" content=\"Diario del Sur Digital\" \/>\n\t<meta name=\"twitter:label2\" content=\"Tiempo de lectura\" \/>\n\t<meta name=\"twitter:data2\" content=\"6 minutos\" \/>\n<script type=\"application\/ld+json\" class=\"yoast-schema-graph\">{\"@context\":\"https:\\\/\\\/schema.org\",\"@graph\":[{\"@type\":\"Article\",\"@id\":\"https:\\\/\\\/diariodelsurdigital.com.ar\\\/?p=4421#article\",\"isPartOf\":{\"@id\":\"https:\\\/\\\/diariodelsurdigital.com.ar\\\/?p=4421\"},\"author\":{\"name\":\"Diario del Sur Digital\",\"@id\":\"https:\\\/\\\/diariodelsurdigital.com.ar\\\/#\\\/schema\\\/person\\\/1a4992532ed62965c968031b49195c81\"},\"headline\":\"Corrientes: el radicalismo super\u00f3 la fragmentaci\u00f3n y retuvo la provincia en primera vuelta\",\"datePublished\":\"2025-09-01T12:52:27+00:00\",\"dateModified\":\"2025-09-01T12:52:28+00:00\",\"mainEntityOfPage\":{\"@id\":\"https:\\\/\\\/diariodelsurdigital.com.ar\\\/?p=4421\"},\"wordCount\":1142,\"commentCount\":0,\"image\":{\"@id\":\"https:\\\/\\\/diariodelsurdigital.com.ar\\\/?p=4421#primaryimage\"},\"thumbnailUrl\":\"https:\\\/\\\/diariodelsurdigital.com.ar\\\/wp-content\\\/uploads\\\/2025\\\/09\\\/md-5.webp\",\"articleSection\":[\"Nacionales\",\"Pol\u00edtica\"],\"inLanguage\":\"es\",\"potentialAction\":[{\"@type\":\"CommentAction\",\"name\":\"Comment\",\"target\":[\"https:\\\/\\\/diariodelsurdigital.com.ar\\\/?p=4421#respond\"]}]},{\"@type\":\"WebPage\",\"@id\":\"https:\\\/\\\/diariodelsurdigital.com.ar\\\/?p=4421\",\"url\":\"https:\\\/\\\/diariodelsurdigital.com.ar\\\/?p=4421\",\"name\":\"Corrientes: el radicalismo super\u00f3 la fragmentaci\u00f3n y retuvo la provincia en primera vuelta - Diario del Sur\",\"isPartOf\":{\"@id\":\"https:\\\/\\\/diariodelsurdigital.com.ar\\\/#website\"},\"primaryImageOfPage\":{\"@id\":\"https:\\\/\\\/diariodelsurdigital.com.ar\\\/?p=4421#primaryimage\"},\"image\":{\"@id\":\"https:\\\/\\\/diariodelsurdigital.com.ar\\\/?p=4421#primaryimage\"},\"thumbnailUrl\":\"https:\\\/\\\/diariodelsurdigital.com.ar\\\/wp-content\\\/uploads\\\/2025\\\/09\\\/md-5.webp\",\"datePublished\":\"2025-09-01T12:52:27+00:00\",\"dateModified\":\"2025-09-01T12:52:28+00:00\",\"author\":{\"@id\":\"https:\\\/\\\/diariodelsurdigital.com.ar\\\/#\\\/schema\\\/person\\\/1a4992532ed62965c968031b49195c81\"},\"breadcrumb\":{\"@id\":\"https:\\\/\\\/diariodelsurdigital.com.ar\\\/?p=4421#breadcrumb\"},\"inLanguage\":\"es\",\"potentialAction\":[{\"@type\":\"ReadAction\",\"target\":[\"https:\\\/\\\/diariodelsurdigital.com.ar\\\/?p=4421\"]}]},{\"@type\":\"ImageObject\",\"inLanguage\":\"es\",\"@id\":\"https:\\\/\\\/diariodelsurdigital.com.ar\\\/?p=4421#primaryimage\",\"url\":\"https:\\\/\\\/diariodelsurdigital.com.ar\\\/wp-content\\\/uploads\\\/2025\\\/09\\\/md-5.webp\",\"contentUrl\":\"https:\\\/\\\/diariodelsurdigital.com.ar\\\/wp-content\\\/uploads\\\/2025\\\/09\\\/md-5.webp\",\"width\":992,\"height\":644},{\"@type\":\"BreadcrumbList\",\"@id\":\"https:\\\/\\\/diariodelsurdigital.com.ar\\\/?p=4421#breadcrumb\",\"itemListElement\":[{\"@type\":\"ListItem\",\"position\":1,\"name\":\"Portada\",\"item\":\"https:\\\/\\\/diariodelsurdigital.com.ar\\\/\"},{\"@type\":\"ListItem\",\"position\":2,\"name\":\"Corrientes: el radicalismo super\u00f3 la fragmentaci\u00f3n y retuvo la provincia en primera vuelta\"}]},{\"@type\":\"WebSite\",\"@id\":\"https:\\\/\\\/diariodelsurdigital.com.ar\\\/#website\",\"url\":\"https:\\\/\\\/diariodelsurdigital.com.ar\\\/\",\"name\":\"Diario del Sur\",\"description\":\"Digital\",\"potentialAction\":[{\"@type\":\"SearchAction\",\"target\":{\"@type\":\"EntryPoint\",\"urlTemplate\":\"https:\\\/\\\/diariodelsurdigital.com.ar\\\/?s={search_term_string}\"},\"query-input\":{\"@type\":\"PropertyValueSpecification\",\"valueRequired\":true,\"valueName\":\"search_term_string\"}}],\"inLanguage\":\"es\"},{\"@type\":\"Person\",\"@id\":\"https:\\\/\\\/diariodelsurdigital.com.ar\\\/#\\\/schema\\\/person\\\/1a4992532ed62965c968031b49195c81\",\"name\":\"Diario del Sur Digital\",\"image\":{\"@type\":\"ImageObject\",\"inLanguage\":\"es\",\"@id\":\"https:\\\/\\\/secure.gravatar.com\\\/avatar\\\/f0c7c47fc7146d19828273b9b8eda651c9c7ab583767e6338d3d3bee825adf76?s=96&d=mm&r=g\",\"url\":\"https:\\\/\\\/secure.gravatar.com\\\/avatar\\\/f0c7c47fc7146d19828273b9b8eda651c9c7ab583767e6338d3d3bee825adf76?s=96&d=mm&r=g\",\"contentUrl\":\"https:\\\/\\\/secure.gravatar.com\\\/avatar\\\/f0c7c47fc7146d19828273b9b8eda651c9c7ab583767e6338d3d3bee825adf76?s=96&d=mm&r=g\",\"caption\":\"Diario del Sur Digital\"},\"url\":\"https:\\\/\\\/diariodelsurdigital.com.ar\\\/?author=4\"}]}<\/script>\n<!-- \/ Yoast SEO plugin. -->","yoast_head_json":{"title":"Corrientes: el radicalismo super\u00f3 la fragmentaci\u00f3n y retuvo la provincia en primera vuelta - Diario del Sur","robots":{"index":"index","follow":"follow","max-snippet":"max-snippet:-1","max-image-preview":"max-image-preview:large","max-video-preview":"max-video-preview:-1"},"canonical":"https:\/\/diariodelsurdigital.com.ar\/?p=4421","og_locale":"es_ES","og_type":"article","og_title":"Corrientes: el radicalismo super\u00f3 la fragmentaci\u00f3n y retuvo la provincia en primera vuelta - Diario del Sur","og_description":"El candidato de Vamos Corrientes, Juan Pablo Vald\u00e9s, se impuso al peronismo, al exmandatario Ricardo Colombi y a La Libertad Avanza. El chaque\u00f1o Leandro Zdero y el mendocino Alfredo Cornejo participaron de los festejos. La lentitud del escrutinio gener\u00f3 denuncias opositoras. El candidato del oficialismo local, Juan Pablo Vald\u00e9s, gan\u00f3 este domingo las elecciones y [&hellip;]","og_url":"https:\/\/diariodelsurdigital.com.ar\/?p=4421","og_site_name":"Diario del Sur","article_published_time":"2025-09-01T12:52:27+00:00","article_modified_time":"2025-09-01T12:52:28+00:00","og_image":[{"width":992,"height":644,"url":"https:\/\/diariodelsurdigital.com.ar\/wp-content\/uploads\/2025\/09\/md-5.webp","type":"image\/webp"}],"author":"Diario del Sur Digital","twitter_card":"summary_large_image","twitter_misc":{"Escrito por":"Diario del Sur Digital","Tiempo de lectura":"6 minutos"},"schema":{"@context":"https:\/\/schema.org","@graph":[{"@type":"Article","@id":"https:\/\/diariodelsurdigital.com.ar\/?p=4421#article","isPartOf":{"@id":"https:\/\/diariodelsurdigital.com.ar\/?p=4421"},"author":{"name":"Diario del Sur Digital","@id":"https:\/\/diariodelsurdigital.com.ar\/#\/schema\/person\/1a4992532ed62965c968031b49195c81"},"headline":"Corrientes: el radicalismo super\u00f3 la fragmentaci\u00f3n y retuvo la provincia en primera vuelta","datePublished":"2025-09-01T12:52:27+00:00","dateModified":"2025-09-01T12:52:28+00:00","mainEntityOfPage":{"@id":"https:\/\/diariodelsurdigital.com.ar\/?p=4421"},"wordCount":1142,"commentCount":0,"image":{"@id":"https:\/\/diariodelsurdigital.com.ar\/?p=4421#primaryimage"},"thumbnailUrl":"https:\/\/diariodelsurdigital.com.ar\/wp-content\/uploads\/2025\/09\/md-5.webp","articleSection":["Nacionales","Pol\u00edtica"],"inLanguage":"es","potentialAction":[{"@type":"CommentAction","name":"Comment","target":["https:\/\/diariodelsurdigital.com.ar\/?p=4421#respond"]}]},{"@type":"WebPage","@id":"https:\/\/diariodelsurdigital.com.ar\/?p=4421","url":"https:\/\/diariodelsurdigital.com.ar\/?p=4421","name":"Corrientes: el radicalismo super\u00f3 la fragmentaci\u00f3n y retuvo la provincia en primera vuelta - Diario del Sur","isPartOf":{"@id":"https:\/\/diariodelsurdigital.com.ar\/#website"},"primaryImageOfPage":{"@id":"https:\/\/diariodelsurdigital.com.ar\/?p=4421#primaryimage"},"image":{"@id":"https:\/\/diariodelsurdigital.com.ar\/?p=4421#primaryimage"},"thumbnailUrl":"https:\/\/diariodelsurdigital.com.ar\/wp-content\/uploads\/2025\/09\/md-5.webp","datePublished":"2025-09-01T12:52:27+00:00","dateModified":"2025-09-01T12:52:28+00:00","author":{"@id":"https:\/\/diariodelsurdigital.com.ar\/#\/schema\/person\/1a4992532ed62965c968031b49195c81"},"breadcrumb":{"@id":"https:\/\/diariodelsurdigital.com.ar\/?p=4421#breadcrumb"},"inLanguage":"es","potentialAction":[{"@type":"ReadAction","target":["https:\/\/diariodelsurdigital.com.ar\/?p=4421"]}]},{"@type":"ImageObject","inLanguage":"es","@id":"https:\/\/diariodelsurdigital.com.ar\/?p=4421#primaryimage","url":"https:\/\/diariodelsurdigital.com.ar\/wp-content\/uploads\/2025\/09\/md-5.webp","contentUrl":"https:\/\/diariodelsurdigital.com.ar\/wp-content\/uploads\/2025\/09\/md-5.webp","width":992,"height":644},{"@type":"BreadcrumbList","@id":"https:\/\/diariodelsurdigital.com.ar\/?p=4421#breadcrumb","itemListElement":[{"@type":"ListItem","position":1,"name":"Portada","item":"https:\/\/diariodelsurdigital.com.ar\/"},{"@type":"ListItem","position":2,"name":"Corrientes: el radicalismo super\u00f3 la fragmentaci\u00f3n y retuvo la provincia en primera vuelta"}]},{"@type":"WebSite","@id":"https:\/\/diariodelsurdigital.com.ar\/#website","url":"https:\/\/diariodelsurdigital.com.ar\/","name":"Diario del Sur","description":"Digital","potentialAction":[{"@type":"SearchAction","target":{"@type":"EntryPoint","urlTemplate":"https:\/\/diariodelsurdigital.com.ar\/?s={search_term_string}"},"query-input":{"@type":"PropertyValueSpecification","valueRequired":true,"valueName":"search_term_string"}}],"inLanguage":"es"},{"@type":"Person","@id":"https:\/\/diariodelsurdigital.com.ar\/#\/schema\/person\/1a4992532ed62965c968031b49195c81","name":"Diario del Sur Digital","image":{"@type":"ImageObject","inLanguage":"es","@id":"https:\/\/secure.gravatar.com\/avatar\/f0c7c47fc7146d19828273b9b8eda651c9c7ab583767e6338d3d3bee825adf76?s=96&d=mm&r=g","url":"https:\/\/secure.gravatar.com\/avatar\/f0c7c47fc7146d19828273b9b8eda651c9c7ab583767e6338d3d3bee825adf76?s=96&d=mm&r=g","contentUrl":"https:\/\/secure.gravatar.com\/avatar\/f0c7c47fc7146d19828273b9b8eda651c9c7ab583767e6338d3d3bee825adf76?s=96&d=mm&r=g","caption":"Diario del Sur Digital"},"url":"https:\/\/diariodelsurdigital.com.ar\/?author=4"}]}},"_links":{"self":[{"href":"https:\/\/diariodelsurdigital.com.ar\/index.php?rest_route=\/wp\/v2\/posts\/4421","targetHints":{"allow":["GET"]}}],"collection":[{"href":"https:\/\/diariodelsurdigital.com.ar\/index.php?rest_route=\/wp\/v2\/posts"}],"about":[{"href":"https:\/\/diariodelsurdigital.com.ar\/index.php?rest_route=\/wp\/v2\/types\/post"}],"author":[{"embeddable":true,"href":"https:\/\/diariodelsurdigital.com.ar\/index.php?rest_route=\/wp\/v2\/users\/4"}],"replies":[{"embeddable":true,"href":"https:\/\/diariodelsurdigital.com.ar\/index.php?rest_route=%2Fwp%2Fv2%2Fcomments&post=4421"}],"version-history":[{"count":1,"href":"https:\/\/diariodelsurdigital.com.ar\/index.php?rest_route=\/wp\/v2\/posts\/4421\/revisions"}],"predecessor-version":[{"id":4423,"href":"https:\/\/diariodelsurdigital.com.ar\/index.php?rest_route=\/wp\/v2\/posts\/4421\/revisions\/4423"}],"wp:featuredmedia":[{"embeddable":true,"href":"https:\/\/diariodelsurdigital.com.ar\/index.php?rest_route=\/wp\/v2\/media\/4422"}],"wp:attachment":[{"href":"https:\/\/diariodelsurdigital.com.ar\/index.php?rest_route=%2Fwp%2Fv2%2Fmedia&parent=4421"}],"wp:term":[{"taxonomy":"category","embeddable":true,"href":"https:\/\/diariodelsurdigital.com.ar\/index.php?rest_route=%2Fwp%2Fv2%2Fcategories&post=4421"},{"taxonomy":"post_tag","embeddable":true,"href":"https:\/\/diariodelsurdigital.com.ar\/index.php?rest_route=%2Fwp%2Fv2%2Ftags&post=4421"}],"curies":[{"name":"wp","href":"https:\/\/api.w.org\/{rel}","templated":true}]}}