{"id":4424,"date":"2025-09-01T09:57:19","date_gmt":"2025-09-01T12:57:19","guid":{"rendered":"https:\/\/diariodelsurdigital.com.ar\/?p=4424"},"modified":"2025-09-01T09:57:21","modified_gmt":"2025-09-01T12:57:21","slug":"coimas-en-la-andis-el-gobierno-revisa-las-bajas-de-pensiones-por-discapacidad-y-admite-que-se-cometieron-errores","status":"publish","type":"post","link":"https:\/\/diariodelsurdigital.com.ar\/?p=4424","title":{"rendered":"Coimas en la Andis: el Gobierno revisa las bajas de pensiones por discapacidad y admite que se cometieron errores"},"content":{"rendered":"\n<p>Se anularon m\u00e1s de 111 mil beneficios, pero creen que hubo tr\u00e1mites mal realizados. Son datos que se conocen en medio del esc\u00e1ndalo de los audios por supuestas coimas en la compra de medicamentos. Las bajas se adoptaron tras el resultado de la auditor\u00eda que Diego Spagnuolo inici\u00f3 en enero, con un procedimiento basado en citaciones dirigidas por carta documento al domicilio que figuraban en los tr\u00e1mites originales, de las cuales muchas no llegaron a destino y otras no fueron contestadas.<\/p>\n\n\n\n<p><\/p>\n\n\n\n<p>Al esc\u00e1ndalo por las supuestas coimas en la compra de medicamentos durante la gesti\u00f3n de Diego Spagnuolo al frente de la Administraci\u00f3n Nacional de Discapacidad (Andis), el Gobierno puso bajo an\u00e1lisis los procedimientos aplicados para la baja de m\u00e1s de 111 mil pensiones por invalidez laboral. Y en las primeras indagaciones, detect\u00f3 errores.<\/p>\n\n\n\n<p>Tras la difusi\u00f3n de los audios, el Ejecutivo puso en marcha una auditor\u00eda integral sobre la labor de Diego Spagnuolo, extendiendo el an\u00e1lisis m\u00e1s all\u00e1 de los contratos con la droguer\u00eda Suizo Argentina, para abarcar la metodolog\u00eda empleada en la suspensi\u00f3n de estos beneficios.<\/p>\n\n\n\n<p>El funcionario desplazado despu\u00e9s del esc\u00e1ndalo hab\u00eda sido designado con la misi\u00f3n de ordenar el funcionamiento de la Andis y depurar el padr\u00f3n de m\u00e1s de 1.250.000 pensiones no contributivas por invalidez laboral, que creci\u00f3 durante los gobiernos kirchneristas. La sospecha es que se utilizaron como plan social, desvirtuando su objetivo, indic\u00f3 Infobae.<\/p>\n\n\n\n<p>El jefe de Gabinete, Guillermo Francos, en su informe del mi\u00e9rcoles pasado ante la C\u00e1mara de Diputados transmiti\u00f3 que la Administraci\u00f3n Nacional de Discapacidad hab\u00eda dado de baja 111.463 pensiones no contributivas por invalidez laboral. Fue el resultado de la auditor\u00eda que el propio Spagnuolo inici\u00f3 en enero, con un procedimiento basado en citaciones dirigidas por carta documento al domicilio que figuraban en los tr\u00e1mites originales.<\/p>\n\n\n\n<p>De acuerdo con la informaci\u00f3n enviada a los diputados por la Jefatura de Gabinete, del casi mill\u00f3n de citaciones, la mitad no respondi\u00f3 o no lleg\u00f3 siquiera a destino. Las cifras oficiales muestran que el proceso de citaci\u00f3n presenta dificultades significativas. De las 997.654 citaciones emitidas, 504.802 no fueron entregadas, lo que representa un 50,59 % del total.<\/p>\n\n\n\n<p>El desglose provincial revela disparidades notables: en Chaco, el 79,08 % de las citaciones no lleg\u00f3 a destino, mientras que en Buenos Aires el porcentaje fue del 38,26%. Otras provincias, como Formosa y Misiones, tambi\u00e9n registraron tasas elevadas de notificaciones fallidas, con 73,91% y 73,57% respectivamente.<\/p>\n\n\n\n<p>Esta semana, junto con el esc\u00e1ndalo por los audios sobre supuestas coimas en la compra de medicamentos, las oficinas de Andis fueron epicentro de reclamos de beneficiarios que reclamaban porque dejaron de cobrar los 280 mil pesos mensuales.<\/p>\n\n\n\n<p>\u201cHubo errores y lo estamos investigando. La revisi\u00f3n de las pensiones por discapacidad va a continuar, pero es cierto que algunas fueron dadas de baja de manera incorrecta\u201d, admitieron fuentes oficiales.<\/p>\n\n\n\n<p>Despu\u00e9s de las filtraciones de los audios, el Gobierno ech\u00f3 a Spagnuolo, intervino Andis y nombr\u00f3 a Alejandro Vilches para revisar toda la actuaci\u00f3n de quien fuera abogado personal de Javier Milei y una persona de su c\u00edrculo m\u00e1s \u00edntimo. La designaci\u00f3n formal ocurri\u00f3 el lunes y el jueves se firm\u00f3 la orden de auditar con apoyo de la Sindicatura General de la Naci\u00f3n (Sigen) las cuentas y los procedimientos.<\/p>\n\n\n\n<p>Gestiones opacas<\/p>\n\n\n\n<p>En las primeras indagaciones -con el tel\u00f3n de fondo del esc\u00e1ndalo pol\u00edtico que puso en zozobra al Gobierno- se detectaron procedimientos discrecionales para la compra de medicamentos, que se hac\u00edan mediante correos electr\u00f3nicos y por fuera del sistema Compr.Ar, que tiene la administraci\u00f3n p\u00fablica central.<\/p>\n\n\n\n<p>En casi 20 meses de gesti\u00f3n, Spagnuolo no modific\u00f3 esos procedimientos opacos de contrataci\u00f3n, que ten\u00eda al programa Incluir Salud, que depend\u00eda de Andis, como responsable de adquirir los medicamentos y tratamientos para las personas con discapacidad.<\/p>\n\n\n\n<p>All\u00ed es donde se habr\u00edan producido las irregularidades que se ventilaron por los audios grabados de manera clandestina y en los que el ex funcionario salpica a Eduardo \u201cLule\u201d Menem. \u201cEst\u00e1n todas las empresas calientes. Es cuesti\u00f3n de que vayan a preguntar para que los tipos empiecen a hablar\u201d, se lo escuch\u00f3 decir a Spagnuolo.<\/p>\n\n\n\n<p>\u201cA ver, nosotros ya tenemos todos repartido. Vos sab\u00e9s que vend\u00e9s 10. Yo s\u00e9 que vendo 15 y este vende 40 y este vende 30. Esa era la repartija que hab\u00eda. Este vend\u00eda 30, la Suizo. \u00bfHoy qu\u00e9 pasa? La Suizo vende 60 y ustedes venden 10, 10 y 20. Y venden poronga. Lo bueno lo vendo yo y vendo la mayor cantidad y cobro siempre primero, y todo. Esta que ten\u00eda el 40%, hoy tiene el 20 y lo mean. Obviamente est\u00e1 recaliente. Esta tiene m\u00e1s guita que esta. Son desprolijos. Todo eso es Lule. Todo eso es Lule\u00bb, se lo escuch\u00f3 en otro audio.<\/p>\n\n\n\n<p>De todos modos, esas revelaciones, que son investigados por el juez federal Sebasti\u00e1n Casanello y el fiscal Franco Picardi, se superpusieron con el drama cotidiano de muchos beneficiarios que fueron despojados de sus pensiones de manera incorrecta.<\/p>\n\n\n\n<p>Los testimonios ante las c\u00e1maras de televisi\u00f3n y las largas filas en las oficinas que fueron allanadas dos veces por la Justicia obligaron a una revisi\u00f3n provisoria y urgente de las bajas y en muchos de esos reclamos se comprobaron errores.<\/p>\n\n\n\n<p>Es la otra sospecha que se cierne sobre la gesti\u00f3n de Spagnuolo: \u00bfcu\u00e1ntas de esas 111.000 bajas podr\u00e1n mantenerse en el futuro?<\/p>\n\n\n\n<p>Incluir Salud<\/p>\n\n\n\n<p>Por \u00faltimo, hay otro dato que pas\u00f3 inadvertido: la baja en el padr\u00f3n de beneficiarios del programa Incluir Salud, el epicentro donde habr\u00edan ocurrido los supuestos negociados en la compra de medicamentos.<\/p>\n\n\n\n<p>En el informe de gesti\u00f3n, la Jefatura de Gabinete comparti\u00f3 una planilla donde se revela que esa obra social para personas con discapacidad tuvo una reducci\u00f3n entre enero de 2024 y julio de 2025 de m\u00e1s del 25% en la cantidad de beneficiarios.<\/p>\n\n\n\n<p>M\u00e1s precisamente, el total nacional pas\u00f3 de 997.842 a 730.765 beneficios, lo que implica una disminuci\u00f3n de 267.077 personas, una variaci\u00f3n negativa del 26,8 %. En Buenos Aires, la baja fue de 71.063 pensiones (-30,6 %), mientras que en Santa Cruz la reducci\u00f3n alcanz\u00f3 el 39,1 %.<\/p>\n\n\n\n<p>Sobre esa reducci\u00f3n, que supera largamente las bajas en la cantidad de pensiones, no hubo explicaciones oficiales. Y tambi\u00e9n est\u00e1n bajo an\u00e1lisis de la nueva intervenci\u00f3n.<\/p>\n","protected":false},"excerpt":{"rendered":"<p>Se anularon m\u00e1s de 111 mil beneficios, pero creen que hubo tr\u00e1mites mal realizados. Son datos que se conocen en medio del esc\u00e1ndalo de los audios por supuestas coimas en la compra de medicamentos. Las bajas se adoptaron tras el resultado de la auditor\u00eda que Diego Spagnuolo inici\u00f3 en enero, con un procedimiento basado en [&hellip;]<\/p>\n","protected":false},"author":4,"featured_media":4425,"comment_status":"open","ping_status":"open","sticky":false,"template":"","format":"standard","meta":{"footnotes":""},"categories":[26,22],"tags":[],"class_list":{"0":"post-4424","1":"post","2":"type-post","3":"status-publish","4":"format-standard","5":"has-post-thumbnail","7":"category-judiciales","8":"category-politica"},"yoast_head":"<!-- This site is optimized with the Yoast SEO plugin v27.4 - https:\/\/yoast.com\/product\/yoast-seo-wordpress\/ -->\n<title>Coimas en la Andis: el Gobierno revisa las bajas de pensiones por discapacidad y admite que se cometieron errores - Diario del Sur<\/title>\n<meta name=\"robots\" content=\"index, follow, max-snippet:-1, max-image-preview:large, max-video-preview:-1\" \/>\n<link rel=\"canonical\" href=\"https:\/\/diariodelsurdigital.com.ar\/?p=4424\" \/>\n<meta property=\"og:locale\" content=\"es_ES\" \/>\n<meta property=\"og:type\" content=\"article\" \/>\n<meta property=\"og:title\" content=\"Coimas en la Andis: el Gobierno revisa las bajas de pensiones por discapacidad y admite que se cometieron errores - Diario del Sur\" \/>\n<meta property=\"og:description\" content=\"Se anularon m\u00e1s de 111 mil beneficios, pero creen que hubo tr\u00e1mites mal realizados. Son datos que se conocen en medio del esc\u00e1ndalo de los audios por supuestas coimas en la compra de medicamentos. Las bajas se adoptaron tras el resultado de la auditor\u00eda que Diego Spagnuolo inici\u00f3 en enero, con un procedimiento basado en [&hellip;]\" \/>\n<meta property=\"og:url\" content=\"https:\/\/diariodelsurdigital.com.ar\/?p=4424\" \/>\n<meta property=\"og:site_name\" content=\"Diario del Sur\" \/>\n<meta property=\"article:published_time\" content=\"2025-09-01T12:57:19+00:00\" \/>\n<meta property=\"article:modified_time\" content=\"2025-09-01T12:57:21+00:00\" \/>\n<meta property=\"og:image\" content=\"https:\/\/diariodelsurdigital.com.ar\/wp-content\/uploads\/2025\/09\/md-6.webp\" \/>\n\t<meta property=\"og:image:width\" content=\"992\" \/>\n\t<meta property=\"og:image:height\" content=\"557\" \/>\n\t<meta property=\"og:image:type\" content=\"image\/webp\" \/>\n<meta name=\"author\" content=\"Diario del Sur Digital\" \/>\n<meta name=\"twitter:card\" content=\"summary_large_image\" \/>\n<meta name=\"twitter:label1\" content=\"Escrito por\" \/>\n\t<meta name=\"twitter:data1\" content=\"Diario del Sur Digital\" \/>\n\t<meta name=\"twitter:label2\" content=\"Tiempo de lectura\" \/>\n\t<meta name=\"twitter:data2\" content=\"5 minutos\" \/>\n<script type=\"application\/ld+json\" class=\"yoast-schema-graph\">{\"@context\":\"https:\\\/\\\/schema.org\",\"@graph\":[{\"@type\":\"Article\",\"@id\":\"https:\\\/\\\/diariodelsurdigital.com.ar\\\/?p=4424#article\",\"isPartOf\":{\"@id\":\"https:\\\/\\\/diariodelsurdigital.com.ar\\\/?p=4424\"},\"author\":{\"name\":\"Diario del Sur Digital\",\"@id\":\"https:\\\/\\\/diariodelsurdigital.com.ar\\\/#\\\/schema\\\/person\\\/1a4992532ed62965c968031b49195c81\"},\"headline\":\"Coimas en la Andis: el Gobierno revisa las bajas de pensiones por discapacidad y admite que se cometieron errores\",\"datePublished\":\"2025-09-01T12:57:19+00:00\",\"dateModified\":\"2025-09-01T12:57:21+00:00\",\"mainEntityOfPage\":{\"@id\":\"https:\\\/\\\/diariodelsurdigital.com.ar\\\/?p=4424\"},\"wordCount\":1098,\"commentCount\":0,\"image\":{\"@id\":\"https:\\\/\\\/diariodelsurdigital.com.ar\\\/?p=4424#primaryimage\"},\"thumbnailUrl\":\"https:\\\/\\\/diariodelsurdigital.com.ar\\\/wp-content\\\/uploads\\\/2025\\\/09\\\/md-6.webp\",\"articleSection\":[\"Judiciales\",\"Pol\u00edtica\"],\"inLanguage\":\"es\",\"potentialAction\":[{\"@type\":\"CommentAction\",\"name\":\"Comment\",\"target\":[\"https:\\\/\\\/diariodelsurdigital.com.ar\\\/?p=4424#respond\"]}]},{\"@type\":\"WebPage\",\"@id\":\"https:\\\/\\\/diariodelsurdigital.com.ar\\\/?p=4424\",\"url\":\"https:\\\/\\\/diariodelsurdigital.com.ar\\\/?p=4424\",\"name\":\"Coimas en la Andis: el Gobierno revisa las bajas de pensiones por discapacidad y admite que se cometieron errores - Diario del Sur\",\"isPartOf\":{\"@id\":\"https:\\\/\\\/diariodelsurdigital.com.ar\\\/#website\"},\"primaryImageOfPage\":{\"@id\":\"https:\\\/\\\/diariodelsurdigital.com.ar\\\/?p=4424#primaryimage\"},\"image\":{\"@id\":\"https:\\\/\\\/diariodelsurdigital.com.ar\\\/?p=4424#primaryimage\"},\"thumbnailUrl\":\"https:\\\/\\\/diariodelsurdigital.com.ar\\\/wp-content\\\/uploads\\\/2025\\\/09\\\/md-6.webp\",\"datePublished\":\"2025-09-01T12:57:19+00:00\",\"dateModified\":\"2025-09-01T12:57:21+00:00\",\"author\":{\"@id\":\"https:\\\/\\\/diariodelsurdigital.com.ar\\\/#\\\/schema\\\/person\\\/1a4992532ed62965c968031b49195c81\"},\"breadcrumb\":{\"@id\":\"https:\\\/\\\/diariodelsurdigital.com.ar\\\/?p=4424#breadcrumb\"},\"inLanguage\":\"es\",\"potentialAction\":[{\"@type\":\"ReadAction\",\"target\":[\"https:\\\/\\\/diariodelsurdigital.com.ar\\\/?p=4424\"]}]},{\"@type\":\"ImageObject\",\"inLanguage\":\"es\",\"@id\":\"https:\\\/\\\/diariodelsurdigital.com.ar\\\/?p=4424#primaryimage\",\"url\":\"https:\\\/\\\/diariodelsurdigital.com.ar\\\/wp-content\\\/uploads\\\/2025\\\/09\\\/md-6.webp\",\"contentUrl\":\"https:\\\/\\\/diariodelsurdigital.com.ar\\\/wp-content\\\/uploads\\\/2025\\\/09\\\/md-6.webp\",\"width\":992,\"height\":557},{\"@type\":\"BreadcrumbList\",\"@id\":\"https:\\\/\\\/diariodelsurdigital.com.ar\\\/?p=4424#breadcrumb\",\"itemListElement\":[{\"@type\":\"ListItem\",\"position\":1,\"name\":\"Portada\",\"item\":\"https:\\\/\\\/diariodelsurdigital.com.ar\\\/\"},{\"@type\":\"ListItem\",\"position\":2,\"name\":\"Coimas en la Andis: el Gobierno revisa las bajas de pensiones por discapacidad y admite que se cometieron errores\"}]},{\"@type\":\"WebSite\",\"@id\":\"https:\\\/\\\/diariodelsurdigital.com.ar\\\/#website\",\"url\":\"https:\\\/\\\/diariodelsurdigital.com.ar\\\/\",\"name\":\"Diario del Sur\",\"description\":\"Digital\",\"potentialAction\":[{\"@type\":\"SearchAction\",\"target\":{\"@type\":\"EntryPoint\",\"urlTemplate\":\"https:\\\/\\\/diariodelsurdigital.com.ar\\\/?s={search_term_string}\"},\"query-input\":{\"@type\":\"PropertyValueSpecification\",\"valueRequired\":true,\"valueName\":\"search_term_string\"}}],\"inLanguage\":\"es\"},{\"@type\":\"Person\",\"@id\":\"https:\\\/\\\/diariodelsurdigital.com.ar\\\/#\\\/schema\\\/person\\\/1a4992532ed62965c968031b49195c81\",\"name\":\"Diario del Sur Digital\",\"image\":{\"@type\":\"ImageObject\",\"inLanguage\":\"es\",\"@id\":\"https:\\\/\\\/secure.gravatar.com\\\/avatar\\\/f0c7c47fc7146d19828273b9b8eda651c9c7ab583767e6338d3d3bee825adf76?s=96&d=mm&r=g\",\"url\":\"https:\\\/\\\/secure.gravatar.com\\\/avatar\\\/f0c7c47fc7146d19828273b9b8eda651c9c7ab583767e6338d3d3bee825adf76?s=96&d=mm&r=g\",\"contentUrl\":\"https:\\\/\\\/secure.gravatar.com\\\/avatar\\\/f0c7c47fc7146d19828273b9b8eda651c9c7ab583767e6338d3d3bee825adf76?s=96&d=mm&r=g\",\"caption\":\"Diario del Sur Digital\"},\"url\":\"https:\\\/\\\/diariodelsurdigital.com.ar\\\/?author=4\"}]}<\/script>\n<!-- \/ Yoast SEO plugin. -->","yoast_head_json":{"title":"Coimas en la Andis: el Gobierno revisa las bajas de pensiones por discapacidad y admite que se cometieron errores - Diario del Sur","robots":{"index":"index","follow":"follow","max-snippet":"max-snippet:-1","max-image-preview":"max-image-preview:large","max-video-preview":"max-video-preview:-1"},"canonical":"https:\/\/diariodelsurdigital.com.ar\/?p=4424","og_locale":"es_ES","og_type":"article","og_title":"Coimas en la Andis: el Gobierno revisa las bajas de pensiones por discapacidad y admite que se cometieron errores - Diario del Sur","og_description":"Se anularon m\u00e1s de 111 mil beneficios, pero creen que hubo tr\u00e1mites mal realizados. Son datos que se conocen en medio del esc\u00e1ndalo de los audios por supuestas coimas en la compra de medicamentos. Las bajas se adoptaron tras el resultado de la auditor\u00eda que Diego Spagnuolo inici\u00f3 en enero, con un procedimiento basado en [&hellip;]","og_url":"https:\/\/diariodelsurdigital.com.ar\/?p=4424","og_site_name":"Diario del Sur","article_published_time":"2025-09-01T12:57:19+00:00","article_modified_time":"2025-09-01T12:57:21+00:00","og_image":[{"width":992,"height":557,"url":"https:\/\/diariodelsurdigital.com.ar\/wp-content\/uploads\/2025\/09\/md-6.webp","type":"image\/webp"}],"author":"Diario del Sur Digital","twitter_card":"summary_large_image","twitter_misc":{"Escrito por":"Diario del Sur Digital","Tiempo de lectura":"5 minutos"},"schema":{"@context":"https:\/\/schema.org","@graph":[{"@type":"Article","@id":"https:\/\/diariodelsurdigital.com.ar\/?p=4424#article","isPartOf":{"@id":"https:\/\/diariodelsurdigital.com.ar\/?p=4424"},"author":{"name":"Diario del Sur Digital","@id":"https:\/\/diariodelsurdigital.com.ar\/#\/schema\/person\/1a4992532ed62965c968031b49195c81"},"headline":"Coimas en la Andis: el Gobierno revisa las bajas de pensiones por discapacidad y admite que se cometieron errores","datePublished":"2025-09-01T12:57:19+00:00","dateModified":"2025-09-01T12:57:21+00:00","mainEntityOfPage":{"@id":"https:\/\/diariodelsurdigital.com.ar\/?p=4424"},"wordCount":1098,"commentCount":0,"image":{"@id":"https:\/\/diariodelsurdigital.com.ar\/?p=4424#primaryimage"},"thumbnailUrl":"https:\/\/diariodelsurdigital.com.ar\/wp-content\/uploads\/2025\/09\/md-6.webp","articleSection":["Judiciales","Pol\u00edtica"],"inLanguage":"es","potentialAction":[{"@type":"CommentAction","name":"Comment","target":["https:\/\/diariodelsurdigital.com.ar\/?p=4424#respond"]}]},{"@type":"WebPage","@id":"https:\/\/diariodelsurdigital.com.ar\/?p=4424","url":"https:\/\/diariodelsurdigital.com.ar\/?p=4424","name":"Coimas en la Andis: el Gobierno revisa las bajas de pensiones por discapacidad y admite que se cometieron errores - Diario del Sur","isPartOf":{"@id":"https:\/\/diariodelsurdigital.com.ar\/#website"},"primaryImageOfPage":{"@id":"https:\/\/diariodelsurdigital.com.ar\/?p=4424#primaryimage"},"image":{"@id":"https:\/\/diariodelsurdigital.com.ar\/?p=4424#primaryimage"},"thumbnailUrl":"https:\/\/diariodelsurdigital.com.ar\/wp-content\/uploads\/2025\/09\/md-6.webp","datePublished":"2025-09-01T12:57:19+00:00","dateModified":"2025-09-01T12:57:21+00:00","author":{"@id":"https:\/\/diariodelsurdigital.com.ar\/#\/schema\/person\/1a4992532ed62965c968031b49195c81"},"breadcrumb":{"@id":"https:\/\/diariodelsurdigital.com.ar\/?p=4424#breadcrumb"},"inLanguage":"es","potentialAction":[{"@type":"ReadAction","target":["https:\/\/diariodelsurdigital.com.ar\/?p=4424"]}]},{"@type":"ImageObject","inLanguage":"es","@id":"https:\/\/diariodelsurdigital.com.ar\/?p=4424#primaryimage","url":"https:\/\/diariodelsurdigital.com.ar\/wp-content\/uploads\/2025\/09\/md-6.webp","contentUrl":"https:\/\/diariodelsurdigital.com.ar\/wp-content\/uploads\/2025\/09\/md-6.webp","width":992,"height":557},{"@type":"BreadcrumbList","@id":"https:\/\/diariodelsurdigital.com.ar\/?p=4424#breadcrumb","itemListElement":[{"@type":"ListItem","position":1,"name":"Portada","item":"https:\/\/diariodelsurdigital.com.ar\/"},{"@type":"ListItem","position":2,"name":"Coimas en la Andis: el Gobierno revisa las bajas de pensiones por discapacidad y admite que se cometieron errores"}]},{"@type":"WebSite","@id":"https:\/\/diariodelsurdigital.com.ar\/#website","url":"https:\/\/diariodelsurdigital.com.ar\/","name":"Diario del Sur","description":"Digital","potentialAction":[{"@type":"SearchAction","target":{"@type":"EntryPoint","urlTemplate":"https:\/\/diariodelsurdigital.com.ar\/?s={search_term_string}"},"query-input":{"@type":"PropertyValueSpecification","valueRequired":true,"valueName":"search_term_string"}}],"inLanguage":"es"},{"@type":"Person","@id":"https:\/\/diariodelsurdigital.com.ar\/#\/schema\/person\/1a4992532ed62965c968031b49195c81","name":"Diario del Sur Digital","image":{"@type":"ImageObject","inLanguage":"es","@id":"https:\/\/secure.gravatar.com\/avatar\/f0c7c47fc7146d19828273b9b8eda651c9c7ab583767e6338d3d3bee825adf76?s=96&d=mm&r=g","url":"https:\/\/secure.gravatar.com\/avatar\/f0c7c47fc7146d19828273b9b8eda651c9c7ab583767e6338d3d3bee825adf76?s=96&d=mm&r=g","contentUrl":"https:\/\/secure.gravatar.com\/avatar\/f0c7c47fc7146d19828273b9b8eda651c9c7ab583767e6338d3d3bee825adf76?s=96&d=mm&r=g","caption":"Diario del Sur Digital"},"url":"https:\/\/diariodelsurdigital.com.ar\/?author=4"}]}},"_links":{"self":[{"href":"https:\/\/diariodelsurdigital.com.ar\/index.php?rest_route=\/wp\/v2\/posts\/4424","targetHints":{"allow":["GET"]}}],"collection":[{"href":"https:\/\/diariodelsurdigital.com.ar\/index.php?rest_route=\/wp\/v2\/posts"}],"about":[{"href":"https:\/\/diariodelsurdigital.com.ar\/index.php?rest_route=\/wp\/v2\/types\/post"}],"author":[{"embeddable":true,"href":"https:\/\/diariodelsurdigital.com.ar\/index.php?rest_route=\/wp\/v2\/users\/4"}],"replies":[{"embeddable":true,"href":"https:\/\/diariodelsurdigital.com.ar\/index.php?rest_route=%2Fwp%2Fv2%2Fcomments&post=4424"}],"version-history":[{"count":1,"href":"https:\/\/diariodelsurdigital.com.ar\/index.php?rest_route=\/wp\/v2\/posts\/4424\/revisions"}],"predecessor-version":[{"id":4426,"href":"https:\/\/diariodelsurdigital.com.ar\/index.php?rest_route=\/wp\/v2\/posts\/4424\/revisions\/4426"}],"wp:featuredmedia":[{"embeddable":true,"href":"https:\/\/diariodelsurdigital.com.ar\/index.php?rest_route=\/wp\/v2\/media\/4425"}],"wp:attachment":[{"href":"https:\/\/diariodelsurdigital.com.ar\/index.php?rest_route=%2Fwp%2Fv2%2Fmedia&parent=4424"}],"wp:term":[{"taxonomy":"category","embeddable":true,"href":"https:\/\/diariodelsurdigital.com.ar\/index.php?rest_route=%2Fwp%2Fv2%2Fcategories&post=4424"},{"taxonomy":"post_tag","embeddable":true,"href":"https:\/\/diariodelsurdigital.com.ar\/index.php?rest_route=%2Fwp%2Fv2%2Ftags&post=4424"}],"curies":[{"name":"wp","href":"https:\/\/api.w.org\/{rel}","templated":true}]}}