{"id":4430,"date":"2025-09-01T14:13:53","date_gmt":"2025-09-01T17:13:53","guid":{"rendered":"https:\/\/diariodelsurdigital.com.ar\/?p=4430"},"modified":"2025-09-01T14:13:54","modified_gmt":"2025-09-01T17:13:54","slug":"los-candidatos-de-la-lista-503-participaron-de-un-encuentro-de-derechos-humanos-en-gualeguaychu","status":"publish","type":"post","link":"https:\/\/diariodelsurdigital.com.ar\/?p=4430","title":{"rendered":"Los candidatos de la lista 503 participaron de un encuentro de derechos humanos en Gualeguaych\u00fa"},"content":{"rendered":"\n<p><\/p>\n\n\n\n<p>Los candidatos de la Lista 503 participaron este fin de semana en Gualeguaych\u00fa del Encuentro Provincial de Derechos Humanos, que cont\u00f3 con la presencia de m\u00e1s de 250 asistentes. Tambi\u00e9n estuvieron en Col\u00f3n y en Concepci\u00f3n del Uruguay dialogando con militantes y organizando la campa\u00f1a rumbo a las elecciones de octubre.<\/p>\n\n\n\n<p>El Encuentro Provincial de Derechos Humanos cont\u00f3 con la asistencia de alrededor de 250 referentes y militantes de distintos lugares de la provincia. Carolina Gaillard, Paola Rubattino, Ignacio Monn\u00e1 y Eve Kloster participaron de la apertura e hicieron sus aportes en distintas comisiones.<\/p>\n\n\n\n<p>La actividad se desarroll\u00f3 en el Instituto Sedes Sapientiae, organizada por la Red de Organizaciones de Derechos Humanos de Entre R\u00edos (Rodher).<\/p>\n\n\n\n<p>\u201cFue muy valioso participar de este encuentro. Escuchar y debatir junto a m\u00e1s de 250 compa\u00f1eros y compa\u00f1eras de toda la provincia reafirma nuestra convicci\u00f3n de que la organizaci\u00f3n popular es el camino para defender derechos en un contexto de ajuste y represi\u00f3n\u201d, expresaron los candidatos.<\/p>\n\n\n\n<p>\u201cNos llevamos la fuerza y las propuestas de las comisiones de cultura, salud mental, jubilados, ambiente, feminismos y diversidades, entre muchos otros temas que siempre fueron parte de nuestra agenda. Son para nosotros insumos de un gran valor para nuestra tarea en el Congreso nacional\u201d, a\u00f1adieron.<\/p>\n\n\n\n<p>Al t\u00e9rmino de la actividad, los candidatos fueron a visitar el merendero Estrellita Roja, donde dialogaron con los responsables de la tarea solidaria que all\u00ed se desarrolla y acerca de la situaci\u00f3n de los gurises y las familias de la zona norte de la ciudad de Gualeguaych\u00fa.<\/p>\n\n\n\n<p><strong>Organizando la campa\u00f1a<\/strong><\/p>\n\n\n\n<p>Durante el fin de semana, los candidatos tambi\u00e9n visitaron Col\u00f3n y Concepci\u00f3n del Uruguay, en el marco de la recorrida por el territorio provincial que emprendieron semanas atr\u00e1s.<\/p>\n\n\n\n<p>En ambas ciudades se encontraron con militantes de distintas localidades de los departamentos Col\u00f3n y Uruguay para dialogar sobre la realidad local y organizar la agenda de campa\u00f1a de cara a las elecciones de octubre.<\/p>\n","protected":false},"excerpt":{"rendered":"<p>Los candidatos de la Lista 503 participaron este fin de semana en Gualeguaych\u00fa del Encuentro Provincial de Derechos Humanos, que cont\u00f3 con la presencia de m\u00e1s de 250 asistentes. Tambi\u00e9n estuvieron en Col\u00f3n y en Concepci\u00f3n del Uruguay dialogando con militantes y organizando la campa\u00f1a rumbo a las elecciones de octubre. El Encuentro Provincial de [&hellip;]<\/p>\n","protected":false},"author":2,"featured_media":4431,"comment_status":"open","ping_status":"open","sticky":false,"template":"","format":"standard","meta":{"footnotes":""},"categories":[17],"tags":[],"class_list":{"0":"post-4430","1":"post","2":"type-post","3":"status-publish","4":"format-standard","5":"has-post-thumbnail","7":"category-provinciales"},"yoast_head":"<!-- This site is optimized with the Yoast SEO plugin v27.4 - https:\/\/yoast.com\/product\/yoast-seo-wordpress\/ -->\n<title>Los candidatos de la lista 503 participaron de un encuentro de derechos humanos en Gualeguaych\u00fa - Diario del Sur<\/title>\n<meta name=\"robots\" content=\"index, follow, max-snippet:-1, max-image-preview:large, max-video-preview:-1\" \/>\n<link rel=\"canonical\" href=\"https:\/\/diariodelsurdigital.com.ar\/?p=4430\" \/>\n<meta property=\"og:locale\" content=\"es_ES\" \/>\n<meta property=\"og:type\" content=\"article\" \/>\n<meta property=\"og:title\" content=\"Los candidatos de la lista 503 participaron de un encuentro de derechos humanos en Gualeguaych\u00fa - Diario del Sur\" \/>\n<meta property=\"og:description\" content=\"Los candidatos de la Lista 503 participaron este fin de semana en Gualeguaych\u00fa del Encuentro Provincial de Derechos Humanos, que cont\u00f3 con la presencia de m\u00e1s de 250 asistentes. Tambi\u00e9n estuvieron en Col\u00f3n y en Concepci\u00f3n del Uruguay dialogando con militantes y organizando la campa\u00f1a rumbo a las elecciones de octubre. El Encuentro Provincial de [&hellip;]\" \/>\n<meta property=\"og:url\" content=\"https:\/\/diariodelsurdigital.com.ar\/?p=4430\" \/>\n<meta property=\"og:site_name\" content=\"Diario del Sur\" \/>\n<meta property=\"article:published_time\" content=\"2025-09-01T17:13:53+00:00\" \/>\n<meta property=\"article:modified_time\" content=\"2025-09-01T17:13:54+00:00\" \/>\n<meta property=\"og:image\" content=\"https:\/\/diariodelsurdigital.com.ar\/wp-content\/uploads\/2025\/09\/Imagen-de-WhatsApp-2025-09-01-a-las-12.00.20_92285c67.jpg\" \/>\n\t<meta property=\"og:image:width\" content=\"758\" \/>\n\t<meta property=\"og:image:height\" content=\"293\" \/>\n\t<meta property=\"og:image:type\" content=\"image\/jpeg\" \/>\n<meta name=\"author\" content=\"Diario del Sur Digital\" \/>\n<meta name=\"twitter:card\" content=\"summary_large_image\" \/>\n<meta name=\"twitter:label1\" content=\"Escrito por\" \/>\n\t<meta name=\"twitter:data1\" content=\"Diario del Sur Digital\" \/>\n\t<meta name=\"twitter:label2\" content=\"Tiempo de lectura\" \/>\n\t<meta name=\"twitter:data2\" content=\"2 minutos\" \/>\n<script type=\"application\/ld+json\" class=\"yoast-schema-graph\">{\"@context\":\"https:\\\/\\\/schema.org\",\"@graph\":[{\"@type\":\"Article\",\"@id\":\"https:\\\/\\\/diariodelsurdigital.com.ar\\\/?p=4430#article\",\"isPartOf\":{\"@id\":\"https:\\\/\\\/diariodelsurdigital.com.ar\\\/?p=4430\"},\"author\":{\"name\":\"Diario del Sur Digital\",\"@id\":\"https:\\\/\\\/diariodelsurdigital.com.ar\\\/#\\\/schema\\\/person\\\/6136a32571657f7dba980b88b04c5465\"},\"headline\":\"Los candidatos de la lista 503 participaron de un encuentro de derechos humanos en Gualeguaych\u00fa\",\"datePublished\":\"2025-09-01T17:13:53+00:00\",\"dateModified\":\"2025-09-01T17:13:54+00:00\",\"mainEntityOfPage\":{\"@id\":\"https:\\\/\\\/diariodelsurdigital.com.ar\\\/?p=4430\"},\"wordCount\":353,\"commentCount\":0,\"image\":{\"@id\":\"https:\\\/\\\/diariodelsurdigital.com.ar\\\/?p=4430#primaryimage\"},\"thumbnailUrl\":\"https:\\\/\\\/diariodelsurdigital.com.ar\\\/wp-content\\\/uploads\\\/2025\\\/09\\\/Imagen-de-WhatsApp-2025-09-01-a-las-12.00.20_92285c67.jpg\",\"articleSection\":[\"Provinciales\"],\"inLanguage\":\"es\",\"potentialAction\":[{\"@type\":\"CommentAction\",\"name\":\"Comment\",\"target\":[\"https:\\\/\\\/diariodelsurdigital.com.ar\\\/?p=4430#respond\"]}]},{\"@type\":\"WebPage\",\"@id\":\"https:\\\/\\\/diariodelsurdigital.com.ar\\\/?p=4430\",\"url\":\"https:\\\/\\\/diariodelsurdigital.com.ar\\\/?p=4430\",\"name\":\"Los candidatos de la lista 503 participaron de un encuentro de derechos humanos en Gualeguaych\u00fa - Diario del Sur\",\"isPartOf\":{\"@id\":\"https:\\\/\\\/diariodelsurdigital.com.ar\\\/#website\"},\"primaryImageOfPage\":{\"@id\":\"https:\\\/\\\/diariodelsurdigital.com.ar\\\/?p=4430#primaryimage\"},\"image\":{\"@id\":\"https:\\\/\\\/diariodelsurdigital.com.ar\\\/?p=4430#primaryimage\"},\"thumbnailUrl\":\"https:\\\/\\\/diariodelsurdigital.com.ar\\\/wp-content\\\/uploads\\\/2025\\\/09\\\/Imagen-de-WhatsApp-2025-09-01-a-las-12.00.20_92285c67.jpg\",\"datePublished\":\"2025-09-01T17:13:53+00:00\",\"dateModified\":\"2025-09-01T17:13:54+00:00\",\"author\":{\"@id\":\"https:\\\/\\\/diariodelsurdigital.com.ar\\\/#\\\/schema\\\/person\\\/6136a32571657f7dba980b88b04c5465\"},\"breadcrumb\":{\"@id\":\"https:\\\/\\\/diariodelsurdigital.com.ar\\\/?p=4430#breadcrumb\"},\"inLanguage\":\"es\",\"potentialAction\":[{\"@type\":\"ReadAction\",\"target\":[\"https:\\\/\\\/diariodelsurdigital.com.ar\\\/?p=4430\"]}]},{\"@type\":\"ImageObject\",\"inLanguage\":\"es\",\"@id\":\"https:\\\/\\\/diariodelsurdigital.com.ar\\\/?p=4430#primaryimage\",\"url\":\"https:\\\/\\\/diariodelsurdigital.com.ar\\\/wp-content\\\/uploads\\\/2025\\\/09\\\/Imagen-de-WhatsApp-2025-09-01-a-las-12.00.20_92285c67.jpg\",\"contentUrl\":\"https:\\\/\\\/diariodelsurdigital.com.ar\\\/wp-content\\\/uploads\\\/2025\\\/09\\\/Imagen-de-WhatsApp-2025-09-01-a-las-12.00.20_92285c67.jpg\",\"width\":758,\"height\":293},{\"@type\":\"BreadcrumbList\",\"@id\":\"https:\\\/\\\/diariodelsurdigital.com.ar\\\/?p=4430#breadcrumb\",\"itemListElement\":[{\"@type\":\"ListItem\",\"position\":1,\"name\":\"Portada\",\"item\":\"https:\\\/\\\/diariodelsurdigital.com.ar\\\/\"},{\"@type\":\"ListItem\",\"position\":2,\"name\":\"Los candidatos de la lista 503 participaron de un encuentro de derechos humanos en Gualeguaych\u00fa\"}]},{\"@type\":\"WebSite\",\"@id\":\"https:\\\/\\\/diariodelsurdigital.com.ar\\\/#website\",\"url\":\"https:\\\/\\\/diariodelsurdigital.com.ar\\\/\",\"name\":\"Diario del Sur\",\"description\":\"Digital\",\"potentialAction\":[{\"@type\":\"SearchAction\",\"target\":{\"@type\":\"EntryPoint\",\"urlTemplate\":\"https:\\\/\\\/diariodelsurdigital.com.ar\\\/?s={search_term_string}\"},\"query-input\":{\"@type\":\"PropertyValueSpecification\",\"valueRequired\":true,\"valueName\":\"search_term_string\"}}],\"inLanguage\":\"es\"},{\"@type\":\"Person\",\"@id\":\"https:\\\/\\\/diariodelsurdigital.com.ar\\\/#\\\/schema\\\/person\\\/6136a32571657f7dba980b88b04c5465\",\"name\":\"Diario del Sur Digital\",\"image\":{\"@type\":\"ImageObject\",\"inLanguage\":\"es\",\"@id\":\"https:\\\/\\\/secure.gravatar.com\\\/avatar\\\/4c29ceac98541dd42460b2474aaa5dd37594d6ce6cb3cf2c101d09b48ee287ba?s=96&d=mm&r=g\",\"url\":\"https:\\\/\\\/secure.gravatar.com\\\/avatar\\\/4c29ceac98541dd42460b2474aaa5dd37594d6ce6cb3cf2c101d09b48ee287ba?s=96&d=mm&r=g\",\"contentUrl\":\"https:\\\/\\\/secure.gravatar.com\\\/avatar\\\/4c29ceac98541dd42460b2474aaa5dd37594d6ce6cb3cf2c101d09b48ee287ba?s=96&d=mm&r=g\",\"caption\":\"Diario del Sur Digital\"},\"url\":\"https:\\\/\\\/diariodelsurdigital.com.ar\\\/?author=2\"}]}<\/script>\n<!-- \/ Yoast SEO plugin. -->","yoast_head_json":{"title":"Los candidatos de la lista 503 participaron de un encuentro de derechos humanos en Gualeguaych\u00fa - Diario del Sur","robots":{"index":"index","follow":"follow","max-snippet":"max-snippet:-1","max-image-preview":"max-image-preview:large","max-video-preview":"max-video-preview:-1"},"canonical":"https:\/\/diariodelsurdigital.com.ar\/?p=4430","og_locale":"es_ES","og_type":"article","og_title":"Los candidatos de la lista 503 participaron de un encuentro de derechos humanos en Gualeguaych\u00fa - Diario del Sur","og_description":"Los candidatos de la Lista 503 participaron este fin de semana en Gualeguaych\u00fa del Encuentro Provincial de Derechos Humanos, que cont\u00f3 con la presencia de m\u00e1s de 250 asistentes. Tambi\u00e9n estuvieron en Col\u00f3n y en Concepci\u00f3n del Uruguay dialogando con militantes y organizando la campa\u00f1a rumbo a las elecciones de octubre. El Encuentro Provincial de [&hellip;]","og_url":"https:\/\/diariodelsurdigital.com.ar\/?p=4430","og_site_name":"Diario del Sur","article_published_time":"2025-09-01T17:13:53+00:00","article_modified_time":"2025-09-01T17:13:54+00:00","og_image":[{"width":758,"height":293,"url":"https:\/\/diariodelsurdigital.com.ar\/wp-content\/uploads\/2025\/09\/Imagen-de-WhatsApp-2025-09-01-a-las-12.00.20_92285c67.jpg","type":"image\/jpeg"}],"author":"Diario del Sur Digital","twitter_card":"summary_large_image","twitter_misc":{"Escrito por":"Diario del Sur Digital","Tiempo de lectura":"2 minutos"},"schema":{"@context":"https:\/\/schema.org","@graph":[{"@type":"Article","@id":"https:\/\/diariodelsurdigital.com.ar\/?p=4430#article","isPartOf":{"@id":"https:\/\/diariodelsurdigital.com.ar\/?p=4430"},"author":{"name":"Diario del Sur Digital","@id":"https:\/\/diariodelsurdigital.com.ar\/#\/schema\/person\/6136a32571657f7dba980b88b04c5465"},"headline":"Los candidatos de la lista 503 participaron de un encuentro de derechos humanos en Gualeguaych\u00fa","datePublished":"2025-09-01T17:13:53+00:00","dateModified":"2025-09-01T17:13:54+00:00","mainEntityOfPage":{"@id":"https:\/\/diariodelsurdigital.com.ar\/?p=4430"},"wordCount":353,"commentCount":0,"image":{"@id":"https:\/\/diariodelsurdigital.com.ar\/?p=4430#primaryimage"},"thumbnailUrl":"https:\/\/diariodelsurdigital.com.ar\/wp-content\/uploads\/2025\/09\/Imagen-de-WhatsApp-2025-09-01-a-las-12.00.20_92285c67.jpg","articleSection":["Provinciales"],"inLanguage":"es","potentialAction":[{"@type":"CommentAction","name":"Comment","target":["https:\/\/diariodelsurdigital.com.ar\/?p=4430#respond"]}]},{"@type":"WebPage","@id":"https:\/\/diariodelsurdigital.com.ar\/?p=4430","url":"https:\/\/diariodelsurdigital.com.ar\/?p=4430","name":"Los candidatos de la lista 503 participaron de un encuentro de derechos humanos en Gualeguaych\u00fa - Diario del Sur","isPartOf":{"@id":"https:\/\/diariodelsurdigital.com.ar\/#website"},"primaryImageOfPage":{"@id":"https:\/\/diariodelsurdigital.com.ar\/?p=4430#primaryimage"},"image":{"@id":"https:\/\/diariodelsurdigital.com.ar\/?p=4430#primaryimage"},"thumbnailUrl":"https:\/\/diariodelsurdigital.com.ar\/wp-content\/uploads\/2025\/09\/Imagen-de-WhatsApp-2025-09-01-a-las-12.00.20_92285c67.jpg","datePublished":"2025-09-01T17:13:53+00:00","dateModified":"2025-09-01T17:13:54+00:00","author":{"@id":"https:\/\/diariodelsurdigital.com.ar\/#\/schema\/person\/6136a32571657f7dba980b88b04c5465"},"breadcrumb":{"@id":"https:\/\/diariodelsurdigital.com.ar\/?p=4430#breadcrumb"},"inLanguage":"es","potentialAction":[{"@type":"ReadAction","target":["https:\/\/diariodelsurdigital.com.ar\/?p=4430"]}]},{"@type":"ImageObject","inLanguage":"es","@id":"https:\/\/diariodelsurdigital.com.ar\/?p=4430#primaryimage","url":"https:\/\/diariodelsurdigital.com.ar\/wp-content\/uploads\/2025\/09\/Imagen-de-WhatsApp-2025-09-01-a-las-12.00.20_92285c67.jpg","contentUrl":"https:\/\/diariodelsurdigital.com.ar\/wp-content\/uploads\/2025\/09\/Imagen-de-WhatsApp-2025-09-01-a-las-12.00.20_92285c67.jpg","width":758,"height":293},{"@type":"BreadcrumbList","@id":"https:\/\/diariodelsurdigital.com.ar\/?p=4430#breadcrumb","itemListElement":[{"@type":"ListItem","position":1,"name":"Portada","item":"https:\/\/diariodelsurdigital.com.ar\/"},{"@type":"ListItem","position":2,"name":"Los candidatos de la lista 503 participaron de un encuentro de derechos humanos en Gualeguaych\u00fa"}]},{"@type":"WebSite","@id":"https:\/\/diariodelsurdigital.com.ar\/#website","url":"https:\/\/diariodelsurdigital.com.ar\/","name":"Diario del Sur","description":"Digital","potentialAction":[{"@type":"SearchAction","target":{"@type":"EntryPoint","urlTemplate":"https:\/\/diariodelsurdigital.com.ar\/?s={search_term_string}"},"query-input":{"@type":"PropertyValueSpecification","valueRequired":true,"valueName":"search_term_string"}}],"inLanguage":"es"},{"@type":"Person","@id":"https:\/\/diariodelsurdigital.com.ar\/#\/schema\/person\/6136a32571657f7dba980b88b04c5465","name":"Diario del Sur Digital","image":{"@type":"ImageObject","inLanguage":"es","@id":"https:\/\/secure.gravatar.com\/avatar\/4c29ceac98541dd42460b2474aaa5dd37594d6ce6cb3cf2c101d09b48ee287ba?s=96&d=mm&r=g","url":"https:\/\/secure.gravatar.com\/avatar\/4c29ceac98541dd42460b2474aaa5dd37594d6ce6cb3cf2c101d09b48ee287ba?s=96&d=mm&r=g","contentUrl":"https:\/\/secure.gravatar.com\/avatar\/4c29ceac98541dd42460b2474aaa5dd37594d6ce6cb3cf2c101d09b48ee287ba?s=96&d=mm&r=g","caption":"Diario del Sur Digital"},"url":"https:\/\/diariodelsurdigital.com.ar\/?author=2"}]}},"_links":{"self":[{"href":"https:\/\/diariodelsurdigital.com.ar\/index.php?rest_route=\/wp\/v2\/posts\/4430","targetHints":{"allow":["GET"]}}],"collection":[{"href":"https:\/\/diariodelsurdigital.com.ar\/index.php?rest_route=\/wp\/v2\/posts"}],"about":[{"href":"https:\/\/diariodelsurdigital.com.ar\/index.php?rest_route=\/wp\/v2\/types\/post"}],"author":[{"embeddable":true,"href":"https:\/\/diariodelsurdigital.com.ar\/index.php?rest_route=\/wp\/v2\/users\/2"}],"replies":[{"embeddable":true,"href":"https:\/\/diariodelsurdigital.com.ar\/index.php?rest_route=%2Fwp%2Fv2%2Fcomments&post=4430"}],"version-history":[{"count":1,"href":"https:\/\/diariodelsurdigital.com.ar\/index.php?rest_route=\/wp\/v2\/posts\/4430\/revisions"}],"predecessor-version":[{"id":4432,"href":"https:\/\/diariodelsurdigital.com.ar\/index.php?rest_route=\/wp\/v2\/posts\/4430\/revisions\/4432"}],"wp:featuredmedia":[{"embeddable":true,"href":"https:\/\/diariodelsurdigital.com.ar\/index.php?rest_route=\/wp\/v2\/media\/4431"}],"wp:attachment":[{"href":"https:\/\/diariodelsurdigital.com.ar\/index.php?rest_route=%2Fwp%2Fv2%2Fmedia&parent=4430"}],"wp:term":[{"taxonomy":"category","embeddable":true,"href":"https:\/\/diariodelsurdigital.com.ar\/index.php?rest_route=%2Fwp%2Fv2%2Fcategories&post=4430"},{"taxonomy":"post_tag","embeddable":true,"href":"https:\/\/diariodelsurdigital.com.ar\/index.php?rest_route=%2Fwp%2Fv2%2Ftags&post=4430"}],"curies":[{"name":"wp","href":"https:\/\/api.w.org\/{rel}","templated":true}]}}