{"id":4435,"date":"2025-09-01T19:15:17","date_gmt":"2025-09-01T22:15:17","guid":{"rendered":"https:\/\/diariodelsurdigital.com.ar\/?p=4435"},"modified":"2025-09-01T19:15:18","modified_gmt":"2025-09-01T22:15:18","slug":"malestar-por-impedir-que-entre-rios-participe-de-los-juegos-evita-2025","status":"publish","type":"post","link":"https:\/\/diariodelsurdigital.com.ar\/?p=4435","title":{"rendered":"Malestar por impedir que Entre R\u00edos participe de los Juegos Evita 2025"},"content":{"rendered":"\n<p>Rosalba Barboza es profesora de Educaci\u00f3n F\u00edsica de la ciudad de Col\u00f3n, integra la Escuela Municipal de Atletismo, y este s\u00e1bado dio a conocer la decisi\u00f3n del gobierno provincial de que Entre R\u00edos no sea parte de las finales nacionales de los Juegos Evita 2025, que se disputar\u00e1n del 29 de septiembre al 4 de octubre en Mar del Plata.<\/p>\n\n\n\n<p>La comunicaci\u00f3n la recibieron en la reuni\u00f3n t\u00e9cnica que se realiz\u00f3 en Concordia, luego de que este jueves y viernes se lleven a cabo los juegos Entrerrianos (ex-Evita).<\/p>\n\n\n\n<p>\u201cTenemos grandes exponentes en el deporte entrerriano. Siempre estamos primeros, segundos, terceros, junto con Buenos Aires, Santa Fe y C\u00f3rdoba\u201d, se lament\u00f3 Barboza.<\/p>\n\n\n\n<p>\u201cDijeron que no hay presupuesto\u201d, cuenta al ser consultada por los argumentos. Sin embargo, ante la propuesta de llevarlos con aportes de las federaciones o las propias familias \u201ccomo con cualquier otra copa\u201d, la respuesta fue de todas formas \u201cnegativa\u201d.<\/p>\n\n\n\n<h5 class=\"wp-block-heading\"><strong>\u201cPedimos que se nos permita participar\u201d<\/strong><\/h5>\n\n\n\n<p>A trav\u00e9s de sus redes sociales, la docente mostr\u00f3 su malestar: \u201cComo atletas, entrenadores y apasionados del atletismo, pedimos que se nos permita participar. Creemos que esta decisi\u00f3n es m\u00e1s una cuesti\u00f3n de orgullo que econ\u00f3mica. La ausencia de Entre R\u00edos en los Juegos Evita es un golpe para el deporte social, que ha sido una plataforma para que grandes atletas hayan surgido y se hayan destacado en sus respectivas disciplinas\u201d.<\/p>\n\n\n\n<p>\u201cSon m\u00e1s que una competencia deportiva; son un espacio que alienta a los chicos a entrenar, a superarse y a desarrollar valores importantes como el trabajo en equipo, la disciplina y la perseverancia. La no participaci\u00f3n en este torneo es un retroceso para el deporte social y para la sociedad en general\u201d.<\/p>\n\n\n\n<p>\u201cEsperamos que los pol\u00edticos de turno reconsideren esta decisi\u00f3n y le den al deporte social el valor que merece\u201d, concluye.<\/p>\n\n\n\n<p><a href=\"https:\/\/www.facebook.com\/photo.php?fbid=10234606451015839&amp;set=a.1042945207243&amp;type=3&amp;ref=embed_post\">https:\/\/www.facebook.com\/photo.php?fbid=10234606451015839&amp;set=a.1042945207243&amp;type=3&amp;ref=embed_post<\/a><\/p>\n\n\n\n<p>Fuente: \u00a0El Entre R\u00edos<\/p>\n","protected":false},"excerpt":{"rendered":"<p>Rosalba Barboza es profesora de Educaci\u00f3n F\u00edsica de la ciudad de Col\u00f3n, integra la Escuela Municipal de Atletismo, y este s\u00e1bado dio a conocer la decisi\u00f3n del gobierno provincial de que Entre R\u00edos no sea parte de las finales nacionales de los Juegos Evita 2025, que se disputar\u00e1n del 29 de septiembre al 4 de [&hellip;]<\/p>\n","protected":false},"author":2,"featured_media":4436,"comment_status":"open","ping_status":"open","sticky":false,"template":"","format":"standard","meta":{"footnotes":""},"categories":[19],"tags":[],"class_list":{"0":"post-4435","1":"post","2":"type-post","3":"status-publish","4":"format-standard","5":"has-post-thumbnail","7":"category-interes-general"},"yoast_head":"<!-- This site is optimized with the Yoast SEO plugin v27.4 - https:\/\/yoast.com\/product\/yoast-seo-wordpress\/ -->\n<title>Malestar por impedir que Entre R\u00edos participe de los Juegos Evita 2025 - Diario del Sur<\/title>\n<meta name=\"robots\" content=\"index, follow, max-snippet:-1, max-image-preview:large, max-video-preview:-1\" \/>\n<link rel=\"canonical\" href=\"https:\/\/diariodelsurdigital.com.ar\/?p=4435\" \/>\n<meta property=\"og:locale\" content=\"es_ES\" \/>\n<meta property=\"og:type\" content=\"article\" \/>\n<meta property=\"og:title\" content=\"Malestar por impedir que Entre R\u00edos participe de los Juegos Evita 2025 - Diario del Sur\" \/>\n<meta property=\"og:description\" content=\"Rosalba Barboza es profesora de Educaci\u00f3n F\u00edsica de la ciudad de Col\u00f3n, integra la Escuela Municipal de Atletismo, y este s\u00e1bado dio a conocer la decisi\u00f3n del gobierno provincial de que Entre R\u00edos no sea parte de las finales nacionales de los Juegos Evita 2025, que se disputar\u00e1n del 29 de septiembre al 4 de [&hellip;]\" \/>\n<meta property=\"og:url\" content=\"https:\/\/diariodelsurdigital.com.ar\/?p=4435\" \/>\n<meta property=\"og:site_name\" content=\"Diario del Sur\" \/>\n<meta property=\"article:published_time\" content=\"2025-09-01T22:15:17+00:00\" \/>\n<meta property=\"article:modified_time\" content=\"2025-09-01T22:15:18+00:00\" \/>\n<meta property=\"og:image\" content=\"https:\/\/diariodelsurdigital.com.ar\/wp-content\/uploads\/2025\/09\/539098983_18473955655077454_8346604818460246038_n.png\" \/>\n\t<meta property=\"og:image:width\" content=\"437\" \/>\n\t<meta property=\"og:image:height\" content=\"370\" \/>\n\t<meta property=\"og:image:type\" content=\"image\/png\" \/>\n<meta name=\"author\" content=\"Diario del Sur Digital\" \/>\n<meta name=\"twitter:card\" content=\"summary_large_image\" \/>\n<meta name=\"twitter:label1\" content=\"Escrito por\" \/>\n\t<meta name=\"twitter:data1\" content=\"Diario del Sur Digital\" \/>\n\t<meta name=\"twitter:label2\" content=\"Tiempo de lectura\" \/>\n\t<meta name=\"twitter:data2\" content=\"2 minutos\" \/>\n<script type=\"application\/ld+json\" class=\"yoast-schema-graph\">{\"@context\":\"https:\\\/\\\/schema.org\",\"@graph\":[{\"@type\":\"Article\",\"@id\":\"https:\\\/\\\/diariodelsurdigital.com.ar\\\/?p=4435#article\",\"isPartOf\":{\"@id\":\"https:\\\/\\\/diariodelsurdigital.com.ar\\\/?p=4435\"},\"author\":{\"name\":\"Diario del Sur Digital\",\"@id\":\"https:\\\/\\\/diariodelsurdigital.com.ar\\\/#\\\/schema\\\/person\\\/6136a32571657f7dba980b88b04c5465\"},\"headline\":\"Malestar por impedir que Entre R\u00edos participe de los Juegos Evita 2025\",\"datePublished\":\"2025-09-01T22:15:17+00:00\",\"dateModified\":\"2025-09-01T22:15:18+00:00\",\"mainEntityOfPage\":{\"@id\":\"https:\\\/\\\/diariodelsurdigital.com.ar\\\/?p=4435\"},\"wordCount\":351,\"commentCount\":0,\"image\":{\"@id\":\"https:\\\/\\\/diariodelsurdigital.com.ar\\\/?p=4435#primaryimage\"},\"thumbnailUrl\":\"https:\\\/\\\/diariodelsurdigital.com.ar\\\/wp-content\\\/uploads\\\/2025\\\/09\\\/539098983_18473955655077454_8346604818460246038_n.png\",\"articleSection\":[\"Inter\u00e9s General\"],\"inLanguage\":\"es\",\"potentialAction\":[{\"@type\":\"CommentAction\",\"name\":\"Comment\",\"target\":[\"https:\\\/\\\/diariodelsurdigital.com.ar\\\/?p=4435#respond\"]}]},{\"@type\":\"WebPage\",\"@id\":\"https:\\\/\\\/diariodelsurdigital.com.ar\\\/?p=4435\",\"url\":\"https:\\\/\\\/diariodelsurdigital.com.ar\\\/?p=4435\",\"name\":\"Malestar por impedir que Entre R\u00edos participe de los Juegos Evita 2025 - Diario del Sur\",\"isPartOf\":{\"@id\":\"https:\\\/\\\/diariodelsurdigital.com.ar\\\/#website\"},\"primaryImageOfPage\":{\"@id\":\"https:\\\/\\\/diariodelsurdigital.com.ar\\\/?p=4435#primaryimage\"},\"image\":{\"@id\":\"https:\\\/\\\/diariodelsurdigital.com.ar\\\/?p=4435#primaryimage\"},\"thumbnailUrl\":\"https:\\\/\\\/diariodelsurdigital.com.ar\\\/wp-content\\\/uploads\\\/2025\\\/09\\\/539098983_18473955655077454_8346604818460246038_n.png\",\"datePublished\":\"2025-09-01T22:15:17+00:00\",\"dateModified\":\"2025-09-01T22:15:18+00:00\",\"author\":{\"@id\":\"https:\\\/\\\/diariodelsurdigital.com.ar\\\/#\\\/schema\\\/person\\\/6136a32571657f7dba980b88b04c5465\"},\"breadcrumb\":{\"@id\":\"https:\\\/\\\/diariodelsurdigital.com.ar\\\/?p=4435#breadcrumb\"},\"inLanguage\":\"es\",\"potentialAction\":[{\"@type\":\"ReadAction\",\"target\":[\"https:\\\/\\\/diariodelsurdigital.com.ar\\\/?p=4435\"]}]},{\"@type\":\"ImageObject\",\"inLanguage\":\"es\",\"@id\":\"https:\\\/\\\/diariodelsurdigital.com.ar\\\/?p=4435#primaryimage\",\"url\":\"https:\\\/\\\/diariodelsurdigital.com.ar\\\/wp-content\\\/uploads\\\/2025\\\/09\\\/539098983_18473955655077454_8346604818460246038_n.png\",\"contentUrl\":\"https:\\\/\\\/diariodelsurdigital.com.ar\\\/wp-content\\\/uploads\\\/2025\\\/09\\\/539098983_18473955655077454_8346604818460246038_n.png\",\"width\":437,\"height\":370},{\"@type\":\"BreadcrumbList\",\"@id\":\"https:\\\/\\\/diariodelsurdigital.com.ar\\\/?p=4435#breadcrumb\",\"itemListElement\":[{\"@type\":\"ListItem\",\"position\":1,\"name\":\"Portada\",\"item\":\"https:\\\/\\\/diariodelsurdigital.com.ar\\\/\"},{\"@type\":\"ListItem\",\"position\":2,\"name\":\"Malestar por impedir que Entre R\u00edos participe de los Juegos Evita 2025\"}]},{\"@type\":\"WebSite\",\"@id\":\"https:\\\/\\\/diariodelsurdigital.com.ar\\\/#website\",\"url\":\"https:\\\/\\\/diariodelsurdigital.com.ar\\\/\",\"name\":\"Diario del Sur\",\"description\":\"Digital\",\"potentialAction\":[{\"@type\":\"SearchAction\",\"target\":{\"@type\":\"EntryPoint\",\"urlTemplate\":\"https:\\\/\\\/diariodelsurdigital.com.ar\\\/?s={search_term_string}\"},\"query-input\":{\"@type\":\"PropertyValueSpecification\",\"valueRequired\":true,\"valueName\":\"search_term_string\"}}],\"inLanguage\":\"es\"},{\"@type\":\"Person\",\"@id\":\"https:\\\/\\\/diariodelsurdigital.com.ar\\\/#\\\/schema\\\/person\\\/6136a32571657f7dba980b88b04c5465\",\"name\":\"Diario del Sur Digital\",\"image\":{\"@type\":\"ImageObject\",\"inLanguage\":\"es\",\"@id\":\"https:\\\/\\\/secure.gravatar.com\\\/avatar\\\/4c29ceac98541dd42460b2474aaa5dd37594d6ce6cb3cf2c101d09b48ee287ba?s=96&d=mm&r=g\",\"url\":\"https:\\\/\\\/secure.gravatar.com\\\/avatar\\\/4c29ceac98541dd42460b2474aaa5dd37594d6ce6cb3cf2c101d09b48ee287ba?s=96&d=mm&r=g\",\"contentUrl\":\"https:\\\/\\\/secure.gravatar.com\\\/avatar\\\/4c29ceac98541dd42460b2474aaa5dd37594d6ce6cb3cf2c101d09b48ee287ba?s=96&d=mm&r=g\",\"caption\":\"Diario del Sur Digital\"},\"url\":\"https:\\\/\\\/diariodelsurdigital.com.ar\\\/?author=2\"}]}<\/script>\n<!-- \/ Yoast SEO plugin. -->","yoast_head_json":{"title":"Malestar por impedir que Entre R\u00edos participe de los Juegos Evita 2025 - Diario del Sur","robots":{"index":"index","follow":"follow","max-snippet":"max-snippet:-1","max-image-preview":"max-image-preview:large","max-video-preview":"max-video-preview:-1"},"canonical":"https:\/\/diariodelsurdigital.com.ar\/?p=4435","og_locale":"es_ES","og_type":"article","og_title":"Malestar por impedir que Entre R\u00edos participe de los Juegos Evita 2025 - Diario del Sur","og_description":"Rosalba Barboza es profesora de Educaci\u00f3n F\u00edsica de la ciudad de Col\u00f3n, integra la Escuela Municipal de Atletismo, y este s\u00e1bado dio a conocer la decisi\u00f3n del gobierno provincial de que Entre R\u00edos no sea parte de las finales nacionales de los Juegos Evita 2025, que se disputar\u00e1n del 29 de septiembre al 4 de [&hellip;]","og_url":"https:\/\/diariodelsurdigital.com.ar\/?p=4435","og_site_name":"Diario del Sur","article_published_time":"2025-09-01T22:15:17+00:00","article_modified_time":"2025-09-01T22:15:18+00:00","og_image":[{"width":437,"height":370,"url":"https:\/\/diariodelsurdigital.com.ar\/wp-content\/uploads\/2025\/09\/539098983_18473955655077454_8346604818460246038_n.png","type":"image\/png"}],"author":"Diario del Sur Digital","twitter_card":"summary_large_image","twitter_misc":{"Escrito por":"Diario del Sur Digital","Tiempo de lectura":"2 minutos"},"schema":{"@context":"https:\/\/schema.org","@graph":[{"@type":"Article","@id":"https:\/\/diariodelsurdigital.com.ar\/?p=4435#article","isPartOf":{"@id":"https:\/\/diariodelsurdigital.com.ar\/?p=4435"},"author":{"name":"Diario del Sur Digital","@id":"https:\/\/diariodelsurdigital.com.ar\/#\/schema\/person\/6136a32571657f7dba980b88b04c5465"},"headline":"Malestar por impedir que Entre R\u00edos participe de los Juegos Evita 2025","datePublished":"2025-09-01T22:15:17+00:00","dateModified":"2025-09-01T22:15:18+00:00","mainEntityOfPage":{"@id":"https:\/\/diariodelsurdigital.com.ar\/?p=4435"},"wordCount":351,"commentCount":0,"image":{"@id":"https:\/\/diariodelsurdigital.com.ar\/?p=4435#primaryimage"},"thumbnailUrl":"https:\/\/diariodelsurdigital.com.ar\/wp-content\/uploads\/2025\/09\/539098983_18473955655077454_8346604818460246038_n.png","articleSection":["Inter\u00e9s General"],"inLanguage":"es","potentialAction":[{"@type":"CommentAction","name":"Comment","target":["https:\/\/diariodelsurdigital.com.ar\/?p=4435#respond"]}]},{"@type":"WebPage","@id":"https:\/\/diariodelsurdigital.com.ar\/?p=4435","url":"https:\/\/diariodelsurdigital.com.ar\/?p=4435","name":"Malestar por impedir que Entre R\u00edos participe de los Juegos Evita 2025 - Diario del Sur","isPartOf":{"@id":"https:\/\/diariodelsurdigital.com.ar\/#website"},"primaryImageOfPage":{"@id":"https:\/\/diariodelsurdigital.com.ar\/?p=4435#primaryimage"},"image":{"@id":"https:\/\/diariodelsurdigital.com.ar\/?p=4435#primaryimage"},"thumbnailUrl":"https:\/\/diariodelsurdigital.com.ar\/wp-content\/uploads\/2025\/09\/539098983_18473955655077454_8346604818460246038_n.png","datePublished":"2025-09-01T22:15:17+00:00","dateModified":"2025-09-01T22:15:18+00:00","author":{"@id":"https:\/\/diariodelsurdigital.com.ar\/#\/schema\/person\/6136a32571657f7dba980b88b04c5465"},"breadcrumb":{"@id":"https:\/\/diariodelsurdigital.com.ar\/?p=4435#breadcrumb"},"inLanguage":"es","potentialAction":[{"@type":"ReadAction","target":["https:\/\/diariodelsurdigital.com.ar\/?p=4435"]}]},{"@type":"ImageObject","inLanguage":"es","@id":"https:\/\/diariodelsurdigital.com.ar\/?p=4435#primaryimage","url":"https:\/\/diariodelsurdigital.com.ar\/wp-content\/uploads\/2025\/09\/539098983_18473955655077454_8346604818460246038_n.png","contentUrl":"https:\/\/diariodelsurdigital.com.ar\/wp-content\/uploads\/2025\/09\/539098983_18473955655077454_8346604818460246038_n.png","width":437,"height":370},{"@type":"BreadcrumbList","@id":"https:\/\/diariodelsurdigital.com.ar\/?p=4435#breadcrumb","itemListElement":[{"@type":"ListItem","position":1,"name":"Portada","item":"https:\/\/diariodelsurdigital.com.ar\/"},{"@type":"ListItem","position":2,"name":"Malestar por impedir que Entre R\u00edos participe de los Juegos Evita 2025"}]},{"@type":"WebSite","@id":"https:\/\/diariodelsurdigital.com.ar\/#website","url":"https:\/\/diariodelsurdigital.com.ar\/","name":"Diario del Sur","description":"Digital","potentialAction":[{"@type":"SearchAction","target":{"@type":"EntryPoint","urlTemplate":"https:\/\/diariodelsurdigital.com.ar\/?s={search_term_string}"},"query-input":{"@type":"PropertyValueSpecification","valueRequired":true,"valueName":"search_term_string"}}],"inLanguage":"es"},{"@type":"Person","@id":"https:\/\/diariodelsurdigital.com.ar\/#\/schema\/person\/6136a32571657f7dba980b88b04c5465","name":"Diario del Sur Digital","image":{"@type":"ImageObject","inLanguage":"es","@id":"https:\/\/secure.gravatar.com\/avatar\/4c29ceac98541dd42460b2474aaa5dd37594d6ce6cb3cf2c101d09b48ee287ba?s=96&d=mm&r=g","url":"https:\/\/secure.gravatar.com\/avatar\/4c29ceac98541dd42460b2474aaa5dd37594d6ce6cb3cf2c101d09b48ee287ba?s=96&d=mm&r=g","contentUrl":"https:\/\/secure.gravatar.com\/avatar\/4c29ceac98541dd42460b2474aaa5dd37594d6ce6cb3cf2c101d09b48ee287ba?s=96&d=mm&r=g","caption":"Diario del Sur Digital"},"url":"https:\/\/diariodelsurdigital.com.ar\/?author=2"}]}},"_links":{"self":[{"href":"https:\/\/diariodelsurdigital.com.ar\/index.php?rest_route=\/wp\/v2\/posts\/4435","targetHints":{"allow":["GET"]}}],"collection":[{"href":"https:\/\/diariodelsurdigital.com.ar\/index.php?rest_route=\/wp\/v2\/posts"}],"about":[{"href":"https:\/\/diariodelsurdigital.com.ar\/index.php?rest_route=\/wp\/v2\/types\/post"}],"author":[{"embeddable":true,"href":"https:\/\/diariodelsurdigital.com.ar\/index.php?rest_route=\/wp\/v2\/users\/2"}],"replies":[{"embeddable":true,"href":"https:\/\/diariodelsurdigital.com.ar\/index.php?rest_route=%2Fwp%2Fv2%2Fcomments&post=4435"}],"version-history":[{"count":1,"href":"https:\/\/diariodelsurdigital.com.ar\/index.php?rest_route=\/wp\/v2\/posts\/4435\/revisions"}],"predecessor-version":[{"id":4437,"href":"https:\/\/diariodelsurdigital.com.ar\/index.php?rest_route=\/wp\/v2\/posts\/4435\/revisions\/4437"}],"wp:featuredmedia":[{"embeddable":true,"href":"https:\/\/diariodelsurdigital.com.ar\/index.php?rest_route=\/wp\/v2\/media\/4436"}],"wp:attachment":[{"href":"https:\/\/diariodelsurdigital.com.ar\/index.php?rest_route=%2Fwp%2Fv2%2Fmedia&parent=4435"}],"wp:term":[{"taxonomy":"category","embeddable":true,"href":"https:\/\/diariodelsurdigital.com.ar\/index.php?rest_route=%2Fwp%2Fv2%2Fcategories&post=4435"},{"taxonomy":"post_tag","embeddable":true,"href":"https:\/\/diariodelsurdigital.com.ar\/index.php?rest_route=%2Fwp%2Fv2%2Ftags&post=4435"}],"curies":[{"name":"wp","href":"https:\/\/api.w.org\/{rel}","templated":true}]}}