{"id":444,"date":"2025-01-04T16:49:38","date_gmt":"2025-01-04T19:49:38","guid":{"rendered":"https:\/\/diariodelsurdigital.com.ar\/?p=444"},"modified":"2025-01-04T16:49:39","modified_gmt":"2025-01-04T19:49:39","slug":"kueider-borro-a-guinsel-costa-de-las-expensas-en-el-edificio-torre-de-parana","status":"publish","type":"post","link":"https:\/\/diariodelsurdigital.com.ar\/?p=444","title":{"rendered":"Kueider borr\u00f3 a Guinsel Costa de las expensas en el edificio torre de Paran\u00e1"},"content":{"rendered":"\n<p> Entre las propiedades que estar\u00edan vinculadas al exsenador nacional Edgardo Kueider a mediados del a\u00f1o pasado, se encuentran dos departamentos de alta gama ubicados en calle Santiago del Estero y Tejeiro Mart\u00ednez de la ciudad de Paran\u00e1. Cuando se hizo p\u00fablico que la firma Betail SA, que el hombre de Concordia hab\u00eda declarado como propia, pagaba las expensas de esas unidades, puso a su secretaria Iara Guinsel Costa como responsable ante el consorcio. Ahora, tras la detenci\u00f3n de ambos en Paraguay, las expensas volvieron a nombre de esa empresa donde Kueider aparece como socio del empleado del Senado de la Naci\u00f3n, Daniel Gonz\u00e1lez.<\/p>\n\n\n\n<p>Este s\u00e1bado se cumple el primer mes de detenci\u00f3n de Kueider y Guinsel Costa, tras el procedimiento en el Puente de la Amistad en la Triple Frontera donde descubrieron que llevaban 211.000 d\u00f3lares en una mochila. El suceso caus\u00f3 un sismo institucional y pol\u00edtico, que termin\u00f3 con la destituci\u00f3n del senador, as\u00ed como en el avance de las dos causas judiciales que tiene en tr\u00e1mite en Argentina por enriquecimiento il\u00edcito: en la Fiscal\u00eda de Concordia, y en el Juzgado Federal de San Isidro en el marco de la causa por coimas de la empresa Securitas en Enersa.<\/p>\n\n\n\n<p>Betail SA est\u00e1 inscripta como una empresa de la actividad agropecuaria que jam\u00e1s registr\u00f3 actividad alguna. Primero, la SA estaba integrada por Kueider y Gonz\u00e1lez. \u201cGonzalito\u201d luego cedi\u00f3 su participaci\u00f3n accionaria al primo del entonces senador, Javier Rubel. Pero este hombre luego afront\u00f3 una imputaci\u00f3n por abuso sexual agravado, est\u00e1 cerca del juicio y de la c\u00e1rcel. Entonces, la mitad de Betail SA volvi\u00f3 a nombre de Gonz\u00e1lez.<\/p>\n\n\n\n<p>El domicilio de esta firma es Ercilla 6288, en Ciudad de Buenos Aires: una casa de ladrillo visto deshabitada y con un cartel de venta, donde nadie vio movimiento alguno en los \u00faltimos a\u00f1os, y menos relacionados con la actividad del campo.<\/p>\n\n\n\n<p>Betail SA figuraba hasta mayo de este a\u00f1o como titular de las expensas de cinco unidades: dos departamentos de dos dormitorios &#8211; el 6 D y 6 E &#8211; con un valor de aproximadamente USD 150.000 cada uno; dos cocheras; y un semipiso en el 13 A de tres dormitorios, con un valor de mercado de USD 350.000. En total, en mayo, las expensas sumaban $118.000. En diciembre, ascendieron a $255.000.<\/p>\n\n\n\n<figure class=\"wp-block-image\" id=\"embed-217488\"><a href=\"https:\/\/www.elentrerios.com\/actualidad\/kueider-borr-a-guinsel-costa-de-las-expensas-en-edificio-torre-de-paran-y-reapareci-betail-la-sa-que-comparte-con-ldquogonzalitordquo.htm#embed-217488-popup\"><img decoding=\"async\" src=\"https:\/\/media.elentrerios.com\/fotos-emb\/2025\/01\/04\/o_1735988691.jpg\" alt=\"Cr\u00e9dito: An\u00e1lisis Digital\"\/><\/a><figcaption class=\"wp-element-caption\"><em>Cr\u00e9dito: An\u00e1lisis Digital<\/em><\/figcaption><\/figure>\n\n\n\n<p>El dato llam\u00f3 la atenci\u00f3n en el marco de una nota sobre el encarcelamiento de los empresarios Claudio y Marcelo T\u00f3rtul, imputados por el caso de coimas en Enersa a trav\u00e9s de la empresa Securitas, cuando Kueider era secretario general de la Gobernaci\u00f3n de Gustavo Bordet y ten\u00eda incidencia en la sociedad estatal. Ambos fueron desarroladores inmobiliarios de la construcci\u00f3n del edificio Live Santiago, y Claudio tiene un departamento, por lo que es vecino de Kueider.<\/p>\n\n\n\n<p>En junio del a\u00f1o pasado retiraron la firma Betail como titular de los departamentos para el pago de las expensas, y apareci\u00f3 el nombre de Iara Guinsel Costa como responsable.<\/p>\n\n\n\n<p>Tras el esc\u00e1ndalo de inicios de diciembre con la detenci\u00f3n de Kueider y Guinsel, decidieron desvincular a la mujer de esas propiedades. Seg\u00fan fuentes consultadas por An\u00e1lisis Digital, la maniobra podr\u00eda estar relacionada a una estrategia de empezar a separar los tantos entre una y otro. Tal como lo hizo el exsenador apenas fue detenido, cuando adjudic\u00f3 los 211.000 d\u00f3lares a la joven.<\/p>\n\n\n\n<p>Seg\u00fan se observa en la liquidaci\u00f3n de las expensas de enero de 2025, no pagaron las de diciembre por lo que se acumul\u00f3 la deuda total entre las cinco propiedades (departamentos y cocheras) de 520.488,16 pesos.<\/p>\n\n\n\n<p><strong>Fuente:<\/strong>\u00a0An\u00e1lisis Digital<\/p>\n","protected":false},"excerpt":{"rendered":"<p>Entre las propiedades que estar\u00edan vinculadas al exsenador nacional Edgardo Kueider a mediados del a\u00f1o pasado, se encuentran dos departamentos de alta gama ubicados en calle Santiago del Estero y Tejeiro Mart\u00ednez de la ciudad de Paran\u00e1. Cuando se hizo p\u00fablico que la firma Betail SA, que el hombre de Concordia hab\u00eda declarado como propia, [&hellip;]<\/p>\n","protected":false},"author":2,"featured_media":445,"comment_status":"open","ping_status":"open","sticky":false,"template":"","format":"standard","meta":{"footnotes":""},"categories":[17],"tags":[],"class_list":{"0":"post-444","1":"post","2":"type-post","3":"status-publish","4":"format-standard","5":"has-post-thumbnail","7":"category-provinciales"},"yoast_head":"<!-- This site is optimized with the Yoast SEO plugin v27.4 - https:\/\/yoast.com\/product\/yoast-seo-wordpress\/ -->\n<title>Kueider borr\u00f3 a Guinsel Costa de las expensas en el edificio torre de Paran\u00e1 - Diario del Sur<\/title>\n<meta name=\"robots\" content=\"index, follow, max-snippet:-1, max-image-preview:large, max-video-preview:-1\" \/>\n<link rel=\"canonical\" href=\"https:\/\/diariodelsurdigital.com.ar\/?p=444\" \/>\n<meta property=\"og:locale\" content=\"es_ES\" \/>\n<meta property=\"og:type\" content=\"article\" \/>\n<meta property=\"og:title\" content=\"Kueider borr\u00f3 a Guinsel Costa de las expensas en el edificio torre de Paran\u00e1 - Diario del Sur\" \/>\n<meta property=\"og:description\" content=\"Entre las propiedades que estar\u00edan vinculadas al exsenador nacional Edgardo Kueider a mediados del a\u00f1o pasado, se encuentran dos departamentos de alta gama ubicados en calle Santiago del Estero y Tejeiro Mart\u00ednez de la ciudad de Paran\u00e1. Cuando se hizo p\u00fablico que la firma Betail SA, que el hombre de Concordia hab\u00eda declarado como propia, [&hellip;]\" \/>\n<meta property=\"og:url\" content=\"https:\/\/diariodelsurdigital.com.ar\/?p=444\" \/>\n<meta property=\"og:site_name\" content=\"Diario del Sur\" \/>\n<meta property=\"article:published_time\" content=\"2025-01-04T19:49:38+00:00\" \/>\n<meta property=\"article:modified_time\" content=\"2025-01-04T19:49:39+00:00\" \/>\n<meta property=\"og:image\" content=\"https:\/\/diariodelsurdigital.com.ar\/wp-content\/uploads\/2025\/01\/l_1735988622.jpg\" \/>\n\t<meta property=\"og:image:width\" content=\"487\" \/>\n\t<meta property=\"og:image:height\" content=\"316\" \/>\n\t<meta property=\"og:image:type\" content=\"image\/jpeg\" \/>\n<meta name=\"author\" content=\"Diario del Sur Digital\" \/>\n<meta name=\"twitter:card\" content=\"summary_large_image\" \/>\n<meta name=\"twitter:label1\" content=\"Escrito por\" \/>\n\t<meta name=\"twitter:data1\" content=\"Diario del Sur Digital\" \/>\n\t<meta name=\"twitter:label2\" content=\"Tiempo de lectura\" \/>\n\t<meta name=\"twitter:data2\" content=\"4 minutos\" \/>\n<script type=\"application\/ld+json\" class=\"yoast-schema-graph\">{\"@context\":\"https:\\\/\\\/schema.org\",\"@graph\":[{\"@type\":\"Article\",\"@id\":\"https:\\\/\\\/diariodelsurdigital.com.ar\\\/?p=444#article\",\"isPartOf\":{\"@id\":\"https:\\\/\\\/diariodelsurdigital.com.ar\\\/?p=444\"},\"author\":{\"name\":\"Diario del Sur Digital\",\"@id\":\"https:\\\/\\\/diariodelsurdigital.com.ar\\\/#\\\/schema\\\/person\\\/6136a32571657f7dba980b88b04c5465\"},\"headline\":\"Kueider borr\u00f3 a Guinsel Costa de las expensas en el edificio torre de Paran\u00e1\",\"datePublished\":\"2025-01-04T19:49:38+00:00\",\"dateModified\":\"2025-01-04T19:49:39+00:00\",\"mainEntityOfPage\":{\"@id\":\"https:\\\/\\\/diariodelsurdigital.com.ar\\\/?p=444\"},\"wordCount\":636,\"commentCount\":0,\"image\":{\"@id\":\"https:\\\/\\\/diariodelsurdigital.com.ar\\\/?p=444#primaryimage\"},\"thumbnailUrl\":\"https:\\\/\\\/diariodelsurdigital.com.ar\\\/wp-content\\\/uploads\\\/2025\\\/01\\\/l_1735988622.jpg\",\"articleSection\":[\"Provinciales\"],\"inLanguage\":\"es\",\"potentialAction\":[{\"@type\":\"CommentAction\",\"name\":\"Comment\",\"target\":[\"https:\\\/\\\/diariodelsurdigital.com.ar\\\/?p=444#respond\"]}]},{\"@type\":\"WebPage\",\"@id\":\"https:\\\/\\\/diariodelsurdigital.com.ar\\\/?p=444\",\"url\":\"https:\\\/\\\/diariodelsurdigital.com.ar\\\/?p=444\",\"name\":\"Kueider borr\u00f3 a Guinsel Costa de las expensas en el edificio torre de Paran\u00e1 - Diario del Sur\",\"isPartOf\":{\"@id\":\"https:\\\/\\\/diariodelsurdigital.com.ar\\\/#website\"},\"primaryImageOfPage\":{\"@id\":\"https:\\\/\\\/diariodelsurdigital.com.ar\\\/?p=444#primaryimage\"},\"image\":{\"@id\":\"https:\\\/\\\/diariodelsurdigital.com.ar\\\/?p=444#primaryimage\"},\"thumbnailUrl\":\"https:\\\/\\\/diariodelsurdigital.com.ar\\\/wp-content\\\/uploads\\\/2025\\\/01\\\/l_1735988622.jpg\",\"datePublished\":\"2025-01-04T19:49:38+00:00\",\"dateModified\":\"2025-01-04T19:49:39+00:00\",\"author\":{\"@id\":\"https:\\\/\\\/diariodelsurdigital.com.ar\\\/#\\\/schema\\\/person\\\/6136a32571657f7dba980b88b04c5465\"},\"breadcrumb\":{\"@id\":\"https:\\\/\\\/diariodelsurdigital.com.ar\\\/?p=444#breadcrumb\"},\"inLanguage\":\"es\",\"potentialAction\":[{\"@type\":\"ReadAction\",\"target\":[\"https:\\\/\\\/diariodelsurdigital.com.ar\\\/?p=444\"]}]},{\"@type\":\"ImageObject\",\"inLanguage\":\"es\",\"@id\":\"https:\\\/\\\/diariodelsurdigital.com.ar\\\/?p=444#primaryimage\",\"url\":\"https:\\\/\\\/diariodelsurdigital.com.ar\\\/wp-content\\\/uploads\\\/2025\\\/01\\\/l_1735988622.jpg\",\"contentUrl\":\"https:\\\/\\\/diariodelsurdigital.com.ar\\\/wp-content\\\/uploads\\\/2025\\\/01\\\/l_1735988622.jpg\",\"width\":487,\"height\":316},{\"@type\":\"BreadcrumbList\",\"@id\":\"https:\\\/\\\/diariodelsurdigital.com.ar\\\/?p=444#breadcrumb\",\"itemListElement\":[{\"@type\":\"ListItem\",\"position\":1,\"name\":\"Portada\",\"item\":\"https:\\\/\\\/diariodelsurdigital.com.ar\\\/\"},{\"@type\":\"ListItem\",\"position\":2,\"name\":\"Kueider borr\u00f3 a Guinsel Costa de las expensas en el edificio torre de Paran\u00e1\"}]},{\"@type\":\"WebSite\",\"@id\":\"https:\\\/\\\/diariodelsurdigital.com.ar\\\/#website\",\"url\":\"https:\\\/\\\/diariodelsurdigital.com.ar\\\/\",\"name\":\"Diario del Sur\",\"description\":\"Digital\",\"potentialAction\":[{\"@type\":\"SearchAction\",\"target\":{\"@type\":\"EntryPoint\",\"urlTemplate\":\"https:\\\/\\\/diariodelsurdigital.com.ar\\\/?s={search_term_string}\"},\"query-input\":{\"@type\":\"PropertyValueSpecification\",\"valueRequired\":true,\"valueName\":\"search_term_string\"}}],\"inLanguage\":\"es\"},{\"@type\":\"Person\",\"@id\":\"https:\\\/\\\/diariodelsurdigital.com.ar\\\/#\\\/schema\\\/person\\\/6136a32571657f7dba980b88b04c5465\",\"name\":\"Diario del Sur Digital\",\"image\":{\"@type\":\"ImageObject\",\"inLanguage\":\"es\",\"@id\":\"https:\\\/\\\/secure.gravatar.com\\\/avatar\\\/4c29ceac98541dd42460b2474aaa5dd37594d6ce6cb3cf2c101d09b48ee287ba?s=96&d=mm&r=g\",\"url\":\"https:\\\/\\\/secure.gravatar.com\\\/avatar\\\/4c29ceac98541dd42460b2474aaa5dd37594d6ce6cb3cf2c101d09b48ee287ba?s=96&d=mm&r=g\",\"contentUrl\":\"https:\\\/\\\/secure.gravatar.com\\\/avatar\\\/4c29ceac98541dd42460b2474aaa5dd37594d6ce6cb3cf2c101d09b48ee287ba?s=96&d=mm&r=g\",\"caption\":\"Diario del Sur Digital\"},\"url\":\"https:\\\/\\\/diariodelsurdigital.com.ar\\\/?author=2\"}]}<\/script>\n<!-- \/ Yoast SEO plugin. -->","yoast_head_json":{"title":"Kueider borr\u00f3 a Guinsel Costa de las expensas en el edificio torre de Paran\u00e1 - Diario del Sur","robots":{"index":"index","follow":"follow","max-snippet":"max-snippet:-1","max-image-preview":"max-image-preview:large","max-video-preview":"max-video-preview:-1"},"canonical":"https:\/\/diariodelsurdigital.com.ar\/?p=444","og_locale":"es_ES","og_type":"article","og_title":"Kueider borr\u00f3 a Guinsel Costa de las expensas en el edificio torre de Paran\u00e1 - Diario del Sur","og_description":"Entre las propiedades que estar\u00edan vinculadas al exsenador nacional Edgardo Kueider a mediados del a\u00f1o pasado, se encuentran dos departamentos de alta gama ubicados en calle Santiago del Estero y Tejeiro Mart\u00ednez de la ciudad de Paran\u00e1. Cuando se hizo p\u00fablico que la firma Betail SA, que el hombre de Concordia hab\u00eda declarado como propia, [&hellip;]","og_url":"https:\/\/diariodelsurdigital.com.ar\/?p=444","og_site_name":"Diario del Sur","article_published_time":"2025-01-04T19:49:38+00:00","article_modified_time":"2025-01-04T19:49:39+00:00","og_image":[{"width":487,"height":316,"url":"https:\/\/diariodelsurdigital.com.ar\/wp-content\/uploads\/2025\/01\/l_1735988622.jpg","type":"image\/jpeg"}],"author":"Diario del Sur Digital","twitter_card":"summary_large_image","twitter_misc":{"Escrito por":"Diario del Sur Digital","Tiempo de lectura":"4 minutos"},"schema":{"@context":"https:\/\/schema.org","@graph":[{"@type":"Article","@id":"https:\/\/diariodelsurdigital.com.ar\/?p=444#article","isPartOf":{"@id":"https:\/\/diariodelsurdigital.com.ar\/?p=444"},"author":{"name":"Diario del Sur Digital","@id":"https:\/\/diariodelsurdigital.com.ar\/#\/schema\/person\/6136a32571657f7dba980b88b04c5465"},"headline":"Kueider borr\u00f3 a Guinsel Costa de las expensas en el edificio torre de Paran\u00e1","datePublished":"2025-01-04T19:49:38+00:00","dateModified":"2025-01-04T19:49:39+00:00","mainEntityOfPage":{"@id":"https:\/\/diariodelsurdigital.com.ar\/?p=444"},"wordCount":636,"commentCount":0,"image":{"@id":"https:\/\/diariodelsurdigital.com.ar\/?p=444#primaryimage"},"thumbnailUrl":"https:\/\/diariodelsurdigital.com.ar\/wp-content\/uploads\/2025\/01\/l_1735988622.jpg","articleSection":["Provinciales"],"inLanguage":"es","potentialAction":[{"@type":"CommentAction","name":"Comment","target":["https:\/\/diariodelsurdigital.com.ar\/?p=444#respond"]}]},{"@type":"WebPage","@id":"https:\/\/diariodelsurdigital.com.ar\/?p=444","url":"https:\/\/diariodelsurdigital.com.ar\/?p=444","name":"Kueider borr\u00f3 a Guinsel Costa de las expensas en el edificio torre de Paran\u00e1 - Diario del Sur","isPartOf":{"@id":"https:\/\/diariodelsurdigital.com.ar\/#website"},"primaryImageOfPage":{"@id":"https:\/\/diariodelsurdigital.com.ar\/?p=444#primaryimage"},"image":{"@id":"https:\/\/diariodelsurdigital.com.ar\/?p=444#primaryimage"},"thumbnailUrl":"https:\/\/diariodelsurdigital.com.ar\/wp-content\/uploads\/2025\/01\/l_1735988622.jpg","datePublished":"2025-01-04T19:49:38+00:00","dateModified":"2025-01-04T19:49:39+00:00","author":{"@id":"https:\/\/diariodelsurdigital.com.ar\/#\/schema\/person\/6136a32571657f7dba980b88b04c5465"},"breadcrumb":{"@id":"https:\/\/diariodelsurdigital.com.ar\/?p=444#breadcrumb"},"inLanguage":"es","potentialAction":[{"@type":"ReadAction","target":["https:\/\/diariodelsurdigital.com.ar\/?p=444"]}]},{"@type":"ImageObject","inLanguage":"es","@id":"https:\/\/diariodelsurdigital.com.ar\/?p=444#primaryimage","url":"https:\/\/diariodelsurdigital.com.ar\/wp-content\/uploads\/2025\/01\/l_1735988622.jpg","contentUrl":"https:\/\/diariodelsurdigital.com.ar\/wp-content\/uploads\/2025\/01\/l_1735988622.jpg","width":487,"height":316},{"@type":"BreadcrumbList","@id":"https:\/\/diariodelsurdigital.com.ar\/?p=444#breadcrumb","itemListElement":[{"@type":"ListItem","position":1,"name":"Portada","item":"https:\/\/diariodelsurdigital.com.ar\/"},{"@type":"ListItem","position":2,"name":"Kueider borr\u00f3 a Guinsel Costa de las expensas en el edificio torre de Paran\u00e1"}]},{"@type":"WebSite","@id":"https:\/\/diariodelsurdigital.com.ar\/#website","url":"https:\/\/diariodelsurdigital.com.ar\/","name":"Diario del Sur","description":"Digital","potentialAction":[{"@type":"SearchAction","target":{"@type":"EntryPoint","urlTemplate":"https:\/\/diariodelsurdigital.com.ar\/?s={search_term_string}"},"query-input":{"@type":"PropertyValueSpecification","valueRequired":true,"valueName":"search_term_string"}}],"inLanguage":"es"},{"@type":"Person","@id":"https:\/\/diariodelsurdigital.com.ar\/#\/schema\/person\/6136a32571657f7dba980b88b04c5465","name":"Diario del Sur Digital","image":{"@type":"ImageObject","inLanguage":"es","@id":"https:\/\/secure.gravatar.com\/avatar\/4c29ceac98541dd42460b2474aaa5dd37594d6ce6cb3cf2c101d09b48ee287ba?s=96&d=mm&r=g","url":"https:\/\/secure.gravatar.com\/avatar\/4c29ceac98541dd42460b2474aaa5dd37594d6ce6cb3cf2c101d09b48ee287ba?s=96&d=mm&r=g","contentUrl":"https:\/\/secure.gravatar.com\/avatar\/4c29ceac98541dd42460b2474aaa5dd37594d6ce6cb3cf2c101d09b48ee287ba?s=96&d=mm&r=g","caption":"Diario del Sur Digital"},"url":"https:\/\/diariodelsurdigital.com.ar\/?author=2"}]}},"_links":{"self":[{"href":"https:\/\/diariodelsurdigital.com.ar\/index.php?rest_route=\/wp\/v2\/posts\/444","targetHints":{"allow":["GET"]}}],"collection":[{"href":"https:\/\/diariodelsurdigital.com.ar\/index.php?rest_route=\/wp\/v2\/posts"}],"about":[{"href":"https:\/\/diariodelsurdigital.com.ar\/index.php?rest_route=\/wp\/v2\/types\/post"}],"author":[{"embeddable":true,"href":"https:\/\/diariodelsurdigital.com.ar\/index.php?rest_route=\/wp\/v2\/users\/2"}],"replies":[{"embeddable":true,"href":"https:\/\/diariodelsurdigital.com.ar\/index.php?rest_route=%2Fwp%2Fv2%2Fcomments&post=444"}],"version-history":[{"count":1,"href":"https:\/\/diariodelsurdigital.com.ar\/index.php?rest_route=\/wp\/v2\/posts\/444\/revisions"}],"predecessor-version":[{"id":446,"href":"https:\/\/diariodelsurdigital.com.ar\/index.php?rest_route=\/wp\/v2\/posts\/444\/revisions\/446"}],"wp:featuredmedia":[{"embeddable":true,"href":"https:\/\/diariodelsurdigital.com.ar\/index.php?rest_route=\/wp\/v2\/media\/445"}],"wp:attachment":[{"href":"https:\/\/diariodelsurdigital.com.ar\/index.php?rest_route=%2Fwp%2Fv2%2Fmedia&parent=444"}],"wp:term":[{"taxonomy":"category","embeddable":true,"href":"https:\/\/diariodelsurdigital.com.ar\/index.php?rest_route=%2Fwp%2Fv2%2Fcategories&post=444"},{"taxonomy":"post_tag","embeddable":true,"href":"https:\/\/diariodelsurdigital.com.ar\/index.php?rest_route=%2Fwp%2Fv2%2Ftags&post=444"}],"curies":[{"name":"wp","href":"https:\/\/api.w.org\/{rel}","templated":true}]}}