{"id":4442,"date":"2025-09-01T21:00:13","date_gmt":"2025-09-02T00:00:13","guid":{"rendered":"https:\/\/diariodelsurdigital.com.ar\/?p=4442"},"modified":"2025-09-01T21:00:13","modified_gmt":"2025-09-02T00:00:13","slug":"intento-de-femicidio-informaron-que-la-mujer-baleada-quedaria-con-graves-secuelas","status":"publish","type":"post","link":"https:\/\/diariodelsurdigital.com.ar\/?p=4442","title":{"rendered":"Intento de femicidio: informaron que la mujer baleada quedar\u00eda con graves secuelas"},"content":{"rendered":"\n<figure class=\"wp-block-image\"><img decoding=\"async\" src=\"https:\/\/media.elentrerios.com\/fotos-v2\/2022\/03\/21\/l_1647910338.jpg\" alt=\"\" title=\"\"\/><\/figure>\n\n\n\n<p>Pas\u00f3 una semana desde la noche del domingo 24 que cambi\u00f3 para siempre la vida de Carolina Huck, la docente de 31 a\u00f1os baleada por su pareja, el sargento de la Motorizada Mariano Corval\u00e1n, en La Rioja y Gutenberg de la ciudad de Gualeguaych\u00fa.<\/p>\n\n\n\n<p>Luego de una supuesta discusi\u00f3n, el funcionario policial hiri\u00f3 con su arma reglamentaria a su pareja en la parte baja del t\u00f3rax hacia el abdomen.<br>A\u00fan ambos permanecen internados en el Hospital Centenario, en estado delicado, con secuelas que marcar\u00e1n su futuro.<\/p>\n\n\n\n<p>Carolina despert\u00f3 d\u00edas atr\u00e1s, respira por sus propios medios y ya no necesita respirador ni traqueotom\u00eda. Le retiraron algunos drenjes y, de mantener su evoluci\u00f3n positiva, podr\u00eda pasar a una sala com\u00fan. Sin embargo, los m\u00e9dicos advierten que la lesi\u00f3n en la m\u00e9dula podr\u00eda dejarle una par\u00e1lisis en sus miembros inferiores.<\/p>\n\n\n\n<p>Su agresor, de 38 a\u00f1os, tambi\u00e9n fue intervenido de urgencia tras dispararse en el rostro con su arma reglamentaria. A partir de la baja en la sedaci\u00f3n, la Justicia lo notific\u00f3 que est\u00e1 imputado por \u00abtentativa de femicidio\u00bb, delito que prev\u00e9 penas de entre 10 y 15 a\u00f1os de prisi\u00f3n.<\/p>\n\n\n\n<p>Seg\u00fan los partes m\u00e9dicos, Corval\u00e1n evoluciona lentamente, sin respirador, con dieta blanda y bajo antibi\u00f3ticos. Se monitorea su cuadro neuroquir\u00fargico.<\/p>\n\n\n\n<h3 class=\"wp-block-heading\">Investigaci\u00f3n<\/h3>\n\n\n\n<p>Para la semana est\u00e1 previsto avanzar con una serie de pericias judiciales solicitadas por el fiscal Jorge Guti\u00e9rrez, como el extracto de los \u00faltimos mensajes, audios y llamadas de los celulares de la v\u00edctima y el agresor; la b\u00fasqueda de rastros de p\u00f3lvora en la indumentaria de ambos. Esas pericias ser\u00e1n desarrolladas por Gendarmer\u00eda Nacional.<\/p>\n\n\n\n<p>El ataque de Corval\u00e1n a Huck ocurri\u00f3 dentro de la casa. Tras el balazo, el propio agresor dio aviso a la Polic\u00eda y se comunic\u00f3 con el hospital Centenario para pedir una ambulancia de urgencia. Cuando el m\u00f3vil del Servicio de Emergencias 107 arrib\u00f3 al domicilio, el agente colabor\u00f3 en la carga de la mujer para su traslado.<\/p>\n\n\n\n<p>Minutos despu\u00e9s, al llegar un patrullero de la comisar\u00eda Cuarta, el polic\u00eda, de 38 a\u00f1os, se dispar\u00f3 en el rostro en la calle frente a la vivienda.<\/p>\n\n\n\n<p>Fuente: El Entre Rios<\/p>\n","protected":false},"excerpt":{"rendered":"<p>Pas\u00f3 una semana desde la noche del domingo 24 que cambi\u00f3 para siempre la vida de Carolina Huck, la docente de 31 a\u00f1os baleada por su pareja, el sargento de la Motorizada Mariano Corval\u00e1n, en La Rioja y Gutenberg de la ciudad de Gualeguaych\u00fa. Luego de una supuesta discusi\u00f3n, el funcionario policial hiri\u00f3 con su [&hellip;]<\/p>\n","protected":false},"author":3,"featured_media":4443,"comment_status":"open","ping_status":"open","sticky":false,"template":"","format":"standard","meta":{"footnotes":""},"categories":[21],"tags":[],"class_list":{"0":"post-4442","1":"post","2":"type-post","3":"status-publish","4":"format-standard","5":"has-post-thumbnail","7":"category-policiales"},"yoast_head":"<!-- This site is optimized with the Yoast SEO plugin v27.4 - https:\/\/yoast.com\/product\/yoast-seo-wordpress\/ -->\n<title>Intento de femicidio: informaron que la mujer baleada quedar\u00eda con graves secuelas - Diario del Sur<\/title>\n<meta name=\"robots\" content=\"index, follow, max-snippet:-1, max-image-preview:large, max-video-preview:-1\" \/>\n<link rel=\"canonical\" href=\"https:\/\/diariodelsurdigital.com.ar\/?p=4442\" \/>\n<meta property=\"og:locale\" content=\"es_ES\" \/>\n<meta property=\"og:type\" content=\"article\" \/>\n<meta property=\"og:title\" content=\"Intento de femicidio: informaron que la mujer baleada quedar\u00eda con graves secuelas - Diario del Sur\" \/>\n<meta property=\"og:description\" content=\"Pas\u00f3 una semana desde la noche del domingo 24 que cambi\u00f3 para siempre la vida de Carolina Huck, la docente de 31 a\u00f1os baleada por su pareja, el sargento de la Motorizada Mariano Corval\u00e1n, en La Rioja y Gutenberg de la ciudad de Gualeguaych\u00fa. Luego de una supuesta discusi\u00f3n, el funcionario policial hiri\u00f3 con su [&hellip;]\" \/>\n<meta property=\"og:url\" content=\"https:\/\/diariodelsurdigital.com.ar\/?p=4442\" \/>\n<meta property=\"og:site_name\" content=\"Diario del Sur\" \/>\n<meta property=\"article:published_time\" content=\"2025-09-02T00:00:13+00:00\" \/>\n<meta property=\"og:image\" content=\"https:\/\/diariodelsurdigital.com.ar\/wp-content\/uploads\/2025\/09\/l_1647910338.jpg\" \/>\n\t<meta property=\"og:image:width\" content=\"870\" \/>\n\t<meta property=\"og:image:height\" content=\"580\" \/>\n\t<meta property=\"og:image:type\" content=\"image\/jpeg\" \/>\n<meta name=\"author\" content=\"Diario del Sur Digital\" \/>\n<meta name=\"twitter:card\" content=\"summary_large_image\" \/>\n<meta name=\"twitter:label1\" content=\"Escrito por\" \/>\n\t<meta name=\"twitter:data1\" content=\"Diario del Sur Digital\" \/>\n\t<meta name=\"twitter:label2\" content=\"Tiempo de lectura\" \/>\n\t<meta name=\"twitter:data2\" content=\"3 minutos\" \/>\n<script type=\"application\/ld+json\" class=\"yoast-schema-graph\">{\"@context\":\"https:\\\/\\\/schema.org\",\"@graph\":[{\"@type\":\"Article\",\"@id\":\"https:\\\/\\\/diariodelsurdigital.com.ar\\\/?p=4442#article\",\"isPartOf\":{\"@id\":\"https:\\\/\\\/diariodelsurdigital.com.ar\\\/?p=4442\"},\"author\":{\"name\":\"Diario del Sur Digital\",\"@id\":\"https:\\\/\\\/diariodelsurdigital.com.ar\\\/#\\\/schema\\\/person\\\/d794acb23337e88c6e4004a39c32be62\"},\"headline\":\"Intento de femicidio: informaron que la mujer baleada quedar\u00eda con graves secuelas\",\"datePublished\":\"2025-09-02T00:00:13+00:00\",\"mainEntityOfPage\":{\"@id\":\"https:\\\/\\\/diariodelsurdigital.com.ar\\\/?p=4442\"},\"wordCount\":399,\"commentCount\":0,\"image\":{\"@id\":\"https:\\\/\\\/diariodelsurdigital.com.ar\\\/?p=4442#primaryimage\"},\"thumbnailUrl\":\"https:\\\/\\\/diariodelsurdigital.com.ar\\\/wp-content\\\/uploads\\\/2025\\\/09\\\/l_1647910338.jpg\",\"articleSection\":[\"Policiales\"],\"inLanguage\":\"es\",\"potentialAction\":[{\"@type\":\"CommentAction\",\"name\":\"Comment\",\"target\":[\"https:\\\/\\\/diariodelsurdigital.com.ar\\\/?p=4442#respond\"]}]},{\"@type\":\"WebPage\",\"@id\":\"https:\\\/\\\/diariodelsurdigital.com.ar\\\/?p=4442\",\"url\":\"https:\\\/\\\/diariodelsurdigital.com.ar\\\/?p=4442\",\"name\":\"Intento de femicidio: informaron que la mujer baleada quedar\u00eda con graves secuelas - Diario del Sur\",\"isPartOf\":{\"@id\":\"https:\\\/\\\/diariodelsurdigital.com.ar\\\/#website\"},\"primaryImageOfPage\":{\"@id\":\"https:\\\/\\\/diariodelsurdigital.com.ar\\\/?p=4442#primaryimage\"},\"image\":{\"@id\":\"https:\\\/\\\/diariodelsurdigital.com.ar\\\/?p=4442#primaryimage\"},\"thumbnailUrl\":\"https:\\\/\\\/diariodelsurdigital.com.ar\\\/wp-content\\\/uploads\\\/2025\\\/09\\\/l_1647910338.jpg\",\"datePublished\":\"2025-09-02T00:00:13+00:00\",\"author\":{\"@id\":\"https:\\\/\\\/diariodelsurdigital.com.ar\\\/#\\\/schema\\\/person\\\/d794acb23337e88c6e4004a39c32be62\"},\"breadcrumb\":{\"@id\":\"https:\\\/\\\/diariodelsurdigital.com.ar\\\/?p=4442#breadcrumb\"},\"inLanguage\":\"es\",\"potentialAction\":[{\"@type\":\"ReadAction\",\"target\":[\"https:\\\/\\\/diariodelsurdigital.com.ar\\\/?p=4442\"]}]},{\"@type\":\"ImageObject\",\"inLanguage\":\"es\",\"@id\":\"https:\\\/\\\/diariodelsurdigital.com.ar\\\/?p=4442#primaryimage\",\"url\":\"https:\\\/\\\/diariodelsurdigital.com.ar\\\/wp-content\\\/uploads\\\/2025\\\/09\\\/l_1647910338.jpg\",\"contentUrl\":\"https:\\\/\\\/diariodelsurdigital.com.ar\\\/wp-content\\\/uploads\\\/2025\\\/09\\\/l_1647910338.jpg\",\"width\":870,\"height\":580},{\"@type\":\"BreadcrumbList\",\"@id\":\"https:\\\/\\\/diariodelsurdigital.com.ar\\\/?p=4442#breadcrumb\",\"itemListElement\":[{\"@type\":\"ListItem\",\"position\":1,\"name\":\"Portada\",\"item\":\"https:\\\/\\\/diariodelsurdigital.com.ar\\\/\"},{\"@type\":\"ListItem\",\"position\":2,\"name\":\"Intento de femicidio: informaron que la mujer baleada quedar\u00eda con graves secuelas\"}]},{\"@type\":\"WebSite\",\"@id\":\"https:\\\/\\\/diariodelsurdigital.com.ar\\\/#website\",\"url\":\"https:\\\/\\\/diariodelsurdigital.com.ar\\\/\",\"name\":\"Diario del Sur\",\"description\":\"Digital\",\"potentialAction\":[{\"@type\":\"SearchAction\",\"target\":{\"@type\":\"EntryPoint\",\"urlTemplate\":\"https:\\\/\\\/diariodelsurdigital.com.ar\\\/?s={search_term_string}\"},\"query-input\":{\"@type\":\"PropertyValueSpecification\",\"valueRequired\":true,\"valueName\":\"search_term_string\"}}],\"inLanguage\":\"es\"},{\"@type\":\"Person\",\"@id\":\"https:\\\/\\\/diariodelsurdigital.com.ar\\\/#\\\/schema\\\/person\\\/d794acb23337e88c6e4004a39c32be62\",\"name\":\"Diario del Sur Digital\",\"image\":{\"@type\":\"ImageObject\",\"inLanguage\":\"es\",\"@id\":\"https:\\\/\\\/secure.gravatar.com\\\/avatar\\\/47679bcfa15734cfdefc176b6ad58adeeccac22b2e03e095ada6c622af2b463a?s=96&d=mm&r=g\",\"url\":\"https:\\\/\\\/secure.gravatar.com\\\/avatar\\\/47679bcfa15734cfdefc176b6ad58adeeccac22b2e03e095ada6c622af2b463a?s=96&d=mm&r=g\",\"contentUrl\":\"https:\\\/\\\/secure.gravatar.com\\\/avatar\\\/47679bcfa15734cfdefc176b6ad58adeeccac22b2e03e095ada6c622af2b463a?s=96&d=mm&r=g\",\"caption\":\"Diario del Sur Digital\"},\"url\":\"https:\\\/\\\/diariodelsurdigital.com.ar\\\/?author=3\"}]}<\/script>\n<!-- \/ Yoast SEO plugin. -->","yoast_head_json":{"title":"Intento de femicidio: informaron que la mujer baleada quedar\u00eda con graves secuelas - Diario del Sur","robots":{"index":"index","follow":"follow","max-snippet":"max-snippet:-1","max-image-preview":"max-image-preview:large","max-video-preview":"max-video-preview:-1"},"canonical":"https:\/\/diariodelsurdigital.com.ar\/?p=4442","og_locale":"es_ES","og_type":"article","og_title":"Intento de femicidio: informaron que la mujer baleada quedar\u00eda con graves secuelas - Diario del Sur","og_description":"Pas\u00f3 una semana desde la noche del domingo 24 que cambi\u00f3 para siempre la vida de Carolina Huck, la docente de 31 a\u00f1os baleada por su pareja, el sargento de la Motorizada Mariano Corval\u00e1n, en La Rioja y Gutenberg de la ciudad de Gualeguaych\u00fa. Luego de una supuesta discusi\u00f3n, el funcionario policial hiri\u00f3 con su [&hellip;]","og_url":"https:\/\/diariodelsurdigital.com.ar\/?p=4442","og_site_name":"Diario del Sur","article_published_time":"2025-09-02T00:00:13+00:00","og_image":[{"width":870,"height":580,"url":"https:\/\/diariodelsurdigital.com.ar\/wp-content\/uploads\/2025\/09\/l_1647910338.jpg","type":"image\/jpeg"}],"author":"Diario del Sur Digital","twitter_card":"summary_large_image","twitter_misc":{"Escrito por":"Diario del Sur Digital","Tiempo de lectura":"3 minutos"},"schema":{"@context":"https:\/\/schema.org","@graph":[{"@type":"Article","@id":"https:\/\/diariodelsurdigital.com.ar\/?p=4442#article","isPartOf":{"@id":"https:\/\/diariodelsurdigital.com.ar\/?p=4442"},"author":{"name":"Diario del Sur Digital","@id":"https:\/\/diariodelsurdigital.com.ar\/#\/schema\/person\/d794acb23337e88c6e4004a39c32be62"},"headline":"Intento de femicidio: informaron que la mujer baleada quedar\u00eda con graves secuelas","datePublished":"2025-09-02T00:00:13+00:00","mainEntityOfPage":{"@id":"https:\/\/diariodelsurdigital.com.ar\/?p=4442"},"wordCount":399,"commentCount":0,"image":{"@id":"https:\/\/diariodelsurdigital.com.ar\/?p=4442#primaryimage"},"thumbnailUrl":"https:\/\/diariodelsurdigital.com.ar\/wp-content\/uploads\/2025\/09\/l_1647910338.jpg","articleSection":["Policiales"],"inLanguage":"es","potentialAction":[{"@type":"CommentAction","name":"Comment","target":["https:\/\/diariodelsurdigital.com.ar\/?p=4442#respond"]}]},{"@type":"WebPage","@id":"https:\/\/diariodelsurdigital.com.ar\/?p=4442","url":"https:\/\/diariodelsurdigital.com.ar\/?p=4442","name":"Intento de femicidio: informaron que la mujer baleada quedar\u00eda con graves secuelas - Diario del Sur","isPartOf":{"@id":"https:\/\/diariodelsurdigital.com.ar\/#website"},"primaryImageOfPage":{"@id":"https:\/\/diariodelsurdigital.com.ar\/?p=4442#primaryimage"},"image":{"@id":"https:\/\/diariodelsurdigital.com.ar\/?p=4442#primaryimage"},"thumbnailUrl":"https:\/\/diariodelsurdigital.com.ar\/wp-content\/uploads\/2025\/09\/l_1647910338.jpg","datePublished":"2025-09-02T00:00:13+00:00","author":{"@id":"https:\/\/diariodelsurdigital.com.ar\/#\/schema\/person\/d794acb23337e88c6e4004a39c32be62"},"breadcrumb":{"@id":"https:\/\/diariodelsurdigital.com.ar\/?p=4442#breadcrumb"},"inLanguage":"es","potentialAction":[{"@type":"ReadAction","target":["https:\/\/diariodelsurdigital.com.ar\/?p=4442"]}]},{"@type":"ImageObject","inLanguage":"es","@id":"https:\/\/diariodelsurdigital.com.ar\/?p=4442#primaryimage","url":"https:\/\/diariodelsurdigital.com.ar\/wp-content\/uploads\/2025\/09\/l_1647910338.jpg","contentUrl":"https:\/\/diariodelsurdigital.com.ar\/wp-content\/uploads\/2025\/09\/l_1647910338.jpg","width":870,"height":580},{"@type":"BreadcrumbList","@id":"https:\/\/diariodelsurdigital.com.ar\/?p=4442#breadcrumb","itemListElement":[{"@type":"ListItem","position":1,"name":"Portada","item":"https:\/\/diariodelsurdigital.com.ar\/"},{"@type":"ListItem","position":2,"name":"Intento de femicidio: informaron que la mujer baleada quedar\u00eda con graves secuelas"}]},{"@type":"WebSite","@id":"https:\/\/diariodelsurdigital.com.ar\/#website","url":"https:\/\/diariodelsurdigital.com.ar\/","name":"Diario del Sur","description":"Digital","potentialAction":[{"@type":"SearchAction","target":{"@type":"EntryPoint","urlTemplate":"https:\/\/diariodelsurdigital.com.ar\/?s={search_term_string}"},"query-input":{"@type":"PropertyValueSpecification","valueRequired":true,"valueName":"search_term_string"}}],"inLanguage":"es"},{"@type":"Person","@id":"https:\/\/diariodelsurdigital.com.ar\/#\/schema\/person\/d794acb23337e88c6e4004a39c32be62","name":"Diario del Sur Digital","image":{"@type":"ImageObject","inLanguage":"es","@id":"https:\/\/secure.gravatar.com\/avatar\/47679bcfa15734cfdefc176b6ad58adeeccac22b2e03e095ada6c622af2b463a?s=96&d=mm&r=g","url":"https:\/\/secure.gravatar.com\/avatar\/47679bcfa15734cfdefc176b6ad58adeeccac22b2e03e095ada6c622af2b463a?s=96&d=mm&r=g","contentUrl":"https:\/\/secure.gravatar.com\/avatar\/47679bcfa15734cfdefc176b6ad58adeeccac22b2e03e095ada6c622af2b463a?s=96&d=mm&r=g","caption":"Diario del Sur Digital"},"url":"https:\/\/diariodelsurdigital.com.ar\/?author=3"}]}},"_links":{"self":[{"href":"https:\/\/diariodelsurdigital.com.ar\/index.php?rest_route=\/wp\/v2\/posts\/4442","targetHints":{"allow":["GET"]}}],"collection":[{"href":"https:\/\/diariodelsurdigital.com.ar\/index.php?rest_route=\/wp\/v2\/posts"}],"about":[{"href":"https:\/\/diariodelsurdigital.com.ar\/index.php?rest_route=\/wp\/v2\/types\/post"}],"author":[{"embeddable":true,"href":"https:\/\/diariodelsurdigital.com.ar\/index.php?rest_route=\/wp\/v2\/users\/3"}],"replies":[{"embeddable":true,"href":"https:\/\/diariodelsurdigital.com.ar\/index.php?rest_route=%2Fwp%2Fv2%2Fcomments&post=4442"}],"version-history":[{"count":1,"href":"https:\/\/diariodelsurdigital.com.ar\/index.php?rest_route=\/wp\/v2\/posts\/4442\/revisions"}],"predecessor-version":[{"id":4444,"href":"https:\/\/diariodelsurdigital.com.ar\/index.php?rest_route=\/wp\/v2\/posts\/4442\/revisions\/4444"}],"wp:featuredmedia":[{"embeddable":true,"href":"https:\/\/diariodelsurdigital.com.ar\/index.php?rest_route=\/wp\/v2\/media\/4443"}],"wp:attachment":[{"href":"https:\/\/diariodelsurdigital.com.ar\/index.php?rest_route=%2Fwp%2Fv2%2Fmedia&parent=4442"}],"wp:term":[{"taxonomy":"category","embeddable":true,"href":"https:\/\/diariodelsurdigital.com.ar\/index.php?rest_route=%2Fwp%2Fv2%2Fcategories&post=4442"},{"taxonomy":"post_tag","embeddable":true,"href":"https:\/\/diariodelsurdigital.com.ar\/index.php?rest_route=%2Fwp%2Fv2%2Ftags&post=4442"}],"curies":[{"name":"wp","href":"https:\/\/api.w.org\/{rel}","templated":true}]}}