{"id":4445,"date":"2025-09-01T22:03:24","date_gmt":"2025-09-02T01:03:24","guid":{"rendered":"https:\/\/diariodelsurdigital.com.ar\/?p=4445"},"modified":"2025-09-01T22:03:25","modified_gmt":"2025-09-02T01:03:25","slug":"desde-el-kremlin-desmintieron-las-aseveraciones-de-bullrich-relacionado-con-espias-rusos","status":"publish","type":"post","link":"https:\/\/diariodelsurdigital.com.ar\/?p=4445","title":{"rendered":"Desde el Kremlin desmintieron las aseveraciones de Bullrich relacionado con esp\u00edas rusos"},"content":{"rendered":"\n<p><\/p>\n\n\n\n<p>En medio de la controversia generada por el \u201cbozal legal\u201d del Gobierno contra un selectivo grupo de periodistas \u201copositores\u201d, a causa de la filtraci\u00f3n de audios de la secretaria general de la Presidencia, Karina Milei, Patricia Bullrich, titular del Ministerio de Seguridad, comparti\u00f3 con los medios una llamativa hip\u00f3tesis.\u00a0En ella, la ministra habla de supuestas implicancias de servicios de inteligencias rusos y venezolanos, cuyo \u00fanico objetivo es desestabilizar al Gobierno de Javier Milei.<\/p>\n\n\n\n<p><strong>La desmentida por parte de las autoridades rusas no se hizo esperar. En comunicaci\u00f3n con Diario del SUR Digital, un portavoz del Kremlin (esperemos que no nos obliguen a dar a conocer la fuente) neg\u00f3 en forma tajante, que \u201cagentes vinculados a la Federaci\u00f3n Rusa, se encuentren trabajando en una operaci\u00f3n con el fin de desestabilizar al gobierno Argentino\u201d, se\u00f1alaron y agregaron, \u201cEn todo caso se desestabilizaron solos, debido a las sospechas por presuntos actos de corrupci\u00f3n del mismo gobierno\u201d, indic\u00f3 el portavoz.<\/strong><\/p>\n\n\n\n<p><strong>Tambi\u00e9n se se\u00f1al\u00f3 que \u201cel Ministro de Relaciones Exteriores de Rusia, Sergu\u00e9i Lavrov, ya est\u00e1 en conocimiento de las aseveraciones de la Ministro de Seguridad y que seguramente se manifestar\u00e1 sobre las sospechas que la funcionaria Argentina trata de endilgar a los supuestos agentes rusos\u201d.<\/strong><strong><\/strong><\/p>\n","protected":false},"excerpt":{"rendered":"<p>En medio de la controversia generada por el \u201cbozal legal\u201d del Gobierno contra un selectivo grupo de periodistas \u201copositores\u201d, a causa de la filtraci\u00f3n de audios de la secretaria general de la Presidencia, Karina Milei, Patricia Bullrich, titular del Ministerio de Seguridad, comparti\u00f3 con los medios una llamativa hip\u00f3tesis.\u00a0En ella, la ministra habla de supuestas [&hellip;]<\/p>\n","protected":false},"author":2,"featured_media":4446,"comment_status":"open","ping_status":"open","sticky":false,"template":"","format":"standard","meta":{"footnotes":""},"categories":[18],"tags":[],"class_list":{"0":"post-4445","1":"post","2":"type-post","3":"status-publish","4":"format-standard","5":"has-post-thumbnail","7":"category-nacionales"},"yoast_head":"<!-- This site is optimized with the Yoast SEO plugin v27.4 - https:\/\/yoast.com\/product\/yoast-seo-wordpress\/ -->\n<title>Desde el Kremlin desmintieron las aseveraciones de Bullrich relacionado con esp\u00edas rusos - Diario del Sur<\/title>\n<meta name=\"robots\" content=\"index, follow, max-snippet:-1, max-image-preview:large, max-video-preview:-1\" \/>\n<link rel=\"canonical\" href=\"https:\/\/diariodelsurdigital.com.ar\/?p=4445\" \/>\n<meta property=\"og:locale\" content=\"es_ES\" \/>\n<meta property=\"og:type\" content=\"article\" \/>\n<meta property=\"og:title\" content=\"Desde el Kremlin desmintieron las aseveraciones de Bullrich relacionado con esp\u00edas rusos - Diario del Sur\" \/>\n<meta property=\"og:description\" content=\"En medio de la controversia generada por el \u201cbozal legal\u201d del Gobierno contra un selectivo grupo de periodistas \u201copositores\u201d, a causa de la filtraci\u00f3n de audios de la secretaria general de la Presidencia, Karina Milei, Patricia Bullrich, titular del Ministerio de Seguridad, comparti\u00f3 con los medios una llamativa hip\u00f3tesis.\u00a0En ella, la ministra habla de supuestas [&hellip;]\" \/>\n<meta property=\"og:url\" content=\"https:\/\/diariodelsurdigital.com.ar\/?p=4445\" \/>\n<meta property=\"og:site_name\" content=\"Diario del Sur\" \/>\n<meta property=\"article:published_time\" content=\"2025-09-02T01:03:24+00:00\" \/>\n<meta property=\"article:modified_time\" content=\"2025-09-02T01:03:25+00:00\" \/>\n<meta property=\"og:image\" content=\"https:\/\/diariodelsurdigital.com.ar\/wp-content\/uploads\/2025\/09\/images-15.jpeg\" \/>\n\t<meta property=\"og:image:width\" content=\"468\" \/>\n\t<meta property=\"og:image:height\" content=\"295\" \/>\n\t<meta property=\"og:image:type\" content=\"image\/jpeg\" \/>\n<meta name=\"author\" content=\"Diario del Sur Digital\" \/>\n<meta name=\"twitter:card\" content=\"summary_large_image\" \/>\n<meta name=\"twitter:label1\" content=\"Escrito por\" \/>\n\t<meta name=\"twitter:data1\" content=\"Diario del Sur Digital\" \/>\n\t<meta name=\"twitter:label2\" content=\"Tiempo de lectura\" \/>\n\t<meta name=\"twitter:data2\" content=\"2 minutos\" \/>\n<script type=\"application\/ld+json\" class=\"yoast-schema-graph\">{\"@context\":\"https:\\\/\\\/schema.org\",\"@graph\":[{\"@type\":\"Article\",\"@id\":\"https:\\\/\\\/diariodelsurdigital.com.ar\\\/?p=4445#article\",\"isPartOf\":{\"@id\":\"https:\\\/\\\/diariodelsurdigital.com.ar\\\/?p=4445\"},\"author\":{\"name\":\"Diario del Sur Digital\",\"@id\":\"https:\\\/\\\/diariodelsurdigital.com.ar\\\/#\\\/schema\\\/person\\\/6136a32571657f7dba980b88b04c5465\"},\"headline\":\"Desde el Kremlin desmintieron las aseveraciones de Bullrich relacionado con esp\u00edas rusos\",\"datePublished\":\"2025-09-02T01:03:24+00:00\",\"dateModified\":\"2025-09-02T01:03:25+00:00\",\"mainEntityOfPage\":{\"@id\":\"https:\\\/\\\/diariodelsurdigital.com.ar\\\/?p=4445\"},\"wordCount\":225,\"commentCount\":0,\"image\":{\"@id\":\"https:\\\/\\\/diariodelsurdigital.com.ar\\\/?p=4445#primaryimage\"},\"thumbnailUrl\":\"https:\\\/\\\/diariodelsurdigital.com.ar\\\/wp-content\\\/uploads\\\/2025\\\/09\\\/images-15.jpeg\",\"articleSection\":[\"Nacionales\"],\"inLanguage\":\"es\",\"potentialAction\":[{\"@type\":\"CommentAction\",\"name\":\"Comment\",\"target\":[\"https:\\\/\\\/diariodelsurdigital.com.ar\\\/?p=4445#respond\"]}]},{\"@type\":\"WebPage\",\"@id\":\"https:\\\/\\\/diariodelsurdigital.com.ar\\\/?p=4445\",\"url\":\"https:\\\/\\\/diariodelsurdigital.com.ar\\\/?p=4445\",\"name\":\"Desde el Kremlin desmintieron las aseveraciones de Bullrich relacionado con esp\u00edas rusos - Diario del Sur\",\"isPartOf\":{\"@id\":\"https:\\\/\\\/diariodelsurdigital.com.ar\\\/#website\"},\"primaryImageOfPage\":{\"@id\":\"https:\\\/\\\/diariodelsurdigital.com.ar\\\/?p=4445#primaryimage\"},\"image\":{\"@id\":\"https:\\\/\\\/diariodelsurdigital.com.ar\\\/?p=4445#primaryimage\"},\"thumbnailUrl\":\"https:\\\/\\\/diariodelsurdigital.com.ar\\\/wp-content\\\/uploads\\\/2025\\\/09\\\/images-15.jpeg\",\"datePublished\":\"2025-09-02T01:03:24+00:00\",\"dateModified\":\"2025-09-02T01:03:25+00:00\",\"author\":{\"@id\":\"https:\\\/\\\/diariodelsurdigital.com.ar\\\/#\\\/schema\\\/person\\\/6136a32571657f7dba980b88b04c5465\"},\"breadcrumb\":{\"@id\":\"https:\\\/\\\/diariodelsurdigital.com.ar\\\/?p=4445#breadcrumb\"},\"inLanguage\":\"es\",\"potentialAction\":[{\"@type\":\"ReadAction\",\"target\":[\"https:\\\/\\\/diariodelsurdigital.com.ar\\\/?p=4445\"]}]},{\"@type\":\"ImageObject\",\"inLanguage\":\"es\",\"@id\":\"https:\\\/\\\/diariodelsurdigital.com.ar\\\/?p=4445#primaryimage\",\"url\":\"https:\\\/\\\/diariodelsurdigital.com.ar\\\/wp-content\\\/uploads\\\/2025\\\/09\\\/images-15.jpeg\",\"contentUrl\":\"https:\\\/\\\/diariodelsurdigital.com.ar\\\/wp-content\\\/uploads\\\/2025\\\/09\\\/images-15.jpeg\",\"width\":468,\"height\":295},{\"@type\":\"BreadcrumbList\",\"@id\":\"https:\\\/\\\/diariodelsurdigital.com.ar\\\/?p=4445#breadcrumb\",\"itemListElement\":[{\"@type\":\"ListItem\",\"position\":1,\"name\":\"Portada\",\"item\":\"https:\\\/\\\/diariodelsurdigital.com.ar\\\/\"},{\"@type\":\"ListItem\",\"position\":2,\"name\":\"Desde el Kremlin desmintieron las aseveraciones de Bullrich relacionado con esp\u00edas rusos\"}]},{\"@type\":\"WebSite\",\"@id\":\"https:\\\/\\\/diariodelsurdigital.com.ar\\\/#website\",\"url\":\"https:\\\/\\\/diariodelsurdigital.com.ar\\\/\",\"name\":\"Diario del Sur\",\"description\":\"Digital\",\"potentialAction\":[{\"@type\":\"SearchAction\",\"target\":{\"@type\":\"EntryPoint\",\"urlTemplate\":\"https:\\\/\\\/diariodelsurdigital.com.ar\\\/?s={search_term_string}\"},\"query-input\":{\"@type\":\"PropertyValueSpecification\",\"valueRequired\":true,\"valueName\":\"search_term_string\"}}],\"inLanguage\":\"es\"},{\"@type\":\"Person\",\"@id\":\"https:\\\/\\\/diariodelsurdigital.com.ar\\\/#\\\/schema\\\/person\\\/6136a32571657f7dba980b88b04c5465\",\"name\":\"Diario del Sur Digital\",\"image\":{\"@type\":\"ImageObject\",\"inLanguage\":\"es\",\"@id\":\"https:\\\/\\\/secure.gravatar.com\\\/avatar\\\/4c29ceac98541dd42460b2474aaa5dd37594d6ce6cb3cf2c101d09b48ee287ba?s=96&d=mm&r=g\",\"url\":\"https:\\\/\\\/secure.gravatar.com\\\/avatar\\\/4c29ceac98541dd42460b2474aaa5dd37594d6ce6cb3cf2c101d09b48ee287ba?s=96&d=mm&r=g\",\"contentUrl\":\"https:\\\/\\\/secure.gravatar.com\\\/avatar\\\/4c29ceac98541dd42460b2474aaa5dd37594d6ce6cb3cf2c101d09b48ee287ba?s=96&d=mm&r=g\",\"caption\":\"Diario del Sur Digital\"},\"url\":\"https:\\\/\\\/diariodelsurdigital.com.ar\\\/?author=2\"}]}<\/script>\n<!-- \/ Yoast SEO plugin. -->","yoast_head_json":{"title":"Desde el Kremlin desmintieron las aseveraciones de Bullrich relacionado con esp\u00edas rusos - Diario del Sur","robots":{"index":"index","follow":"follow","max-snippet":"max-snippet:-1","max-image-preview":"max-image-preview:large","max-video-preview":"max-video-preview:-1"},"canonical":"https:\/\/diariodelsurdigital.com.ar\/?p=4445","og_locale":"es_ES","og_type":"article","og_title":"Desde el Kremlin desmintieron las aseveraciones de Bullrich relacionado con esp\u00edas rusos - Diario del Sur","og_description":"En medio de la controversia generada por el \u201cbozal legal\u201d del Gobierno contra un selectivo grupo de periodistas \u201copositores\u201d, a causa de la filtraci\u00f3n de audios de la secretaria general de la Presidencia, Karina Milei, Patricia Bullrich, titular del Ministerio de Seguridad, comparti\u00f3 con los medios una llamativa hip\u00f3tesis.\u00a0En ella, la ministra habla de supuestas [&hellip;]","og_url":"https:\/\/diariodelsurdigital.com.ar\/?p=4445","og_site_name":"Diario del Sur","article_published_time":"2025-09-02T01:03:24+00:00","article_modified_time":"2025-09-02T01:03:25+00:00","og_image":[{"width":468,"height":295,"url":"https:\/\/diariodelsurdigital.com.ar\/wp-content\/uploads\/2025\/09\/images-15.jpeg","type":"image\/jpeg"}],"author":"Diario del Sur Digital","twitter_card":"summary_large_image","twitter_misc":{"Escrito por":"Diario del Sur Digital","Tiempo de lectura":"2 minutos"},"schema":{"@context":"https:\/\/schema.org","@graph":[{"@type":"Article","@id":"https:\/\/diariodelsurdigital.com.ar\/?p=4445#article","isPartOf":{"@id":"https:\/\/diariodelsurdigital.com.ar\/?p=4445"},"author":{"name":"Diario del Sur Digital","@id":"https:\/\/diariodelsurdigital.com.ar\/#\/schema\/person\/6136a32571657f7dba980b88b04c5465"},"headline":"Desde el Kremlin desmintieron las aseveraciones de Bullrich relacionado con esp\u00edas rusos","datePublished":"2025-09-02T01:03:24+00:00","dateModified":"2025-09-02T01:03:25+00:00","mainEntityOfPage":{"@id":"https:\/\/diariodelsurdigital.com.ar\/?p=4445"},"wordCount":225,"commentCount":0,"image":{"@id":"https:\/\/diariodelsurdigital.com.ar\/?p=4445#primaryimage"},"thumbnailUrl":"https:\/\/diariodelsurdigital.com.ar\/wp-content\/uploads\/2025\/09\/images-15.jpeg","articleSection":["Nacionales"],"inLanguage":"es","potentialAction":[{"@type":"CommentAction","name":"Comment","target":["https:\/\/diariodelsurdigital.com.ar\/?p=4445#respond"]}]},{"@type":"WebPage","@id":"https:\/\/diariodelsurdigital.com.ar\/?p=4445","url":"https:\/\/diariodelsurdigital.com.ar\/?p=4445","name":"Desde el Kremlin desmintieron las aseveraciones de Bullrich relacionado con esp\u00edas rusos - Diario del Sur","isPartOf":{"@id":"https:\/\/diariodelsurdigital.com.ar\/#website"},"primaryImageOfPage":{"@id":"https:\/\/diariodelsurdigital.com.ar\/?p=4445#primaryimage"},"image":{"@id":"https:\/\/diariodelsurdigital.com.ar\/?p=4445#primaryimage"},"thumbnailUrl":"https:\/\/diariodelsurdigital.com.ar\/wp-content\/uploads\/2025\/09\/images-15.jpeg","datePublished":"2025-09-02T01:03:24+00:00","dateModified":"2025-09-02T01:03:25+00:00","author":{"@id":"https:\/\/diariodelsurdigital.com.ar\/#\/schema\/person\/6136a32571657f7dba980b88b04c5465"},"breadcrumb":{"@id":"https:\/\/diariodelsurdigital.com.ar\/?p=4445#breadcrumb"},"inLanguage":"es","potentialAction":[{"@type":"ReadAction","target":["https:\/\/diariodelsurdigital.com.ar\/?p=4445"]}]},{"@type":"ImageObject","inLanguage":"es","@id":"https:\/\/diariodelsurdigital.com.ar\/?p=4445#primaryimage","url":"https:\/\/diariodelsurdigital.com.ar\/wp-content\/uploads\/2025\/09\/images-15.jpeg","contentUrl":"https:\/\/diariodelsurdigital.com.ar\/wp-content\/uploads\/2025\/09\/images-15.jpeg","width":468,"height":295},{"@type":"BreadcrumbList","@id":"https:\/\/diariodelsurdigital.com.ar\/?p=4445#breadcrumb","itemListElement":[{"@type":"ListItem","position":1,"name":"Portada","item":"https:\/\/diariodelsurdigital.com.ar\/"},{"@type":"ListItem","position":2,"name":"Desde el Kremlin desmintieron las aseveraciones de Bullrich relacionado con esp\u00edas rusos"}]},{"@type":"WebSite","@id":"https:\/\/diariodelsurdigital.com.ar\/#website","url":"https:\/\/diariodelsurdigital.com.ar\/","name":"Diario del Sur","description":"Digital","potentialAction":[{"@type":"SearchAction","target":{"@type":"EntryPoint","urlTemplate":"https:\/\/diariodelsurdigital.com.ar\/?s={search_term_string}"},"query-input":{"@type":"PropertyValueSpecification","valueRequired":true,"valueName":"search_term_string"}}],"inLanguage":"es"},{"@type":"Person","@id":"https:\/\/diariodelsurdigital.com.ar\/#\/schema\/person\/6136a32571657f7dba980b88b04c5465","name":"Diario del Sur Digital","image":{"@type":"ImageObject","inLanguage":"es","@id":"https:\/\/secure.gravatar.com\/avatar\/4c29ceac98541dd42460b2474aaa5dd37594d6ce6cb3cf2c101d09b48ee287ba?s=96&d=mm&r=g","url":"https:\/\/secure.gravatar.com\/avatar\/4c29ceac98541dd42460b2474aaa5dd37594d6ce6cb3cf2c101d09b48ee287ba?s=96&d=mm&r=g","contentUrl":"https:\/\/secure.gravatar.com\/avatar\/4c29ceac98541dd42460b2474aaa5dd37594d6ce6cb3cf2c101d09b48ee287ba?s=96&d=mm&r=g","caption":"Diario del Sur Digital"},"url":"https:\/\/diariodelsurdigital.com.ar\/?author=2"}]}},"_links":{"self":[{"href":"https:\/\/diariodelsurdigital.com.ar\/index.php?rest_route=\/wp\/v2\/posts\/4445","targetHints":{"allow":["GET"]}}],"collection":[{"href":"https:\/\/diariodelsurdigital.com.ar\/index.php?rest_route=\/wp\/v2\/posts"}],"about":[{"href":"https:\/\/diariodelsurdigital.com.ar\/index.php?rest_route=\/wp\/v2\/types\/post"}],"author":[{"embeddable":true,"href":"https:\/\/diariodelsurdigital.com.ar\/index.php?rest_route=\/wp\/v2\/users\/2"}],"replies":[{"embeddable":true,"href":"https:\/\/diariodelsurdigital.com.ar\/index.php?rest_route=%2Fwp%2Fv2%2Fcomments&post=4445"}],"version-history":[{"count":1,"href":"https:\/\/diariodelsurdigital.com.ar\/index.php?rest_route=\/wp\/v2\/posts\/4445\/revisions"}],"predecessor-version":[{"id":4447,"href":"https:\/\/diariodelsurdigital.com.ar\/index.php?rest_route=\/wp\/v2\/posts\/4445\/revisions\/4447"}],"wp:featuredmedia":[{"embeddable":true,"href":"https:\/\/diariodelsurdigital.com.ar\/index.php?rest_route=\/wp\/v2\/media\/4446"}],"wp:attachment":[{"href":"https:\/\/diariodelsurdigital.com.ar\/index.php?rest_route=%2Fwp%2Fv2%2Fmedia&parent=4445"}],"wp:term":[{"taxonomy":"category","embeddable":true,"href":"https:\/\/diariodelsurdigital.com.ar\/index.php?rest_route=%2Fwp%2Fv2%2Fcategories&post=4445"},{"taxonomy":"post_tag","embeddable":true,"href":"https:\/\/diariodelsurdigital.com.ar\/index.php?rest_route=%2Fwp%2Fv2%2Ftags&post=4445"}],"curies":[{"name":"wp","href":"https:\/\/api.w.org\/{rel}","templated":true}]}}