{"id":4449,"date":"2025-09-02T09:16:41","date_gmt":"2025-09-02T12:16:41","guid":{"rendered":"https:\/\/diariodelsurdigital.com.ar\/?p=4449"},"modified":"2025-09-02T09:16:42","modified_gmt":"2025-09-02T12:16:42","slug":"frigerio-celebro-el-resultado-electoral-en-corrientes-pero-las-redes-le-pasaron-factura-por-su-alianza-libertaria-en-entre-rios","status":"publish","type":"post","link":"https:\/\/diariodelsurdigital.com.ar\/?p=4449","title":{"rendered":"Frigerio celebr\u00f3 el resultado electoral en Corrientes, pero las redes le pasaron factura por su alianza libertaria en Entre R\u00edos"},"content":{"rendered":"\n<p>Un aluvi\u00f3n de comentarios negativos inund\u00f3 las redes del gobernador Rogelio Frigerio tras celebrar el triunfo del radicalismo en Corrientes. Le recriminaron su alianza con La Libertad Avanza en Entre R\u00edos, que contrasta con el modelo ganador de Vald\u00e9s que en la provincia vecina se impuso a los libertarios, releg\u00e1ndolos a la cuarta posici\u00f3n.<\/p>\n\n\n\n<p><\/p>\n\n\n\n<p>El gobernador desat\u00f3 una pol\u00e9mica en redes sociales al celebrar efusivamente el triunfo del dirigente radical Juan Pablo Vald\u00e9s en Corrientes.<\/p>\n\n\n\n<p><br>Le reprochan que en la provincia haya priorizado una alianza con los libertarios, que encabezan tanto la lista de senadores como la de diputados, y haya relegado a un segundo plano a la UCR y al PRO, los partidos que lo depositaron en la Casa Gris.<\/p>\n\n\n\n<p>\u201cGran triunfo de @JPValdesok y todo el equipo de Vamos Corrientes. Felicitaciones a todos por el tremendo respaldo recibido y un abrazo especial para @gustavovaldesok. Ahora, a seguir trabajando con m\u00e1s fuerzas y energ\u00eda que nunca!\u201d, fue lo que public\u00f3 Frigerio en su cuenta de X.<\/p>\n\n\n\n<p>A continuaci\u00f3n, algunos de los comentarios que recibi\u00f3:<\/p>\n\n\n\n<p>.Qu\u00e9 bueno que hay gobernadores que se animen a ir a las urnas sin aliarse con los coimeros, y que esperanzador que la gente los acompa\u00f1e.<\/p>\n\n\n\n<p>.Qu\u00e9 triste que no sea tu caso, Rogelio.<\/p>\n\n\n\n<p>.Capaz no fue buena idea regalarle la lista a LLA\u2026<\/p>\n\n\n\n<p>.Vos le entregaste los senadores a Milei, Valdez reaccion\u00f3.<\/p>\n\n\n\n<p>.Viste que no era con la boleta violeta y arrodillados, l\u00e1stima vos no lo viste y te arrodillarse.<\/p>\n\n\n\n<p>. Los socios de Milei celebran la derrota escandalosa de Milei.<\/p>\n\n\n\n<p>.Ves, no hac\u00eda falta ir en alianza con LLA y menos entregarle los primeros lugares en las listas!!!<\/p>\n\n\n\n<p>.Volv\u00e9 y sumate al Frente de Gobernadores.<\/p>\n\n\n\n<p>.No vas a conseguir NADA de LLA y la coimera de Karina. Sal\u00ed de ah\u00ed maravilla. Antes que te sea demasiado tarde.<\/p>\n\n\n\n<p>.Viste Roger? Y no tuvo que bajarse los lienzos como vos.<\/p>\n\n\n\n<p>.Che, pavote, vos vas con Milei, salieron cuartos c\u00f3modos, que festej\u00e1s.<\/p>\n\n\n\n<p>.Espero que te sirva de lecci\u00f3n y desarmes el mamarracho de alianza violeta que hiciste.<\/p>\n\n\n\n<p>.Rogelio tu candidato sali\u00f3 4to.<\/p>\n\n\n\n<p>.Y vos fuiste con LLA cu\u00e1ntos se van a arrepentir! Le regalaste la provincia a estos impresentables!<\/p>\n\n\n\n<p>. Se arrodill\u00f3 con Milei para no salir tercero. Pero ah\u00ed lo ten\u00e9s, qu\u00e9 verg\u00fcenza hermano.<\/p>\n\n\n\n<p>.Viste? Y no tuvo que pactar con Karina como vos.<\/p>\n\n\n\n<p>.L\u00e1stima que hiciste un pacto con los violetas. No es por ah\u00ed.<\/p>\n\n\n\n<p>.Viste Frigerio era con la UCR no con los violetas fuiste!<\/p>\n\n\n\n<p>.L\u00e1stima que pactaste con estos koimeros, chorros y perversos. Desde adentro te van a destruir son peores que los Kirchos.<\/p>\n\n\n\n<p>.Rogelio me defraudaste. No pod\u00e9s apoyar a LLA. C\u00f3mo pod\u00e9s quedar pegado a semejante pelotudo?<\/p>\n\n\n\n<p>.Dejate de joder. A\u00f1os de pol\u00edtica y rifas tu prestigio por alguien que tiene el boleto picado.<\/p>\n","protected":false},"excerpt":{"rendered":"<p>Un aluvi\u00f3n de comentarios negativos inund\u00f3 las redes del gobernador Rogelio Frigerio tras celebrar el triunfo del radicalismo en Corrientes. Le recriminaron su alianza con La Libertad Avanza en Entre R\u00edos, que contrasta con el modelo ganador de Vald\u00e9s que en la provincia vecina se impuso a los libertarios, releg\u00e1ndolos a la cuarta posici\u00f3n. El [&hellip;]<\/p>\n","protected":false},"author":4,"featured_media":4450,"comment_status":"open","ping_status":"open","sticky":false,"template":"","format":"standard","meta":{"footnotes":""},"categories":[22,17],"tags":[],"class_list":{"0":"post-4449","1":"post","2":"type-post","3":"status-publish","4":"format-standard","5":"has-post-thumbnail","7":"category-politica","8":"category-provinciales"},"yoast_head":"<!-- This site is optimized with the Yoast SEO plugin v27.4 - https:\/\/yoast.com\/product\/yoast-seo-wordpress\/ -->\n<title>Frigerio celebr\u00f3 el resultado electoral en Corrientes, pero las redes le pasaron factura por su alianza libertaria en Entre R\u00edos - Diario del Sur<\/title>\n<meta name=\"robots\" content=\"index, follow, max-snippet:-1, max-image-preview:large, max-video-preview:-1\" \/>\n<link rel=\"canonical\" href=\"https:\/\/diariodelsurdigital.com.ar\/?p=4449\" \/>\n<meta property=\"og:locale\" content=\"es_ES\" \/>\n<meta property=\"og:type\" content=\"article\" \/>\n<meta property=\"og:title\" content=\"Frigerio celebr\u00f3 el resultado electoral en Corrientes, pero las redes le pasaron factura por su alianza libertaria en Entre R\u00edos - Diario del Sur\" \/>\n<meta property=\"og:description\" content=\"Un aluvi\u00f3n de comentarios negativos inund\u00f3 las redes del gobernador Rogelio Frigerio tras celebrar el triunfo del radicalismo en Corrientes. Le recriminaron su alianza con La Libertad Avanza en Entre R\u00edos, que contrasta con el modelo ganador de Vald\u00e9s que en la provincia vecina se impuso a los libertarios, releg\u00e1ndolos a la cuarta posici\u00f3n. El [&hellip;]\" \/>\n<meta property=\"og:url\" content=\"https:\/\/diariodelsurdigital.com.ar\/?p=4449\" \/>\n<meta property=\"og:site_name\" content=\"Diario del Sur\" \/>\n<meta property=\"article:published_time\" content=\"2025-09-02T12:16:41+00:00\" \/>\n<meta property=\"article:modified_time\" content=\"2025-09-02T12:16:42+00:00\" \/>\n<meta property=\"og:image\" content=\"https:\/\/diariodelsurdigital.com.ar\/wp-content\/uploads\/2025\/09\/md-8.webp\" \/>\n\t<meta property=\"og:image:width\" content=\"992\" \/>\n\t<meta property=\"og:image:height\" content=\"668\" \/>\n\t<meta property=\"og:image:type\" content=\"image\/webp\" \/>\n<meta name=\"author\" content=\"Diario del Sur Digital\" \/>\n<meta name=\"twitter:card\" content=\"summary_large_image\" \/>\n<meta name=\"twitter:label1\" content=\"Escrito por\" \/>\n\t<meta name=\"twitter:data1\" content=\"Diario del Sur Digital\" \/>\n\t<meta name=\"twitter:label2\" content=\"Tiempo de lectura\" \/>\n\t<meta name=\"twitter:data2\" content=\"3 minutos\" \/>\n<script type=\"application\/ld+json\" class=\"yoast-schema-graph\">{\"@context\":\"https:\\\/\\\/schema.org\",\"@graph\":[{\"@type\":\"Article\",\"@id\":\"https:\\\/\\\/diariodelsurdigital.com.ar\\\/?p=4449#article\",\"isPartOf\":{\"@id\":\"https:\\\/\\\/diariodelsurdigital.com.ar\\\/?p=4449\"},\"author\":{\"name\":\"Diario del Sur Digital\",\"@id\":\"https:\\\/\\\/diariodelsurdigital.com.ar\\\/#\\\/schema\\\/person\\\/1a4992532ed62965c968031b49195c81\"},\"headline\":\"Frigerio celebr\u00f3 el resultado electoral en Corrientes, pero las redes le pasaron factura por su alianza libertaria en Entre R\u00edos\",\"datePublished\":\"2025-09-02T12:16:41+00:00\",\"dateModified\":\"2025-09-02T12:16:42+00:00\",\"mainEntityOfPage\":{\"@id\":\"https:\\\/\\\/diariodelsurdigital.com.ar\\\/?p=4449\"},\"wordCount\":509,\"commentCount\":0,\"image\":{\"@id\":\"https:\\\/\\\/diariodelsurdigital.com.ar\\\/?p=4449#primaryimage\"},\"thumbnailUrl\":\"https:\\\/\\\/diariodelsurdigital.com.ar\\\/wp-content\\\/uploads\\\/2025\\\/09\\\/md-8.webp\",\"articleSection\":[\"Pol\u00edtica\",\"Provinciales\"],\"inLanguage\":\"es\",\"potentialAction\":[{\"@type\":\"CommentAction\",\"name\":\"Comment\",\"target\":[\"https:\\\/\\\/diariodelsurdigital.com.ar\\\/?p=4449#respond\"]}]},{\"@type\":\"WebPage\",\"@id\":\"https:\\\/\\\/diariodelsurdigital.com.ar\\\/?p=4449\",\"url\":\"https:\\\/\\\/diariodelsurdigital.com.ar\\\/?p=4449\",\"name\":\"Frigerio celebr\u00f3 el resultado electoral en Corrientes, pero las redes le pasaron factura por su alianza libertaria en Entre R\u00edos - Diario del Sur\",\"isPartOf\":{\"@id\":\"https:\\\/\\\/diariodelsurdigital.com.ar\\\/#website\"},\"primaryImageOfPage\":{\"@id\":\"https:\\\/\\\/diariodelsurdigital.com.ar\\\/?p=4449#primaryimage\"},\"image\":{\"@id\":\"https:\\\/\\\/diariodelsurdigital.com.ar\\\/?p=4449#primaryimage\"},\"thumbnailUrl\":\"https:\\\/\\\/diariodelsurdigital.com.ar\\\/wp-content\\\/uploads\\\/2025\\\/09\\\/md-8.webp\",\"datePublished\":\"2025-09-02T12:16:41+00:00\",\"dateModified\":\"2025-09-02T12:16:42+00:00\",\"author\":{\"@id\":\"https:\\\/\\\/diariodelsurdigital.com.ar\\\/#\\\/schema\\\/person\\\/1a4992532ed62965c968031b49195c81\"},\"breadcrumb\":{\"@id\":\"https:\\\/\\\/diariodelsurdigital.com.ar\\\/?p=4449#breadcrumb\"},\"inLanguage\":\"es\",\"potentialAction\":[{\"@type\":\"ReadAction\",\"target\":[\"https:\\\/\\\/diariodelsurdigital.com.ar\\\/?p=4449\"]}]},{\"@type\":\"ImageObject\",\"inLanguage\":\"es\",\"@id\":\"https:\\\/\\\/diariodelsurdigital.com.ar\\\/?p=4449#primaryimage\",\"url\":\"https:\\\/\\\/diariodelsurdigital.com.ar\\\/wp-content\\\/uploads\\\/2025\\\/09\\\/md-8.webp\",\"contentUrl\":\"https:\\\/\\\/diariodelsurdigital.com.ar\\\/wp-content\\\/uploads\\\/2025\\\/09\\\/md-8.webp\",\"width\":992,\"height\":668},{\"@type\":\"BreadcrumbList\",\"@id\":\"https:\\\/\\\/diariodelsurdigital.com.ar\\\/?p=4449#breadcrumb\",\"itemListElement\":[{\"@type\":\"ListItem\",\"position\":1,\"name\":\"Portada\",\"item\":\"https:\\\/\\\/diariodelsurdigital.com.ar\\\/\"},{\"@type\":\"ListItem\",\"position\":2,\"name\":\"Frigerio celebr\u00f3 el resultado electoral en Corrientes, pero las redes le pasaron factura por su alianza libertaria en Entre R\u00edos\"}]},{\"@type\":\"WebSite\",\"@id\":\"https:\\\/\\\/diariodelsurdigital.com.ar\\\/#website\",\"url\":\"https:\\\/\\\/diariodelsurdigital.com.ar\\\/\",\"name\":\"Diario del Sur\",\"description\":\"Digital\",\"potentialAction\":[{\"@type\":\"SearchAction\",\"target\":{\"@type\":\"EntryPoint\",\"urlTemplate\":\"https:\\\/\\\/diariodelsurdigital.com.ar\\\/?s={search_term_string}\"},\"query-input\":{\"@type\":\"PropertyValueSpecification\",\"valueRequired\":true,\"valueName\":\"search_term_string\"}}],\"inLanguage\":\"es\"},{\"@type\":\"Person\",\"@id\":\"https:\\\/\\\/diariodelsurdigital.com.ar\\\/#\\\/schema\\\/person\\\/1a4992532ed62965c968031b49195c81\",\"name\":\"Diario del Sur Digital\",\"image\":{\"@type\":\"ImageObject\",\"inLanguage\":\"es\",\"@id\":\"https:\\\/\\\/secure.gravatar.com\\\/avatar\\\/f0c7c47fc7146d19828273b9b8eda651c9c7ab583767e6338d3d3bee825adf76?s=96&d=mm&r=g\",\"url\":\"https:\\\/\\\/secure.gravatar.com\\\/avatar\\\/f0c7c47fc7146d19828273b9b8eda651c9c7ab583767e6338d3d3bee825adf76?s=96&d=mm&r=g\",\"contentUrl\":\"https:\\\/\\\/secure.gravatar.com\\\/avatar\\\/f0c7c47fc7146d19828273b9b8eda651c9c7ab583767e6338d3d3bee825adf76?s=96&d=mm&r=g\",\"caption\":\"Diario del Sur Digital\"},\"url\":\"https:\\\/\\\/diariodelsurdigital.com.ar\\\/?author=4\"}]}<\/script>\n<!-- \/ Yoast SEO plugin. -->","yoast_head_json":{"title":"Frigerio celebr\u00f3 el resultado electoral en Corrientes, pero las redes le pasaron factura por su alianza libertaria en Entre R\u00edos - Diario del Sur","robots":{"index":"index","follow":"follow","max-snippet":"max-snippet:-1","max-image-preview":"max-image-preview:large","max-video-preview":"max-video-preview:-1"},"canonical":"https:\/\/diariodelsurdigital.com.ar\/?p=4449","og_locale":"es_ES","og_type":"article","og_title":"Frigerio celebr\u00f3 el resultado electoral en Corrientes, pero las redes le pasaron factura por su alianza libertaria en Entre R\u00edos - Diario del Sur","og_description":"Un aluvi\u00f3n de comentarios negativos inund\u00f3 las redes del gobernador Rogelio Frigerio tras celebrar el triunfo del radicalismo en Corrientes. Le recriminaron su alianza con La Libertad Avanza en Entre R\u00edos, que contrasta con el modelo ganador de Vald\u00e9s que en la provincia vecina se impuso a los libertarios, releg\u00e1ndolos a la cuarta posici\u00f3n. El [&hellip;]","og_url":"https:\/\/diariodelsurdigital.com.ar\/?p=4449","og_site_name":"Diario del Sur","article_published_time":"2025-09-02T12:16:41+00:00","article_modified_time":"2025-09-02T12:16:42+00:00","og_image":[{"width":992,"height":668,"url":"https:\/\/diariodelsurdigital.com.ar\/wp-content\/uploads\/2025\/09\/md-8.webp","type":"image\/webp"}],"author":"Diario del Sur Digital","twitter_card":"summary_large_image","twitter_misc":{"Escrito por":"Diario del Sur Digital","Tiempo de lectura":"3 minutos"},"schema":{"@context":"https:\/\/schema.org","@graph":[{"@type":"Article","@id":"https:\/\/diariodelsurdigital.com.ar\/?p=4449#article","isPartOf":{"@id":"https:\/\/diariodelsurdigital.com.ar\/?p=4449"},"author":{"name":"Diario del Sur Digital","@id":"https:\/\/diariodelsurdigital.com.ar\/#\/schema\/person\/1a4992532ed62965c968031b49195c81"},"headline":"Frigerio celebr\u00f3 el resultado electoral en Corrientes, pero las redes le pasaron factura por su alianza libertaria en Entre R\u00edos","datePublished":"2025-09-02T12:16:41+00:00","dateModified":"2025-09-02T12:16:42+00:00","mainEntityOfPage":{"@id":"https:\/\/diariodelsurdigital.com.ar\/?p=4449"},"wordCount":509,"commentCount":0,"image":{"@id":"https:\/\/diariodelsurdigital.com.ar\/?p=4449#primaryimage"},"thumbnailUrl":"https:\/\/diariodelsurdigital.com.ar\/wp-content\/uploads\/2025\/09\/md-8.webp","articleSection":["Pol\u00edtica","Provinciales"],"inLanguage":"es","potentialAction":[{"@type":"CommentAction","name":"Comment","target":["https:\/\/diariodelsurdigital.com.ar\/?p=4449#respond"]}]},{"@type":"WebPage","@id":"https:\/\/diariodelsurdigital.com.ar\/?p=4449","url":"https:\/\/diariodelsurdigital.com.ar\/?p=4449","name":"Frigerio celebr\u00f3 el resultado electoral en Corrientes, pero las redes le pasaron factura por su alianza libertaria en Entre R\u00edos - Diario del Sur","isPartOf":{"@id":"https:\/\/diariodelsurdigital.com.ar\/#website"},"primaryImageOfPage":{"@id":"https:\/\/diariodelsurdigital.com.ar\/?p=4449#primaryimage"},"image":{"@id":"https:\/\/diariodelsurdigital.com.ar\/?p=4449#primaryimage"},"thumbnailUrl":"https:\/\/diariodelsurdigital.com.ar\/wp-content\/uploads\/2025\/09\/md-8.webp","datePublished":"2025-09-02T12:16:41+00:00","dateModified":"2025-09-02T12:16:42+00:00","author":{"@id":"https:\/\/diariodelsurdigital.com.ar\/#\/schema\/person\/1a4992532ed62965c968031b49195c81"},"breadcrumb":{"@id":"https:\/\/diariodelsurdigital.com.ar\/?p=4449#breadcrumb"},"inLanguage":"es","potentialAction":[{"@type":"ReadAction","target":["https:\/\/diariodelsurdigital.com.ar\/?p=4449"]}]},{"@type":"ImageObject","inLanguage":"es","@id":"https:\/\/diariodelsurdigital.com.ar\/?p=4449#primaryimage","url":"https:\/\/diariodelsurdigital.com.ar\/wp-content\/uploads\/2025\/09\/md-8.webp","contentUrl":"https:\/\/diariodelsurdigital.com.ar\/wp-content\/uploads\/2025\/09\/md-8.webp","width":992,"height":668},{"@type":"BreadcrumbList","@id":"https:\/\/diariodelsurdigital.com.ar\/?p=4449#breadcrumb","itemListElement":[{"@type":"ListItem","position":1,"name":"Portada","item":"https:\/\/diariodelsurdigital.com.ar\/"},{"@type":"ListItem","position":2,"name":"Frigerio celebr\u00f3 el resultado electoral en Corrientes, pero las redes le pasaron factura por su alianza libertaria en Entre R\u00edos"}]},{"@type":"WebSite","@id":"https:\/\/diariodelsurdigital.com.ar\/#website","url":"https:\/\/diariodelsurdigital.com.ar\/","name":"Diario del Sur","description":"Digital","potentialAction":[{"@type":"SearchAction","target":{"@type":"EntryPoint","urlTemplate":"https:\/\/diariodelsurdigital.com.ar\/?s={search_term_string}"},"query-input":{"@type":"PropertyValueSpecification","valueRequired":true,"valueName":"search_term_string"}}],"inLanguage":"es"},{"@type":"Person","@id":"https:\/\/diariodelsurdigital.com.ar\/#\/schema\/person\/1a4992532ed62965c968031b49195c81","name":"Diario del Sur Digital","image":{"@type":"ImageObject","inLanguage":"es","@id":"https:\/\/secure.gravatar.com\/avatar\/f0c7c47fc7146d19828273b9b8eda651c9c7ab583767e6338d3d3bee825adf76?s=96&d=mm&r=g","url":"https:\/\/secure.gravatar.com\/avatar\/f0c7c47fc7146d19828273b9b8eda651c9c7ab583767e6338d3d3bee825adf76?s=96&d=mm&r=g","contentUrl":"https:\/\/secure.gravatar.com\/avatar\/f0c7c47fc7146d19828273b9b8eda651c9c7ab583767e6338d3d3bee825adf76?s=96&d=mm&r=g","caption":"Diario del Sur Digital"},"url":"https:\/\/diariodelsurdigital.com.ar\/?author=4"}]}},"_links":{"self":[{"href":"https:\/\/diariodelsurdigital.com.ar\/index.php?rest_route=\/wp\/v2\/posts\/4449","targetHints":{"allow":["GET"]}}],"collection":[{"href":"https:\/\/diariodelsurdigital.com.ar\/index.php?rest_route=\/wp\/v2\/posts"}],"about":[{"href":"https:\/\/diariodelsurdigital.com.ar\/index.php?rest_route=\/wp\/v2\/types\/post"}],"author":[{"embeddable":true,"href":"https:\/\/diariodelsurdigital.com.ar\/index.php?rest_route=\/wp\/v2\/users\/4"}],"replies":[{"embeddable":true,"href":"https:\/\/diariodelsurdigital.com.ar\/index.php?rest_route=%2Fwp%2Fv2%2Fcomments&post=4449"}],"version-history":[{"count":1,"href":"https:\/\/diariodelsurdigital.com.ar\/index.php?rest_route=\/wp\/v2\/posts\/4449\/revisions"}],"predecessor-version":[{"id":4451,"href":"https:\/\/diariodelsurdigital.com.ar\/index.php?rest_route=\/wp\/v2\/posts\/4449\/revisions\/4451"}],"wp:featuredmedia":[{"embeddable":true,"href":"https:\/\/diariodelsurdigital.com.ar\/index.php?rest_route=\/wp\/v2\/media\/4450"}],"wp:attachment":[{"href":"https:\/\/diariodelsurdigital.com.ar\/index.php?rest_route=%2Fwp%2Fv2%2Fmedia&parent=4449"}],"wp:term":[{"taxonomy":"category","embeddable":true,"href":"https:\/\/diariodelsurdigital.com.ar\/index.php?rest_route=%2Fwp%2Fv2%2Fcategories&post=4449"},{"taxonomy":"post_tag","embeddable":true,"href":"https:\/\/diariodelsurdigital.com.ar\/index.php?rest_route=%2Fwp%2Fv2%2Ftags&post=4449"}],"curies":[{"name":"wp","href":"https:\/\/api.w.org\/{rel}","templated":true}]}}